{"id":163808,"date":"2024-09-04T16:00:00","date_gmt":"2024-09-04T19:00:00","guid":{"rendered":"https:\/\/www.gaveanews.com\/?p=163808"},"modified":"2024-09-04T13:41:53","modified_gmt":"2024-09-04T16:41:53","slug":"renato-gaucho-e-procurado-para-assumir-novo-time-na-serie-a","status":"publish","type":"post","link":"https:\/\/www.gaveanews.com\/index.php\/2024\/09\/04\/renato-gaucho-e-procurado-para-assumir-novo-time-na-serie-a\/","title":{"rendered":"Renato Ga\u00facho \u00e9 procurado para assumir novo time na s\u00e9rie A"},"content":{"rendered":"\n<h2 class=\"wp-block-heading\" id=\"h-cruzeiro-mira-renato-gaucho-para-2025-mas-conversas-ainda-sao-iniciais-diz-jornalista\">Cruzeiro mira Renato Ga\u00facho para 2025, mas conversas ainda s\u00e3o iniciais, diz jornalista<\/h2>\n\n\n\n<p>O futuro de Renato Ga\u00facho no comando do Gr\u00eamio pode estar pr\u00f3ximo de uma mudan\u00e7a significativa, segundo informa\u00e7\u00f5es do jornalista Chico Garcia, da TV Band. Em sua quarta passagem pelo clube ga\u00facho, Renato estaria caminhando para encerrar seu ciclo no fim deste ano, em uma sa\u00edda que, segundo Garcia, seria consensual.<\/p>\n\n\n\n<ul class=\"wp-block-list\">\n<li><a href=\"https:\/\/www.gaveanews.com\/index.php\/2024\/09\/02\/a-declaracao-de-rubens-apos-a-vitoria-do-atletico-mg-contra-o-gremio\/\">A declara\u00e7\u00e3o de Rubens ap\u00f3s a vit\u00f3ria do Atl\u00e9tico-MG contra o Gr\u00eamio<\/a><\/li>\n\n\n\n<li><a href=\"https:\/\/www.gaveanews.com\/index.php\/2024\/09\/01\/gremio-x-atletico-mg-gabriel-milito-fara-alteracao-no-time-titular\/\">Gr\u00eamio x Atl\u00e9tico-MG: Gabriel Milito far\u00e1 altera\u00e7\u00e3o no time titular<\/a><\/li>\n<\/ul>\n\n\n\n<p>&#8220;A rela\u00e7\u00e3o do Renato Ga\u00facho com o Gr\u00eamio pode estar chegando ao fim. Essa \u00e9 uma opini\u00e3o generalizada. Ele caminha para encerrar o ciclo da quarta passagem pelo Gr\u00eamio no fim deste ano&#8221;, afirmou o jornalista.<\/p>\n\n\n\n<p>Com o poss\u00edvel t\u00e9rmino de sua trajet\u00f3ria no Gr\u00eamio, Renato Ga\u00facho j\u00e1 estaria sendo sondado pelo Cruzeiro para assumir o comando t\u00e9cnico em 2025. De acordo com Chico Garcia, as conversas entre o treinador e o clube mineiro j\u00e1 teriam come\u00e7ado, embora ainda n\u00e3o haja uma proposta oficial.<\/p>\n\n\n\n<p>&#8220;Renato Ga\u00facho pode ser o t\u00e9cnico do Cruzeiro para 2025. E as conversas, inclusive, j\u00e1 come\u00e7aram&#8221;, revelou Garcia. &#8220;N\u00e3o h\u00e1 uma proposta oficial ainda, mas posso dizer que as conversas j\u00e1 come\u00e7aram&#8221;.<\/p>\n\n\n\n<p>O interesse do Cruzeiro em Renato Ga\u00facho faz parte de uma estrat\u00e9gia para elevar o clube a um novo patamar. Fernando Seabra, atual t\u00e9cnico do Cruzeiro, est\u00e1 no cargo em car\u00e1ter de transi\u00e7\u00e3o, com a miss\u00e3o de preparar o terreno para um treinador de renome que possa liderar o clube em uma poss\u00edvel campanha na Libertadores.<\/p>\n\n\n\n<p>&#8220;\u00c9 garantido que o Renato Ga\u00facho vai treinar o Cruzeiro em 2025? N\u00e3o, mas o que posso dizer \u00e9 que as conversas j\u00e1 come\u00e7aram. O Cruzeiro j\u00e1 busca um alinhamento de um projeto que pode come\u00e7ar o ano que vem ou pode come\u00e7ar at\u00e9 antes&#8221;, explicou o jornalista. &#8220;A ideia \u00e9 chegar a uma Libertadores para que o Cruzeiro tenha uma temporada seguinte come\u00e7ando com um t\u00e9cnico de renome. E o t\u00e9cnico preferido \u00e9 Renato Ga\u00facho&#8221;, finalizou. <\/p>\n","protected":false},"excerpt":{"rendered":"<p>Cruzeiro mira Renato Ga\u00facho para 2025, mas conversas ainda s\u00e3o iniciais, diz jornalista O futuro de Renato Ga\u00facho no comando do Gr\u00eamio pode estar pr\u00f3ximo de uma mudan\u00e7a significativa, segundo informa\u00e7\u00f5es do jornalista Chico Garcia, da TV Band. Em sua quarta passagem pelo clube ga\u00facho, Renato estaria caminhando para encerrar seu ciclo no fim deste [&hellip;]<\/p>\n","protected":false},"author":17,"featured_media":144188,"comment_status":"open","ping_status":"closed","sticky":false,"template":"","format":"standard","meta":{"footnotes":""},"categories":[147],"tags":[],"class_list":["post-163808","post","type-post","status-publish","format-standard","has-post-thumbnail","hentry","category-gremio"],"yoast_head":"<!-- This site is optimized with the Yoast SEO Premium plugin v24.2 (Yoast SEO v26.9) - https:\/\/yoast.com\/product\/yoast-seo-premium-wordpress\/ -->\n<title>Renato Ga\u00facho \u00e9 procurado para assumir novo time na s\u00e9rie A<\/title>\n<meta name=\"robots\" content=\"index, follow, max-snippet:-1, max-image-preview:large, max-video-preview:-1\" \/>\n<link rel=\"canonical\" href=\"https:\/\/www.gaveanews.com\/index.php\/2024\/09\/04\/renato-gaucho-e-procurado-para-assumir-novo-time-na-serie-a\/\" \/>\n<meta property=\"og:locale\" content=\"pt_BR\" \/>\n<meta property=\"og:type\" content=\"article\" \/>\n<meta property=\"og:title\" content=\"Renato Ga\u00facho \u00e9 procurado para assumir novo time na s\u00e9rie A\" \/>\n<meta property=\"og:description\" content=\"Cruzeiro mira Renato Ga\u00facho para 2025, mas conversas ainda s\u00e3o iniciais, diz jornalista O futuro de Renato Ga\u00facho no comando do Gr\u00eamio pode estar pr\u00f3ximo de uma mudan\u00e7a significativa, segundo informa\u00e7\u00f5es do jornalista Chico Garcia, da TV Band. Em sua quarta passagem pelo clube ga\u00facho, Renato estaria caminhando para encerrar seu ciclo no fim deste [&hellip;]\" \/>\n<meta property=\"og:url\" content=\"https:\/\/www.gaveanews.com\/index.php\/2024\/09\/04\/renato-gaucho-e-procurado-para-assumir-novo-time-na-serie-a\/\" \/>\n<meta property=\"og:site_name\" content=\"G\u00e1vea News\" \/>\n<meta property=\"article:publisher\" content=\"https:\/\/facebook.com\/gaveaNews\/\" \/>\n<meta property=\"article:published_time\" content=\"2024-09-04T19:00:00+00:00\" \/>\n<meta property=\"og:image\" content=\"https:\/\/www.gaveanews.com\/wp-content\/uploads\/renato-gaucho-gremio.webp\" \/>\n\t<meta property=\"og:image:width\" content=\"1000\" \/>\n\t<meta property=\"og:image:height\" content=\"563\" \/>\n\t<meta property=\"og:image:type\" content=\"image\/webp\" \/>\n<meta name=\"author\" content=\"Geovanna Thomaz\" \/>\n<meta name=\"twitter:card\" content=\"summary_large_image\" \/>\n<meta name=\"twitter:label1\" content=\"Escrito por\" \/>\n\t<meta name=\"twitter:data1\" content=\"Geovanna Thomaz\" \/>\n\t<meta name=\"twitter:label2\" content=\"Est. tempo de leitura\" \/>\n\t<meta name=\"twitter:data2\" content=\"3 minutos\" \/>\n<script type=\"application\/ld+json\" class=\"yoast-schema-graph\">{\"@context\":\"https:\/\/schema.org\",\"@graph\":[{\"@type\":\"NewsArticle\",\"@id\":\"https:\/\/www.gaveanews.com\/index.php\/2024\/09\/04\/renato-gaucho-e-procurado-para-assumir-novo-time-na-serie-a\/#article\",\"isPartOf\":{\"@id\":\"https:\/\/www.gaveanews.com\/index.php\/2024\/09\/04\/renato-gaucho-e-procurado-para-assumir-novo-time-na-serie-a\/\"},\"author\":{\"name\":\"Geovanna Thomaz\",\"@id\":\"https:\/\/www.gaveanews.com\/#\/schema\/person\/f42654babcd2b2014a1a65af82b081f1\"},\"headline\":\"Renato Ga\u00facho \u00e9 procurado para assumir novo time na s\u00e9rie A\",\"datePublished\":\"2024-09-04T19:00:00+00:00\",\"mainEntityOfPage\":{\"@id\":\"https:\/\/www.gaveanews.com\/index.php\/2024\/09\/04\/renato-gaucho-e-procurado-para-assumir-novo-time-na-serie-a\/\"},\"wordCount\":389,\"commentCount\":0,\"image\":{\"@id\":\"https:\/\/www.gaveanews.com\/index.php\/2024\/09\/04\/renato-gaucho-e-procurado-para-assumir-novo-time-na-serie-a\/#primaryimage\"},\"thumbnailUrl\":\"https:\/\/www.gaveanews.com\/wp-content\/uploads\/renato-gaucho-gremio.webp\",\"articleSection\":[\"Gr\u00eamio\"],\"inLanguage\":\"pt-BR\",\"potentialAction\":[{\"@type\":\"CommentAction\",\"name\":\"Comment\",\"target\":[\"https:\/\/www.gaveanews.com\/index.php\/2024\/09\/04\/renato-gaucho-e-procurado-para-assumir-novo-time-na-serie-a\/#respond\"]}],\"copyrightYear\":\"2024\",\"copyrightHolder\":{\"@id\":\"https:\/\/www.gaveanews.com\/#organization\"}},{\"@type\":\"WebPage\",\"@id\":\"https:\/\/www.gaveanews.com\/index.php\/2024\/09\/04\/renato-gaucho-e-procurado-para-assumir-novo-time-na-serie-a\/\",\"url\":\"https:\/\/www.gaveanews.com\/index.php\/2024\/09\/04\/renato-gaucho-e-procurado-para-assumir-novo-time-na-serie-a\/\",\"name\":\"Renato Ga\u00facho \u00e9 procurado para assumir novo time na s\u00e9rie A\",\"isPartOf\":{\"@id\":\"https:\/\/www.gaveanews.com\/#website\"},\"primaryImageOfPage\":{\"@id\":\"https:\/\/www.gaveanews.com\/index.php\/2024\/09\/04\/renato-gaucho-e-procurado-para-assumir-novo-time-na-serie-a\/#primaryimage\"},\"image\":{\"@id\":\"https:\/\/www.gaveanews.com\/index.php\/2024\/09\/04\/renato-gaucho-e-procurado-para-assumir-novo-time-na-serie-a\/#primaryimage\"},\"thumbnailUrl\":\"https:\/\/www.gaveanews.com\/wp-content\/uploads\/renato-gaucho-gremio.webp\",\"datePublished\":\"2024-09-04T19:00:00+00:00\",\"author\":{\"@id\":\"https:\/\/www.gaveanews.com\/#\/schema\/person\/f42654babcd2b2014a1a65af82b081f1\"},\"breadcrumb\":{\"@id\":\"https:\/\/www.gaveanews.com\/index.php\/2024\/09\/04\/renato-gaucho-e-procurado-para-assumir-novo-time-na-serie-a\/#breadcrumb\"},\"inLanguage\":\"pt-BR\",\"potentialAction\":[{\"@type\":\"ReadAction\",\"target\":[\"https:\/\/www.gaveanews.com\/index.php\/2024\/09\/04\/renato-gaucho-e-procurado-para-assumir-novo-time-na-serie-a\/\"]}]},{\"@type\":\"ImageObject\",\"inLanguage\":\"pt-BR\",\"@id\":\"https:\/\/www.gaveanews.com\/index.php\/2024\/09\/04\/renato-gaucho-e-procurado-para-assumir-novo-time-na-serie-a\/#primaryimage\",\"url\":\"https:\/\/www.gaveanews.com\/wp-content\/uploads\/renato-gaucho-gremio.webp\",\"contentUrl\":\"https:\/\/www.gaveanews.com\/wp-content\/uploads\/renato-gaucho-gremio.webp\",\"width\":1000,\"height\":563,\"caption\":\"Renato Ga\u00facho em treino do Gr\u00eamio (Foto: Lucas Uebel\/Gr\u00eamio FBPA)\"},{\"@type\":\"BreadcrumbList\",\"@id\":\"https:\/\/www.gaveanews.com\/index.php\/2024\/09\/04\/renato-gaucho-e-procurado-para-assumir-novo-time-na-serie-a\/#breadcrumb\",\"itemListElement\":[{\"@type\":\"ListItem\",\"position\":1,\"name\":\"Home\",\"item\":\"https:\/\/www.gaveanews.com\/\"},{\"@type\":\"ListItem\",\"position\":2,\"name\":\"Renato Ga\u00facho \u00e9 procurado para assumir novo time na s\u00e9rie A\"}]},{\"@type\":\"WebSite\",\"@id\":\"https:\/\/www.gaveanews.com\/#website\",\"url\":\"https:\/\/www.gaveanews.com\/\",\"name\":\"G\u00e1vea News\",\"description\":\"Veja todas as not\u00edcias sobre o Flamengo: Contrata\u00e7\u00f5es, categorias de base, resultados das partidas, tabela de classifica\u00e7\u00e3o, pr\u00f3ximos jogos!\",\"potentialAction\":[{\"@type\":\"SearchAction\",\"target\":{\"@type\":\"EntryPoint\",\"urlTemplate\":\"https:\/\/www.gaveanews.com\/?s={search_term_string}\"},\"query-input\":{\"@type\":\"PropertyValueSpecification\",\"valueRequired\":true,\"valueName\":\"search_term_string\"}}],\"inLanguage\":\"pt-BR\"},{\"@type\":\"Person\",\"@id\":\"https:\/\/www.gaveanews.com\/#\/schema\/person\/f42654babcd2b2014a1a65af82b081f1\",\"name\":\"Geovanna Thomaz\",\"image\":{\"@type\":\"ImageObject\",\"inLanguage\":\"pt-BR\",\"@id\":\"https:\/\/www.gaveanews.com\/#\/schema\/person\/image\/\",\"url\":\"https:\/\/secure.gravatar.com\/avatar\/4092073255489533afb558984b49b64268c47198af8623cc82a925ae9fb7118a?s=96&d=mm&r=g\",\"contentUrl\":\"https:\/\/secure.gravatar.com\/avatar\/4092073255489533afb558984b49b64268c47198af8623cc82a925ae9fb7118a?s=96&d=mm&r=g\",\"caption\":\"Geovanna Thomaz\"}}]}<\/script>\n<!-- \/ Yoast SEO Premium plugin. -->","yoast_head_json":{"title":"Renato Ga\u00facho \u00e9 procurado para assumir novo time na s\u00e9rie A","robots":{"index":"index","follow":"follow","max-snippet":"max-snippet:-1","max-image-preview":"max-image-preview:large","max-video-preview":"max-video-preview:-1"},"canonical":"https:\/\/www.gaveanews.com\/index.php\/2024\/09\/04\/renato-gaucho-e-procurado-para-assumir-novo-time-na-serie-a\/","og_locale":"pt_BR","og_type":"article","og_title":"Renato Ga\u00facho \u00e9 procurado para assumir novo time na s\u00e9rie A","og_description":"Cruzeiro mira Renato Ga\u00facho para 2025, mas conversas ainda s\u00e3o iniciais, diz jornalista O futuro de Renato Ga\u00facho no comando do Gr\u00eamio pode estar pr\u00f3ximo de uma mudan\u00e7a significativa, segundo informa\u00e7\u00f5es do jornalista Chico Garcia, da TV Band. Em sua quarta passagem pelo clube ga\u00facho, Renato estaria caminhando para encerrar seu ciclo no fim deste [&hellip;]","og_url":"https:\/\/www.gaveanews.com\/index.php\/2024\/09\/04\/renato-gaucho-e-procurado-para-assumir-novo-time-na-serie-a\/","og_site_name":"G\u00e1vea News","article_publisher":"https:\/\/facebook.com\/gaveaNews\/","article_published_time":"2024-09-04T19:00:00+00:00","og_image":[{"width":1000,"height":563,"url":"https:\/\/www.gaveanews.com\/wp-content\/uploads\/renato-gaucho-gremio.webp","type":"image\/webp"}],"author":"Geovanna Thomaz","twitter_card":"summary_large_image","twitter_misc":{"Escrito por":"Geovanna Thomaz","Est. tempo de leitura":"3 minutos"},"schema":{"@context":"https:\/\/schema.org","@graph":[{"@type":"NewsArticle","@id":"https:\/\/www.gaveanews.com\/index.php\/2024\/09\/04\/renato-gaucho-e-procurado-para-assumir-novo-time-na-serie-a\/#article","isPartOf":{"@id":"https:\/\/www.gaveanews.com\/index.php\/2024\/09\/04\/renato-gaucho-e-procurado-para-assumir-novo-time-na-serie-a\/"},"author":{"name":"Geovanna Thomaz","@id":"https:\/\/www.gaveanews.com\/#\/schema\/person\/f42654babcd2b2014a1a65af82b081f1"},"headline":"Renato Ga\u00facho \u00e9 procurado para assumir novo time na s\u00e9rie A","datePublished":"2024-09-04T19:00:00+00:00","mainEntityOfPage":{"@id":"https:\/\/www.gaveanews.com\/index.php\/2024\/09\/04\/renato-gaucho-e-procurado-para-assumir-novo-time-na-serie-a\/"},"wordCount":389,"commentCount":0,"image":{"@id":"https:\/\/www.gaveanews.com\/index.php\/2024\/09\/04\/renato-gaucho-e-procurado-para-assumir-novo-time-na-serie-a\/#primaryimage"},"thumbnailUrl":"https:\/\/www.gaveanews.com\/wp-content\/uploads\/renato-gaucho-gremio.webp","articleSection":["Gr\u00eamio"],"inLanguage":"pt-BR","potentialAction":[{"@type":"CommentAction","name":"Comment","target":["https:\/\/www.gaveanews.com\/index.php\/2024\/09\/04\/renato-gaucho-e-procurado-para-assumir-novo-time-na-serie-a\/#respond"]}],"copyrightYear":"2024","copyrightHolder":{"@id":"https:\/\/www.gaveanews.com\/#organization"}},{"@type":"WebPage","@id":"https:\/\/www.gaveanews.com\/index.php\/2024\/09\/04\/renato-gaucho-e-procurado-para-assumir-novo-time-na-serie-a\/","url":"https:\/\/www.gaveanews.com\/index.php\/2024\/09\/04\/renato-gaucho-e-procurado-para-assumir-novo-time-na-serie-a\/","name":"Renato Ga\u00facho \u00e9 procurado para assumir novo time na s\u00e9rie A","isPartOf":{"@id":"https:\/\/www.gaveanews.com\/#website"},"primaryImageOfPage":{"@id":"https:\/\/www.gaveanews.com\/index.php\/2024\/09\/04\/renato-gaucho-e-procurado-para-assumir-novo-time-na-serie-a\/#primaryimage"},"image":{"@id":"https:\/\/www.gaveanews.com\/index.php\/2024\/09\/04\/renato-gaucho-e-procurado-para-assumir-novo-time-na-serie-a\/#primaryimage"},"thumbnailUrl":"https:\/\/www.gaveanews.com\/wp-content\/uploads\/renato-gaucho-gremio.webp","datePublished":"2024-09-04T19:00:00+00:00","author":{"@id":"https:\/\/www.gaveanews.com\/#\/schema\/person\/f42654babcd2b2014a1a65af82b081f1"},"breadcrumb":{"@id":"https:\/\/www.gaveanews.com\/index.php\/2024\/09\/04\/renato-gaucho-e-procurado-para-assumir-novo-time-na-serie-a\/#breadcrumb"},"inLanguage":"pt-BR","potentialAction":[{"@type":"ReadAction","target":["https:\/\/www.gaveanews.com\/index.php\/2024\/09\/04\/renato-gaucho-e-procurado-para-assumir-novo-time-na-serie-a\/"]}]},{"@type":"ImageObject","inLanguage":"pt-BR","@id":"https:\/\/www.gaveanews.com\/index.php\/2024\/09\/04\/renato-gaucho-e-procurado-para-assumir-novo-time-na-serie-a\/#primaryimage","url":"https:\/\/www.gaveanews.com\/wp-content\/uploads\/renato-gaucho-gremio.webp","contentUrl":"https:\/\/www.gaveanews.com\/wp-content\/uploads\/renato-gaucho-gremio.webp","width":1000,"height":563,"caption":"Renato Ga\u00facho em treino do Gr\u00eamio (Foto: Lucas Uebel\/Gr\u00eamio FBPA)"},{"@type":"BreadcrumbList","@id":"https:\/\/www.gaveanews.com\/index.php\/2024\/09\/04\/renato-gaucho-e-procurado-para-assumir-novo-time-na-serie-a\/#breadcrumb","itemListElement":[{"@type":"ListItem","position":1,"name":"Home","item":"https:\/\/www.gaveanews.com\/"},{"@type":"ListItem","position":2,"name":"Renato Ga\u00facho \u00e9 procurado para assumir novo time na s\u00e9rie A"}]},{"@type":"WebSite","@id":"https:\/\/www.gaveanews.com\/#website","url":"https:\/\/www.gaveanews.com\/","name":"G\u00e1vea News","description":"Veja todas as not\u00edcias sobre o Flamengo: Contrata\u00e7\u00f5es, categorias de base, resultados das partidas, tabela de classifica\u00e7\u00e3o, pr\u00f3ximos jogos!","potentialAction":[{"@type":"SearchAction","target":{"@type":"EntryPoint","urlTemplate":"https:\/\/www.gaveanews.com\/?s={search_term_string}"},"query-input":{"@type":"PropertyValueSpecification","valueRequired":true,"valueName":"search_term_string"}}],"inLanguage":"pt-BR"},{"@type":"Person","@id":"https:\/\/www.gaveanews.com\/#\/schema\/person\/f42654babcd2b2014a1a65af82b081f1","name":"Geovanna Thomaz","image":{"@type":"ImageObject","inLanguage":"pt-BR","@id":"https:\/\/www.gaveanews.com\/#\/schema\/person\/image\/","url":"https:\/\/secure.gravatar.com\/avatar\/4092073255489533afb558984b49b64268c47198af8623cc82a925ae9fb7118a?s=96&d=mm&r=g","contentUrl":"https:\/\/secure.gravatar.com\/avatar\/4092073255489533afb558984b49b64268c47198af8623cc82a925ae9fb7118a?s=96&d=mm&r=g","caption":"Geovanna Thomaz"}}]}},"_links":{"self":[{"href":"https:\/\/www.gaveanews.com\/index.php\/wp-json\/wp\/v2\/posts\/163808","targetHints":{"allow":["GET"]}}],"collection":[{"href":"https:\/\/www.gaveanews.com\/index.php\/wp-json\/wp\/v2\/posts"}],"about":[{"href":"https:\/\/www.gaveanews.com\/index.php\/wp-json\/wp\/v2\/types\/post"}],"author":[{"embeddable":true,"href":"https:\/\/www.gaveanews.com\/index.php\/wp-json\/wp\/v2\/users\/17"}],"replies":[{"embeddable":true,"href":"https:\/\/www.gaveanews.com\/index.php\/wp-json\/wp\/v2\/comments?post=163808"}],"version-history":[{"count":1,"href":"https:\/\/www.gaveanews.com\/index.php\/wp-json\/wp\/v2\/posts\/163808\/revisions"}],"predecessor-version":[{"id":163809,"href":"https:\/\/www.gaveanews.com\/index.php\/wp-json\/wp\/v2\/posts\/163808\/revisions\/163809"}],"wp:featuredmedia":[{"embeddable":true,"href":"https:\/\/www.gaveanews.com\/index.php\/wp-json\/wp\/v2\/media\/144188"}],"wp:attachment":[{"href":"https:\/\/www.gaveanews.com\/index.php\/wp-json\/wp\/v2\/media?parent=163808"}],"wp:term":[{"taxonomy":"category","embeddable":true,"href":"https:\/\/www.gaveanews.com\/index.php\/wp-json\/wp\/v2\/categories?post=163808"},{"taxonomy":"post_tag","embeddable":true,"href":"https:\/\/www.gaveanews.com\/index.php\/wp-json\/wp\/v2\/tags?post=163808"}],"curies":[{"name":"wp","href":"https:\/\/api.w.org\/{rel}","templated":true}]}}