{"id":163850,"date":"2024-09-04T21:30:00","date_gmt":"2024-09-05T00:30:00","guid":{"rendered":"https:\/\/www.gaveanews.com\/?p=163850"},"modified":"2024-09-04T16:32:57","modified_gmt":"2024-09-04T19:32:57","slug":"stjd-toma-decisao-sobre-denuncia-contra-zubeldia-do-sao-paulo","status":"publish","type":"post","link":"https:\/\/www.gaveanews.com\/index.php\/2024\/09\/04\/stjd-toma-decisao-sobre-denuncia-contra-zubeldia-do-sao-paulo\/","title":{"rendered":"STJD toma decis\u00e3o sobre den\u00fancia contra Zubeldia, do S\u00e3o Paulo"},"content":{"rendered":"\n<p>O t\u00e9cnico do S\u00e3o Paulo, Zubeld\u00eda, recebeu uma not\u00edcia positiva sobre seu caso dentro do Supremo Tribunal de Justi\u00e7a Desportiva, envolvendo a expuls\u00e3o dele no jogo contra o Athletico Paranaense.<\/p>\n\n\n\n<p>Segundo informa\u00e7\u00f5es do GE, a comiss\u00e3o disciplinar do STJD arquivou na segunda-feira (2) a den\u00fancia contra o t\u00e9cnico Zubeld\u00eda, do S\u00e3o Paulo, pela expuls\u00e3o no jogo contra o Athletico Paranaense pela 14\u00aa rodada do Campeonato Brasileiro.<\/p>\n\n\n\n<ul class=\"wp-block-list\">\n<li><a href=\"https:\/\/www.gaveanews.com\/index.php\/2024\/09\/03\/por-que-gol-do-fluminense-contra-o-sao-paulo-foi-irregular\/\">Por que gol do Fluminense contra o S\u00e3o Paulo foi irregular<\/a><\/li>\n\n\n\n<li><a href=\"https:\/\/www.gaveanews.com\/index.php\/2024\/09\/03\/zubeldia-define-posicao-de-luciano-no-sao-paulo\/\">Zubeldia define posi\u00e7\u00e3o de Luciano, no S\u00e3o Paulo<\/a><\/li>\n<\/ul>\n\n\n\n<p>O t\u00e9cnico do S\u00e3o Paulo, na ocasi\u00e3o, foi denunciado pela infra\u00e7\u00e3o 258 do CBJD (C\u00f3digo Brasileiro de Justi\u00e7a Desportiva), que &#8220;assume conduta contr\u00e1ria a disciplina ou \u00e0 \u00e9tica desportiva n\u00e3o tipificada pelas demais regras&#8221;. Resumidamente, ele tomou dois cart\u00f5es amarelos por ter invadido o campo, resultando em sua expuls\u00e3o. Zubeld\u00eda tinha o risco de uma suspens\u00e3o que poderia chegar a seis partidas e agora pode comandar o elenco do S\u00e3o Paulo.<\/p>\n\n\n\n<p>O STJD tamb\u00e9m julgou o auxiliar do t\u00e9cnico do S\u00e3o Paulo, Maxi Cuberas, que foi expulso por reclama\u00e7\u00e3o naquele mesmo jogo. No caso de Cuberas, o STJD puniu ele com um jogo de suspens\u00e3o, revertido em advert\u00eancia.<\/p>\n\n\n\n<h2 class=\"wp-block-heading\" id=\"h-qual-a-proxima-partida-do-sao-paulo\">Qual a pr\u00f3xima partida do S\u00e3o Paulo?<\/h2>\n\n\n\n<p>At\u00e9 o meio da pr\u00f3xima semana as equipes do futebol brasileiro poder\u00e3o descansar devido a pausa da FIFA para que as sele\u00e7\u00f5es possam cumprir com seus compromissos nas eliminat\u00f3rias para a Copa do Mundo de 2026.<\/p>\n\n\n\n<p>O S\u00e3o Paulo vai treinar visando o jogo do dia 12 \u00e0s 21h45, contra o Atl\u00e9tico Mineiro em Minas Gerais v\u00e1lido pelo jogo da volta das quartas de final da Copa do Brasil.<\/p>\n\n\n\n<p>No Morumbis, no jogo de ida, o tricolor paulista perdeu o jogo por 1 a 0 com gol de Battaglia ao final da partida. Zubeld\u00eda vai precisar de 1 gol para levar o jogo para os p\u00eanaltis e 2 gols para se classificar diretamente. Empate ou vit\u00f3ria a favor do galo coloca o Atl\u00e9tico Mineiro diretamente na semifinais.<\/p>\n","protected":false},"excerpt":{"rendered":"<p>O t\u00e9cnico do S\u00e3o Paulo, Zubeld\u00eda, recebeu uma not\u00edcia positiva sobre seu caso dentro do Supremo Tribunal de Justi\u00e7a Desportiva, envolvendo a expuls\u00e3o dele no jogo contra o Athletico Paranaense. Segundo informa\u00e7\u00f5es do GE, a comiss\u00e3o disciplinar do STJD arquivou na segunda-feira (2) a den\u00fancia contra o t\u00e9cnico Zubeld\u00eda, do S\u00e3o Paulo, pela expuls\u00e3o no [&hellip;]<\/p>\n","protected":false},"author":19,"featured_media":155698,"comment_status":"open","ping_status":"closed","sticky":false,"template":"","format":"standard","meta":{"footnotes":""},"categories":[151],"tags":[],"class_list":["post-163850","post","type-post","status-publish","format-standard","has-post-thumbnail","hentry","category-sao-paulo"],"yoast_head":"<!-- This site is optimized with the Yoast SEO Premium plugin v24.2 (Yoast SEO v26.9) - https:\/\/yoast.com\/product\/yoast-seo-premium-wordpress\/ -->\n<title>STJD toma decis\u00e3o sobre den\u00fancia contra Zubeldia, do S\u00e3o Paulo<\/title>\n<meta name=\"robots\" content=\"index, follow, max-snippet:-1, max-image-preview:large, max-video-preview:-1\" \/>\n<link rel=\"canonical\" href=\"https:\/\/www.gaveanews.com\/index.php\/2024\/09\/04\/stjd-toma-decisao-sobre-denuncia-contra-zubeldia-do-sao-paulo\/\" \/>\n<meta property=\"og:locale\" content=\"pt_BR\" \/>\n<meta property=\"og:type\" content=\"article\" \/>\n<meta property=\"og:title\" content=\"STJD toma decis\u00e3o sobre den\u00fancia contra Zubeldia, do S\u00e3o Paulo\" \/>\n<meta property=\"og:description\" content=\"O t\u00e9cnico do S\u00e3o Paulo, Zubeld\u00eda, recebeu uma not\u00edcia positiva sobre seu caso dentro do Supremo Tribunal de Justi\u00e7a Desportiva, envolvendo a expuls\u00e3o dele no jogo contra o Athletico Paranaense. Segundo informa\u00e7\u00f5es do GE, a comiss\u00e3o disciplinar do STJD arquivou na segunda-feira (2) a den\u00fancia contra o t\u00e9cnico Zubeld\u00eda, do S\u00e3o Paulo, pela expuls\u00e3o no [&hellip;]\" \/>\n<meta property=\"og:url\" content=\"https:\/\/www.gaveanews.com\/index.php\/2024\/09\/04\/stjd-toma-decisao-sobre-denuncia-contra-zubeldia-do-sao-paulo\/\" \/>\n<meta property=\"og:site_name\" content=\"G\u00e1vea News\" \/>\n<meta property=\"article:publisher\" content=\"https:\/\/facebook.com\/gaveaNews\/\" \/>\n<meta property=\"article:published_time\" content=\"2024-09-05T00:30:00+00:00\" \/>\n<meta property=\"og:image\" content=\"https:\/\/www.gaveanews.com\/wp-content\/uploads\/Luis-Francisco-Zubeldia-treinador-do-Sao-Paulo.webp\" \/>\n\t<meta property=\"og:image:width\" content=\"822\" \/>\n\t<meta property=\"og:image:height\" content=\"596\" \/>\n\t<meta property=\"og:image:type\" content=\"image\/jpeg\" \/>\n<meta name=\"author\" content=\"Bruno Zanchetta\" \/>\n<meta name=\"twitter:card\" content=\"summary_large_image\" \/>\n<meta name=\"twitter:label1\" content=\"Escrito por\" \/>\n\t<meta name=\"twitter:data1\" content=\"Bruno Zanchetta\" \/>\n\t<meta name=\"twitter:label2\" content=\"Est. tempo de leitura\" \/>\n\t<meta name=\"twitter:data2\" content=\"3 minutos\" \/>\n<script type=\"application\/ld+json\" class=\"yoast-schema-graph\">{\"@context\":\"https:\/\/schema.org\",\"@graph\":[{\"@type\":\"NewsArticle\",\"@id\":\"https:\/\/www.gaveanews.com\/index.php\/2024\/09\/04\/stjd-toma-decisao-sobre-denuncia-contra-zubeldia-do-sao-paulo\/#article\",\"isPartOf\":{\"@id\":\"https:\/\/www.gaveanews.com\/index.php\/2024\/09\/04\/stjd-toma-decisao-sobre-denuncia-contra-zubeldia-do-sao-paulo\/\"},\"author\":{\"name\":\"Bruno Zanchetta\",\"@id\":\"https:\/\/www.gaveanews.com\/#\/schema\/person\/32fddefab25b466689f181be346cd98c\"},\"headline\":\"STJD toma decis\u00e3o sobre den\u00fancia contra Zubeldia, do S\u00e3o Paulo\",\"datePublished\":\"2024-09-05T00:30:00+00:00\",\"mainEntityOfPage\":{\"@id\":\"https:\/\/www.gaveanews.com\/index.php\/2024\/09\/04\/stjd-toma-decisao-sobre-denuncia-contra-zubeldia-do-sao-paulo\/\"},\"wordCount\":378,\"commentCount\":0,\"image\":{\"@id\":\"https:\/\/www.gaveanews.com\/index.php\/2024\/09\/04\/stjd-toma-decisao-sobre-denuncia-contra-zubeldia-do-sao-paulo\/#primaryimage\"},\"thumbnailUrl\":\"https:\/\/www.gaveanews.com\/wp-content\/uploads\/Luis-Francisco-Zubeldia-treinador-do-Sao-Paulo.webp\",\"articleSection\":[\"S\u00e3o Paulo\"],\"inLanguage\":\"pt-BR\",\"potentialAction\":[{\"@type\":\"CommentAction\",\"name\":\"Comment\",\"target\":[\"https:\/\/www.gaveanews.com\/index.php\/2024\/09\/04\/stjd-toma-decisao-sobre-denuncia-contra-zubeldia-do-sao-paulo\/#respond\"]}],\"copyrightYear\":\"2024\",\"copyrightHolder\":{\"@id\":\"https:\/\/www.gaveanews.com\/#organization\"}},{\"@type\":\"WebPage\",\"@id\":\"https:\/\/www.gaveanews.com\/index.php\/2024\/09\/04\/stjd-toma-decisao-sobre-denuncia-contra-zubeldia-do-sao-paulo\/\",\"url\":\"https:\/\/www.gaveanews.com\/index.php\/2024\/09\/04\/stjd-toma-decisao-sobre-denuncia-contra-zubeldia-do-sao-paulo\/\",\"name\":\"STJD toma decis\u00e3o sobre den\u00fancia contra Zubeldia, do S\u00e3o Paulo\",\"isPartOf\":{\"@id\":\"https:\/\/www.gaveanews.com\/#website\"},\"primaryImageOfPage\":{\"@id\":\"https:\/\/www.gaveanews.com\/index.php\/2024\/09\/04\/stjd-toma-decisao-sobre-denuncia-contra-zubeldia-do-sao-paulo\/#primaryimage\"},\"image\":{\"@id\":\"https:\/\/www.gaveanews.com\/index.php\/2024\/09\/04\/stjd-toma-decisao-sobre-denuncia-contra-zubeldia-do-sao-paulo\/#primaryimage\"},\"thumbnailUrl\":\"https:\/\/www.gaveanews.com\/wp-content\/uploads\/Luis-Francisco-Zubeldia-treinador-do-Sao-Paulo.webp\",\"datePublished\":\"2024-09-05T00:30:00+00:00\",\"author\":{\"@id\":\"https:\/\/www.gaveanews.com\/#\/schema\/person\/32fddefab25b466689f181be346cd98c\"},\"breadcrumb\":{\"@id\":\"https:\/\/www.gaveanews.com\/index.php\/2024\/09\/04\/stjd-toma-decisao-sobre-denuncia-contra-zubeldia-do-sao-paulo\/#breadcrumb\"},\"inLanguage\":\"pt-BR\",\"potentialAction\":[{\"@type\":\"ReadAction\",\"target\":[\"https:\/\/www.gaveanews.com\/index.php\/2024\/09\/04\/stjd-toma-decisao-sobre-denuncia-contra-zubeldia-do-sao-paulo\/\"]}]},{\"@type\":\"ImageObject\",\"inLanguage\":\"pt-BR\",\"@id\":\"https:\/\/www.gaveanews.com\/index.php\/2024\/09\/04\/stjd-toma-decisao-sobre-denuncia-contra-zubeldia-do-sao-paulo\/#primaryimage\",\"url\":\"https:\/\/www.gaveanews.com\/wp-content\/uploads\/Luis-Francisco-Zubeldia-treinador-do-Sao-Paulo.webp\",\"contentUrl\":\"https:\/\/www.gaveanews.com\/wp-content\/uploads\/Luis-Francisco-Zubeldia-treinador-do-Sao-Paulo.webp\",\"width\":822,\"height\":596,\"caption\":\"Luis Francisco Zubeld\u00eda, treinador do S\u00e3o Paulo (Foto: Reprodu\u00e7\u00e3o\/Instagram)\"},{\"@type\":\"BreadcrumbList\",\"@id\":\"https:\/\/www.gaveanews.com\/index.php\/2024\/09\/04\/stjd-toma-decisao-sobre-denuncia-contra-zubeldia-do-sao-paulo\/#breadcrumb\",\"itemListElement\":[{\"@type\":\"ListItem\",\"position\":1,\"name\":\"Home\",\"item\":\"https:\/\/www.gaveanews.com\/\"},{\"@type\":\"ListItem\",\"position\":2,\"name\":\"STJD toma decis\u00e3o sobre den\u00fancia contra Zubeldia, do S\u00e3o Paulo\"}]},{\"@type\":\"WebSite\",\"@id\":\"https:\/\/www.gaveanews.com\/#website\",\"url\":\"https:\/\/www.gaveanews.com\/\",\"name\":\"G\u00e1vea News\",\"description\":\"Veja todas as not\u00edcias sobre o Flamengo: Contrata\u00e7\u00f5es, categorias de base, resultados das partidas, tabela de classifica\u00e7\u00e3o, pr\u00f3ximos jogos!\",\"potentialAction\":[{\"@type\":\"SearchAction\",\"target\":{\"@type\":\"EntryPoint\",\"urlTemplate\":\"https:\/\/www.gaveanews.com\/?s={search_term_string}\"},\"query-input\":{\"@type\":\"PropertyValueSpecification\",\"valueRequired\":true,\"valueName\":\"search_term_string\"}}],\"inLanguage\":\"pt-BR\"},{\"@type\":\"Person\",\"@id\":\"https:\/\/www.gaveanews.com\/#\/schema\/person\/32fddefab25b466689f181be346cd98c\",\"name\":\"Bruno Zanchetta\",\"image\":{\"@type\":\"ImageObject\",\"inLanguage\":\"pt-BR\",\"@id\":\"https:\/\/www.gaveanews.com\/#\/schema\/person\/image\/\",\"url\":\"https:\/\/secure.gravatar.com\/avatar\/3ba2d39f8a912ad65276975a996d6ad8d9e3dd13448684be8dc4d7c17099d2ee?s=96&d=mm&r=g\",\"contentUrl\":\"https:\/\/secure.gravatar.com\/avatar\/3ba2d39f8a912ad65276975a996d6ad8d9e3dd13448684be8dc4d7c17099d2ee?s=96&d=mm&r=g\",\"caption\":\"Bruno Zanchetta\"}}]}<\/script>\n<!-- \/ Yoast SEO Premium plugin. -->","yoast_head_json":{"title":"STJD toma decis\u00e3o sobre den\u00fancia contra Zubeldia, do S\u00e3o Paulo","robots":{"index":"index","follow":"follow","max-snippet":"max-snippet:-1","max-image-preview":"max-image-preview:large","max-video-preview":"max-video-preview:-1"},"canonical":"https:\/\/www.gaveanews.com\/index.php\/2024\/09\/04\/stjd-toma-decisao-sobre-denuncia-contra-zubeldia-do-sao-paulo\/","og_locale":"pt_BR","og_type":"article","og_title":"STJD toma decis\u00e3o sobre den\u00fancia contra Zubeldia, do S\u00e3o Paulo","og_description":"O t\u00e9cnico do S\u00e3o Paulo, Zubeld\u00eda, recebeu uma not\u00edcia positiva sobre seu caso dentro do Supremo Tribunal de Justi\u00e7a Desportiva, envolvendo a expuls\u00e3o dele no jogo contra o Athletico Paranaense. Segundo informa\u00e7\u00f5es do GE, a comiss\u00e3o disciplinar do STJD arquivou na segunda-feira (2) a den\u00fancia contra o t\u00e9cnico Zubeld\u00eda, do S\u00e3o Paulo, pela expuls\u00e3o no [&hellip;]","og_url":"https:\/\/www.gaveanews.com\/index.php\/2024\/09\/04\/stjd-toma-decisao-sobre-denuncia-contra-zubeldia-do-sao-paulo\/","og_site_name":"G\u00e1vea News","article_publisher":"https:\/\/facebook.com\/gaveaNews\/","article_published_time":"2024-09-05T00:30:00+00:00","og_image":[{"width":822,"height":596,"url":"https:\/\/www.gaveanews.com\/wp-content\/uploads\/Luis-Francisco-Zubeldia-treinador-do-Sao-Paulo.webp","type":"image\/jpeg"}],"author":"Bruno Zanchetta","twitter_card":"summary_large_image","twitter_misc":{"Escrito por":"Bruno Zanchetta","Est. tempo de leitura":"3 minutos"},"schema":{"@context":"https:\/\/schema.org","@graph":[{"@type":"NewsArticle","@id":"https:\/\/www.gaveanews.com\/index.php\/2024\/09\/04\/stjd-toma-decisao-sobre-denuncia-contra-zubeldia-do-sao-paulo\/#article","isPartOf":{"@id":"https:\/\/www.gaveanews.com\/index.php\/2024\/09\/04\/stjd-toma-decisao-sobre-denuncia-contra-zubeldia-do-sao-paulo\/"},"author":{"name":"Bruno Zanchetta","@id":"https:\/\/www.gaveanews.com\/#\/schema\/person\/32fddefab25b466689f181be346cd98c"},"headline":"STJD toma decis\u00e3o sobre den\u00fancia contra Zubeldia, do S\u00e3o Paulo","datePublished":"2024-09-05T00:30:00+00:00","mainEntityOfPage":{"@id":"https:\/\/www.gaveanews.com\/index.php\/2024\/09\/04\/stjd-toma-decisao-sobre-denuncia-contra-zubeldia-do-sao-paulo\/"},"wordCount":378,"commentCount":0,"image":{"@id":"https:\/\/www.gaveanews.com\/index.php\/2024\/09\/04\/stjd-toma-decisao-sobre-denuncia-contra-zubeldia-do-sao-paulo\/#primaryimage"},"thumbnailUrl":"https:\/\/www.gaveanews.com\/wp-content\/uploads\/Luis-Francisco-Zubeldia-treinador-do-Sao-Paulo.webp","articleSection":["S\u00e3o Paulo"],"inLanguage":"pt-BR","potentialAction":[{"@type":"CommentAction","name":"Comment","target":["https:\/\/www.gaveanews.com\/index.php\/2024\/09\/04\/stjd-toma-decisao-sobre-denuncia-contra-zubeldia-do-sao-paulo\/#respond"]}],"copyrightYear":"2024","copyrightHolder":{"@id":"https:\/\/www.gaveanews.com\/#organization"}},{"@type":"WebPage","@id":"https:\/\/www.gaveanews.com\/index.php\/2024\/09\/04\/stjd-toma-decisao-sobre-denuncia-contra-zubeldia-do-sao-paulo\/","url":"https:\/\/www.gaveanews.com\/index.php\/2024\/09\/04\/stjd-toma-decisao-sobre-denuncia-contra-zubeldia-do-sao-paulo\/","name":"STJD toma decis\u00e3o sobre den\u00fancia contra Zubeldia, do S\u00e3o Paulo","isPartOf":{"@id":"https:\/\/www.gaveanews.com\/#website"},"primaryImageOfPage":{"@id":"https:\/\/www.gaveanews.com\/index.php\/2024\/09\/04\/stjd-toma-decisao-sobre-denuncia-contra-zubeldia-do-sao-paulo\/#primaryimage"},"image":{"@id":"https:\/\/www.gaveanews.com\/index.php\/2024\/09\/04\/stjd-toma-decisao-sobre-denuncia-contra-zubeldia-do-sao-paulo\/#primaryimage"},"thumbnailUrl":"https:\/\/www.gaveanews.com\/wp-content\/uploads\/Luis-Francisco-Zubeldia-treinador-do-Sao-Paulo.webp","datePublished":"2024-09-05T00:30:00+00:00","author":{"@id":"https:\/\/www.gaveanews.com\/#\/schema\/person\/32fddefab25b466689f181be346cd98c"},"breadcrumb":{"@id":"https:\/\/www.gaveanews.com\/index.php\/2024\/09\/04\/stjd-toma-decisao-sobre-denuncia-contra-zubeldia-do-sao-paulo\/#breadcrumb"},"inLanguage":"pt-BR","potentialAction":[{"@type":"ReadAction","target":["https:\/\/www.gaveanews.com\/index.php\/2024\/09\/04\/stjd-toma-decisao-sobre-denuncia-contra-zubeldia-do-sao-paulo\/"]}]},{"@type":"ImageObject","inLanguage":"pt-BR","@id":"https:\/\/www.gaveanews.com\/index.php\/2024\/09\/04\/stjd-toma-decisao-sobre-denuncia-contra-zubeldia-do-sao-paulo\/#primaryimage","url":"https:\/\/www.gaveanews.com\/wp-content\/uploads\/Luis-Francisco-Zubeldia-treinador-do-Sao-Paulo.webp","contentUrl":"https:\/\/www.gaveanews.com\/wp-content\/uploads\/Luis-Francisco-Zubeldia-treinador-do-Sao-Paulo.webp","width":822,"height":596,"caption":"Luis Francisco Zubeld\u00eda, treinador do S\u00e3o Paulo (Foto: Reprodu\u00e7\u00e3o\/Instagram)"},{"@type":"BreadcrumbList","@id":"https:\/\/www.gaveanews.com\/index.php\/2024\/09\/04\/stjd-toma-decisao-sobre-denuncia-contra-zubeldia-do-sao-paulo\/#breadcrumb","itemListElement":[{"@type":"ListItem","position":1,"name":"Home","item":"https:\/\/www.gaveanews.com\/"},{"@type":"ListItem","position":2,"name":"STJD toma decis\u00e3o sobre den\u00fancia contra Zubeldia, do S\u00e3o Paulo"}]},{"@type":"WebSite","@id":"https:\/\/www.gaveanews.com\/#website","url":"https:\/\/www.gaveanews.com\/","name":"G\u00e1vea News","description":"Veja todas as not\u00edcias sobre o Flamengo: Contrata\u00e7\u00f5es, categorias de base, resultados das partidas, tabela de classifica\u00e7\u00e3o, pr\u00f3ximos jogos!","potentialAction":[{"@type":"SearchAction","target":{"@type":"EntryPoint","urlTemplate":"https:\/\/www.gaveanews.com\/?s={search_term_string}"},"query-input":{"@type":"PropertyValueSpecification","valueRequired":true,"valueName":"search_term_string"}}],"inLanguage":"pt-BR"},{"@type":"Person","@id":"https:\/\/www.gaveanews.com\/#\/schema\/person\/32fddefab25b466689f181be346cd98c","name":"Bruno Zanchetta","image":{"@type":"ImageObject","inLanguage":"pt-BR","@id":"https:\/\/www.gaveanews.com\/#\/schema\/person\/image\/","url":"https:\/\/secure.gravatar.com\/avatar\/3ba2d39f8a912ad65276975a996d6ad8d9e3dd13448684be8dc4d7c17099d2ee?s=96&d=mm&r=g","contentUrl":"https:\/\/secure.gravatar.com\/avatar\/3ba2d39f8a912ad65276975a996d6ad8d9e3dd13448684be8dc4d7c17099d2ee?s=96&d=mm&r=g","caption":"Bruno Zanchetta"}}]}},"_links":{"self":[{"href":"https:\/\/www.gaveanews.com\/index.php\/wp-json\/wp\/v2\/posts\/163850","targetHints":{"allow":["GET"]}}],"collection":[{"href":"https:\/\/www.gaveanews.com\/index.php\/wp-json\/wp\/v2\/posts"}],"about":[{"href":"https:\/\/www.gaveanews.com\/index.php\/wp-json\/wp\/v2\/types\/post"}],"author":[{"embeddable":true,"href":"https:\/\/www.gaveanews.com\/index.php\/wp-json\/wp\/v2\/users\/19"}],"replies":[{"embeddable":true,"href":"https:\/\/www.gaveanews.com\/index.php\/wp-json\/wp\/v2\/comments?post=163850"}],"version-history":[{"count":1,"href":"https:\/\/www.gaveanews.com\/index.php\/wp-json\/wp\/v2\/posts\/163850\/revisions"}],"predecessor-version":[{"id":163867,"href":"https:\/\/www.gaveanews.com\/index.php\/wp-json\/wp\/v2\/posts\/163850\/revisions\/163867"}],"wp:featuredmedia":[{"embeddable":true,"href":"https:\/\/www.gaveanews.com\/index.php\/wp-json\/wp\/v2\/media\/155698"}],"wp:attachment":[{"href":"https:\/\/www.gaveanews.com\/index.php\/wp-json\/wp\/v2\/media?parent=163850"}],"wp:term":[{"taxonomy":"category","embeddable":true,"href":"https:\/\/www.gaveanews.com\/index.php\/wp-json\/wp\/v2\/categories?post=163850"},{"taxonomy":"post_tag","embeddable":true,"href":"https:\/\/www.gaveanews.com\/index.php\/wp-json\/wp\/v2\/tags?post=163850"}],"curies":[{"name":"wp","href":"https:\/\/api.w.org\/{rel}","templated":true}]}}