{"id":163888,"date":"2024-09-05T03:39:30","date_gmt":"2024-09-05T06:39:30","guid":{"rendered":"https:\/\/www.gaveanews.com\/?p=163888"},"modified":"2024-09-05T03:39:31","modified_gmt":"2024-09-05T06:39:31","slug":"a-declaracao-sincera-de-gustavo-scarpa-sobre-a-temporada-do-atletico-mg","status":"publish","type":"post","link":"https:\/\/www.gaveanews.com\/index.php\/2024\/09\/05\/a-declaracao-sincera-de-gustavo-scarpa-sobre-a-temporada-do-atletico-mg\/","title":{"rendered":"A declara\u00e7\u00e3o sincera de Gustavo Scarpa sobre a temporada do Atl\u00e9tico-MG"},"content":{"rendered":"\n<p>Em entrevista ao programa <em>Jogo Aberto<\/em>, da Band, o meia Gustavo Scarpa, do Atl\u00e9tico-MG, abordou a fase de oscila\u00e7\u00e3o que a equipe enfrentou em 2024 e como isso impactou seu desempenho na temporada. O jogador, conhecido pelo seu comprometimento e vis\u00e3o de jogo, admitiu que o per\u00edodo dif\u00edcil trouxe desafios, mas mostrou otimismo para os meses finais das competi\u00e7\u00f5es.<\/p>\n\n\n\n<ul class=\"wp-block-list\">\n<li><strong><a href=\"https:\/\/www.gaveanews.com\/index.php\/2024\/09\/04\/ele-postou-uma-foto-com-a-camisa-do-rival-e-foi-agredido-pela-torcida\/?utm_source=terra_capa_parceiros&amp;utm_medium=referral\">Ele postou uma foto com a camisa do rival e foi agredido pela torcida<\/a><\/strong><\/li>\n\n\n\n<li><strong><a href=\"https:\/\/www.gaveanews.com\/index.php\/2024\/09\/03\/erling-haaland-pode-quebrar-recorde-de-cristiano-ronaldo\/?utm_source=terra_capa_parceiros&amp;utm_medium=referral\">Erling Haaland pode quebrar recorde de Cristiano Ronaldo<\/a><\/strong><\/li>\n<\/ul>\n\n\n\n<p>\u201cA gente passou por um momento complicado, com alguns desfalques, bastante gente machucada, alguns na Sele\u00e7\u00e3o. Acho que a gente tentou fazer o melhor com o que t\u00ednhamos, bastante improvisa\u00e7\u00e3o, mas acho que n\u00e3o h\u00e1 desculpas. N\u00f3s somos profissionais, temos que fazer nosso melhor sempre. Infelizmente, n\u00e3o deu certo\u201d, analisou Scarpa.<\/p>\n\n\n\n<p>O meia tamb\u00e9m comentou sobre o calend\u00e1rio intenso do futebol brasileiro, fazendo uma observa\u00e7\u00e3o bem-humorada. \u201cEspero que o volume de jogos continue assim at\u00e9 o fim do ano. Isso significaria que estamos na Copa do Brasil, na Libertadores e na S\u00e9rie A\u201d, disse ele, destacando a import\u00e2ncia das competi\u00e7\u00f5es para o clube.<\/p>\n\n\n\n<p>No cen\u00e1rio atual, o Atl\u00e9tico-MG est\u00e1 bem posicionado em duas das tr\u00eas competi\u00e7\u00f5es em disputa. Na Copa do Brasil, o time enfrenta o S\u00e3o Paulo no jogo de volta das quartas de final no dia 12 de setembro, ap\u00f3s uma vit\u00f3ria de 1 a 0 no primeiro confronto. Na Libertadores, o pr\u00f3ximo desafio ser\u00e1 contra o Fluminense, com a equipe j\u00e1 se aproximando das fases decisivas.<\/p>\n\n\n\n<p>\u201cAcabou que nosso futebol encantou bastante com a chegada do Milito. Passamos por esse momento dif\u00edcil, mas, aos poucos, estamos reajustando de novo\u201d, completou Scarpa, demonstrando confian\u00e7a na recupera\u00e7\u00e3o da equipe.<\/p>\n\n\n\n<p>Ap\u00f3s a pausa para a Data Fifa, o Atl\u00e9tico ter\u00e1 uma sequ\u00eancia importante de partidas que podem definir o rumo das suas campanhas nas competi\u00e7\u00f5es nacionais e internacionais. Com o apoio da torcida e a determina\u00e7\u00e3o do grupo, o Galo busca retomar o bom desempenho e brigar pelos t\u00edtulos at\u00e9 o fim da temporada.<\/p>\n","protected":false},"excerpt":{"rendered":"<p>Em entrevista ao programa Jogo Aberto, da Band, o meia Gustavo Scarpa, do Atl\u00e9tico-MG, abordou a fase de oscila\u00e7\u00e3o que a equipe enfrentou em 2024 e como isso impactou seu desempenho na temporada. O jogador, conhecido pelo seu comprometimento e vis\u00e3o de jogo, admitiu que o per\u00edodo dif\u00edcil trouxe desafios, mas mostrou otimismo para os [&hellip;]<\/p>\n","protected":false},"author":23,"featured_media":150531,"comment_status":"open","ping_status":"closed","sticky":false,"template":"","format":"standard","meta":{"footnotes":""},"categories":[136],"tags":[],"class_list":["post-163888","post","type-post","status-publish","format-standard","has-post-thumbnail","hentry","category-atletico-mg"],"yoast_head":"<!-- This site is optimized with the Yoast SEO Premium plugin v24.2 (Yoast SEO v26.9) - https:\/\/yoast.com\/product\/yoast-seo-premium-wordpress\/ -->\n<title>A declara\u00e7\u00e3o sincera de Gustavo Scarpa sobre a temporada do Atl\u00e9tico-MG<\/title>\n<meta name=\"robots\" content=\"index, follow, max-snippet:-1, max-image-preview:large, max-video-preview:-1\" \/>\n<link rel=\"canonical\" href=\"https:\/\/www.gaveanews.com\/index.php\/2024\/09\/05\/a-declaracao-sincera-de-gustavo-scarpa-sobre-a-temporada-do-atletico-mg\/\" \/>\n<meta property=\"og:locale\" content=\"pt_BR\" \/>\n<meta property=\"og:type\" content=\"article\" \/>\n<meta property=\"og:title\" content=\"A declara\u00e7\u00e3o sincera de Gustavo Scarpa sobre a temporada do Atl\u00e9tico-MG\" \/>\n<meta property=\"og:description\" content=\"Em entrevista ao programa Jogo Aberto, da Band, o meia Gustavo Scarpa, do Atl\u00e9tico-MG, abordou a fase de oscila\u00e7\u00e3o que a equipe enfrentou em 2024 e como isso impactou seu desempenho na temporada. O jogador, conhecido pelo seu comprometimento e vis\u00e3o de jogo, admitiu que o per\u00edodo dif\u00edcil trouxe desafios, mas mostrou otimismo para os [&hellip;]\" \/>\n<meta property=\"og:url\" content=\"https:\/\/www.gaveanews.com\/index.php\/2024\/09\/05\/a-declaracao-sincera-de-gustavo-scarpa-sobre-a-temporada-do-atletico-mg\/\" \/>\n<meta property=\"og:site_name\" content=\"G\u00e1vea News\" \/>\n<meta property=\"article:publisher\" content=\"https:\/\/facebook.com\/gaveaNews\/\" \/>\n<meta property=\"article:published_time\" content=\"2024-09-05T06:39:30+00:00\" \/>\n<meta property=\"article:modified_time\" content=\"2024-09-05T06:39:31+00:00\" \/>\n<meta property=\"og:image\" content=\"https:\/\/www.gaveanews.com\/wp-content\/uploads\/Gustavo-Scarpa-no-Atletico-Mineiro-Foto-Pedro-Souza-Atletico-Esporte-News-Mundo.webp\" \/>\n\t<meta property=\"og:image:width\" content=\"1200\" \/>\n\t<meta property=\"og:image:height\" content=\"600\" \/>\n\t<meta property=\"og:image:type\" content=\"image\/jpeg\" \/>\n<meta name=\"author\" content=\"Leandro Azevedo\" \/>\n<meta name=\"twitter:card\" content=\"summary_large_image\" \/>\n<meta name=\"twitter:label1\" content=\"Escrito por\" \/>\n\t<meta name=\"twitter:data1\" content=\"Leandro Azevedo\" \/>\n\t<meta name=\"twitter:label2\" content=\"Est. tempo de leitura\" \/>\n\t<meta name=\"twitter:data2\" content=\"3 minutos\" \/>\n<script type=\"application\/ld+json\" class=\"yoast-schema-graph\">{\"@context\":\"https:\/\/schema.org\",\"@graph\":[{\"@type\":\"NewsArticle\",\"@id\":\"https:\/\/www.gaveanews.com\/index.php\/2024\/09\/05\/a-declaracao-sincera-de-gustavo-scarpa-sobre-a-temporada-do-atletico-mg\/#article\",\"isPartOf\":{\"@id\":\"https:\/\/www.gaveanews.com\/index.php\/2024\/09\/05\/a-declaracao-sincera-de-gustavo-scarpa-sobre-a-temporada-do-atletico-mg\/\"},\"author\":{\"name\":\"Leandro Azevedo\",\"@id\":\"https:\/\/www.gaveanews.com\/#\/schema\/person\/2877169f354c4596cf5aab74ea7c56a8\"},\"headline\":\"A declara\u00e7\u00e3o sincera de Gustavo Scarpa sobre a temporada do Atl\u00e9tico-MG\",\"datePublished\":\"2024-09-05T06:39:30+00:00\",\"dateModified\":\"2024-09-05T06:39:31+00:00\",\"mainEntityOfPage\":{\"@id\":\"https:\/\/www.gaveanews.com\/index.php\/2024\/09\/05\/a-declaracao-sincera-de-gustavo-scarpa-sobre-a-temporada-do-atletico-mg\/\"},\"wordCount\":379,\"commentCount\":0,\"image\":{\"@id\":\"https:\/\/www.gaveanews.com\/index.php\/2024\/09\/05\/a-declaracao-sincera-de-gustavo-scarpa-sobre-a-temporada-do-atletico-mg\/#primaryimage\"},\"thumbnailUrl\":\"https:\/\/www.gaveanews.com\/wp-content\/uploads\/Gustavo-Scarpa-no-Atletico-Mineiro-Foto-Pedro-Souza-Atletico-Esporte-News-Mundo.webp\",\"articleSection\":[\"Atl\u00e9tico-MG\"],\"inLanguage\":\"pt-BR\",\"potentialAction\":[{\"@type\":\"CommentAction\",\"name\":\"Comment\",\"target\":[\"https:\/\/www.gaveanews.com\/index.php\/2024\/09\/05\/a-declaracao-sincera-de-gustavo-scarpa-sobre-a-temporada-do-atletico-mg\/#respond\"]}],\"copyrightYear\":\"2024\",\"copyrightHolder\":{\"@id\":\"https:\/\/www.gaveanews.com\/#organization\"}},{\"@type\":\"WebPage\",\"@id\":\"https:\/\/www.gaveanews.com\/index.php\/2024\/09\/05\/a-declaracao-sincera-de-gustavo-scarpa-sobre-a-temporada-do-atletico-mg\/\",\"url\":\"https:\/\/www.gaveanews.com\/index.php\/2024\/09\/05\/a-declaracao-sincera-de-gustavo-scarpa-sobre-a-temporada-do-atletico-mg\/\",\"name\":\"A declara\u00e7\u00e3o sincera de Gustavo Scarpa sobre a temporada do Atl\u00e9tico-MG\",\"isPartOf\":{\"@id\":\"https:\/\/www.gaveanews.com\/#website\"},\"primaryImageOfPage\":{\"@id\":\"https:\/\/www.gaveanews.com\/index.php\/2024\/09\/05\/a-declaracao-sincera-de-gustavo-scarpa-sobre-a-temporada-do-atletico-mg\/#primaryimage\"},\"image\":{\"@id\":\"https:\/\/www.gaveanews.com\/index.php\/2024\/09\/05\/a-declaracao-sincera-de-gustavo-scarpa-sobre-a-temporada-do-atletico-mg\/#primaryimage\"},\"thumbnailUrl\":\"https:\/\/www.gaveanews.com\/wp-content\/uploads\/Gustavo-Scarpa-no-Atletico-Mineiro-Foto-Pedro-Souza-Atletico-Esporte-News-Mundo.webp\",\"datePublished\":\"2024-09-05T06:39:30+00:00\",\"dateModified\":\"2024-09-05T06:39:31+00:00\",\"author\":{\"@id\":\"https:\/\/www.gaveanews.com\/#\/schema\/person\/2877169f354c4596cf5aab74ea7c56a8\"},\"breadcrumb\":{\"@id\":\"https:\/\/www.gaveanews.com\/index.php\/2024\/09\/05\/a-declaracao-sincera-de-gustavo-scarpa-sobre-a-temporada-do-atletico-mg\/#breadcrumb\"},\"inLanguage\":\"pt-BR\",\"potentialAction\":[{\"@type\":\"ReadAction\",\"target\":[\"https:\/\/www.gaveanews.com\/index.php\/2024\/09\/05\/a-declaracao-sincera-de-gustavo-scarpa-sobre-a-temporada-do-atletico-mg\/\"]}]},{\"@type\":\"ImageObject\",\"inLanguage\":\"pt-BR\",\"@id\":\"https:\/\/www.gaveanews.com\/index.php\/2024\/09\/05\/a-declaracao-sincera-de-gustavo-scarpa-sobre-a-temporada-do-atletico-mg\/#primaryimage\",\"url\":\"https:\/\/www.gaveanews.com\/wp-content\/uploads\/Gustavo-Scarpa-no-Atletico-Mineiro-Foto-Pedro-Souza-Atletico-Esporte-News-Mundo.webp\",\"contentUrl\":\"https:\/\/www.gaveanews.com\/wp-content\/uploads\/Gustavo-Scarpa-no-Atletico-Mineiro-Foto-Pedro-Souza-Atletico-Esporte-News-Mundo.webp\",\"width\":1200,\"height\":600,\"caption\":\"Gustavo Scarpa no Atl\u00e9tico Mineiro (Foto Pedro Souza Atl\u00e9tico Esporte News Mundo)\"},{\"@type\":\"BreadcrumbList\",\"@id\":\"https:\/\/www.gaveanews.com\/index.php\/2024\/09\/05\/a-declaracao-sincera-de-gustavo-scarpa-sobre-a-temporada-do-atletico-mg\/#breadcrumb\",\"itemListElement\":[{\"@type\":\"ListItem\",\"position\":1,\"name\":\"Home\",\"item\":\"https:\/\/www.gaveanews.com\/\"},{\"@type\":\"ListItem\",\"position\":2,\"name\":\"A declara\u00e7\u00e3o sincera de Gustavo Scarpa sobre a temporada do Atl\u00e9tico-MG\"}]},{\"@type\":\"WebSite\",\"@id\":\"https:\/\/www.gaveanews.com\/#website\",\"url\":\"https:\/\/www.gaveanews.com\/\",\"name\":\"G\u00e1vea News\",\"description\":\"Veja todas as not\u00edcias sobre o Flamengo: Contrata\u00e7\u00f5es, categorias de base, resultados das partidas, tabela de classifica\u00e7\u00e3o, pr\u00f3ximos jogos!\",\"potentialAction\":[{\"@type\":\"SearchAction\",\"target\":{\"@type\":\"EntryPoint\",\"urlTemplate\":\"https:\/\/www.gaveanews.com\/?s={search_term_string}\"},\"query-input\":{\"@type\":\"PropertyValueSpecification\",\"valueRequired\":true,\"valueName\":\"search_term_string\"}}],\"inLanguage\":\"pt-BR\"},{\"@type\":\"Person\",\"@id\":\"https:\/\/www.gaveanews.com\/#\/schema\/person\/2877169f354c4596cf5aab74ea7c56a8\",\"name\":\"Leandro Azevedo\",\"image\":{\"@type\":\"ImageObject\",\"inLanguage\":\"pt-BR\",\"@id\":\"https:\/\/www.gaveanews.com\/#\/schema\/person\/image\/\",\"url\":\"https:\/\/secure.gravatar.com\/avatar\/e2f72eb6d986a41d592a85e4e36a6c6170e9ea8a1f433dfc29d0011a8968f89c?s=96&d=mm&r=g\",\"contentUrl\":\"https:\/\/secure.gravatar.com\/avatar\/e2f72eb6d986a41d592a85e4e36a6c6170e9ea8a1f433dfc29d0011a8968f89c?s=96&d=mm&r=g\",\"caption\":\"Leandro Azevedo\"}}]}<\/script>\n<!-- \/ Yoast SEO Premium plugin. -->","yoast_head_json":{"title":"A declara\u00e7\u00e3o sincera de Gustavo Scarpa sobre a temporada do Atl\u00e9tico-MG","robots":{"index":"index","follow":"follow","max-snippet":"max-snippet:-1","max-image-preview":"max-image-preview:large","max-video-preview":"max-video-preview:-1"},"canonical":"https:\/\/www.gaveanews.com\/index.php\/2024\/09\/05\/a-declaracao-sincera-de-gustavo-scarpa-sobre-a-temporada-do-atletico-mg\/","og_locale":"pt_BR","og_type":"article","og_title":"A declara\u00e7\u00e3o sincera de Gustavo Scarpa sobre a temporada do Atl\u00e9tico-MG","og_description":"Em entrevista ao programa Jogo Aberto, da Band, o meia Gustavo Scarpa, do Atl\u00e9tico-MG, abordou a fase de oscila\u00e7\u00e3o que a equipe enfrentou em 2024 e como isso impactou seu desempenho na temporada. O jogador, conhecido pelo seu comprometimento e vis\u00e3o de jogo, admitiu que o per\u00edodo dif\u00edcil trouxe desafios, mas mostrou otimismo para os [&hellip;]","og_url":"https:\/\/www.gaveanews.com\/index.php\/2024\/09\/05\/a-declaracao-sincera-de-gustavo-scarpa-sobre-a-temporada-do-atletico-mg\/","og_site_name":"G\u00e1vea News","article_publisher":"https:\/\/facebook.com\/gaveaNews\/","article_published_time":"2024-09-05T06:39:30+00:00","article_modified_time":"2024-09-05T06:39:31+00:00","og_image":[{"width":1200,"height":600,"url":"https:\/\/www.gaveanews.com\/wp-content\/uploads\/Gustavo-Scarpa-no-Atletico-Mineiro-Foto-Pedro-Souza-Atletico-Esporte-News-Mundo.webp","type":"image\/jpeg"}],"author":"Leandro Azevedo","twitter_card":"summary_large_image","twitter_misc":{"Escrito por":"Leandro Azevedo","Est. tempo de leitura":"3 minutos"},"schema":{"@context":"https:\/\/schema.org","@graph":[{"@type":"NewsArticle","@id":"https:\/\/www.gaveanews.com\/index.php\/2024\/09\/05\/a-declaracao-sincera-de-gustavo-scarpa-sobre-a-temporada-do-atletico-mg\/#article","isPartOf":{"@id":"https:\/\/www.gaveanews.com\/index.php\/2024\/09\/05\/a-declaracao-sincera-de-gustavo-scarpa-sobre-a-temporada-do-atletico-mg\/"},"author":{"name":"Leandro Azevedo","@id":"https:\/\/www.gaveanews.com\/#\/schema\/person\/2877169f354c4596cf5aab74ea7c56a8"},"headline":"A declara\u00e7\u00e3o sincera de Gustavo Scarpa sobre a temporada do Atl\u00e9tico-MG","datePublished":"2024-09-05T06:39:30+00:00","dateModified":"2024-09-05T06:39:31+00:00","mainEntityOfPage":{"@id":"https:\/\/www.gaveanews.com\/index.php\/2024\/09\/05\/a-declaracao-sincera-de-gustavo-scarpa-sobre-a-temporada-do-atletico-mg\/"},"wordCount":379,"commentCount":0,"image":{"@id":"https:\/\/www.gaveanews.com\/index.php\/2024\/09\/05\/a-declaracao-sincera-de-gustavo-scarpa-sobre-a-temporada-do-atletico-mg\/#primaryimage"},"thumbnailUrl":"https:\/\/www.gaveanews.com\/wp-content\/uploads\/Gustavo-Scarpa-no-Atletico-Mineiro-Foto-Pedro-Souza-Atletico-Esporte-News-Mundo.webp","articleSection":["Atl\u00e9tico-MG"],"inLanguage":"pt-BR","potentialAction":[{"@type":"CommentAction","name":"Comment","target":["https:\/\/www.gaveanews.com\/index.php\/2024\/09\/05\/a-declaracao-sincera-de-gustavo-scarpa-sobre-a-temporada-do-atletico-mg\/#respond"]}],"copyrightYear":"2024","copyrightHolder":{"@id":"https:\/\/www.gaveanews.com\/#organization"}},{"@type":"WebPage","@id":"https:\/\/www.gaveanews.com\/index.php\/2024\/09\/05\/a-declaracao-sincera-de-gustavo-scarpa-sobre-a-temporada-do-atletico-mg\/","url":"https:\/\/www.gaveanews.com\/index.php\/2024\/09\/05\/a-declaracao-sincera-de-gustavo-scarpa-sobre-a-temporada-do-atletico-mg\/","name":"A declara\u00e7\u00e3o sincera de Gustavo Scarpa sobre a temporada do Atl\u00e9tico-MG","isPartOf":{"@id":"https:\/\/www.gaveanews.com\/#website"},"primaryImageOfPage":{"@id":"https:\/\/www.gaveanews.com\/index.php\/2024\/09\/05\/a-declaracao-sincera-de-gustavo-scarpa-sobre-a-temporada-do-atletico-mg\/#primaryimage"},"image":{"@id":"https:\/\/www.gaveanews.com\/index.php\/2024\/09\/05\/a-declaracao-sincera-de-gustavo-scarpa-sobre-a-temporada-do-atletico-mg\/#primaryimage"},"thumbnailUrl":"https:\/\/www.gaveanews.com\/wp-content\/uploads\/Gustavo-Scarpa-no-Atletico-Mineiro-Foto-Pedro-Souza-Atletico-Esporte-News-Mundo.webp","datePublished":"2024-09-05T06:39:30+00:00","dateModified":"2024-09-05T06:39:31+00:00","author":{"@id":"https:\/\/www.gaveanews.com\/#\/schema\/person\/2877169f354c4596cf5aab74ea7c56a8"},"breadcrumb":{"@id":"https:\/\/www.gaveanews.com\/index.php\/2024\/09\/05\/a-declaracao-sincera-de-gustavo-scarpa-sobre-a-temporada-do-atletico-mg\/#breadcrumb"},"inLanguage":"pt-BR","potentialAction":[{"@type":"ReadAction","target":["https:\/\/www.gaveanews.com\/index.php\/2024\/09\/05\/a-declaracao-sincera-de-gustavo-scarpa-sobre-a-temporada-do-atletico-mg\/"]}]},{"@type":"ImageObject","inLanguage":"pt-BR","@id":"https:\/\/www.gaveanews.com\/index.php\/2024\/09\/05\/a-declaracao-sincera-de-gustavo-scarpa-sobre-a-temporada-do-atletico-mg\/#primaryimage","url":"https:\/\/www.gaveanews.com\/wp-content\/uploads\/Gustavo-Scarpa-no-Atletico-Mineiro-Foto-Pedro-Souza-Atletico-Esporte-News-Mundo.webp","contentUrl":"https:\/\/www.gaveanews.com\/wp-content\/uploads\/Gustavo-Scarpa-no-Atletico-Mineiro-Foto-Pedro-Souza-Atletico-Esporte-News-Mundo.webp","width":1200,"height":600,"caption":"Gustavo Scarpa no Atl\u00e9tico Mineiro (Foto Pedro Souza Atl\u00e9tico Esporte News Mundo)"},{"@type":"BreadcrumbList","@id":"https:\/\/www.gaveanews.com\/index.php\/2024\/09\/05\/a-declaracao-sincera-de-gustavo-scarpa-sobre-a-temporada-do-atletico-mg\/#breadcrumb","itemListElement":[{"@type":"ListItem","position":1,"name":"Home","item":"https:\/\/www.gaveanews.com\/"},{"@type":"ListItem","position":2,"name":"A declara\u00e7\u00e3o sincera de Gustavo Scarpa sobre a temporada do Atl\u00e9tico-MG"}]},{"@type":"WebSite","@id":"https:\/\/www.gaveanews.com\/#website","url":"https:\/\/www.gaveanews.com\/","name":"G\u00e1vea News","description":"Veja todas as not\u00edcias sobre o Flamengo: Contrata\u00e7\u00f5es, categorias de base, resultados das partidas, tabela de classifica\u00e7\u00e3o, pr\u00f3ximos jogos!","potentialAction":[{"@type":"SearchAction","target":{"@type":"EntryPoint","urlTemplate":"https:\/\/www.gaveanews.com\/?s={search_term_string}"},"query-input":{"@type":"PropertyValueSpecification","valueRequired":true,"valueName":"search_term_string"}}],"inLanguage":"pt-BR"},{"@type":"Person","@id":"https:\/\/www.gaveanews.com\/#\/schema\/person\/2877169f354c4596cf5aab74ea7c56a8","name":"Leandro Azevedo","image":{"@type":"ImageObject","inLanguage":"pt-BR","@id":"https:\/\/www.gaveanews.com\/#\/schema\/person\/image\/","url":"https:\/\/secure.gravatar.com\/avatar\/e2f72eb6d986a41d592a85e4e36a6c6170e9ea8a1f433dfc29d0011a8968f89c?s=96&d=mm&r=g","contentUrl":"https:\/\/secure.gravatar.com\/avatar\/e2f72eb6d986a41d592a85e4e36a6c6170e9ea8a1f433dfc29d0011a8968f89c?s=96&d=mm&r=g","caption":"Leandro Azevedo"}}]}},"_links":{"self":[{"href":"https:\/\/www.gaveanews.com\/index.php\/wp-json\/wp\/v2\/posts\/163888","targetHints":{"allow":["GET"]}}],"collection":[{"href":"https:\/\/www.gaveanews.com\/index.php\/wp-json\/wp\/v2\/posts"}],"about":[{"href":"https:\/\/www.gaveanews.com\/index.php\/wp-json\/wp\/v2\/types\/post"}],"author":[{"embeddable":true,"href":"https:\/\/www.gaveanews.com\/index.php\/wp-json\/wp\/v2\/users\/23"}],"replies":[{"embeddable":true,"href":"https:\/\/www.gaveanews.com\/index.php\/wp-json\/wp\/v2\/comments?post=163888"}],"version-history":[{"count":1,"href":"https:\/\/www.gaveanews.com\/index.php\/wp-json\/wp\/v2\/posts\/163888\/revisions"}],"predecessor-version":[{"id":163890,"href":"https:\/\/www.gaveanews.com\/index.php\/wp-json\/wp\/v2\/posts\/163888\/revisions\/163890"}],"wp:featuredmedia":[{"embeddable":true,"href":"https:\/\/www.gaveanews.com\/index.php\/wp-json\/wp\/v2\/media\/150531"}],"wp:attachment":[{"href":"https:\/\/www.gaveanews.com\/index.php\/wp-json\/wp\/v2\/media?parent=163888"}],"wp:term":[{"taxonomy":"category","embeddable":true,"href":"https:\/\/www.gaveanews.com\/index.php\/wp-json\/wp\/v2\/categories?post=163888"},{"taxonomy":"post_tag","embeddable":true,"href":"https:\/\/www.gaveanews.com\/index.php\/wp-json\/wp\/v2\/tags?post=163888"}],"curies":[{"name":"wp","href":"https:\/\/api.w.org\/{rel}","templated":true}]}}