{"id":163910,"date":"2024-09-04T17:00:00","date_gmt":"2024-09-04T20:00:00","guid":{"rendered":"https:\/\/www.gaveanews.com\/?p=163910"},"modified":"2024-09-04T15:54:58","modified_gmt":"2024-09-04T18:54:58","slug":"copa-do-mundo-feminina-2027-fifa-inicia-selecao-das-sedes-da-competicao-no-brasil","status":"publish","type":"post","link":"https:\/\/www.gaveanews.com\/index.php\/2024\/09\/04\/copa-do-mundo-feminina-2027-fifa-inicia-selecao-das-sedes-da-competicao-no-brasil\/","title":{"rendered":"Copa do Mundo Feminina 2027: Fifa inicia sele\u00e7\u00e3o das sedes da competi\u00e7\u00e3o no Brasil"},"content":{"rendered":"\n<h2 class=\"wp-block-heading\" id=\"h-o-brasil-vai-sediar-a-copa-do-mundo-de-futebol-feminino-e-a-fifa-inicia-com-3-anos-de-antecedencia-as-escolhas-das-sedes-e-o-monitoramento-dos-campos\">O Brasil vai sediar a Copa do Mundo de Futebol Feminino e a FIFA inicia com 3 anos de anteced\u00eancia, as escolhas das sedes e o monitoramento dos campos.<\/h2>\n\n\n\n<p>Segundo o GE, a Fifa fez um encontro virtual com representantes da CBF e do comit\u00ea organizador da Copa do Mundo para o in\u00edcio do processo de organiza\u00e7\u00e3o da competi\u00e7\u00e3o no pa\u00eds.<\/p>\n\n\n\n<ul class=\"wp-block-list\">\n<li><a href=\"https:\/\/www.gaveanews.com\/index.php\/2024\/07\/16\/isso-foi-o-que-paulo-nunes-disse-sobre-o-brasil-na-copa-do-mundo\/\">Isso foi o que Paulo Nunes disse sobre o Brasil na Copa do Mundo<\/a><\/li>\n\n\n\n<li><a href=\"https:\/\/www.gaveanews.com\/index.php\/2024\/03\/05\/campeao-da-copa-do-mundo-substituira-lucas-paqueta-no-west-ham\/\">Campe\u00e3o da Copa do Mundo substituir\u00e1 Lucas Paquet\u00e1 no West Ham<\/a><\/li>\n<\/ul>\n\n\n\n<p>Al\u00e9m dos dez est\u00e1dios que s\u00e3o previamente indicados, ainda entraram na disputa da vota\u00e7\u00e3o o Mangueir\u00e3o, em Bel\u00e9m e a Arena das Dunas, em Natal.<\/p>\n\n\n\n<p>Especialistas da FIFA vir\u00e3o ao Brasil entre 25 de setembro e 11 de outubro para inspecionar os est\u00e1dios e a infraestrutura de cada cidade. Em novembro, tem outra visita para os Centro de Treinamento e hot\u00e9is que receber\u00e3o as sele\u00e7\u00f5es.<\/p>\n\n\n\n<p>Com as 12 cidades candidatas, o Brasil pode ter o n\u00famero de est\u00e1dios que sediou na Copa de 2014. A FIFA diz que oito \u00e9 o n\u00famero m\u00ednimo de sedes necess\u00e1rias para a realiza\u00e7\u00e3o do mundial. O An\u00fancio ser\u00e1 feito em 2025.<\/p>\n\n\n\n<p>&#8220;Realizaremos um processo claro e transparente para escolher os est\u00e1dios e cidades-sede deste torneio, como uma continuidade da candidatura. A equipe da Fifa analisar\u00e1 os principais crit\u00e9rios descritos no contrato de organiza\u00e7\u00e3o, em conjunto com a documenta\u00e7\u00e3o fornecida pelas 12 cidades candidatas a sede e as conclus\u00f5es das visitas de inspe\u00e7\u00e3o. Nosso objetivo \u00e9 escolher os est\u00e1dios e cidades-sede mais adequados, equilibrando aspectos t\u00e9cnicos e financeiros com os objetivos de desenvolvimento do futebol feminino&#8221; disse a diretora executiva de Futebol Feminino da Fifa, Sarai Bareman.<\/p>\n\n\n\n<p><strong>CONFIRA OS EST\u00c1DIOS E CIDADES CANDIDATAS:<\/strong><\/p>\n\n\n\n<ul class=\"wp-block-list\">\n<li>Bel\u00e9m: Est\u00e1dio Mangueir\u00e3o<\/li>\n\n\n\n<li>Belo Horizonte: Est\u00e1dio Mineir\u00e3o<\/li>\n\n\n\n<li>Bras\u00edlia: Est\u00e1dio Man\u00e9 Garrincha<\/li>\n\n\n\n<li>Cuiab\u00e1: Arena Pantanal<\/li>\n\n\n\n<li>Fortaleza: Arena Castel\u00e3o<\/li>\n\n\n\n<li>Manaus: Arena da Amaz\u00f4nia<\/li>\n\n\n\n<li>Natal: Arena das Dunas<\/li>\n\n\n\n<li>Porto Alegre: Est\u00e1dio Beira-Rio<\/li>\n\n\n\n<li>Recife: Arena de Pernambuco<\/li>\n\n\n\n<li>Rio de Janeiro: Est\u00e1dio do Maracan\u00e3<\/li>\n\n\n\n<li>Salvador: Arena Fonte Nova<\/li>\n\n\n\n<li>S\u00e3o Paulo: Arena Corinthians<\/li>\n<\/ul>\n\n\n\n<h2 class=\"wp-block-heading\" id=\"h-quando-acontecera-a-copa-do-mundo-de-2027\">Quando acontecer\u00e1 a Copa do Mundo de 2027?<\/h2>\n\n\n\n<p>A Copa do Mundo Feminina de 2027 ser\u00e1 realizada&nbsp;<strong>de 24 de junho a 25 de julho<\/strong>. Est\u00e1 ser\u00e1 a d\u00e9cima edi\u00e7\u00e3o da principal competi\u00e7\u00e3o de sele\u00e7\u00f5es do futebol feminino e a primeira disputada na Am\u00e9rica do Sul.<\/p>\n","protected":false},"excerpt":{"rendered":"<p>O Brasil vai sediar a Copa do Mundo de Futebol Feminino e a FIFA inicia com 3 anos de anteced\u00eancia, as escolhas das sedes e o monitoramento dos campos. Segundo o GE, a Fifa fez um encontro virtual com representantes da CBF e do comit\u00ea organizador da Copa do Mundo para o in\u00edcio do processo [&hellip;]<\/p>\n","protected":false},"author":19,"featured_media":37084,"comment_status":"open","ping_status":"closed","sticky":false,"template":"","format":"standard","meta":{"footnotes":""},"categories":[137,141,1,145,146,148,150,154],"tags":[],"class_list":["post-163910","post","type-post","status-publish","format-standard","has-post-thumbnail","hentry","category-bahia","category-corinthians","category-flamengo","category-fluminense","category-fortaleza","category-internacional","category-palmeiras","category-sport"],"yoast_head":"<!-- This site is optimized with the Yoast SEO Premium plugin v24.2 (Yoast SEO v26.9) - https:\/\/yoast.com\/product\/yoast-seo-premium-wordpress\/ -->\n<title>Copa do Mundo Feminina 2027: Fifa inicia sele\u00e7\u00e3o das sedes da competi\u00e7\u00e3o no Brasil<\/title>\n<meta name=\"robots\" content=\"index, follow, max-snippet:-1, max-image-preview:large, max-video-preview:-1\" \/>\n<link rel=\"canonical\" href=\"https:\/\/www.gaveanews.com\/index.php\/2024\/09\/04\/copa-do-mundo-feminina-2027-fifa-inicia-selecao-das-sedes-da-competicao-no-brasil\/\" \/>\n<meta property=\"og:locale\" content=\"pt_BR\" \/>\n<meta property=\"og:type\" content=\"article\" \/>\n<meta property=\"og:title\" content=\"Copa do Mundo Feminina 2027: Fifa inicia sele\u00e7\u00e3o das sedes da competi\u00e7\u00e3o no Brasil\" \/>\n<meta property=\"og:description\" content=\"O Brasil vai sediar a Copa do Mundo de Futebol Feminino e a FIFA inicia com 3 anos de anteced\u00eancia, as escolhas das sedes e o monitoramento dos campos. Segundo o GE, a Fifa fez um encontro virtual com representantes da CBF e do comit\u00ea organizador da Copa do Mundo para o in\u00edcio do processo [&hellip;]\" \/>\n<meta property=\"og:url\" content=\"https:\/\/www.gaveanews.com\/index.php\/2024\/09\/04\/copa-do-mundo-feminina-2027-fifa-inicia-selecao-das-sedes-da-competicao-no-brasil\/\" \/>\n<meta property=\"og:site_name\" content=\"G\u00e1vea News\" \/>\n<meta property=\"article:publisher\" content=\"https:\/\/facebook.com\/gaveaNews\/\" \/>\n<meta property=\"article:published_time\" content=\"2024-09-04T20:00:00+00:00\" \/>\n<meta property=\"og:image\" content=\"https:\/\/www.gaveanews.com\/wp-content\/uploads\/Logomarca-da-FIFA.webp\" \/>\n\t<meta property=\"og:image:width\" content=\"2000\" \/>\n\t<meta property=\"og:image:height\" content=\"1334\" \/>\n\t<meta property=\"og:image:type\" content=\"image\/png\" \/>\n<meta name=\"author\" content=\"Bruno Zanchetta\" \/>\n<meta name=\"twitter:card\" content=\"summary_large_image\" \/>\n<meta name=\"twitter:label1\" content=\"Escrito por\" \/>\n\t<meta name=\"twitter:data1\" content=\"Bruno Zanchetta\" \/>\n\t<meta name=\"twitter:label2\" content=\"Est. tempo de leitura\" \/>\n\t<meta name=\"twitter:data2\" content=\"3 minutos\" \/>\n<script type=\"application\/ld+json\" class=\"yoast-schema-graph\">{\"@context\":\"https:\/\/schema.org\",\"@graph\":[{\"@type\":\"NewsArticle\",\"@id\":\"https:\/\/www.gaveanews.com\/index.php\/2024\/09\/04\/copa-do-mundo-feminina-2027-fifa-inicia-selecao-das-sedes-da-competicao-no-brasil\/#article\",\"isPartOf\":{\"@id\":\"https:\/\/www.gaveanews.com\/index.php\/2024\/09\/04\/copa-do-mundo-feminina-2027-fifa-inicia-selecao-das-sedes-da-competicao-no-brasil\/\"},\"author\":{\"name\":\"Bruno Zanchetta\",\"@id\":\"https:\/\/www.gaveanews.com\/#\/schema\/person\/32fddefab25b466689f181be346cd98c\"},\"headline\":\"Copa do Mundo Feminina 2027: Fifa inicia sele\u00e7\u00e3o das sedes da competi\u00e7\u00e3o no Brasil\",\"datePublished\":\"2024-09-04T20:00:00+00:00\",\"mainEntityOfPage\":{\"@id\":\"https:\/\/www.gaveanews.com\/index.php\/2024\/09\/04\/copa-do-mundo-feminina-2027-fifa-inicia-selecao-das-sedes-da-competicao-no-brasil\/\"},\"wordCount\":430,\"commentCount\":0,\"image\":{\"@id\":\"https:\/\/www.gaveanews.com\/index.php\/2024\/09\/04\/copa-do-mundo-feminina-2027-fifa-inicia-selecao-das-sedes-da-competicao-no-brasil\/#primaryimage\"},\"thumbnailUrl\":\"https:\/\/www.gaveanews.com\/wp-content\/uploads\/Logomarca-da-FIFA.webp\",\"articleSection\":[\"Bahia\",\"Corinthians\",\"Flamengo\",\"Fluminense\",\"Fortaleza\",\"Internacional\",\"Palmeiras\",\"Sport\"],\"inLanguage\":\"pt-BR\",\"potentialAction\":[{\"@type\":\"CommentAction\",\"name\":\"Comment\",\"target\":[\"https:\/\/www.gaveanews.com\/index.php\/2024\/09\/04\/copa-do-mundo-feminina-2027-fifa-inicia-selecao-das-sedes-da-competicao-no-brasil\/#respond\"]}],\"copyrightYear\":\"2024\",\"copyrightHolder\":{\"@id\":\"https:\/\/www.gaveanews.com\/#organization\"}},{\"@type\":\"WebPage\",\"@id\":\"https:\/\/www.gaveanews.com\/index.php\/2024\/09\/04\/copa-do-mundo-feminina-2027-fifa-inicia-selecao-das-sedes-da-competicao-no-brasil\/\",\"url\":\"https:\/\/www.gaveanews.com\/index.php\/2024\/09\/04\/copa-do-mundo-feminina-2027-fifa-inicia-selecao-das-sedes-da-competicao-no-brasil\/\",\"name\":\"Copa do Mundo Feminina 2027: Fifa inicia sele\u00e7\u00e3o das sedes da competi\u00e7\u00e3o no Brasil\",\"isPartOf\":{\"@id\":\"https:\/\/www.gaveanews.com\/#website\"},\"primaryImageOfPage\":{\"@id\":\"https:\/\/www.gaveanews.com\/index.php\/2024\/09\/04\/copa-do-mundo-feminina-2027-fifa-inicia-selecao-das-sedes-da-competicao-no-brasil\/#primaryimage\"},\"image\":{\"@id\":\"https:\/\/www.gaveanews.com\/index.php\/2024\/09\/04\/copa-do-mundo-feminina-2027-fifa-inicia-selecao-das-sedes-da-competicao-no-brasil\/#primaryimage\"},\"thumbnailUrl\":\"https:\/\/www.gaveanews.com\/wp-content\/uploads\/Logomarca-da-FIFA.webp\",\"datePublished\":\"2024-09-04T20:00:00+00:00\",\"author\":{\"@id\":\"https:\/\/www.gaveanews.com\/#\/schema\/person\/32fddefab25b466689f181be346cd98c\"},\"breadcrumb\":{\"@id\":\"https:\/\/www.gaveanews.com\/index.php\/2024\/09\/04\/copa-do-mundo-feminina-2027-fifa-inicia-selecao-das-sedes-da-competicao-no-brasil\/#breadcrumb\"},\"inLanguage\":\"pt-BR\",\"potentialAction\":[{\"@type\":\"ReadAction\",\"target\":[\"https:\/\/www.gaveanews.com\/index.php\/2024\/09\/04\/copa-do-mundo-feminina-2027-fifa-inicia-selecao-das-sedes-da-competicao-no-brasil\/\"]}]},{\"@type\":\"ImageObject\",\"inLanguage\":\"pt-BR\",\"@id\":\"https:\/\/www.gaveanews.com\/index.php\/2024\/09\/04\/copa-do-mundo-feminina-2027-fifa-inicia-selecao-das-sedes-da-competicao-no-brasil\/#primaryimage\",\"url\":\"https:\/\/www.gaveanews.com\/wp-content\/uploads\/Logomarca-da-FIFA.webp\",\"contentUrl\":\"https:\/\/www.gaveanews.com\/wp-content\/uploads\/Logomarca-da-FIFA.webp\",\"width\":2000,\"height\":1334},{\"@type\":\"BreadcrumbList\",\"@id\":\"https:\/\/www.gaveanews.com\/index.php\/2024\/09\/04\/copa-do-mundo-feminina-2027-fifa-inicia-selecao-das-sedes-da-competicao-no-brasil\/#breadcrumb\",\"itemListElement\":[{\"@type\":\"ListItem\",\"position\":1,\"name\":\"Home\",\"item\":\"https:\/\/www.gaveanews.com\/\"},{\"@type\":\"ListItem\",\"position\":2,\"name\":\"Copa do Mundo Feminina 2027: Fifa inicia sele\u00e7\u00e3o das sedes da competi\u00e7\u00e3o no Brasil\"}]},{\"@type\":\"WebSite\",\"@id\":\"https:\/\/www.gaveanews.com\/#website\",\"url\":\"https:\/\/www.gaveanews.com\/\",\"name\":\"G\u00e1vea News\",\"description\":\"Veja todas as not\u00edcias sobre o Flamengo: Contrata\u00e7\u00f5es, categorias de base, resultados das partidas, tabela de classifica\u00e7\u00e3o, pr\u00f3ximos jogos!\",\"potentialAction\":[{\"@type\":\"SearchAction\",\"target\":{\"@type\":\"EntryPoint\",\"urlTemplate\":\"https:\/\/www.gaveanews.com\/?s={search_term_string}\"},\"query-input\":{\"@type\":\"PropertyValueSpecification\",\"valueRequired\":true,\"valueName\":\"search_term_string\"}}],\"inLanguage\":\"pt-BR\"},{\"@type\":\"Person\",\"@id\":\"https:\/\/www.gaveanews.com\/#\/schema\/person\/32fddefab25b466689f181be346cd98c\",\"name\":\"Bruno Zanchetta\",\"image\":{\"@type\":\"ImageObject\",\"inLanguage\":\"pt-BR\",\"@id\":\"https:\/\/www.gaveanews.com\/#\/schema\/person\/image\/\",\"url\":\"https:\/\/secure.gravatar.com\/avatar\/3ba2d39f8a912ad65276975a996d6ad8d9e3dd13448684be8dc4d7c17099d2ee?s=96&d=mm&r=g\",\"contentUrl\":\"https:\/\/secure.gravatar.com\/avatar\/3ba2d39f8a912ad65276975a996d6ad8d9e3dd13448684be8dc4d7c17099d2ee?s=96&d=mm&r=g\",\"caption\":\"Bruno Zanchetta\"}}]}<\/script>\n<!-- \/ Yoast SEO Premium plugin. -->","yoast_head_json":{"title":"Copa do Mundo Feminina 2027: Fifa inicia sele\u00e7\u00e3o das sedes da competi\u00e7\u00e3o no Brasil","robots":{"index":"index","follow":"follow","max-snippet":"max-snippet:-1","max-image-preview":"max-image-preview:large","max-video-preview":"max-video-preview:-1"},"canonical":"https:\/\/www.gaveanews.com\/index.php\/2024\/09\/04\/copa-do-mundo-feminina-2027-fifa-inicia-selecao-das-sedes-da-competicao-no-brasil\/","og_locale":"pt_BR","og_type":"article","og_title":"Copa do Mundo Feminina 2027: Fifa inicia sele\u00e7\u00e3o das sedes da competi\u00e7\u00e3o no Brasil","og_description":"O Brasil vai sediar a Copa do Mundo de Futebol Feminino e a FIFA inicia com 3 anos de anteced\u00eancia, as escolhas das sedes e o monitoramento dos campos. Segundo o GE, a Fifa fez um encontro virtual com representantes da CBF e do comit\u00ea organizador da Copa do Mundo para o in\u00edcio do processo [&hellip;]","og_url":"https:\/\/www.gaveanews.com\/index.php\/2024\/09\/04\/copa-do-mundo-feminina-2027-fifa-inicia-selecao-das-sedes-da-competicao-no-brasil\/","og_site_name":"G\u00e1vea News","article_publisher":"https:\/\/facebook.com\/gaveaNews\/","article_published_time":"2024-09-04T20:00:00+00:00","og_image":[{"width":2000,"height":1334,"url":"https:\/\/www.gaveanews.com\/wp-content\/uploads\/Logomarca-da-FIFA.webp","type":"image\/png"}],"author":"Bruno Zanchetta","twitter_card":"summary_large_image","twitter_misc":{"Escrito por":"Bruno Zanchetta","Est. tempo de leitura":"3 minutos"},"schema":{"@context":"https:\/\/schema.org","@graph":[{"@type":"NewsArticle","@id":"https:\/\/www.gaveanews.com\/index.php\/2024\/09\/04\/copa-do-mundo-feminina-2027-fifa-inicia-selecao-das-sedes-da-competicao-no-brasil\/#article","isPartOf":{"@id":"https:\/\/www.gaveanews.com\/index.php\/2024\/09\/04\/copa-do-mundo-feminina-2027-fifa-inicia-selecao-das-sedes-da-competicao-no-brasil\/"},"author":{"name":"Bruno Zanchetta","@id":"https:\/\/www.gaveanews.com\/#\/schema\/person\/32fddefab25b466689f181be346cd98c"},"headline":"Copa do Mundo Feminina 2027: Fifa inicia sele\u00e7\u00e3o das sedes da competi\u00e7\u00e3o no Brasil","datePublished":"2024-09-04T20:00:00+00:00","mainEntityOfPage":{"@id":"https:\/\/www.gaveanews.com\/index.php\/2024\/09\/04\/copa-do-mundo-feminina-2027-fifa-inicia-selecao-das-sedes-da-competicao-no-brasil\/"},"wordCount":430,"commentCount":0,"image":{"@id":"https:\/\/www.gaveanews.com\/index.php\/2024\/09\/04\/copa-do-mundo-feminina-2027-fifa-inicia-selecao-das-sedes-da-competicao-no-brasil\/#primaryimage"},"thumbnailUrl":"https:\/\/www.gaveanews.com\/wp-content\/uploads\/Logomarca-da-FIFA.webp","articleSection":["Bahia","Corinthians","Flamengo","Fluminense","Fortaleza","Internacional","Palmeiras","Sport"],"inLanguage":"pt-BR","potentialAction":[{"@type":"CommentAction","name":"Comment","target":["https:\/\/www.gaveanews.com\/index.php\/2024\/09\/04\/copa-do-mundo-feminina-2027-fifa-inicia-selecao-das-sedes-da-competicao-no-brasil\/#respond"]}],"copyrightYear":"2024","copyrightHolder":{"@id":"https:\/\/www.gaveanews.com\/#organization"}},{"@type":"WebPage","@id":"https:\/\/www.gaveanews.com\/index.php\/2024\/09\/04\/copa-do-mundo-feminina-2027-fifa-inicia-selecao-das-sedes-da-competicao-no-brasil\/","url":"https:\/\/www.gaveanews.com\/index.php\/2024\/09\/04\/copa-do-mundo-feminina-2027-fifa-inicia-selecao-das-sedes-da-competicao-no-brasil\/","name":"Copa do Mundo Feminina 2027: Fifa inicia sele\u00e7\u00e3o das sedes da competi\u00e7\u00e3o no Brasil","isPartOf":{"@id":"https:\/\/www.gaveanews.com\/#website"},"primaryImageOfPage":{"@id":"https:\/\/www.gaveanews.com\/index.php\/2024\/09\/04\/copa-do-mundo-feminina-2027-fifa-inicia-selecao-das-sedes-da-competicao-no-brasil\/#primaryimage"},"image":{"@id":"https:\/\/www.gaveanews.com\/index.php\/2024\/09\/04\/copa-do-mundo-feminina-2027-fifa-inicia-selecao-das-sedes-da-competicao-no-brasil\/#primaryimage"},"thumbnailUrl":"https:\/\/www.gaveanews.com\/wp-content\/uploads\/Logomarca-da-FIFA.webp","datePublished":"2024-09-04T20:00:00+00:00","author":{"@id":"https:\/\/www.gaveanews.com\/#\/schema\/person\/32fddefab25b466689f181be346cd98c"},"breadcrumb":{"@id":"https:\/\/www.gaveanews.com\/index.php\/2024\/09\/04\/copa-do-mundo-feminina-2027-fifa-inicia-selecao-das-sedes-da-competicao-no-brasil\/#breadcrumb"},"inLanguage":"pt-BR","potentialAction":[{"@type":"ReadAction","target":["https:\/\/www.gaveanews.com\/index.php\/2024\/09\/04\/copa-do-mundo-feminina-2027-fifa-inicia-selecao-das-sedes-da-competicao-no-brasil\/"]}]},{"@type":"ImageObject","inLanguage":"pt-BR","@id":"https:\/\/www.gaveanews.com\/index.php\/2024\/09\/04\/copa-do-mundo-feminina-2027-fifa-inicia-selecao-das-sedes-da-competicao-no-brasil\/#primaryimage","url":"https:\/\/www.gaveanews.com\/wp-content\/uploads\/Logomarca-da-FIFA.webp","contentUrl":"https:\/\/www.gaveanews.com\/wp-content\/uploads\/Logomarca-da-FIFA.webp","width":2000,"height":1334},{"@type":"BreadcrumbList","@id":"https:\/\/www.gaveanews.com\/index.php\/2024\/09\/04\/copa-do-mundo-feminina-2027-fifa-inicia-selecao-das-sedes-da-competicao-no-brasil\/#breadcrumb","itemListElement":[{"@type":"ListItem","position":1,"name":"Home","item":"https:\/\/www.gaveanews.com\/"},{"@type":"ListItem","position":2,"name":"Copa do Mundo Feminina 2027: Fifa inicia sele\u00e7\u00e3o das sedes da competi\u00e7\u00e3o no Brasil"}]},{"@type":"WebSite","@id":"https:\/\/www.gaveanews.com\/#website","url":"https:\/\/www.gaveanews.com\/","name":"G\u00e1vea News","description":"Veja todas as not\u00edcias sobre o Flamengo: Contrata\u00e7\u00f5es, categorias de base, resultados das partidas, tabela de classifica\u00e7\u00e3o, pr\u00f3ximos jogos!","potentialAction":[{"@type":"SearchAction","target":{"@type":"EntryPoint","urlTemplate":"https:\/\/www.gaveanews.com\/?s={search_term_string}"},"query-input":{"@type":"PropertyValueSpecification","valueRequired":true,"valueName":"search_term_string"}}],"inLanguage":"pt-BR"},{"@type":"Person","@id":"https:\/\/www.gaveanews.com\/#\/schema\/person\/32fddefab25b466689f181be346cd98c","name":"Bruno Zanchetta","image":{"@type":"ImageObject","inLanguage":"pt-BR","@id":"https:\/\/www.gaveanews.com\/#\/schema\/person\/image\/","url":"https:\/\/secure.gravatar.com\/avatar\/3ba2d39f8a912ad65276975a996d6ad8d9e3dd13448684be8dc4d7c17099d2ee?s=96&d=mm&r=g","contentUrl":"https:\/\/secure.gravatar.com\/avatar\/3ba2d39f8a912ad65276975a996d6ad8d9e3dd13448684be8dc4d7c17099d2ee?s=96&d=mm&r=g","caption":"Bruno Zanchetta"}}]}},"_links":{"self":[{"href":"https:\/\/www.gaveanews.com\/index.php\/wp-json\/wp\/v2\/posts\/163910","targetHints":{"allow":["GET"]}}],"collection":[{"href":"https:\/\/www.gaveanews.com\/index.php\/wp-json\/wp\/v2\/posts"}],"about":[{"href":"https:\/\/www.gaveanews.com\/index.php\/wp-json\/wp\/v2\/types\/post"}],"author":[{"embeddable":true,"href":"https:\/\/www.gaveanews.com\/index.php\/wp-json\/wp\/v2\/users\/19"}],"replies":[{"embeddable":true,"href":"https:\/\/www.gaveanews.com\/index.php\/wp-json\/wp\/v2\/comments?post=163910"}],"version-history":[{"count":2,"href":"https:\/\/www.gaveanews.com\/index.php\/wp-json\/wp\/v2\/posts\/163910\/revisions"}],"predecessor-version":[{"id":163959,"href":"https:\/\/www.gaveanews.com\/index.php\/wp-json\/wp\/v2\/posts\/163910\/revisions\/163959"}],"wp:featuredmedia":[{"embeddable":true,"href":"https:\/\/www.gaveanews.com\/index.php\/wp-json\/wp\/v2\/media\/37084"}],"wp:attachment":[{"href":"https:\/\/www.gaveanews.com\/index.php\/wp-json\/wp\/v2\/media?parent=163910"}],"wp:term":[{"taxonomy":"category","embeddable":true,"href":"https:\/\/www.gaveanews.com\/index.php\/wp-json\/wp\/v2\/categories?post=163910"},{"taxonomy":"post_tag","embeddable":true,"href":"https:\/\/www.gaveanews.com\/index.php\/wp-json\/wp\/v2\/tags?post=163910"}],"curies":[{"name":"wp","href":"https:\/\/api.w.org\/{rel}","templated":true}]}}