{"id":163943,"date":"2024-09-04T20:30:00","date_gmt":"2024-09-04T23:30:00","guid":{"rendered":"https:\/\/www.gaveanews.com\/?p=163943"},"modified":"2024-09-04T17:36:12","modified_gmt":"2024-09-04T20:36:12","slug":"verstappen-faz-duras-criticas-ao-carro-da-red-bull","status":"publish","type":"post","link":"https:\/\/www.gaveanews.com\/index.php\/2024\/09\/04\/verstappen-faz-duras-criticas-ao-carro-da-red-bull\/","title":{"rendered":"Verstappen faz duras cr\u00edticas ao carro da Red Bull"},"content":{"rendered":"\n<h2 class=\"wp-block-heading\" id=\"h-verstappen-critica-desempenho-do-rb20-e-alerta-para-queda-da-red-bull-na-f1-2024\">Verstappen critica desempenho do RB20 e alerta para queda da Red Bull na F1 2024<\/h2>\n\n\n\n<p>A vantagem de Max Verstappen na lideran\u00e7a da F\u00f3rmula 1 2024 est\u00e1 diminuindo a cada etapa. Embora o piloto holand\u00eas ainda tenha uma margem de 62 pontos sobre Lando Norris, a McLaren continua a ganhar terreno, especialmente ap\u00f3s colocar seus dois pilotos no p\u00f3dio do GP da It\u00e1lia, enquanto a Red Bull teve um desempenho abaixo do esperado.<\/p>\n\n\n\n<ul class=\"wp-block-list\">\n<li><a href=\"https:\/\/www.gaveanews.com\/index.php\/2024\/09\/02\/a-declaracao-de-lewis-hamilton-sobre-o-desempenho-da-mercedes\/\">A declara\u00e7\u00e3o de Lewis Hamilton sobre o desempenho da Mercedes<\/a><\/li>\n\n\n\n<li><a href=\"https:\/\/www.gaveanews.com\/index.php\/2024\/09\/01\/acidente-com-a-ferrari-volta-a-viralizar-no-instagram\/\">Acidente com a Ferrari volta a viralizar no Instagram<\/a><\/li>\n<\/ul>\n\n\n\n<p>Enquanto a McLaren lutou pela vit\u00f3ria, que acabou nas m\u00e3os de Charles Leclerc, Verstappen e sua equipe ficaram longe do p\u00f3dio. O holand\u00eas, apesar de um erro no pit-stop, conseguiu boas ultrapassagens e terminou em sexto. Sergio P\u00e9rez, seu companheiro de equipe, foi o oitavo. A frustra\u00e7\u00e3o de Verstappen, no entanto, se dirige ao RB20, que ele considera estar muito aqu\u00e9m do desempenho esperado.<\/p>\n\n\n\n<p>&#8220;Nosso carro do ano passado era incr\u00edvel, o mais dominante de todos os tempos. Mas conseguimos transform\u00e1-lo em algo imprevis\u00edvel, ent\u00e3o temos que dar a volta por cima,&#8221; disse Verstappen.<\/p>\n\n\n\n<p>Ele destacou que o carro tem problemas em diversas \u00e1reas e que mudan\u00e7as s\u00e3o necess\u00e1rias. &#8220;Este fim de semana foi ruim em v\u00e1rias frentes. Al\u00e9m do pit-stop que me prejudicou, tivemos um problema no motor que me impediu de correr com pot\u00eancia total na maior parte da prova,&#8221; completou.<\/p>\n\n\n\n<p>A Red Bull agora v\u00ea sua lideran\u00e7a no Mundial de Construtores amea\u00e7ada, com apenas oito pontos de vantagem sobre a McLaren. A equipe austr\u00edaca, que tinha 446 pontos, v\u00ea a McLaren se aproximar com 438. Para Verstappen, os t\u00edtulos dos Mundiais de Pilotos e Construtores est\u00e3o cada vez mais distantes.<\/p>\n\n\n\n<p>&#8220;No momento, ambos os campeonatos parecem pouco realistas. Passamos de um carro muito dominante para um carro dif\u00edcil de controlar em poucos meses. Isso \u00e9 muito estranho e precisamos agir rapidamente,&#8221; afirmou.<\/p>\n\n\n\n<p>Ele tamb\u00e9m criticou a estrat\u00e9gia da equipe, sugerindo que poderiam ter feito um trabalho melhor para competir mais de perto com a McLaren.<\/p>\n\n\n\n<p>A F\u00f3rmula 1 retorna em duas semanas com o Grande Pr\u00eamio do Azerbaij\u00e3o, no dia 15 de setembro, 17\u00aa etapa da temporada.<\/p>\n","protected":false},"excerpt":{"rendered":"<p>Verstappen critica desempenho do RB20 e alerta para queda da Red Bull na F1 2024 A vantagem de Max Verstappen na lideran\u00e7a da F\u00f3rmula 1 2024 est\u00e1 diminuindo a cada etapa. Embora o piloto holand\u00eas ainda tenha uma margem de 62 pontos sobre Lando Norris, a McLaren continua a ganhar terreno, especialmente ap\u00f3s colocar seus [&hellip;]<\/p>\n","protected":false},"author":20,"featured_media":160345,"comment_status":"open","ping_status":"closed","sticky":false,"template":"","format":"standard","meta":{"footnotes":""},"categories":[451],"tags":[],"class_list":["post-163943","post","type-post","status-publish","format-standard","has-post-thumbnail","hentry","category-f1"],"yoast_head":"<!-- This site is optimized with the Yoast SEO Premium plugin v24.2 (Yoast SEO v26.9) - https:\/\/yoast.com\/product\/yoast-seo-premium-wordpress\/ -->\n<title>Verstappen faz duras cr\u00edticas ao carro da Red Bull<\/title>\n<meta name=\"robots\" content=\"index, follow, max-snippet:-1, max-image-preview:large, max-video-preview:-1\" \/>\n<link rel=\"canonical\" href=\"https:\/\/www.gaveanews.com\/index.php\/2024\/09\/04\/verstappen-faz-duras-criticas-ao-carro-da-red-bull\/\" \/>\n<meta property=\"og:locale\" content=\"pt_BR\" \/>\n<meta property=\"og:type\" content=\"article\" \/>\n<meta property=\"og:title\" content=\"Verstappen faz duras cr\u00edticas ao carro da Red Bull\" \/>\n<meta property=\"og:description\" content=\"Verstappen critica desempenho do RB20 e alerta para queda da Red Bull na F1 2024 A vantagem de Max Verstappen na lideran\u00e7a da F\u00f3rmula 1 2024 est\u00e1 diminuindo a cada etapa. Embora o piloto holand\u00eas ainda tenha uma margem de 62 pontos sobre Lando Norris, a McLaren continua a ganhar terreno, especialmente ap\u00f3s colocar seus [&hellip;]\" \/>\n<meta property=\"og:url\" content=\"https:\/\/www.gaveanews.com\/index.php\/2024\/09\/04\/verstappen-faz-duras-criticas-ao-carro-da-red-bull\/\" \/>\n<meta property=\"og:site_name\" content=\"G\u00e1vea News\" \/>\n<meta property=\"article:publisher\" content=\"https:\/\/facebook.com\/gaveaNews\/\" \/>\n<meta property=\"article:published_time\" content=\"2024-09-04T23:30:00+00:00\" \/>\n<meta property=\"og:image\" content=\"https:\/\/www.gaveanews.com\/wp-content\/uploads\/Grand-Prix-da-Hungria-de-Formula-1.webp\" \/>\n\t<meta property=\"og:image:width\" content=\"1638\" \/>\n\t<meta property=\"og:image:height\" content=\"1229\" \/>\n\t<meta property=\"og:image:type\" content=\"image\/webp\" \/>\n<meta name=\"author\" content=\"Lucas Barros\" \/>\n<meta name=\"twitter:card\" content=\"summary_large_image\" \/>\n<meta name=\"twitter:label1\" content=\"Escrito por\" \/>\n\t<meta name=\"twitter:data1\" content=\"Lucas Barros\" \/>\n\t<meta name=\"twitter:label2\" content=\"Est. tempo de leitura\" \/>\n\t<meta name=\"twitter:data2\" content=\"3 minutos\" \/>\n<script type=\"application\/ld+json\" class=\"yoast-schema-graph\">{\"@context\":\"https:\/\/schema.org\",\"@graph\":[{\"@type\":\"NewsArticle\",\"@id\":\"https:\/\/www.gaveanews.com\/index.php\/2024\/09\/04\/verstappen-faz-duras-criticas-ao-carro-da-red-bull\/#article\",\"isPartOf\":{\"@id\":\"https:\/\/www.gaveanews.com\/index.php\/2024\/09\/04\/verstappen-faz-duras-criticas-ao-carro-da-red-bull\/\"},\"author\":{\"name\":\"Lucas Barros\",\"@id\":\"https:\/\/www.gaveanews.com\/#\/schema\/person\/2abf0cfa878f5f899daa5f781e82264c\"},\"headline\":\"Verstappen faz duras cr\u00edticas ao carro da Red Bull\",\"datePublished\":\"2024-09-04T23:30:00+00:00\",\"mainEntityOfPage\":{\"@id\":\"https:\/\/www.gaveanews.com\/index.php\/2024\/09\/04\/verstappen-faz-duras-criticas-ao-carro-da-red-bull\/\"},\"wordCount\":397,\"commentCount\":0,\"image\":{\"@id\":\"https:\/\/www.gaveanews.com\/index.php\/2024\/09\/04\/verstappen-faz-duras-criticas-ao-carro-da-red-bull\/#primaryimage\"},\"thumbnailUrl\":\"https:\/\/www.gaveanews.com\/wp-content\/uploads\/Grand-Prix-da-Hungria-de-Formula-1.webp\",\"articleSection\":[\"F1\"],\"inLanguage\":\"pt-BR\",\"potentialAction\":[{\"@type\":\"CommentAction\",\"name\":\"Comment\",\"target\":[\"https:\/\/www.gaveanews.com\/index.php\/2024\/09\/04\/verstappen-faz-duras-criticas-ao-carro-da-red-bull\/#respond\"]}],\"copyrightYear\":\"2024\",\"copyrightHolder\":{\"@id\":\"https:\/\/www.gaveanews.com\/#organization\"}},{\"@type\":\"WebPage\",\"@id\":\"https:\/\/www.gaveanews.com\/index.php\/2024\/09\/04\/verstappen-faz-duras-criticas-ao-carro-da-red-bull\/\",\"url\":\"https:\/\/www.gaveanews.com\/index.php\/2024\/09\/04\/verstappen-faz-duras-criticas-ao-carro-da-red-bull\/\",\"name\":\"Verstappen faz duras cr\u00edticas ao carro da Red Bull\",\"isPartOf\":{\"@id\":\"https:\/\/www.gaveanews.com\/#website\"},\"primaryImageOfPage\":{\"@id\":\"https:\/\/www.gaveanews.com\/index.php\/2024\/09\/04\/verstappen-faz-duras-criticas-ao-carro-da-red-bull\/#primaryimage\"},\"image\":{\"@id\":\"https:\/\/www.gaveanews.com\/index.php\/2024\/09\/04\/verstappen-faz-duras-criticas-ao-carro-da-red-bull\/#primaryimage\"},\"thumbnailUrl\":\"https:\/\/www.gaveanews.com\/wp-content\/uploads\/Grand-Prix-da-Hungria-de-Formula-1.webp\",\"datePublished\":\"2024-09-04T23:30:00+00:00\",\"author\":{\"@id\":\"https:\/\/www.gaveanews.com\/#\/schema\/person\/2abf0cfa878f5f899daa5f781e82264c\"},\"breadcrumb\":{\"@id\":\"https:\/\/www.gaveanews.com\/index.php\/2024\/09\/04\/verstappen-faz-duras-criticas-ao-carro-da-red-bull\/#breadcrumb\"},\"inLanguage\":\"pt-BR\",\"potentialAction\":[{\"@type\":\"ReadAction\",\"target\":[\"https:\/\/www.gaveanews.com\/index.php\/2024\/09\/04\/verstappen-faz-duras-criticas-ao-carro-da-red-bull\/\"]}]},{\"@type\":\"ImageObject\",\"inLanguage\":\"pt-BR\",\"@id\":\"https:\/\/www.gaveanews.com\/index.php\/2024\/09\/04\/verstappen-faz-duras-criticas-ao-carro-da-red-bull\/#primaryimage\",\"url\":\"https:\/\/www.gaveanews.com\/wp-content\/uploads\/Grand-Prix-da-Hungria-de-Formula-1.webp\",\"contentUrl\":\"https:\/\/www.gaveanews.com\/wp-content\/uploads\/Grand-Prix-da-Hungria-de-Formula-1.webp\",\"width\":1638,\"height\":1229,\"caption\":\"Grand Prix da Hungria de Formula 1 (Foto: Reprodu\u00e7\u00e3o\/Formula 1)\"},{\"@type\":\"BreadcrumbList\",\"@id\":\"https:\/\/www.gaveanews.com\/index.php\/2024\/09\/04\/verstappen-faz-duras-criticas-ao-carro-da-red-bull\/#breadcrumb\",\"itemListElement\":[{\"@type\":\"ListItem\",\"position\":1,\"name\":\"Home\",\"item\":\"https:\/\/www.gaveanews.com\/\"},{\"@type\":\"ListItem\",\"position\":2,\"name\":\"Verstappen faz duras cr\u00edticas ao carro da Red Bull\"}]},{\"@type\":\"WebSite\",\"@id\":\"https:\/\/www.gaveanews.com\/#website\",\"url\":\"https:\/\/www.gaveanews.com\/\",\"name\":\"G\u00e1vea News\",\"description\":\"Veja todas as not\u00edcias sobre o Flamengo: Contrata\u00e7\u00f5es, categorias de base, resultados das partidas, tabela de classifica\u00e7\u00e3o, pr\u00f3ximos jogos!\",\"potentialAction\":[{\"@type\":\"SearchAction\",\"target\":{\"@type\":\"EntryPoint\",\"urlTemplate\":\"https:\/\/www.gaveanews.com\/?s={search_term_string}\"},\"query-input\":{\"@type\":\"PropertyValueSpecification\",\"valueRequired\":true,\"valueName\":\"search_term_string\"}}],\"inLanguage\":\"pt-BR\"},{\"@type\":\"Person\",\"@id\":\"https:\/\/www.gaveanews.com\/#\/schema\/person\/2abf0cfa878f5f899daa5f781e82264c\",\"name\":\"Lucas Barros\",\"image\":{\"@type\":\"ImageObject\",\"inLanguage\":\"pt-BR\",\"@id\":\"https:\/\/www.gaveanews.com\/#\/schema\/person\/image\/\",\"url\":\"https:\/\/secure.gravatar.com\/avatar\/67a6069eba66bf6fd7c80b70e1331baa3dbc3d6df5012d5c22eff29c7d59e0b0?s=96&d=mm&r=g\",\"contentUrl\":\"https:\/\/secure.gravatar.com\/avatar\/67a6069eba66bf6fd7c80b70e1331baa3dbc3d6df5012d5c22eff29c7d59e0b0?s=96&d=mm&r=g\",\"caption\":\"Lucas Barros\"}}]}<\/script>\n<!-- \/ Yoast SEO Premium plugin. -->","yoast_head_json":{"title":"Verstappen faz duras cr\u00edticas ao carro da Red Bull","robots":{"index":"index","follow":"follow","max-snippet":"max-snippet:-1","max-image-preview":"max-image-preview:large","max-video-preview":"max-video-preview:-1"},"canonical":"https:\/\/www.gaveanews.com\/index.php\/2024\/09\/04\/verstappen-faz-duras-criticas-ao-carro-da-red-bull\/","og_locale":"pt_BR","og_type":"article","og_title":"Verstappen faz duras cr\u00edticas ao carro da Red Bull","og_description":"Verstappen critica desempenho do RB20 e alerta para queda da Red Bull na F1 2024 A vantagem de Max Verstappen na lideran\u00e7a da F\u00f3rmula 1 2024 est\u00e1 diminuindo a cada etapa. Embora o piloto holand\u00eas ainda tenha uma margem de 62 pontos sobre Lando Norris, a McLaren continua a ganhar terreno, especialmente ap\u00f3s colocar seus [&hellip;]","og_url":"https:\/\/www.gaveanews.com\/index.php\/2024\/09\/04\/verstappen-faz-duras-criticas-ao-carro-da-red-bull\/","og_site_name":"G\u00e1vea News","article_publisher":"https:\/\/facebook.com\/gaveaNews\/","article_published_time":"2024-09-04T23:30:00+00:00","og_image":[{"width":1638,"height":1229,"url":"https:\/\/www.gaveanews.com\/wp-content\/uploads\/Grand-Prix-da-Hungria-de-Formula-1.webp","type":"image\/webp"}],"author":"Lucas Barros","twitter_card":"summary_large_image","twitter_misc":{"Escrito por":"Lucas Barros","Est. tempo de leitura":"3 minutos"},"schema":{"@context":"https:\/\/schema.org","@graph":[{"@type":"NewsArticle","@id":"https:\/\/www.gaveanews.com\/index.php\/2024\/09\/04\/verstappen-faz-duras-criticas-ao-carro-da-red-bull\/#article","isPartOf":{"@id":"https:\/\/www.gaveanews.com\/index.php\/2024\/09\/04\/verstappen-faz-duras-criticas-ao-carro-da-red-bull\/"},"author":{"name":"Lucas Barros","@id":"https:\/\/www.gaveanews.com\/#\/schema\/person\/2abf0cfa878f5f899daa5f781e82264c"},"headline":"Verstappen faz duras cr\u00edticas ao carro da Red Bull","datePublished":"2024-09-04T23:30:00+00:00","mainEntityOfPage":{"@id":"https:\/\/www.gaveanews.com\/index.php\/2024\/09\/04\/verstappen-faz-duras-criticas-ao-carro-da-red-bull\/"},"wordCount":397,"commentCount":0,"image":{"@id":"https:\/\/www.gaveanews.com\/index.php\/2024\/09\/04\/verstappen-faz-duras-criticas-ao-carro-da-red-bull\/#primaryimage"},"thumbnailUrl":"https:\/\/www.gaveanews.com\/wp-content\/uploads\/Grand-Prix-da-Hungria-de-Formula-1.webp","articleSection":["F1"],"inLanguage":"pt-BR","potentialAction":[{"@type":"CommentAction","name":"Comment","target":["https:\/\/www.gaveanews.com\/index.php\/2024\/09\/04\/verstappen-faz-duras-criticas-ao-carro-da-red-bull\/#respond"]}],"copyrightYear":"2024","copyrightHolder":{"@id":"https:\/\/www.gaveanews.com\/#organization"}},{"@type":"WebPage","@id":"https:\/\/www.gaveanews.com\/index.php\/2024\/09\/04\/verstappen-faz-duras-criticas-ao-carro-da-red-bull\/","url":"https:\/\/www.gaveanews.com\/index.php\/2024\/09\/04\/verstappen-faz-duras-criticas-ao-carro-da-red-bull\/","name":"Verstappen faz duras cr\u00edticas ao carro da Red Bull","isPartOf":{"@id":"https:\/\/www.gaveanews.com\/#website"},"primaryImageOfPage":{"@id":"https:\/\/www.gaveanews.com\/index.php\/2024\/09\/04\/verstappen-faz-duras-criticas-ao-carro-da-red-bull\/#primaryimage"},"image":{"@id":"https:\/\/www.gaveanews.com\/index.php\/2024\/09\/04\/verstappen-faz-duras-criticas-ao-carro-da-red-bull\/#primaryimage"},"thumbnailUrl":"https:\/\/www.gaveanews.com\/wp-content\/uploads\/Grand-Prix-da-Hungria-de-Formula-1.webp","datePublished":"2024-09-04T23:30:00+00:00","author":{"@id":"https:\/\/www.gaveanews.com\/#\/schema\/person\/2abf0cfa878f5f899daa5f781e82264c"},"breadcrumb":{"@id":"https:\/\/www.gaveanews.com\/index.php\/2024\/09\/04\/verstappen-faz-duras-criticas-ao-carro-da-red-bull\/#breadcrumb"},"inLanguage":"pt-BR","potentialAction":[{"@type":"ReadAction","target":["https:\/\/www.gaveanews.com\/index.php\/2024\/09\/04\/verstappen-faz-duras-criticas-ao-carro-da-red-bull\/"]}]},{"@type":"ImageObject","inLanguage":"pt-BR","@id":"https:\/\/www.gaveanews.com\/index.php\/2024\/09\/04\/verstappen-faz-duras-criticas-ao-carro-da-red-bull\/#primaryimage","url":"https:\/\/www.gaveanews.com\/wp-content\/uploads\/Grand-Prix-da-Hungria-de-Formula-1.webp","contentUrl":"https:\/\/www.gaveanews.com\/wp-content\/uploads\/Grand-Prix-da-Hungria-de-Formula-1.webp","width":1638,"height":1229,"caption":"Grand Prix da Hungria de Formula 1 (Foto: Reprodu\u00e7\u00e3o\/Formula 1)"},{"@type":"BreadcrumbList","@id":"https:\/\/www.gaveanews.com\/index.php\/2024\/09\/04\/verstappen-faz-duras-criticas-ao-carro-da-red-bull\/#breadcrumb","itemListElement":[{"@type":"ListItem","position":1,"name":"Home","item":"https:\/\/www.gaveanews.com\/"},{"@type":"ListItem","position":2,"name":"Verstappen faz duras cr\u00edticas ao carro da Red Bull"}]},{"@type":"WebSite","@id":"https:\/\/www.gaveanews.com\/#website","url":"https:\/\/www.gaveanews.com\/","name":"G\u00e1vea News","description":"Veja todas as not\u00edcias sobre o Flamengo: Contrata\u00e7\u00f5es, categorias de base, resultados das partidas, tabela de classifica\u00e7\u00e3o, pr\u00f3ximos jogos!","potentialAction":[{"@type":"SearchAction","target":{"@type":"EntryPoint","urlTemplate":"https:\/\/www.gaveanews.com\/?s={search_term_string}"},"query-input":{"@type":"PropertyValueSpecification","valueRequired":true,"valueName":"search_term_string"}}],"inLanguage":"pt-BR"},{"@type":"Person","@id":"https:\/\/www.gaveanews.com\/#\/schema\/person\/2abf0cfa878f5f899daa5f781e82264c","name":"Lucas Barros","image":{"@type":"ImageObject","inLanguage":"pt-BR","@id":"https:\/\/www.gaveanews.com\/#\/schema\/person\/image\/","url":"https:\/\/secure.gravatar.com\/avatar\/67a6069eba66bf6fd7c80b70e1331baa3dbc3d6df5012d5c22eff29c7d59e0b0?s=96&d=mm&r=g","contentUrl":"https:\/\/secure.gravatar.com\/avatar\/67a6069eba66bf6fd7c80b70e1331baa3dbc3d6df5012d5c22eff29c7d59e0b0?s=96&d=mm&r=g","caption":"Lucas Barros"}}]}},"_links":{"self":[{"href":"https:\/\/www.gaveanews.com\/index.php\/wp-json\/wp\/v2\/posts\/163943","targetHints":{"allow":["GET"]}}],"collection":[{"href":"https:\/\/www.gaveanews.com\/index.php\/wp-json\/wp\/v2\/posts"}],"about":[{"href":"https:\/\/www.gaveanews.com\/index.php\/wp-json\/wp\/v2\/types\/post"}],"author":[{"embeddable":true,"href":"https:\/\/www.gaveanews.com\/index.php\/wp-json\/wp\/v2\/users\/20"}],"replies":[{"embeddable":true,"href":"https:\/\/www.gaveanews.com\/index.php\/wp-json\/wp\/v2\/comments?post=163943"}],"version-history":[{"count":1,"href":"https:\/\/www.gaveanews.com\/index.php\/wp-json\/wp\/v2\/posts\/163943\/revisions"}],"predecessor-version":[{"id":163944,"href":"https:\/\/www.gaveanews.com\/index.php\/wp-json\/wp\/v2\/posts\/163943\/revisions\/163944"}],"wp:featuredmedia":[{"embeddable":true,"href":"https:\/\/www.gaveanews.com\/index.php\/wp-json\/wp\/v2\/media\/160345"}],"wp:attachment":[{"href":"https:\/\/www.gaveanews.com\/index.php\/wp-json\/wp\/v2\/media?parent=163943"}],"wp:term":[{"taxonomy":"category","embeddable":true,"href":"https:\/\/www.gaveanews.com\/index.php\/wp-json\/wp\/v2\/categories?post=163943"},{"taxonomy":"post_tag","embeddable":true,"href":"https:\/\/www.gaveanews.com\/index.php\/wp-json\/wp\/v2\/tags?post=163943"}],"curies":[{"name":"wp","href":"https:\/\/api.w.org\/{rel}","templated":true}]}}