{"id":164067,"date":"2024-09-04T20:15:02","date_gmt":"2024-09-04T23:15:02","guid":{"rendered":"https:\/\/www.gaveanews.com\/?p=164067"},"modified":"2024-09-04T20:15:09","modified_gmt":"2024-09-04T23:15:09","slug":"jogador-confirma-que-deseja-deixar-o-flamengo-em-definitivo","status":"publish","type":"post","link":"https:\/\/www.gaveanews.com\/index.php\/2024\/09\/04\/jogador-confirma-que-deseja-deixar-o-flamengo-em-definitivo\/","title":{"rendered":"Jogador confirma que deseja deixar o Flamengo em definitivo"},"content":{"rendered":"\n<p>Criado nas categorias de base do Flamengo, Hugo Souza foi anunciado pelo Corinthians no dia 12 de julho, ap\u00f3s assinar contrato de empr\u00e9stimo at\u00e9 o fim do Alvinegro. Apesar do modelo da negocia\u00e7\u00e3o, o clube paulista tem a op\u00e7\u00e3o de compra do goleiro, e inclusive, deve exercer a cl\u00e1usula.<\/p>\n\n\n\n<ul class=\"wp-block-list\">\n<li><a href=\"https:\/\/www.gaveanews.com\/index.php\/2024\/09\/02\/augusto-melo-manda-recado-para-hugo-souza-do-corinthians\/\">Augusto Melo manda recado para Hugo Souza, do Corinthians<\/a><\/li>\n\n\n\n<li><a href=\"https:\/\/www.gaveanews.com\/index.php\/2024\/09\/04\/gerson-cita-o-flamengo-durante-coletiva-da-selecao-brasileira\/\">Gerson cita o Flamengo durante coletiva da Sele\u00e7\u00e3o Brasileira<\/a><\/li>\n<\/ul>\n\n\n\n<p>A poss\u00edvel perman\u00eancia em definitivo no Corinthians, inclusive, foi comentada pelo pr\u00f3prio goleiro. Em entrevista, Hugo declarou que sua vontade \u00e9, realmente, continuar defendendo a meta alvinegra, e revelou que as negocia\u00e7\u00f5es est\u00e3o em andamento.<\/p>\n\n\n\n<p>\u2014 <em>Bom, a vontade \u00e9 clara, n\u00e9? Essa parte eu deixo para o meu empres\u00e1rio e para o presidente. O presidente tem falado que j\u00e1 est\u00e1 certo, mas \u00e9 com ele.\u00a0E a minha vontade \u00e9 muito clara de estar aqui, de continuar e construir uma hist\u00f3ria aqui. Eu estou muito feliz<\/em> -, disse.<\/p>\n\n\n\n<p>Hugo chegou ao Corinthians com a \u00e1rdua miss\u00e3o de substituir C\u00e1ssio, \u00eddolo do clube. Para contratar o goleiro por empr\u00e9stimo, o Alvinegro pagou 200 mil euros (R$ 1,19 milh\u00e3o) ao Flamengo. Se quiser garantir a compra definitiva de 50% dos direitos econ\u00f4micos do jogador, ter\u00e1 que arcar com o valor de 00 mil euros, cerca de R$ 4,7 milh\u00f5es.<\/p>\n\n\n\n<h2 class=\"wp-block-heading\" id=\"h-hugo-no-corinthians\">Hugo no Corinthians<\/h2>\n\n\n\n<p>Apesar de estar h\u00e1 pouco tempo no Alvinegro, Hugo tem sido fundamental para o desempenho do clube paulista e, inclusive, foi o her\u00f3i da classifica\u00e7\u00e3o da equipe \u00e0s quartas de final da Copa do Brasil, ao defender tr\u00eas p\u00eanaltis contra o Red Bull Bragantino.<\/p>\n\n\n\n<p>O goleiro, inclusive, se reencontrou com o Flamengo no \u00faltimo domingo (1), em jogo v\u00e1lido pelo Campeonato Brasileiro, que terminou com vit\u00f3ria do Alvinegro por 2 a 1. Para poder escalar Hugo, o Corinthians teve que pagar um multa de R$ 500 mil prevista em contrato. <\/p>\n\n\n\n<p><\/p>\n","protected":false},"excerpt":{"rendered":"<p>Criado nas categorias de base do Flamengo, Hugo Souza foi anunciado pelo Corinthians no dia 12 de julho, ap\u00f3s assinar contrato de empr\u00e9stimo at\u00e9 o fim do Alvinegro. Apesar do modelo da negocia\u00e7\u00e3o, o clube paulista tem a op\u00e7\u00e3o de compra do goleiro, e inclusive, deve exercer a cl\u00e1usula. A poss\u00edvel perman\u00eancia em definitivo no [&hellip;]<\/p>\n","protected":false},"author":18,"featured_media":121377,"comment_status":"open","ping_status":"closed","sticky":false,"template":"","format":"standard","meta":{"footnotes":""},"categories":[1],"tags":[],"class_list":["post-164067","post","type-post","status-publish","format-standard","has-post-thumbnail","hentry","category-flamengo"],"yoast_head":"<!-- This site is optimized with the Yoast SEO Premium plugin v24.2 (Yoast SEO v26.9) - https:\/\/yoast.com\/product\/yoast-seo-premium-wordpress\/ -->\n<title>Jogador confirma que deseja deixar o Flamengo em definitivo<\/title>\n<meta name=\"robots\" content=\"index, follow, max-snippet:-1, max-image-preview:large, max-video-preview:-1\" \/>\n<link rel=\"canonical\" href=\"https:\/\/www.gaveanews.com\/index.php\/2024\/09\/04\/jogador-confirma-que-deseja-deixar-o-flamengo-em-definitivo\/\" \/>\n<meta property=\"og:locale\" content=\"pt_BR\" \/>\n<meta property=\"og:type\" content=\"article\" \/>\n<meta property=\"og:title\" content=\"Jogador confirma que deseja deixar o Flamengo em definitivo\" \/>\n<meta property=\"og:description\" content=\"Criado nas categorias de base do Flamengo, Hugo Souza foi anunciado pelo Corinthians no dia 12 de julho, ap\u00f3s assinar contrato de empr\u00e9stimo at\u00e9 o fim do Alvinegro. Apesar do modelo da negocia\u00e7\u00e3o, o clube paulista tem a op\u00e7\u00e3o de compra do goleiro, e inclusive, deve exercer a cl\u00e1usula. A poss\u00edvel perman\u00eancia em definitivo no [&hellip;]\" \/>\n<meta property=\"og:url\" content=\"https:\/\/www.gaveanews.com\/index.php\/2024\/09\/04\/jogador-confirma-que-deseja-deixar-o-flamengo-em-definitivo\/\" \/>\n<meta property=\"og:site_name\" content=\"G\u00e1vea News\" \/>\n<meta property=\"article:publisher\" content=\"https:\/\/facebook.com\/gaveaNews\/\" \/>\n<meta property=\"article:published_time\" content=\"2024-09-04T23:15:02+00:00\" \/>\n<meta property=\"article:modified_time\" content=\"2024-09-04T23:15:09+00:00\" \/>\n<meta property=\"og:image\" content=\"https:\/\/www.gaveanews.com\/wp-content\/uploads\/Ninho-do-Urubu-1.webp\" \/>\n\t<meta property=\"og:image:width\" content=\"700\" \/>\n\t<meta property=\"og:image:height\" content=\"463\" \/>\n\t<meta property=\"og:image:type\" content=\"image\/jpeg\" \/>\n<meta name=\"author\" content=\"Paula Silva\" \/>\n<meta name=\"twitter:card\" content=\"summary_large_image\" \/>\n<meta name=\"twitter:label1\" content=\"Escrito por\" \/>\n\t<meta name=\"twitter:data1\" content=\"Paula Silva\" \/>\n\t<meta name=\"twitter:label2\" content=\"Est. tempo de leitura\" \/>\n\t<meta name=\"twitter:data2\" content=\"2 minutos\" \/>\n<script type=\"application\/ld+json\" class=\"yoast-schema-graph\">{\"@context\":\"https:\/\/schema.org\",\"@graph\":[{\"@type\":\"NewsArticle\",\"@id\":\"https:\/\/www.gaveanews.com\/index.php\/2024\/09\/04\/jogador-confirma-que-deseja-deixar-o-flamengo-em-definitivo\/#article\",\"isPartOf\":{\"@id\":\"https:\/\/www.gaveanews.com\/index.php\/2024\/09\/04\/jogador-confirma-que-deseja-deixar-o-flamengo-em-definitivo\/\"},\"author\":{\"name\":\"Paula Silva\",\"@id\":\"https:\/\/www.gaveanews.com\/#\/schema\/person\/daf63eec72e1164eb13dc35096c2b8da\"},\"headline\":\"Jogador confirma que deseja deixar o Flamengo em definitivo\",\"datePublished\":\"2024-09-04T23:15:02+00:00\",\"dateModified\":\"2024-09-04T23:15:09+00:00\",\"mainEntityOfPage\":{\"@id\":\"https:\/\/www.gaveanews.com\/index.php\/2024\/09\/04\/jogador-confirma-que-deseja-deixar-o-flamengo-em-definitivo\/\"},\"wordCount\":327,\"commentCount\":0,\"image\":{\"@id\":\"https:\/\/www.gaveanews.com\/index.php\/2024\/09\/04\/jogador-confirma-que-deseja-deixar-o-flamengo-em-definitivo\/#primaryimage\"},\"thumbnailUrl\":\"https:\/\/www.gaveanews.com\/wp-content\/uploads\/Ninho-do-Urubu-1.webp\",\"articleSection\":[\"Flamengo\"],\"inLanguage\":\"pt-BR\",\"potentialAction\":[{\"@type\":\"CommentAction\",\"name\":\"Comment\",\"target\":[\"https:\/\/www.gaveanews.com\/index.php\/2024\/09\/04\/jogador-confirma-que-deseja-deixar-o-flamengo-em-definitivo\/#respond\"]}],\"copyrightYear\":\"2024\",\"copyrightHolder\":{\"@id\":\"https:\/\/www.gaveanews.com\/#organization\"}},{\"@type\":\"WebPage\",\"@id\":\"https:\/\/www.gaveanews.com\/index.php\/2024\/09\/04\/jogador-confirma-que-deseja-deixar-o-flamengo-em-definitivo\/\",\"url\":\"https:\/\/www.gaveanews.com\/index.php\/2024\/09\/04\/jogador-confirma-que-deseja-deixar-o-flamengo-em-definitivo\/\",\"name\":\"Jogador confirma que deseja deixar o Flamengo em definitivo\",\"isPartOf\":{\"@id\":\"https:\/\/www.gaveanews.com\/#website\"},\"primaryImageOfPage\":{\"@id\":\"https:\/\/www.gaveanews.com\/index.php\/2024\/09\/04\/jogador-confirma-que-deseja-deixar-o-flamengo-em-definitivo\/#primaryimage\"},\"image\":{\"@id\":\"https:\/\/www.gaveanews.com\/index.php\/2024\/09\/04\/jogador-confirma-que-deseja-deixar-o-flamengo-em-definitivo\/#primaryimage\"},\"thumbnailUrl\":\"https:\/\/www.gaveanews.com\/wp-content\/uploads\/Ninho-do-Urubu-1.webp\",\"datePublished\":\"2024-09-04T23:15:02+00:00\",\"dateModified\":\"2024-09-04T23:15:09+00:00\",\"author\":{\"@id\":\"https:\/\/www.gaveanews.com\/#\/schema\/person\/daf63eec72e1164eb13dc35096c2b8da\"},\"breadcrumb\":{\"@id\":\"https:\/\/www.gaveanews.com\/index.php\/2024\/09\/04\/jogador-confirma-que-deseja-deixar-o-flamengo-em-definitivo\/#breadcrumb\"},\"inLanguage\":\"pt-BR\",\"potentialAction\":[{\"@type\":\"ReadAction\",\"target\":[\"https:\/\/www.gaveanews.com\/index.php\/2024\/09\/04\/jogador-confirma-que-deseja-deixar-o-flamengo-em-definitivo\/\"]}]},{\"@type\":\"ImageObject\",\"inLanguage\":\"pt-BR\",\"@id\":\"https:\/\/www.gaveanews.com\/index.php\/2024\/09\/04\/jogador-confirma-que-deseja-deixar-o-flamengo-em-definitivo\/#primaryimage\",\"url\":\"https:\/\/www.gaveanews.com\/wp-content\/uploads\/Ninho-do-Urubu-1.webp\",\"contentUrl\":\"https:\/\/www.gaveanews.com\/wp-content\/uploads\/Ninho-do-Urubu-1.webp\",\"width\":700,\"height\":463,\"caption\":\"Ninho do Urubu (Foto: Reprodu\u00e7\u00e3o)\"},{\"@type\":\"BreadcrumbList\",\"@id\":\"https:\/\/www.gaveanews.com\/index.php\/2024\/09\/04\/jogador-confirma-que-deseja-deixar-o-flamengo-em-definitivo\/#breadcrumb\",\"itemListElement\":[{\"@type\":\"ListItem\",\"position\":1,\"name\":\"Home\",\"item\":\"https:\/\/www.gaveanews.com\/\"},{\"@type\":\"ListItem\",\"position\":2,\"name\":\"Jogador confirma que deseja deixar o Flamengo em definitivo\"}]},{\"@type\":\"WebSite\",\"@id\":\"https:\/\/www.gaveanews.com\/#website\",\"url\":\"https:\/\/www.gaveanews.com\/\",\"name\":\"G\u00e1vea News\",\"description\":\"Veja todas as not\u00edcias sobre o Flamengo: Contrata\u00e7\u00f5es, categorias de base, resultados das partidas, tabela de classifica\u00e7\u00e3o, pr\u00f3ximos jogos!\",\"potentialAction\":[{\"@type\":\"SearchAction\",\"target\":{\"@type\":\"EntryPoint\",\"urlTemplate\":\"https:\/\/www.gaveanews.com\/?s={search_term_string}\"},\"query-input\":{\"@type\":\"PropertyValueSpecification\",\"valueRequired\":true,\"valueName\":\"search_term_string\"}}],\"inLanguage\":\"pt-BR\"},{\"@type\":\"Person\",\"@id\":\"https:\/\/www.gaveanews.com\/#\/schema\/person\/daf63eec72e1164eb13dc35096c2b8da\",\"name\":\"Paula Silva\",\"image\":{\"@type\":\"ImageObject\",\"inLanguage\":\"pt-BR\",\"@id\":\"https:\/\/www.gaveanews.com\/#\/schema\/person\/image\/\",\"url\":\"https:\/\/secure.gravatar.com\/avatar\/eda381c845527cc5d64c13b901833cda29d97500ba040d3e6461f76f51d163bb?s=96&d=mm&r=g\",\"contentUrl\":\"https:\/\/secure.gravatar.com\/avatar\/eda381c845527cc5d64c13b901833cda29d97500ba040d3e6461f76f51d163bb?s=96&d=mm&r=g\",\"caption\":\"Paula Silva\"}}]}<\/script>\n<!-- \/ Yoast SEO Premium plugin. -->","yoast_head_json":{"title":"Jogador confirma que deseja deixar o Flamengo em definitivo","robots":{"index":"index","follow":"follow","max-snippet":"max-snippet:-1","max-image-preview":"max-image-preview:large","max-video-preview":"max-video-preview:-1"},"canonical":"https:\/\/www.gaveanews.com\/index.php\/2024\/09\/04\/jogador-confirma-que-deseja-deixar-o-flamengo-em-definitivo\/","og_locale":"pt_BR","og_type":"article","og_title":"Jogador confirma que deseja deixar o Flamengo em definitivo","og_description":"Criado nas categorias de base do Flamengo, Hugo Souza foi anunciado pelo Corinthians no dia 12 de julho, ap\u00f3s assinar contrato de empr\u00e9stimo at\u00e9 o fim do Alvinegro. Apesar do modelo da negocia\u00e7\u00e3o, o clube paulista tem a op\u00e7\u00e3o de compra do goleiro, e inclusive, deve exercer a cl\u00e1usula. A poss\u00edvel perman\u00eancia em definitivo no [&hellip;]","og_url":"https:\/\/www.gaveanews.com\/index.php\/2024\/09\/04\/jogador-confirma-que-deseja-deixar-o-flamengo-em-definitivo\/","og_site_name":"G\u00e1vea News","article_publisher":"https:\/\/facebook.com\/gaveaNews\/","article_published_time":"2024-09-04T23:15:02+00:00","article_modified_time":"2024-09-04T23:15:09+00:00","og_image":[{"width":700,"height":463,"url":"https:\/\/www.gaveanews.com\/wp-content\/uploads\/Ninho-do-Urubu-1.webp","type":"image\/jpeg"}],"author":"Paula Silva","twitter_card":"summary_large_image","twitter_misc":{"Escrito por":"Paula Silva","Est. tempo de leitura":"2 minutos"},"schema":{"@context":"https:\/\/schema.org","@graph":[{"@type":"NewsArticle","@id":"https:\/\/www.gaveanews.com\/index.php\/2024\/09\/04\/jogador-confirma-que-deseja-deixar-o-flamengo-em-definitivo\/#article","isPartOf":{"@id":"https:\/\/www.gaveanews.com\/index.php\/2024\/09\/04\/jogador-confirma-que-deseja-deixar-o-flamengo-em-definitivo\/"},"author":{"name":"Paula Silva","@id":"https:\/\/www.gaveanews.com\/#\/schema\/person\/daf63eec72e1164eb13dc35096c2b8da"},"headline":"Jogador confirma que deseja deixar o Flamengo em definitivo","datePublished":"2024-09-04T23:15:02+00:00","dateModified":"2024-09-04T23:15:09+00:00","mainEntityOfPage":{"@id":"https:\/\/www.gaveanews.com\/index.php\/2024\/09\/04\/jogador-confirma-que-deseja-deixar-o-flamengo-em-definitivo\/"},"wordCount":327,"commentCount":0,"image":{"@id":"https:\/\/www.gaveanews.com\/index.php\/2024\/09\/04\/jogador-confirma-que-deseja-deixar-o-flamengo-em-definitivo\/#primaryimage"},"thumbnailUrl":"https:\/\/www.gaveanews.com\/wp-content\/uploads\/Ninho-do-Urubu-1.webp","articleSection":["Flamengo"],"inLanguage":"pt-BR","potentialAction":[{"@type":"CommentAction","name":"Comment","target":["https:\/\/www.gaveanews.com\/index.php\/2024\/09\/04\/jogador-confirma-que-deseja-deixar-o-flamengo-em-definitivo\/#respond"]}],"copyrightYear":"2024","copyrightHolder":{"@id":"https:\/\/www.gaveanews.com\/#organization"}},{"@type":"WebPage","@id":"https:\/\/www.gaveanews.com\/index.php\/2024\/09\/04\/jogador-confirma-que-deseja-deixar-o-flamengo-em-definitivo\/","url":"https:\/\/www.gaveanews.com\/index.php\/2024\/09\/04\/jogador-confirma-que-deseja-deixar-o-flamengo-em-definitivo\/","name":"Jogador confirma que deseja deixar o Flamengo em definitivo","isPartOf":{"@id":"https:\/\/www.gaveanews.com\/#website"},"primaryImageOfPage":{"@id":"https:\/\/www.gaveanews.com\/index.php\/2024\/09\/04\/jogador-confirma-que-deseja-deixar-o-flamengo-em-definitivo\/#primaryimage"},"image":{"@id":"https:\/\/www.gaveanews.com\/index.php\/2024\/09\/04\/jogador-confirma-que-deseja-deixar-o-flamengo-em-definitivo\/#primaryimage"},"thumbnailUrl":"https:\/\/www.gaveanews.com\/wp-content\/uploads\/Ninho-do-Urubu-1.webp","datePublished":"2024-09-04T23:15:02+00:00","dateModified":"2024-09-04T23:15:09+00:00","author":{"@id":"https:\/\/www.gaveanews.com\/#\/schema\/person\/daf63eec72e1164eb13dc35096c2b8da"},"breadcrumb":{"@id":"https:\/\/www.gaveanews.com\/index.php\/2024\/09\/04\/jogador-confirma-que-deseja-deixar-o-flamengo-em-definitivo\/#breadcrumb"},"inLanguage":"pt-BR","potentialAction":[{"@type":"ReadAction","target":["https:\/\/www.gaveanews.com\/index.php\/2024\/09\/04\/jogador-confirma-que-deseja-deixar-o-flamengo-em-definitivo\/"]}]},{"@type":"ImageObject","inLanguage":"pt-BR","@id":"https:\/\/www.gaveanews.com\/index.php\/2024\/09\/04\/jogador-confirma-que-deseja-deixar-o-flamengo-em-definitivo\/#primaryimage","url":"https:\/\/www.gaveanews.com\/wp-content\/uploads\/Ninho-do-Urubu-1.webp","contentUrl":"https:\/\/www.gaveanews.com\/wp-content\/uploads\/Ninho-do-Urubu-1.webp","width":700,"height":463,"caption":"Ninho do Urubu (Foto: Reprodu\u00e7\u00e3o)"},{"@type":"BreadcrumbList","@id":"https:\/\/www.gaveanews.com\/index.php\/2024\/09\/04\/jogador-confirma-que-deseja-deixar-o-flamengo-em-definitivo\/#breadcrumb","itemListElement":[{"@type":"ListItem","position":1,"name":"Home","item":"https:\/\/www.gaveanews.com\/"},{"@type":"ListItem","position":2,"name":"Jogador confirma que deseja deixar o Flamengo em definitivo"}]},{"@type":"WebSite","@id":"https:\/\/www.gaveanews.com\/#website","url":"https:\/\/www.gaveanews.com\/","name":"G\u00e1vea News","description":"Veja todas as not\u00edcias sobre o Flamengo: Contrata\u00e7\u00f5es, categorias de base, resultados das partidas, tabela de classifica\u00e7\u00e3o, pr\u00f3ximos jogos!","potentialAction":[{"@type":"SearchAction","target":{"@type":"EntryPoint","urlTemplate":"https:\/\/www.gaveanews.com\/?s={search_term_string}"},"query-input":{"@type":"PropertyValueSpecification","valueRequired":true,"valueName":"search_term_string"}}],"inLanguage":"pt-BR"},{"@type":"Person","@id":"https:\/\/www.gaveanews.com\/#\/schema\/person\/daf63eec72e1164eb13dc35096c2b8da","name":"Paula Silva","image":{"@type":"ImageObject","inLanguage":"pt-BR","@id":"https:\/\/www.gaveanews.com\/#\/schema\/person\/image\/","url":"https:\/\/secure.gravatar.com\/avatar\/eda381c845527cc5d64c13b901833cda29d97500ba040d3e6461f76f51d163bb?s=96&d=mm&r=g","contentUrl":"https:\/\/secure.gravatar.com\/avatar\/eda381c845527cc5d64c13b901833cda29d97500ba040d3e6461f76f51d163bb?s=96&d=mm&r=g","caption":"Paula Silva"}}]}},"_links":{"self":[{"href":"https:\/\/www.gaveanews.com\/index.php\/wp-json\/wp\/v2\/posts\/164067","targetHints":{"allow":["GET"]}}],"collection":[{"href":"https:\/\/www.gaveanews.com\/index.php\/wp-json\/wp\/v2\/posts"}],"about":[{"href":"https:\/\/www.gaveanews.com\/index.php\/wp-json\/wp\/v2\/types\/post"}],"author":[{"embeddable":true,"href":"https:\/\/www.gaveanews.com\/index.php\/wp-json\/wp\/v2\/users\/18"}],"replies":[{"embeddable":true,"href":"https:\/\/www.gaveanews.com\/index.php\/wp-json\/wp\/v2\/comments?post=164067"}],"version-history":[{"count":1,"href":"https:\/\/www.gaveanews.com\/index.php\/wp-json\/wp\/v2\/posts\/164067\/revisions"}],"predecessor-version":[{"id":164087,"href":"https:\/\/www.gaveanews.com\/index.php\/wp-json\/wp\/v2\/posts\/164067\/revisions\/164087"}],"wp:featuredmedia":[{"embeddable":true,"href":"https:\/\/www.gaveanews.com\/index.php\/wp-json\/wp\/v2\/media\/121377"}],"wp:attachment":[{"href":"https:\/\/www.gaveanews.com\/index.php\/wp-json\/wp\/v2\/media?parent=164067"}],"wp:term":[{"taxonomy":"category","embeddable":true,"href":"https:\/\/www.gaveanews.com\/index.php\/wp-json\/wp\/v2\/categories?post=164067"},{"taxonomy":"post_tag","embeddable":true,"href":"https:\/\/www.gaveanews.com\/index.php\/wp-json\/wp\/v2\/tags?post=164067"}],"curies":[{"name":"wp","href":"https:\/\/api.w.org\/{rel}","templated":true}]}}