{"id":164068,"date":"2024-09-04T20:00:00","date_gmt":"2024-09-04T23:00:00","guid":{"rendered":"https:\/\/www.gaveanews.com\/?p=164068"},"modified":"2024-09-04T19:45:23","modified_gmt":"2024-09-04T22:45:23","slug":"agora-e-oficial-vini-jr-e-indicado-ao-premio-de-melhor-jogador-do-mundo","status":"publish","type":"post","link":"https:\/\/www.gaveanews.com\/index.php\/2024\/09\/04\/agora-e-oficial-vini-jr-e-indicado-ao-premio-de-melhor-jogador-do-mundo\/","title":{"rendered":"Agora \u00e9 oficial! Vini Jr. \u00e9 indicado ao pr\u00eamio de melhor jogador do mundo"},"content":{"rendered":"\n<h2 class=\"wp-block-heading\" id=\"h-vini-jr-e-o-unico-brasileiro-entre-os-finalistas\">\u00a0Vini Jr \u00e9 o \u00fanico brasileiro entre os finalistas<\/h2>\n\n\n\n<p>Vini Jr., atacante do Real Madrid e da Sele\u00e7\u00e3o Brasileira, foi selecionado pela revista France Football como um dos finalistas da Bola de Ouro 2023-24. Ap\u00f3s uma temporada marcante no futebol europeu, o jogador de 24 anos ir\u00e1 concorrer ao t\u00edtulo de melhor jogador do mundo ao lado de outros 29 concorrentes, entre eles Rodri (Manchester City), Jude Bellingham e Kylian Mbapp\u00e9 (ambos do Real Madrid). A lista dos candidatos foi revelada em uma cerim\u00f4nia realizada na tarde desta quarta-feira (4).<\/p>\n\n\n\n<ul class=\"wp-block-list\">\n<li><a href=\"https:\/\/www.gaveanews.com\/index.php\/2024\/09\/04\/copa-do-mundo-feminina-2027-fifa-inicia-selecao-das-sedes-da-competicao-no-brasil\/\">Copa do Mundo Feminina 2027: Fifa inicia sele\u00e7\u00e3o das sedes da competi\u00e7\u00e3o no Brasil<\/a><\/li>\n\n\n\n<li><a href=\"https:\/\/www.gaveanews.com\/index.php\/2024\/09\/04\/super-mundial-de-clubes-2025-fifa-revela-informacoes-ineditas\/\">Super Mundial de Clubes 2025: FIFA revela informa\u00e7\u00f5es in\u00e9ditas<br><\/a><\/li>\n<\/ul>\n\n\n\n<p>O grande vencedor do pr\u00eamio ser\u00e1 conhecido no dia 28 de outubro, no Th\u00e9atre du Chatelet, em Paris.<\/p>\n\n\n\n<p>Como pe\u00e7a-chave na exitosa campanha do Real Madrid na \u00faltima temporada, o brasileiro \u00e9 considerado um forte candidato ao pr\u00eamio. No total, Vini marcou 24 gols e forneceu 9 assist\u00eancias em 39 jogos. \u00c9 importante destacar que o ex-jogador do Flamengo passou parte da temporada afastado por les\u00e3o, mas fez um retorno decisivo na fase final das competi\u00e7\u00f5es, contribuindo com um dos gols da equipe na final da Champions League, realizada em Wembley.<\/p>\n\n\n\n<figure class=\"wp-block-image size-large\"><img loading=\"lazy\" decoding=\"async\" width=\"826\" height=\"1024\" src=\"https:\/\/www.gaveanews.com\/wp-content\/uploads\/Vini-Jr-posa-para-foto-apos-ser-campeao-da-Supercopa-da-Uefa-2024-826x1024.webp\" alt=\"\" class=\"wp-image-158699\" srcset=\"https:\/\/www.gaveanews.com\/wp-content\/uploads\/Vini-Jr-posa-para-foto-apos-ser-campeao-da-Supercopa-da-Uefa-2024-826x1024.webp 826w, https:\/\/www.gaveanews.com\/wp-content\/uploads\/Vini-Jr-posa-para-foto-apos-ser-campeao-da-Supercopa-da-Uefa-2024-242x300.webp 242w, https:\/\/www.gaveanews.com\/wp-content\/uploads\/Vini-Jr-posa-para-foto-apos-ser-campeao-da-Supercopa-da-Uefa-2024-768x952.webp 768w, https:\/\/www.gaveanews.com\/wp-content\/uploads\/Vini-Jr-posa-para-foto-apos-ser-campeao-da-Supercopa-da-Uefa-2024-1239x1536.webp 1239w, https:\/\/www.gaveanews.com\/wp-content\/uploads\/Vini-Jr-posa-para-foto-apos-ser-campeao-da-Supercopa-da-Uefa-2024-339x420.webp 339w, https:\/\/www.gaveanews.com\/wp-content\/uploads\/Vini-Jr-posa-para-foto-apos-ser-campeao-da-Supercopa-da-Uefa-2024-677x840.webp 677w, https:\/\/www.gaveanews.com\/wp-content\/uploads\/Vini-Jr-posa-para-foto-apos-ser-campeao-da-Supercopa-da-Uefa-2024-640x794.webp 640w, https:\/\/www.gaveanews.com\/wp-content\/uploads\/Vini-Jr-posa-para-foto-apos-ser-campeao-da-Supercopa-da-Uefa-2024-681x844.webp 681w, https:\/\/www.gaveanews.com\/wp-content\/uploads\/Vini-Jr-posa-para-foto-apos-ser-campeao-da-Supercopa-da-Uefa-2024-100x124.webp 100w, https:\/\/www.gaveanews.com\/wp-content\/uploads\/Vini-Jr-posa-para-foto-apos-ser-campeao-da-Supercopa-da-Uefa-2024.webp 1242w\" sizes=\"auto, (max-width: 826px) 100vw, 826px\" \/><figcaption class=\"wp-element-caption\">Vini Jr posa para foto ap\u00f3s ser campe\u00e3o da Supercopa da Uefa 2024 (Foto: Reprodu\u00e7\u00e3o\/Instagram)<\/figcaption><\/figure>\n\n\n\n<p>Na busca para romper um jejum de 17 anos, desde que Kak\u00e1 foi eleito o melhor jogador do mundo, um atacante enfrenta tr\u00eas concorrentes de peso. S\u00e3o eles Rodri, que se destacou como campe\u00e3o e melhor jogador da Eurocopa, al\u00e9m de Jude Bellingham e Kylian Mbapp\u00e9, ambos do PSG e que tiveram uma temporada individual not\u00e1vel. Contudo, outros atletas relevantes figuram entre os indicados, como o trio ofensivo do Manchester City: Erling Haaland, Kevin de Bruyne e Phil Foden.<\/p>\n\n\n\n<h2 class=\"wp-block-heading\">Jogadores indicados \u00e0 Bola de Ouro 2024:<\/h2>\n\n\n\n<ul class=\"wp-block-list\">\n<li>Jude Bellingham (Real Madrid\/Inglaterra)<\/li>\n\n\n\n<li>R\u00faben Dias (Manchester City\/Portugal)<\/li>\n\n\n\n<li>Phil Foden (Manchester City\/Inglaterra)<\/li>\n\n\n\n<li>Federico Valverde (Real Madrid\/Uruguai)<\/li>\n\n\n\n<li>Dibu Mart\u00ednez (Aston Villa\/Argentina)<\/li>\n\n\n\n<li>Erling Haaland (Manchester City\/Noruega)<\/li>\n\n\n\n<li>Nico Williams (Athletic Bilbao\/Espanha)<\/li>\n\n\n\n<li>Granit Xhaka (Bayer Leverkusen \/ Su\u00ed\u00e7a)<\/li>\n\n\n\n<li>Artem Dovbyk (Girona\/Uc\u00e2nia)<\/li>\n\n\n\n<li>Toni Kroos (Real Madrid\/Alemanha)<\/li>\n\n\n\n<li>Vinicius Junior (Real Madrid\/Brasil)<\/li>\n\n\n\n<li>Dani Olmo (RB Leipzig\/Espanha)<\/li>\n\n\n\n<li>Florian Wirtz (Bayer Leverkusen\/Alemanha)<\/li>\n\n\n\n<li>Martin Odegaard (Arsenal\/Noruega)<\/li>\n\n\n\n<li>Mats Hummels (Borussia Dortmund\/Alemanha)<\/li>\n\n\n\n<li>Rodri (Manchester City\/Espanha)<\/li>\n\n\n\n<li>Harry Kane (Bayern de Munique\/Inglaterra)<\/li>\n\n\n\n<li>Declan Rice (Arsenal\/Inglaterra)<\/li>\n\n\n\n<li>Vitinha (PSG\/Portugal)<\/li>\n\n\n\n<li>Cole Palmer (Chelsea\/Inglaterra)<\/li>\n\n\n\n<li>Dani Carvajal (Real Madrid\/Espanha)<\/li>\n\n\n\n<li>Lamine Yamal (Barcelona\/Espanha)<\/li>\n\n\n\n<li>Bukayo Saka (Arsenal\/Inglaterra)<\/li>\n\n\n\n<li>Hakan \u00c7alhanoglu (Inter de Mil\u00e3o\/Turquia)<\/li>\n\n\n\n<li>William Saliba (Arsenal\/Fran\u00e7a)<\/li>\n\n\n\n<li>Kylian Mbapp\u00e9 (PSG\/Fran\u00e7a)<\/li>\n\n\n\n<li>Lautaro Mart\u00ednez (Inter de Mil\u00e3o\/Argentina)<\/li>\n\n\n\n<li>Ademola Lookman (Atalanta\/Nig\u00e9ria)<\/li>\n\n\n\n<li>Antonio R\u00fcdiger (Real Madrid\/Alemanha)<\/li>\n\n\n\n<li>Alejandro Grimaldo (Bayer Leverkusen\/Espanha)<\/li>\n<\/ul>\n\n\n\n<p>Do lado feminino, a zagueira brasileira Tarciane, do Houston Dash, e a atacante Gabi Portilho, do Corinthians ambas medalhistas de prata nos Jogos Ol\u00edmpicos de Paris est\u00e3o na lista das candidatas. A espanhola Aitana Bonmat\u00ed, do Barcelona e vencedora do pr\u00eamio em 2023, tamb\u00e9m \u00e9 mencionada.<\/p>\n\n\n\n<h2 class=\"wp-block-heading\">Jogadoras indicadas \u00e0 Bola de Ouro Feminina:<\/h2>\n\n\n\n<ul class=\"wp-block-list\">\n<li>Ada Hegerberg, NOR (Lyon)<\/li>\n\n\n\n<li>Alexia Putellas, ESP (Barcelona)<\/li>\n\n\n\n<li>Alyssa Naeher, EUA (Chicago Red Stars)<\/li>\n\n\n\n<li>Aitana Bonmat\u00ed, ESP (Barcelona)<\/li>\n\n\n\n<li>Barbra Banda, ZAM (Orlando Pride)<\/li>\n\n\n\n<li>Caroline Graham Hansen, NOR (Barcelona)<\/li>\n\n\n\n<li>Gabi Portilho, BRA (Corinthians)<\/li>\n\n\n\n<li>Giulia Gwinn, ALE (Bayern de Munique)<\/li>\n\n\n\n<li>Ewa Pajor, POL (Barcelona)<\/li>\n\n\n\n<li>Glodis Viggosdottir, ISL (Bayern de Munique)<\/li>\n\n\n\n<li>Grace Geyoro, FRA (PSG)<\/li>\n\n\n\n<li>Khadija Shaw, JAM (Manchester City)<\/li>\n\n\n\n<li>Lauren Hamp, ING (Manchester City)<\/li>\n\n\n\n<li>Lauren James, ING (Chelsea)<\/li>\n\n\n\n<li>Lea Sch\u00fcller, ALE (Bayern de Munique)<\/li>\n\n\n\n<li>Lindsey Horan, EUA (Lyon)<\/li>\n\n\n\n<li>Lucy Bronze, ING (Chelsea)<\/li>\n\n\n\n<li>Mallory Swanson, EUA (Chicago Red Stars)<\/li>\n\n\n\n<li>Manuela Giugliano, ITA (Roma)<\/li>\n\n\n\n<li>Marie-Antoinette Katoto, FRA (PSG)<\/li>\n\n\n\n<li>Mariona Caldentey, ESP (Barcelona)<\/li>\n\n\n\n<li>Mayra Ram\u00edrez, COL (Chelsea)<\/li>\n\n\n\n<li>Patri Guijarro, ESP (Barcelona)<\/li>\n\n\n\n<li>Salma Paralluelo, ESP (Barcelona)<\/li>\n\n\n\n<li>Sophia Smith, EUA (Portland Thorns)<\/li>\n\n\n\n<li>Sjoeke N\u00fcsken, ALE (Chelsea)<\/li>\n\n\n\n<li>Tabitha Chawinga, ZAM (Lyon)<\/li>\n\n\n\n<li>Tarciane, BRA (Houston Dash)<\/li>\n\n\n\n<li>Trinity Rodman, EUA (Washington Spirit)<\/li>\n\n\n\n<li>Yui Hasegawa, JAP (Manchester City)<\/li>\n<\/ul>\n","protected":false},"excerpt":{"rendered":"<p>Agora \u00e9 oficial! Vini Jr. \u00e9 indicado ao pr\u00eamio de melhor jogador do mundo<\/p>\n","protected":false},"author":16,"featured_media":109282,"comment_status":"open","ping_status":"closed","sticky":false,"template":"","format":"standard","meta":{"footnotes":""},"categories":[1,88],"tags":[],"class_list":["post-164068","post","type-post","status-publish","format-standard","has-post-thumbnail","hentry","category-flamengo","category-real-madrid"],"yoast_head":"<!-- This site is optimized with the Yoast SEO Premium plugin v24.2 (Yoast SEO v26.9) - https:\/\/yoast.com\/product\/yoast-seo-premium-wordpress\/ -->\n<title>Agora \u00e9 oficial! Vini Jr. \u00e9 indicado ao pr\u00eamio de melhor jogador do mundo<\/title>\n<meta name=\"robots\" content=\"index, follow, max-snippet:-1, max-image-preview:large, max-video-preview:-1\" \/>\n<link rel=\"canonical\" href=\"https:\/\/www.gaveanews.com\/index.php\/2024\/09\/04\/agora-e-oficial-vini-jr-e-indicado-ao-premio-de-melhor-jogador-do-mundo\/\" \/>\n<meta property=\"og:locale\" content=\"pt_BR\" \/>\n<meta property=\"og:type\" content=\"article\" \/>\n<meta property=\"og:title\" content=\"Agora \u00e9 oficial! Vini Jr. \u00e9 indicado ao pr\u00eamio de melhor jogador do mundo\" \/>\n<meta property=\"og:description\" content=\"Agora \u00e9 oficial! Vini Jr. \u00e9 indicado ao pr\u00eamio de melhor jogador do mundo\" \/>\n<meta property=\"og:url\" content=\"https:\/\/www.gaveanews.com\/index.php\/2024\/09\/04\/agora-e-oficial-vini-jr-e-indicado-ao-premio-de-melhor-jogador-do-mundo\/\" \/>\n<meta property=\"og:site_name\" content=\"G\u00e1vea News\" \/>\n<meta property=\"article:publisher\" content=\"https:\/\/facebook.com\/gaveaNews\/\" \/>\n<meta property=\"article:published_time\" content=\"2024-09-04T23:00:00+00:00\" \/>\n<meta property=\"og:image\" content=\"https:\/\/www.gaveanews.com\/wp-content\/uploads\/vini-jr-real-madrid.webp\" \/>\n\t<meta property=\"og:image:width\" content=\"1080\" \/>\n\t<meta property=\"og:image:height\" content=\"607\" \/>\n\t<meta property=\"og:image:type\" content=\"image\/webp\" \/>\n<meta name=\"author\" content=\"D\u00e9bora Figueiredo\" \/>\n<meta name=\"twitter:card\" content=\"summary_large_image\" \/>\n<meta name=\"twitter:label1\" content=\"Escrito por\" \/>\n\t<meta name=\"twitter:data1\" content=\"D\u00e9bora Figueiredo\" \/>\n\t<meta name=\"twitter:label2\" content=\"Est. tempo de leitura\" \/>\n\t<meta name=\"twitter:data2\" content=\"4 minutos\" \/>\n<script type=\"application\/ld+json\" class=\"yoast-schema-graph\">{\"@context\":\"https:\/\/schema.org\",\"@graph\":[{\"@type\":\"NewsArticle\",\"@id\":\"https:\/\/www.gaveanews.com\/index.php\/2024\/09\/04\/agora-e-oficial-vini-jr-e-indicado-ao-premio-de-melhor-jogador-do-mundo\/#article\",\"isPartOf\":{\"@id\":\"https:\/\/www.gaveanews.com\/index.php\/2024\/09\/04\/agora-e-oficial-vini-jr-e-indicado-ao-premio-de-melhor-jogador-do-mundo\/\"},\"author\":{\"name\":\"D\u00e9bora Figueiredo\",\"@id\":\"https:\/\/www.gaveanews.com\/#\/schema\/person\/37122681a8575a5c8db05a56f099a5e4\"},\"headline\":\"Agora \u00e9 oficial! Vini Jr. \u00e9 indicado ao pr\u00eamio de melhor jogador do mundo\",\"datePublished\":\"2024-09-04T23:00:00+00:00\",\"mainEntityOfPage\":{\"@id\":\"https:\/\/www.gaveanews.com\/index.php\/2024\/09\/04\/agora-e-oficial-vini-jr-e-indicado-ao-premio-de-melhor-jogador-do-mundo\/\"},\"wordCount\":672,\"commentCount\":0,\"image\":{\"@id\":\"https:\/\/www.gaveanews.com\/index.php\/2024\/09\/04\/agora-e-oficial-vini-jr-e-indicado-ao-premio-de-melhor-jogador-do-mundo\/#primaryimage\"},\"thumbnailUrl\":\"https:\/\/www.gaveanews.com\/wp-content\/uploads\/vini-jr-real-madrid.webp\",\"articleSection\":[\"Flamengo\",\"Real Madrid\"],\"inLanguage\":\"pt-BR\",\"potentialAction\":[{\"@type\":\"CommentAction\",\"name\":\"Comment\",\"target\":[\"https:\/\/www.gaveanews.com\/index.php\/2024\/09\/04\/agora-e-oficial-vini-jr-e-indicado-ao-premio-de-melhor-jogador-do-mundo\/#respond\"]}],\"copyrightYear\":\"2024\",\"copyrightHolder\":{\"@id\":\"https:\/\/www.gaveanews.com\/#organization\"}},{\"@type\":\"WebPage\",\"@id\":\"https:\/\/www.gaveanews.com\/index.php\/2024\/09\/04\/agora-e-oficial-vini-jr-e-indicado-ao-premio-de-melhor-jogador-do-mundo\/\",\"url\":\"https:\/\/www.gaveanews.com\/index.php\/2024\/09\/04\/agora-e-oficial-vini-jr-e-indicado-ao-premio-de-melhor-jogador-do-mundo\/\",\"name\":\"Agora \u00e9 oficial! Vini Jr. \u00e9 indicado ao pr\u00eamio de melhor jogador do mundo\",\"isPartOf\":{\"@id\":\"https:\/\/www.gaveanews.com\/#website\"},\"primaryImageOfPage\":{\"@id\":\"https:\/\/www.gaveanews.com\/index.php\/2024\/09\/04\/agora-e-oficial-vini-jr-e-indicado-ao-premio-de-melhor-jogador-do-mundo\/#primaryimage\"},\"image\":{\"@id\":\"https:\/\/www.gaveanews.com\/index.php\/2024\/09\/04\/agora-e-oficial-vini-jr-e-indicado-ao-premio-de-melhor-jogador-do-mundo\/#primaryimage\"},\"thumbnailUrl\":\"https:\/\/www.gaveanews.com\/wp-content\/uploads\/vini-jr-real-madrid.webp\",\"datePublished\":\"2024-09-04T23:00:00+00:00\",\"author\":{\"@id\":\"https:\/\/www.gaveanews.com\/#\/schema\/person\/37122681a8575a5c8db05a56f099a5e4\"},\"breadcrumb\":{\"@id\":\"https:\/\/www.gaveanews.com\/index.php\/2024\/09\/04\/agora-e-oficial-vini-jr-e-indicado-ao-premio-de-melhor-jogador-do-mundo\/#breadcrumb\"},\"inLanguage\":\"pt-BR\",\"potentialAction\":[{\"@type\":\"ReadAction\",\"target\":[\"https:\/\/www.gaveanews.com\/index.php\/2024\/09\/04\/agora-e-oficial-vini-jr-e-indicado-ao-premio-de-melhor-jogador-do-mundo\/\"]}]},{\"@type\":\"ImageObject\",\"inLanguage\":\"pt-BR\",\"@id\":\"https:\/\/www.gaveanews.com\/index.php\/2024\/09\/04\/agora-e-oficial-vini-jr-e-indicado-ao-premio-de-melhor-jogador-do-mundo\/#primaryimage\",\"url\":\"https:\/\/www.gaveanews.com\/wp-content\/uploads\/vini-jr-real-madrid.webp\",\"contentUrl\":\"https:\/\/www.gaveanews.com\/wp-content\/uploads\/vini-jr-real-madrid.webp\",\"width\":1080,\"height\":607,\"caption\":\"Vini Jr em a\u00e7\u00e3o pelo Real Madrid (Foto: Divulga\u00e7\u00e3o\/Real Madrid)\"},{\"@type\":\"BreadcrumbList\",\"@id\":\"https:\/\/www.gaveanews.com\/index.php\/2024\/09\/04\/agora-e-oficial-vini-jr-e-indicado-ao-premio-de-melhor-jogador-do-mundo\/#breadcrumb\",\"itemListElement\":[{\"@type\":\"ListItem\",\"position\":1,\"name\":\"Home\",\"item\":\"https:\/\/www.gaveanews.com\/\"},{\"@type\":\"ListItem\",\"position\":2,\"name\":\"Agora \u00e9 oficial! Vini Jr. \u00e9 indicado ao pr\u00eamio de melhor jogador do mundo\"}]},{\"@type\":\"WebSite\",\"@id\":\"https:\/\/www.gaveanews.com\/#website\",\"url\":\"https:\/\/www.gaveanews.com\/\",\"name\":\"G\u00e1vea News\",\"description\":\"Veja todas as not\u00edcias sobre o Flamengo: Contrata\u00e7\u00f5es, categorias de base, resultados das partidas, tabela de classifica\u00e7\u00e3o, pr\u00f3ximos jogos!\",\"potentialAction\":[{\"@type\":\"SearchAction\",\"target\":{\"@type\":\"EntryPoint\",\"urlTemplate\":\"https:\/\/www.gaveanews.com\/?s={search_term_string}\"},\"query-input\":{\"@type\":\"PropertyValueSpecification\",\"valueRequired\":true,\"valueName\":\"search_term_string\"}}],\"inLanguage\":\"pt-BR\"},{\"@type\":\"Person\",\"@id\":\"https:\/\/www.gaveanews.com\/#\/schema\/person\/37122681a8575a5c8db05a56f099a5e4\",\"name\":\"D\u00e9bora Figueiredo\",\"image\":{\"@type\":\"ImageObject\",\"inLanguage\":\"pt-BR\",\"@id\":\"https:\/\/www.gaveanews.com\/#\/schema\/person\/image\/\",\"url\":\"https:\/\/secure.gravatar.com\/avatar\/1f44802859351588499d26f52aed1d15796ce17e67602895b72837c08018868d?s=96&d=mm&r=g\",\"contentUrl\":\"https:\/\/secure.gravatar.com\/avatar\/1f44802859351588499d26f52aed1d15796ce17e67602895b72837c08018868d?s=96&d=mm&r=g\",\"caption\":\"D\u00e9bora Figueiredo\"}}]}<\/script>\n<!-- \/ Yoast SEO Premium plugin. -->","yoast_head_json":{"title":"Agora \u00e9 oficial! Vini Jr. \u00e9 indicado ao pr\u00eamio de melhor jogador do mundo","robots":{"index":"index","follow":"follow","max-snippet":"max-snippet:-1","max-image-preview":"max-image-preview:large","max-video-preview":"max-video-preview:-1"},"canonical":"https:\/\/www.gaveanews.com\/index.php\/2024\/09\/04\/agora-e-oficial-vini-jr-e-indicado-ao-premio-de-melhor-jogador-do-mundo\/","og_locale":"pt_BR","og_type":"article","og_title":"Agora \u00e9 oficial! Vini Jr. \u00e9 indicado ao pr\u00eamio de melhor jogador do mundo","og_description":"Agora \u00e9 oficial! Vini Jr. \u00e9 indicado ao pr\u00eamio de melhor jogador do mundo","og_url":"https:\/\/www.gaveanews.com\/index.php\/2024\/09\/04\/agora-e-oficial-vini-jr-e-indicado-ao-premio-de-melhor-jogador-do-mundo\/","og_site_name":"G\u00e1vea News","article_publisher":"https:\/\/facebook.com\/gaveaNews\/","article_published_time":"2024-09-04T23:00:00+00:00","og_image":[{"width":1080,"height":607,"url":"https:\/\/www.gaveanews.com\/wp-content\/uploads\/vini-jr-real-madrid.webp","type":"image\/webp"}],"author":"D\u00e9bora Figueiredo","twitter_card":"summary_large_image","twitter_misc":{"Escrito por":"D\u00e9bora Figueiredo","Est. tempo de leitura":"4 minutos"},"schema":{"@context":"https:\/\/schema.org","@graph":[{"@type":"NewsArticle","@id":"https:\/\/www.gaveanews.com\/index.php\/2024\/09\/04\/agora-e-oficial-vini-jr-e-indicado-ao-premio-de-melhor-jogador-do-mundo\/#article","isPartOf":{"@id":"https:\/\/www.gaveanews.com\/index.php\/2024\/09\/04\/agora-e-oficial-vini-jr-e-indicado-ao-premio-de-melhor-jogador-do-mundo\/"},"author":{"name":"D\u00e9bora Figueiredo","@id":"https:\/\/www.gaveanews.com\/#\/schema\/person\/37122681a8575a5c8db05a56f099a5e4"},"headline":"Agora \u00e9 oficial! Vini Jr. \u00e9 indicado ao pr\u00eamio de melhor jogador do mundo","datePublished":"2024-09-04T23:00:00+00:00","mainEntityOfPage":{"@id":"https:\/\/www.gaveanews.com\/index.php\/2024\/09\/04\/agora-e-oficial-vini-jr-e-indicado-ao-premio-de-melhor-jogador-do-mundo\/"},"wordCount":672,"commentCount":0,"image":{"@id":"https:\/\/www.gaveanews.com\/index.php\/2024\/09\/04\/agora-e-oficial-vini-jr-e-indicado-ao-premio-de-melhor-jogador-do-mundo\/#primaryimage"},"thumbnailUrl":"https:\/\/www.gaveanews.com\/wp-content\/uploads\/vini-jr-real-madrid.webp","articleSection":["Flamengo","Real Madrid"],"inLanguage":"pt-BR","potentialAction":[{"@type":"CommentAction","name":"Comment","target":["https:\/\/www.gaveanews.com\/index.php\/2024\/09\/04\/agora-e-oficial-vini-jr-e-indicado-ao-premio-de-melhor-jogador-do-mundo\/#respond"]}],"copyrightYear":"2024","copyrightHolder":{"@id":"https:\/\/www.gaveanews.com\/#organization"}},{"@type":"WebPage","@id":"https:\/\/www.gaveanews.com\/index.php\/2024\/09\/04\/agora-e-oficial-vini-jr-e-indicado-ao-premio-de-melhor-jogador-do-mundo\/","url":"https:\/\/www.gaveanews.com\/index.php\/2024\/09\/04\/agora-e-oficial-vini-jr-e-indicado-ao-premio-de-melhor-jogador-do-mundo\/","name":"Agora \u00e9 oficial! Vini Jr. \u00e9 indicado ao pr\u00eamio de melhor jogador do mundo","isPartOf":{"@id":"https:\/\/www.gaveanews.com\/#website"},"primaryImageOfPage":{"@id":"https:\/\/www.gaveanews.com\/index.php\/2024\/09\/04\/agora-e-oficial-vini-jr-e-indicado-ao-premio-de-melhor-jogador-do-mundo\/#primaryimage"},"image":{"@id":"https:\/\/www.gaveanews.com\/index.php\/2024\/09\/04\/agora-e-oficial-vini-jr-e-indicado-ao-premio-de-melhor-jogador-do-mundo\/#primaryimage"},"thumbnailUrl":"https:\/\/www.gaveanews.com\/wp-content\/uploads\/vini-jr-real-madrid.webp","datePublished":"2024-09-04T23:00:00+00:00","author":{"@id":"https:\/\/www.gaveanews.com\/#\/schema\/person\/37122681a8575a5c8db05a56f099a5e4"},"breadcrumb":{"@id":"https:\/\/www.gaveanews.com\/index.php\/2024\/09\/04\/agora-e-oficial-vini-jr-e-indicado-ao-premio-de-melhor-jogador-do-mundo\/#breadcrumb"},"inLanguage":"pt-BR","potentialAction":[{"@type":"ReadAction","target":["https:\/\/www.gaveanews.com\/index.php\/2024\/09\/04\/agora-e-oficial-vini-jr-e-indicado-ao-premio-de-melhor-jogador-do-mundo\/"]}]},{"@type":"ImageObject","inLanguage":"pt-BR","@id":"https:\/\/www.gaveanews.com\/index.php\/2024\/09\/04\/agora-e-oficial-vini-jr-e-indicado-ao-premio-de-melhor-jogador-do-mundo\/#primaryimage","url":"https:\/\/www.gaveanews.com\/wp-content\/uploads\/vini-jr-real-madrid.webp","contentUrl":"https:\/\/www.gaveanews.com\/wp-content\/uploads\/vini-jr-real-madrid.webp","width":1080,"height":607,"caption":"Vini Jr em a\u00e7\u00e3o pelo Real Madrid (Foto: Divulga\u00e7\u00e3o\/Real Madrid)"},{"@type":"BreadcrumbList","@id":"https:\/\/www.gaveanews.com\/index.php\/2024\/09\/04\/agora-e-oficial-vini-jr-e-indicado-ao-premio-de-melhor-jogador-do-mundo\/#breadcrumb","itemListElement":[{"@type":"ListItem","position":1,"name":"Home","item":"https:\/\/www.gaveanews.com\/"},{"@type":"ListItem","position":2,"name":"Agora \u00e9 oficial! Vini Jr. \u00e9 indicado ao pr\u00eamio de melhor jogador do mundo"}]},{"@type":"WebSite","@id":"https:\/\/www.gaveanews.com\/#website","url":"https:\/\/www.gaveanews.com\/","name":"G\u00e1vea News","description":"Veja todas as not\u00edcias sobre o Flamengo: Contrata\u00e7\u00f5es, categorias de base, resultados das partidas, tabela de classifica\u00e7\u00e3o, pr\u00f3ximos jogos!","potentialAction":[{"@type":"SearchAction","target":{"@type":"EntryPoint","urlTemplate":"https:\/\/www.gaveanews.com\/?s={search_term_string}"},"query-input":{"@type":"PropertyValueSpecification","valueRequired":true,"valueName":"search_term_string"}}],"inLanguage":"pt-BR"},{"@type":"Person","@id":"https:\/\/www.gaveanews.com\/#\/schema\/person\/37122681a8575a5c8db05a56f099a5e4","name":"D\u00e9bora Figueiredo","image":{"@type":"ImageObject","inLanguage":"pt-BR","@id":"https:\/\/www.gaveanews.com\/#\/schema\/person\/image\/","url":"https:\/\/secure.gravatar.com\/avatar\/1f44802859351588499d26f52aed1d15796ce17e67602895b72837c08018868d?s=96&d=mm&r=g","contentUrl":"https:\/\/secure.gravatar.com\/avatar\/1f44802859351588499d26f52aed1d15796ce17e67602895b72837c08018868d?s=96&d=mm&r=g","caption":"D\u00e9bora Figueiredo"}}]}},"_links":{"self":[{"href":"https:\/\/www.gaveanews.com\/index.php\/wp-json\/wp\/v2\/posts\/164068","targetHints":{"allow":["GET"]}}],"collection":[{"href":"https:\/\/www.gaveanews.com\/index.php\/wp-json\/wp\/v2\/posts"}],"about":[{"href":"https:\/\/www.gaveanews.com\/index.php\/wp-json\/wp\/v2\/types\/post"}],"author":[{"embeddable":true,"href":"https:\/\/www.gaveanews.com\/index.php\/wp-json\/wp\/v2\/users\/16"}],"replies":[{"embeddable":true,"href":"https:\/\/www.gaveanews.com\/index.php\/wp-json\/wp\/v2\/comments?post=164068"}],"version-history":[{"count":1,"href":"https:\/\/www.gaveanews.com\/index.php\/wp-json\/wp\/v2\/posts\/164068\/revisions"}],"predecessor-version":[{"id":164078,"href":"https:\/\/www.gaveanews.com\/index.php\/wp-json\/wp\/v2\/posts\/164068\/revisions\/164078"}],"wp:featuredmedia":[{"embeddable":true,"href":"https:\/\/www.gaveanews.com\/index.php\/wp-json\/wp\/v2\/media\/109282"}],"wp:attachment":[{"href":"https:\/\/www.gaveanews.com\/index.php\/wp-json\/wp\/v2\/media?parent=164068"}],"wp:term":[{"taxonomy":"category","embeddable":true,"href":"https:\/\/www.gaveanews.com\/index.php\/wp-json\/wp\/v2\/categories?post=164068"},{"taxonomy":"post_tag","embeddable":true,"href":"https:\/\/www.gaveanews.com\/index.php\/wp-json\/wp\/v2\/tags?post=164068"}],"curies":[{"name":"wp","href":"https:\/\/api.w.org\/{rel}","templated":true}]}}