{"id":164089,"date":"2024-09-05T08:45:00","date_gmt":"2024-09-05T11:45:00","guid":{"rendered":"https:\/\/www.gaveanews.com\/?p=164089"},"modified":"2024-09-05T07:55:49","modified_gmt":"2024-09-05T10:55:49","slug":"a-declaracao-de-luiz-henrique-sobre-estreia-na-selecao-brasileira","status":"publish","type":"post","link":"https:\/\/www.gaveanews.com\/index.php\/2024\/09\/05\/a-declaracao-de-luiz-henrique-sobre-estreia-na-selecao-brasileira\/","title":{"rendered":"A declara\u00e7\u00e3o de Luiz Henrique sobre estreia na Sele\u00e7\u00e3o Brasileira"},"content":{"rendered":"\n<p>O t\u00e9cnico Dorival J\u00fanior fez sua terceira convoca\u00e7\u00e3o visando os dois jogos pelas Eliminat\u00f3rias da Copa do Mundo de 2026, contra Equador e Paraguai, nos dias 6 e 10 de setembro, respectivamente.<\/p>\n\n\n\n<ul class=\"wp-block-list\">\n<li><a href=\"https:\/\/www.gaveanews.com\/index.php\/2024\/09\/04\/gerson-cita-o-flamengo-durante-coletiva-da-selecao-brasileira\/\">Gerson cita o Flamengo durante coletiva da Sele\u00e7\u00e3o Brasileira<\/a><\/li>\n\n\n\n<li><a href=\"https:\/\/www.gaveanews.com\/index.php\/2024\/08\/25\/estevao-pode-atingir-marca-historica-pela-selecao-brasileira\/\">Estev\u00e3o pode atingir marca hist\u00f3rica pela Sele\u00e7\u00e3o Brasileira<\/a><\/li>\n<\/ul>\n\n\n\n<p>E para estas duas partidas, o t\u00e9cnico Dorival J\u00fanior convocou oito jogadores que atuam no futebol brasileiro, com destaque para Pedro e Gerson do Flamengo, Estev\u00e3o do Palmeiras e Luiz Henrique do Botafogo.<\/p>\n\n\n\n<p>Inclusive, Luiz Henrique do Botafogo \u00e9 estreante na Sele\u00e7\u00e3o Brasileira e prometeu dar o seu melhor com muita responsabilidade por acreditar ser capaz de fazer \u201ccoisas extraordin\u00e1rias\u201d:<\/p>\n\n\n\n<p>\u201cMuitos jogadores bons est\u00e3o aqui e encaro isso com responsabilidade. Sei que sou capaz de dar o melhor e fazer coisas extraordin\u00e1rias, como fa\u00e7o no meu clube\u201d, disse o atacante.<\/p>\n\n\n\n<h2 class=\"wp-block-heading\" id=\"h-luiz-henrique-faz-sua-estreia-pela-selecao-brasileira-em-meio-a-pressao\">Luiz Henrique faz sua estreia pela Sele\u00e7\u00e3o Brasileira em meio \u00e0 press\u00e3o<\/h2>\n\n\n\n<p>Vale destacar, que a Sele\u00e7\u00e3o Brasileira est\u00e1 na sexta coloca\u00e7\u00e3o do torneio classificat\u00f3rio para a pr\u00f3xima Copa do Mundo, com 7 pontos, sendo tr\u00eas derrotas consecutivas na \u201cera Fernando Diniz\u201d.<\/p>\n\n\n\n<p>Apesar do momento de press\u00e3o que vive a Sele\u00e7\u00e3o Brasileira, com a necessidade de voltar a vencer na competi\u00e7\u00e3o, o atacante de 23 anos do botafogo, mostrou-se n\u00e3o estar intimidado e acredita que o momento ruim da sele\u00e7\u00e3o ficou para tr\u00e1s:<\/p>\n\n\n\n<p>\u201cPress\u00e3o para mim n\u00e3o vai ter. Vou fazer o que venho fazendo, vou dar o meu melhor e fazer de tudo para ajudar a Sele\u00e7\u00e3o. N\u00e3o temos que pensar no momento da Sele\u00e7\u00e3o, o que passou ficou para tr\u00e1s. \u00c9 um novo ciclo, uma nova jornada, temos que pensar no hoje e fazer a Sele\u00e7\u00e3o ser cada vez melhor\u201d, afirmou o botafoguense.<\/p>\n\n\n\n<p>Desse jeito, com Luiz Henrique \u00e0 disposi\u00e7\u00e3o do t\u00e9cnico Dorival J\u00fanior, a Sele\u00e7\u00e3o Brasileira enfrenta o Equador na pr\u00f3xima sexta (06), no Couto Pereira, em Curitiba. Depois, encerrando essa data FIFA, o Brasil enfrenta o Paraguai na ter\u00e7a (10), em Assun\u00e7\u00e3o.<\/p>\n","protected":false},"excerpt":{"rendered":"<p>O t\u00e9cnico Dorival J\u00fanior fez sua terceira convoca\u00e7\u00e3o visando os dois jogos pelas Eliminat\u00f3rias da Copa do Mundo de 2026, contra Equador e Paraguai, nos dias 6 e 10 de setembro, respectivamente. E para estas duas partidas, o t\u00e9cnico Dorival J\u00fanior convocou oito jogadores que atuam no futebol brasileiro, com destaque para Pedro e Gerson [&hellip;]<\/p>\n","protected":false},"author":25,"featured_media":153489,"comment_status":"open","ping_status":"closed","sticky":false,"template":"","format":"standard","meta":{"footnotes":""},"categories":[138],"tags":[],"class_list":["post-164089","post","type-post","status-publish","format-standard","has-post-thumbnail","hentry","category-botafogo"],"yoast_head":"<!-- This site is optimized with the Yoast SEO Premium plugin v24.2 (Yoast SEO v26.9) - https:\/\/yoast.com\/product\/yoast-seo-premium-wordpress\/ -->\n<title>A declara\u00e7\u00e3o de Luiz Henrique sobre estreia na Sele\u00e7\u00e3o Brasileira<\/title>\n<meta name=\"robots\" content=\"index, follow, max-snippet:-1, max-image-preview:large, max-video-preview:-1\" \/>\n<link rel=\"canonical\" href=\"https:\/\/www.gaveanews.com\/index.php\/2024\/09\/05\/a-declaracao-de-luiz-henrique-sobre-estreia-na-selecao-brasileira\/\" \/>\n<meta property=\"og:locale\" content=\"pt_BR\" \/>\n<meta property=\"og:type\" content=\"article\" \/>\n<meta property=\"og:title\" content=\"A declara\u00e7\u00e3o de Luiz Henrique sobre estreia na Sele\u00e7\u00e3o Brasileira\" \/>\n<meta property=\"og:description\" content=\"O t\u00e9cnico Dorival J\u00fanior fez sua terceira convoca\u00e7\u00e3o visando os dois jogos pelas Eliminat\u00f3rias da Copa do Mundo de 2026, contra Equador e Paraguai, nos dias 6 e 10 de setembro, respectivamente. E para estas duas partidas, o t\u00e9cnico Dorival J\u00fanior convocou oito jogadores que atuam no futebol brasileiro, com destaque para Pedro e Gerson [&hellip;]\" \/>\n<meta property=\"og:url\" content=\"https:\/\/www.gaveanews.com\/index.php\/2024\/09\/05\/a-declaracao-de-luiz-henrique-sobre-estreia-na-selecao-brasileira\/\" \/>\n<meta property=\"og:site_name\" content=\"G\u00e1vea News\" \/>\n<meta property=\"article:publisher\" content=\"https:\/\/facebook.com\/gaveaNews\/\" \/>\n<meta property=\"article:published_time\" content=\"2024-09-05T11:45:00+00:00\" \/>\n<meta property=\"og:image\" content=\"https:\/\/www.gaveanews.com\/wp-content\/uploads\/Luiz-Henrique-durante-o-jogo-entre-Botafogo-x-Internacional-pelo-Brasileirao-2024-no-Nilton-Santos.webp\" \/>\n\t<meta property=\"og:image:width\" content=\"799\" \/>\n\t<meta property=\"og:image:height\" content=\"533\" \/>\n\t<meta property=\"og:image:type\" content=\"image\/jpeg\" \/>\n<meta name=\"author\" content=\"Rafaela Ladeira\" \/>\n<meta name=\"twitter:card\" content=\"summary_large_image\" \/>\n<meta name=\"twitter:label1\" content=\"Escrito por\" \/>\n\t<meta name=\"twitter:data1\" content=\"Rafaela Ladeira\" \/>\n\t<meta name=\"twitter:label2\" content=\"Est. tempo de leitura\" \/>\n\t<meta name=\"twitter:data2\" content=\"2 minutos\" \/>\n<script type=\"application\/ld+json\" class=\"yoast-schema-graph\">{\"@context\":\"https:\/\/schema.org\",\"@graph\":[{\"@type\":\"NewsArticle\",\"@id\":\"https:\/\/www.gaveanews.com\/index.php\/2024\/09\/05\/a-declaracao-de-luiz-henrique-sobre-estreia-na-selecao-brasileira\/#article\",\"isPartOf\":{\"@id\":\"https:\/\/www.gaveanews.com\/index.php\/2024\/09\/05\/a-declaracao-de-luiz-henrique-sobre-estreia-na-selecao-brasileira\/\"},\"author\":{\"name\":\"Rafaela Ladeira\",\"@id\":\"https:\/\/www.gaveanews.com\/#\/schema\/person\/0eb3e3fe1754f0205218538adbe8f5ed\"},\"headline\":\"A declara\u00e7\u00e3o de Luiz Henrique sobre estreia na Sele\u00e7\u00e3o Brasileira\",\"datePublished\":\"2024-09-05T11:45:00+00:00\",\"mainEntityOfPage\":{\"@id\":\"https:\/\/www.gaveanews.com\/index.php\/2024\/09\/05\/a-declaracao-de-luiz-henrique-sobre-estreia-na-selecao-brasileira\/\"},\"wordCount\":369,\"commentCount\":0,\"image\":{\"@id\":\"https:\/\/www.gaveanews.com\/index.php\/2024\/09\/05\/a-declaracao-de-luiz-henrique-sobre-estreia-na-selecao-brasileira\/#primaryimage\"},\"thumbnailUrl\":\"https:\/\/www.gaveanews.com\/wp-content\/uploads\/Luiz-Henrique-durante-o-jogo-entre-Botafogo-x-Internacional-pelo-Brasileirao-2024-no-Nilton-Santos.webp\",\"articleSection\":[\"Botafogo\"],\"inLanguage\":\"pt-BR\",\"potentialAction\":[{\"@type\":\"CommentAction\",\"name\":\"Comment\",\"target\":[\"https:\/\/www.gaveanews.com\/index.php\/2024\/09\/05\/a-declaracao-de-luiz-henrique-sobre-estreia-na-selecao-brasileira\/#respond\"]}],\"copyrightYear\":\"2024\",\"copyrightHolder\":{\"@id\":\"https:\/\/www.gaveanews.com\/#organization\"}},{\"@type\":\"WebPage\",\"@id\":\"https:\/\/www.gaveanews.com\/index.php\/2024\/09\/05\/a-declaracao-de-luiz-henrique-sobre-estreia-na-selecao-brasileira\/\",\"url\":\"https:\/\/www.gaveanews.com\/index.php\/2024\/09\/05\/a-declaracao-de-luiz-henrique-sobre-estreia-na-selecao-brasileira\/\",\"name\":\"A declara\u00e7\u00e3o de Luiz Henrique sobre estreia na Sele\u00e7\u00e3o Brasileira\",\"isPartOf\":{\"@id\":\"https:\/\/www.gaveanews.com\/#website\"},\"primaryImageOfPage\":{\"@id\":\"https:\/\/www.gaveanews.com\/index.php\/2024\/09\/05\/a-declaracao-de-luiz-henrique-sobre-estreia-na-selecao-brasileira\/#primaryimage\"},\"image\":{\"@id\":\"https:\/\/www.gaveanews.com\/index.php\/2024\/09\/05\/a-declaracao-de-luiz-henrique-sobre-estreia-na-selecao-brasileira\/#primaryimage\"},\"thumbnailUrl\":\"https:\/\/www.gaveanews.com\/wp-content\/uploads\/Luiz-Henrique-durante-o-jogo-entre-Botafogo-x-Internacional-pelo-Brasileirao-2024-no-Nilton-Santos.webp\",\"datePublished\":\"2024-09-05T11:45:00+00:00\",\"author\":{\"@id\":\"https:\/\/www.gaveanews.com\/#\/schema\/person\/0eb3e3fe1754f0205218538adbe8f5ed\"},\"breadcrumb\":{\"@id\":\"https:\/\/www.gaveanews.com\/index.php\/2024\/09\/05\/a-declaracao-de-luiz-henrique-sobre-estreia-na-selecao-brasileira\/#breadcrumb\"},\"inLanguage\":\"pt-BR\",\"potentialAction\":[{\"@type\":\"ReadAction\",\"target\":[\"https:\/\/www.gaveanews.com\/index.php\/2024\/09\/05\/a-declaracao-de-luiz-henrique-sobre-estreia-na-selecao-brasileira\/\"]}]},{\"@type\":\"ImageObject\",\"inLanguage\":\"pt-BR\",\"@id\":\"https:\/\/www.gaveanews.com\/index.php\/2024\/09\/05\/a-declaracao-de-luiz-henrique-sobre-estreia-na-selecao-brasileira\/#primaryimage\",\"url\":\"https:\/\/www.gaveanews.com\/wp-content\/uploads\/Luiz-Henrique-durante-o-jogo-entre-Botafogo-x-Internacional-pelo-Brasileirao-2024-no-Nilton-Santos.webp\",\"contentUrl\":\"https:\/\/www.gaveanews.com\/wp-content\/uploads\/Luiz-Henrique-durante-o-jogo-entre-Botafogo-x-Internacional-pelo-Brasileirao-2024-no-Nilton-Santos.webp\",\"width\":799,\"height\":533,\"caption\":\"Luiz Henrique durante o jogo entre Botafogo x Internacional pelo Brasileir\u00e3o 2024 no Nilton Santos (Foto: Vitor Silva\/Botafogo)\"},{\"@type\":\"BreadcrumbList\",\"@id\":\"https:\/\/www.gaveanews.com\/index.php\/2024\/09\/05\/a-declaracao-de-luiz-henrique-sobre-estreia-na-selecao-brasileira\/#breadcrumb\",\"itemListElement\":[{\"@type\":\"ListItem\",\"position\":1,\"name\":\"Home\",\"item\":\"https:\/\/www.gaveanews.com\/\"},{\"@type\":\"ListItem\",\"position\":2,\"name\":\"A declara\u00e7\u00e3o de Luiz Henrique sobre estreia na Sele\u00e7\u00e3o Brasileira\"}]},{\"@type\":\"WebSite\",\"@id\":\"https:\/\/www.gaveanews.com\/#website\",\"url\":\"https:\/\/www.gaveanews.com\/\",\"name\":\"G\u00e1vea News\",\"description\":\"Veja todas as not\u00edcias sobre o Flamengo: Contrata\u00e7\u00f5es, categorias de base, resultados das partidas, tabela de classifica\u00e7\u00e3o, pr\u00f3ximos jogos!\",\"potentialAction\":[{\"@type\":\"SearchAction\",\"target\":{\"@type\":\"EntryPoint\",\"urlTemplate\":\"https:\/\/www.gaveanews.com\/?s={search_term_string}\"},\"query-input\":{\"@type\":\"PropertyValueSpecification\",\"valueRequired\":true,\"valueName\":\"search_term_string\"}}],\"inLanguage\":\"pt-BR\"},{\"@type\":\"Person\",\"@id\":\"https:\/\/www.gaveanews.com\/#\/schema\/person\/0eb3e3fe1754f0205218538adbe8f5ed\",\"name\":\"Rafaela Ladeira\",\"image\":{\"@type\":\"ImageObject\",\"inLanguage\":\"pt-BR\",\"@id\":\"https:\/\/www.gaveanews.com\/#\/schema\/person\/image\/\",\"url\":\"https:\/\/secure.gravatar.com\/avatar\/c31f513acffd85eacab5730cbdfdbbf59f21ba5aeada8cd890acea879fbb2455?s=96&d=mm&r=g\",\"contentUrl\":\"https:\/\/secure.gravatar.com\/avatar\/c31f513acffd85eacab5730cbdfdbbf59f21ba5aeada8cd890acea879fbb2455?s=96&d=mm&r=g\",\"caption\":\"Rafaela Ladeira\"}}]}<\/script>\n<!-- \/ Yoast SEO Premium plugin. -->","yoast_head_json":{"title":"A declara\u00e7\u00e3o de Luiz Henrique sobre estreia na Sele\u00e7\u00e3o Brasileira","robots":{"index":"index","follow":"follow","max-snippet":"max-snippet:-1","max-image-preview":"max-image-preview:large","max-video-preview":"max-video-preview:-1"},"canonical":"https:\/\/www.gaveanews.com\/index.php\/2024\/09\/05\/a-declaracao-de-luiz-henrique-sobre-estreia-na-selecao-brasileira\/","og_locale":"pt_BR","og_type":"article","og_title":"A declara\u00e7\u00e3o de Luiz Henrique sobre estreia na Sele\u00e7\u00e3o Brasileira","og_description":"O t\u00e9cnico Dorival J\u00fanior fez sua terceira convoca\u00e7\u00e3o visando os dois jogos pelas Eliminat\u00f3rias da Copa do Mundo de 2026, contra Equador e Paraguai, nos dias 6 e 10 de setembro, respectivamente. E para estas duas partidas, o t\u00e9cnico Dorival J\u00fanior convocou oito jogadores que atuam no futebol brasileiro, com destaque para Pedro e Gerson [&hellip;]","og_url":"https:\/\/www.gaveanews.com\/index.php\/2024\/09\/05\/a-declaracao-de-luiz-henrique-sobre-estreia-na-selecao-brasileira\/","og_site_name":"G\u00e1vea News","article_publisher":"https:\/\/facebook.com\/gaveaNews\/","article_published_time":"2024-09-05T11:45:00+00:00","og_image":[{"width":799,"height":533,"url":"https:\/\/www.gaveanews.com\/wp-content\/uploads\/Luiz-Henrique-durante-o-jogo-entre-Botafogo-x-Internacional-pelo-Brasileirao-2024-no-Nilton-Santos.webp","type":"image\/jpeg"}],"author":"Rafaela Ladeira","twitter_card":"summary_large_image","twitter_misc":{"Escrito por":"Rafaela Ladeira","Est. tempo de leitura":"2 minutos"},"schema":{"@context":"https:\/\/schema.org","@graph":[{"@type":"NewsArticle","@id":"https:\/\/www.gaveanews.com\/index.php\/2024\/09\/05\/a-declaracao-de-luiz-henrique-sobre-estreia-na-selecao-brasileira\/#article","isPartOf":{"@id":"https:\/\/www.gaveanews.com\/index.php\/2024\/09\/05\/a-declaracao-de-luiz-henrique-sobre-estreia-na-selecao-brasileira\/"},"author":{"name":"Rafaela Ladeira","@id":"https:\/\/www.gaveanews.com\/#\/schema\/person\/0eb3e3fe1754f0205218538adbe8f5ed"},"headline":"A declara\u00e7\u00e3o de Luiz Henrique sobre estreia na Sele\u00e7\u00e3o Brasileira","datePublished":"2024-09-05T11:45:00+00:00","mainEntityOfPage":{"@id":"https:\/\/www.gaveanews.com\/index.php\/2024\/09\/05\/a-declaracao-de-luiz-henrique-sobre-estreia-na-selecao-brasileira\/"},"wordCount":369,"commentCount":0,"image":{"@id":"https:\/\/www.gaveanews.com\/index.php\/2024\/09\/05\/a-declaracao-de-luiz-henrique-sobre-estreia-na-selecao-brasileira\/#primaryimage"},"thumbnailUrl":"https:\/\/www.gaveanews.com\/wp-content\/uploads\/Luiz-Henrique-durante-o-jogo-entre-Botafogo-x-Internacional-pelo-Brasileirao-2024-no-Nilton-Santos.webp","articleSection":["Botafogo"],"inLanguage":"pt-BR","potentialAction":[{"@type":"CommentAction","name":"Comment","target":["https:\/\/www.gaveanews.com\/index.php\/2024\/09\/05\/a-declaracao-de-luiz-henrique-sobre-estreia-na-selecao-brasileira\/#respond"]}],"copyrightYear":"2024","copyrightHolder":{"@id":"https:\/\/www.gaveanews.com\/#organization"}},{"@type":"WebPage","@id":"https:\/\/www.gaveanews.com\/index.php\/2024\/09\/05\/a-declaracao-de-luiz-henrique-sobre-estreia-na-selecao-brasileira\/","url":"https:\/\/www.gaveanews.com\/index.php\/2024\/09\/05\/a-declaracao-de-luiz-henrique-sobre-estreia-na-selecao-brasileira\/","name":"A declara\u00e7\u00e3o de Luiz Henrique sobre estreia na Sele\u00e7\u00e3o Brasileira","isPartOf":{"@id":"https:\/\/www.gaveanews.com\/#website"},"primaryImageOfPage":{"@id":"https:\/\/www.gaveanews.com\/index.php\/2024\/09\/05\/a-declaracao-de-luiz-henrique-sobre-estreia-na-selecao-brasileira\/#primaryimage"},"image":{"@id":"https:\/\/www.gaveanews.com\/index.php\/2024\/09\/05\/a-declaracao-de-luiz-henrique-sobre-estreia-na-selecao-brasileira\/#primaryimage"},"thumbnailUrl":"https:\/\/www.gaveanews.com\/wp-content\/uploads\/Luiz-Henrique-durante-o-jogo-entre-Botafogo-x-Internacional-pelo-Brasileirao-2024-no-Nilton-Santos.webp","datePublished":"2024-09-05T11:45:00+00:00","author":{"@id":"https:\/\/www.gaveanews.com\/#\/schema\/person\/0eb3e3fe1754f0205218538adbe8f5ed"},"breadcrumb":{"@id":"https:\/\/www.gaveanews.com\/index.php\/2024\/09\/05\/a-declaracao-de-luiz-henrique-sobre-estreia-na-selecao-brasileira\/#breadcrumb"},"inLanguage":"pt-BR","potentialAction":[{"@type":"ReadAction","target":["https:\/\/www.gaveanews.com\/index.php\/2024\/09\/05\/a-declaracao-de-luiz-henrique-sobre-estreia-na-selecao-brasileira\/"]}]},{"@type":"ImageObject","inLanguage":"pt-BR","@id":"https:\/\/www.gaveanews.com\/index.php\/2024\/09\/05\/a-declaracao-de-luiz-henrique-sobre-estreia-na-selecao-brasileira\/#primaryimage","url":"https:\/\/www.gaveanews.com\/wp-content\/uploads\/Luiz-Henrique-durante-o-jogo-entre-Botafogo-x-Internacional-pelo-Brasileirao-2024-no-Nilton-Santos.webp","contentUrl":"https:\/\/www.gaveanews.com\/wp-content\/uploads\/Luiz-Henrique-durante-o-jogo-entre-Botafogo-x-Internacional-pelo-Brasileirao-2024-no-Nilton-Santos.webp","width":799,"height":533,"caption":"Luiz Henrique durante o jogo entre Botafogo x Internacional pelo Brasileir\u00e3o 2024 no Nilton Santos (Foto: Vitor Silva\/Botafogo)"},{"@type":"BreadcrumbList","@id":"https:\/\/www.gaveanews.com\/index.php\/2024\/09\/05\/a-declaracao-de-luiz-henrique-sobre-estreia-na-selecao-brasileira\/#breadcrumb","itemListElement":[{"@type":"ListItem","position":1,"name":"Home","item":"https:\/\/www.gaveanews.com\/"},{"@type":"ListItem","position":2,"name":"A declara\u00e7\u00e3o de Luiz Henrique sobre estreia na Sele\u00e7\u00e3o Brasileira"}]},{"@type":"WebSite","@id":"https:\/\/www.gaveanews.com\/#website","url":"https:\/\/www.gaveanews.com\/","name":"G\u00e1vea News","description":"Veja todas as not\u00edcias sobre o Flamengo: Contrata\u00e7\u00f5es, categorias de base, resultados das partidas, tabela de classifica\u00e7\u00e3o, pr\u00f3ximos jogos!","potentialAction":[{"@type":"SearchAction","target":{"@type":"EntryPoint","urlTemplate":"https:\/\/www.gaveanews.com\/?s={search_term_string}"},"query-input":{"@type":"PropertyValueSpecification","valueRequired":true,"valueName":"search_term_string"}}],"inLanguage":"pt-BR"},{"@type":"Person","@id":"https:\/\/www.gaveanews.com\/#\/schema\/person\/0eb3e3fe1754f0205218538adbe8f5ed","name":"Rafaela Ladeira","image":{"@type":"ImageObject","inLanguage":"pt-BR","@id":"https:\/\/www.gaveanews.com\/#\/schema\/person\/image\/","url":"https:\/\/secure.gravatar.com\/avatar\/c31f513acffd85eacab5730cbdfdbbf59f21ba5aeada8cd890acea879fbb2455?s=96&d=mm&r=g","contentUrl":"https:\/\/secure.gravatar.com\/avatar\/c31f513acffd85eacab5730cbdfdbbf59f21ba5aeada8cd890acea879fbb2455?s=96&d=mm&r=g","caption":"Rafaela Ladeira"}}]}},"_links":{"self":[{"href":"https:\/\/www.gaveanews.com\/index.php\/wp-json\/wp\/v2\/posts\/164089","targetHints":{"allow":["GET"]}}],"collection":[{"href":"https:\/\/www.gaveanews.com\/index.php\/wp-json\/wp\/v2\/posts"}],"about":[{"href":"https:\/\/www.gaveanews.com\/index.php\/wp-json\/wp\/v2\/types\/post"}],"author":[{"embeddable":true,"href":"https:\/\/www.gaveanews.com\/index.php\/wp-json\/wp\/v2\/users\/25"}],"replies":[{"embeddable":true,"href":"https:\/\/www.gaveanews.com\/index.php\/wp-json\/wp\/v2\/comments?post=164089"}],"version-history":[{"count":1,"href":"https:\/\/www.gaveanews.com\/index.php\/wp-json\/wp\/v2\/posts\/164089\/revisions"}],"predecessor-version":[{"id":164090,"href":"https:\/\/www.gaveanews.com\/index.php\/wp-json\/wp\/v2\/posts\/164089\/revisions\/164090"}],"wp:featuredmedia":[{"embeddable":true,"href":"https:\/\/www.gaveanews.com\/index.php\/wp-json\/wp\/v2\/media\/153489"}],"wp:attachment":[{"href":"https:\/\/www.gaveanews.com\/index.php\/wp-json\/wp\/v2\/media?parent=164089"}],"wp:term":[{"taxonomy":"category","embeddable":true,"href":"https:\/\/www.gaveanews.com\/index.php\/wp-json\/wp\/v2\/categories?post=164089"},{"taxonomy":"post_tag","embeddable":true,"href":"https:\/\/www.gaveanews.com\/index.php\/wp-json\/wp\/v2\/tags?post=164089"}],"curies":[{"name":"wp","href":"https:\/\/api.w.org\/{rel}","templated":true}]}}