{"id":164114,"date":"2024-09-04T22:00:00","date_gmt":"2024-09-05T01:00:00","guid":{"rendered":"https:\/\/www.gaveanews.com\/?p=164114"},"modified":"2024-09-04T21:43:16","modified_gmt":"2024-09-05T00:43:16","slug":"prefeito-de-madrid-manda-recado-para-vini-jr","status":"publish","type":"post","link":"https:\/\/www.gaveanews.com\/index.php\/2024\/09\/04\/prefeito-de-madrid-manda-recado-para-vini-jr\/","title":{"rendered":"Prefeito de Madrid manda recado para Vini Jr"},"content":{"rendered":"\n<h2 class=\"wp-block-heading\" id=\"h-jogador-confrontou-a-candidatura-da-espanha-para-copa-do-mundo\">Jogador confrontou a candidatura da Espanha para Copa do Mundo<\/h2>\n\n\n\n<p>A Espanha ser\u00e1 uma das anfitri\u00e3s da Copa do Mundo de 2030, mas Vinicius Junior levantou um alerta para a Fifa e as autoridades. V\u00edtima de racismo no pa\u00eds nos \u00faltimos anos, o atacante da sele\u00e7\u00e3o brasileira e do Real Madrid solicitou que o torneio n\u00e3o ocorra em solo espanhol caso n\u00e3o haja uma melhoria na situa\u00e7\u00e3o at\u00e9 l\u00e1.<\/p>\n\n\n\n<ul class=\"wp-block-list\">\n<li><a href=\"https:\/\/www.gaveanews.com\/index.php\/2024\/09\/04\/a-declaracao-de-zico-sobre-neymar-e-vini-jr\/\">A declara\u00e7\u00e3o de Zico sobre Neymar e Vini Jr<\/a><\/li>\n\n\n\n<li><a href=\"https:\/\/www.gaveanews.com\/index.php\/2024\/09\/04\/agora-e-oficial-vini-jr-e-indicado-ao-premio-de-melhor-jogador-do-mundo\/\">Agora \u00e9 oficial! Vini Jr. \u00e9 indicado ao pr\u00eamio de melhor jogador do mundo<br><\/a><\/li>\n<\/ul>\n\n\n\n<p><em>&#8211; At\u00e9 2030 a gente tem uma margem muito grande para evolu\u00e7\u00e3o, ent\u00e3o espero que a Espanha possa evoluir e entender o qu\u00e3o grave \u00e9 voc\u00ea insultar uma pessoa pela cor da sua pele. Se at\u00e9 2030 as coisas n\u00e3o evolu\u00edrem, acredito que (a Copa do Mundo) tenha que mudar de lugar, porque, se os jogadores n\u00e3o se sentem confort\u00e1veis em jogar em um pa\u00eds onde possa sofrer racismo, \u00e9 meio complicado ,disse Vini Jr, ao canal americano &#8220;CNN&#8221;.<\/em><\/p>\n\n\n\n<p>O prefeito de Madri, Jos\u00e9 Luis Mart\u00ednez-Almeida, criticou a declara\u00e7\u00e3o de Vinicius Junior.<\/p>\n\n\n\n<figure class=\"wp-block-image size-large\"><img loading=\"lazy\" decoding=\"async\" width=\"1024\" height=\"576\" src=\"https:\/\/www.gaveanews.com\/wp-content\/uploads\/vinicius-junior-hat-trick-real-madrid-barcelona-1024x576.webp\" alt=\"\" class=\"wp-image-131354\" srcset=\"https:\/\/www.gaveanews.com\/wp-content\/uploads\/vinicius-junior-hat-trick-real-madrid-barcelona-1024x576.webp 1024w, https:\/\/www.gaveanews.com\/wp-content\/uploads\/vinicius-junior-hat-trick-real-madrid-barcelona-300x169.webp 300w, https:\/\/www.gaveanews.com\/wp-content\/uploads\/vinicius-junior-hat-trick-real-madrid-barcelona-768x432.webp 768w, https:\/\/www.gaveanews.com\/wp-content\/uploads\/vinicius-junior-hat-trick-real-madrid-barcelona-747x420.webp 747w, https:\/\/www.gaveanews.com\/wp-content\/uploads\/vinicius-junior-hat-trick-real-madrid-barcelona-640x360.webp 640w, https:\/\/www.gaveanews.com\/wp-content\/uploads\/vinicius-junior-hat-trick-real-madrid-barcelona-681x383.webp 681w, https:\/\/www.gaveanews.com\/wp-content\/uploads\/vinicius-junior-hat-trick-real-madrid-barcelona-100x56.webp 100w, https:\/\/www.gaveanews.com\/wp-content\/uploads\/vinicius-junior-hat-trick-real-madrid-barcelona.webp 1080w\" sizes=\"auto, (max-width: 1024px) 100vw, 1024px\" \/><figcaption class=\"wp-element-caption\">Vin\u00edcius J\u00fanior comemora gol marcado contra o Barcelona (Foto: Reprodu\u00e7\u00e3o\/Real Madrid)<\/figcaption><\/figure>\n\n\n\n<p><em>&#8211; Somos todos conscientes de que existem epis\u00f3dios racistas na sociedade e de que temos que trabalhar duro para acabar com eles. \u00c9 injusto com a Espanha e com Madri dizer que somos uma sociedade racista. Pe\u00e7o a ele que se retifique, pe\u00e7a desculpas. Ser um jogador de futebol extraordin\u00e1rio n\u00e3o quer dizer que n\u00e3o possa falar besteira e dessa vez falou. Vinicius tem a imensa maioria da sociedade espanhola a seu lado para combater o racismo, mas n\u00e3o estamos com ele quando nos chama de racistas.<\/em><\/p>\n\n\n\n<p>Na mesma entrevista, Vinicius Junior mencionou um acordo entre os jogadores do Real Madrid para abandonarem o campo em caso de novos epis\u00f3dios de racismo.<\/p>\n\n\n\n<p>O brasileiro j\u00e1 recorreu \u00e0 Justi\u00e7a espanhola buscando puni\u00e7\u00f5es por ataques racistas dirigidos a ele. Em junho, tr\u00eas torcedores do Valencia foram sentenciados a oito meses de pris\u00e3o pelos atos racistas durante um jogo no Mestalla, realizado em maio de 2023. Essa puni\u00e7\u00e3o foi hist\u00f3rica na Espanha.<\/p>\n\n\n\n<p><em>&#8211; Acredito e quero fazer de tudo para que as coisas possam mudar porque tem muitas pessoas na Espanha, ou a maioria, n\u00e3o s\u00e3o racistas, mas tem um grupo pequeno que acaba afetando a imagem de um pa\u00eds onde \u00e9 t\u00e3o bom de se viver. Amo estar aqui, amo o Real Madrid, e ter as melhores condi\u00e7\u00f5es aqui com a minha fam\u00edlia. Estou torcendo para que as coisas possam evoluir mais. J\u00e1 evolu\u00edram at\u00e9 aqui, mas que possam evoluir mais e que at\u00e9 2030 os casos de racismo possam diminuir ,disse Vini Jr.<\/em><\/p>\n\n\n\n<p>A Copa do Mundo de 2030 ocorrer\u00e1 principalmente na Espanha, em Portugal e no Marrocos. A partida inaugural ser\u00e1 em Montevid\u00e9u, no Uruguai, como uma homenagem \u00e0 primeira edi\u00e7\u00e3o realizada em 1930. Tamb\u00e9m haver\u00e1 jogos na primeira rodada na Argentina e no Paraguai.<br><\/p>\n","protected":false},"excerpt":{"rendered":"<p>Prefeito de Madrid manda recado para Vini Jr<\/p>\n","protected":false},"author":16,"featured_media":74860,"comment_status":"open","ping_status":"closed","sticky":false,"template":"","format":"standard","meta":{"footnotes":""},"categories":[1,88],"tags":[],"class_list":["post-164114","post","type-post","status-publish","format-standard","has-post-thumbnail","hentry","category-flamengo","category-real-madrid"],"yoast_head":"<!-- This site is optimized with the Yoast SEO Premium plugin v24.2 (Yoast SEO v26.9) - https:\/\/yoast.com\/product\/yoast-seo-premium-wordpress\/ -->\n<title>Prefeito de Madrid manda recado para Vini Jr<\/title>\n<meta name=\"robots\" content=\"index, follow, max-snippet:-1, max-image-preview:large, max-video-preview:-1\" \/>\n<link rel=\"canonical\" href=\"https:\/\/www.gaveanews.com\/index.php\/2024\/09\/04\/prefeito-de-madrid-manda-recado-para-vini-jr\/\" \/>\n<meta property=\"og:locale\" content=\"pt_BR\" \/>\n<meta property=\"og:type\" content=\"article\" \/>\n<meta property=\"og:title\" content=\"Prefeito de Madrid manda recado para Vini Jr\" \/>\n<meta property=\"og:description\" content=\"Prefeito de Madrid manda recado para Vini Jr\" \/>\n<meta property=\"og:url\" content=\"https:\/\/www.gaveanews.com\/index.php\/2024\/09\/04\/prefeito-de-madrid-manda-recado-para-vini-jr\/\" \/>\n<meta property=\"og:site_name\" content=\"G\u00e1vea News\" \/>\n<meta property=\"article:publisher\" content=\"https:\/\/facebook.com\/gaveaNews\/\" \/>\n<meta property=\"article:published_time\" content=\"2024-09-05T01:00:00+00:00\" \/>\n<meta property=\"og:image\" content=\"https:\/\/www.gaveanews.com\/wp-content\/uploads\/Vinicius-Junior-em-acao-pelo-Real-Madrid-contra-o-Sheriff-pela-Champions-League.webp\" \/>\n\t<meta property=\"og:image:width\" content=\"1361\" \/>\n\t<meta property=\"og:image:height\" content=\"1020\" \/>\n\t<meta property=\"og:image:type\" content=\"image\/jpeg\" \/>\n<meta name=\"author\" content=\"D\u00e9bora Figueiredo\" \/>\n<meta name=\"twitter:card\" content=\"summary_large_image\" \/>\n<meta name=\"twitter:label1\" content=\"Escrito por\" \/>\n\t<meta name=\"twitter:data1\" content=\"D\u00e9bora Figueiredo\" \/>\n\t<meta name=\"twitter:label2\" content=\"Est. tempo de leitura\" \/>\n\t<meta name=\"twitter:data2\" content=\"3 minutos\" \/>\n<script type=\"application\/ld+json\" class=\"yoast-schema-graph\">{\"@context\":\"https:\/\/schema.org\",\"@graph\":[{\"@type\":\"NewsArticle\",\"@id\":\"https:\/\/www.gaveanews.com\/index.php\/2024\/09\/04\/prefeito-de-madrid-manda-recado-para-vini-jr\/#article\",\"isPartOf\":{\"@id\":\"https:\/\/www.gaveanews.com\/index.php\/2024\/09\/04\/prefeito-de-madrid-manda-recado-para-vini-jr\/\"},\"author\":{\"name\":\"D\u00e9bora Figueiredo\",\"@id\":\"https:\/\/www.gaveanews.com\/#\/schema\/person\/37122681a8575a5c8db05a56f099a5e4\"},\"headline\":\"Prefeito de Madrid manda recado para Vini Jr\",\"datePublished\":\"2024-09-05T01:00:00+00:00\",\"mainEntityOfPage\":{\"@id\":\"https:\/\/www.gaveanews.com\/index.php\/2024\/09\/04\/prefeito-de-madrid-manda-recado-para-vini-jr\/\"},\"wordCount\":530,\"commentCount\":0,\"image\":{\"@id\":\"https:\/\/www.gaveanews.com\/index.php\/2024\/09\/04\/prefeito-de-madrid-manda-recado-para-vini-jr\/#primaryimage\"},\"thumbnailUrl\":\"https:\/\/www.gaveanews.com\/wp-content\/uploads\/Vinicius-Junior-em-acao-pelo-Real-Madrid-contra-o-Sheriff-pela-Champions-League.webp\",\"articleSection\":[\"Flamengo\",\"Real Madrid\"],\"inLanguage\":\"pt-BR\",\"potentialAction\":[{\"@type\":\"CommentAction\",\"name\":\"Comment\",\"target\":[\"https:\/\/www.gaveanews.com\/index.php\/2024\/09\/04\/prefeito-de-madrid-manda-recado-para-vini-jr\/#respond\"]}],\"copyrightYear\":\"2024\",\"copyrightHolder\":{\"@id\":\"https:\/\/www.gaveanews.com\/#organization\"}},{\"@type\":\"WebPage\",\"@id\":\"https:\/\/www.gaveanews.com\/index.php\/2024\/09\/04\/prefeito-de-madrid-manda-recado-para-vini-jr\/\",\"url\":\"https:\/\/www.gaveanews.com\/index.php\/2024\/09\/04\/prefeito-de-madrid-manda-recado-para-vini-jr\/\",\"name\":\"Prefeito de Madrid manda recado para Vini Jr\",\"isPartOf\":{\"@id\":\"https:\/\/www.gaveanews.com\/#website\"},\"primaryImageOfPage\":{\"@id\":\"https:\/\/www.gaveanews.com\/index.php\/2024\/09\/04\/prefeito-de-madrid-manda-recado-para-vini-jr\/#primaryimage\"},\"image\":{\"@id\":\"https:\/\/www.gaveanews.com\/index.php\/2024\/09\/04\/prefeito-de-madrid-manda-recado-para-vini-jr\/#primaryimage\"},\"thumbnailUrl\":\"https:\/\/www.gaveanews.com\/wp-content\/uploads\/Vinicius-Junior-em-acao-pelo-Real-Madrid-contra-o-Sheriff-pela-Champions-League.webp\",\"datePublished\":\"2024-09-05T01:00:00+00:00\",\"author\":{\"@id\":\"https:\/\/www.gaveanews.com\/#\/schema\/person\/37122681a8575a5c8db05a56f099a5e4\"},\"breadcrumb\":{\"@id\":\"https:\/\/www.gaveanews.com\/index.php\/2024\/09\/04\/prefeito-de-madrid-manda-recado-para-vini-jr\/#breadcrumb\"},\"inLanguage\":\"pt-BR\",\"potentialAction\":[{\"@type\":\"ReadAction\",\"target\":[\"https:\/\/www.gaveanews.com\/index.php\/2024\/09\/04\/prefeito-de-madrid-manda-recado-para-vini-jr\/\"]}]},{\"@type\":\"ImageObject\",\"inLanguage\":\"pt-BR\",\"@id\":\"https:\/\/www.gaveanews.com\/index.php\/2024\/09\/04\/prefeito-de-madrid-manda-recado-para-vini-jr\/#primaryimage\",\"url\":\"https:\/\/www.gaveanews.com\/wp-content\/uploads\/Vinicius-Junior-em-acao-pelo-Real-Madrid-contra-o-Sheriff-pela-Champions-League.webp\",\"contentUrl\":\"https:\/\/www.gaveanews.com\/wp-content\/uploads\/Vinicius-Junior-em-acao-pelo-Real-Madrid-contra-o-Sheriff-pela-Champions-League.webp\",\"width\":1361,\"height\":1020,\"caption\":\"Vin\u00edcius J\u00fanior em a\u00e7\u00e3o pelo Real Madrid contra o Sheriff pela Champions League (Foto: Reuters)\"},{\"@type\":\"BreadcrumbList\",\"@id\":\"https:\/\/www.gaveanews.com\/index.php\/2024\/09\/04\/prefeito-de-madrid-manda-recado-para-vini-jr\/#breadcrumb\",\"itemListElement\":[{\"@type\":\"ListItem\",\"position\":1,\"name\":\"Home\",\"item\":\"https:\/\/www.gaveanews.com\/\"},{\"@type\":\"ListItem\",\"position\":2,\"name\":\"Prefeito de Madrid manda recado para Vini Jr\"}]},{\"@type\":\"WebSite\",\"@id\":\"https:\/\/www.gaveanews.com\/#website\",\"url\":\"https:\/\/www.gaveanews.com\/\",\"name\":\"G\u00e1vea News\",\"description\":\"Veja todas as not\u00edcias sobre o Flamengo: Contrata\u00e7\u00f5es, categorias de base, resultados das partidas, tabela de classifica\u00e7\u00e3o, pr\u00f3ximos jogos!\",\"potentialAction\":[{\"@type\":\"SearchAction\",\"target\":{\"@type\":\"EntryPoint\",\"urlTemplate\":\"https:\/\/www.gaveanews.com\/?s={search_term_string}\"},\"query-input\":{\"@type\":\"PropertyValueSpecification\",\"valueRequired\":true,\"valueName\":\"search_term_string\"}}],\"inLanguage\":\"pt-BR\"},{\"@type\":\"Person\",\"@id\":\"https:\/\/www.gaveanews.com\/#\/schema\/person\/37122681a8575a5c8db05a56f099a5e4\",\"name\":\"D\u00e9bora Figueiredo\",\"image\":{\"@type\":\"ImageObject\",\"inLanguage\":\"pt-BR\",\"@id\":\"https:\/\/www.gaveanews.com\/#\/schema\/person\/image\/\",\"url\":\"https:\/\/secure.gravatar.com\/avatar\/1f44802859351588499d26f52aed1d15796ce17e67602895b72837c08018868d?s=96&d=mm&r=g\",\"contentUrl\":\"https:\/\/secure.gravatar.com\/avatar\/1f44802859351588499d26f52aed1d15796ce17e67602895b72837c08018868d?s=96&d=mm&r=g\",\"caption\":\"D\u00e9bora Figueiredo\"}}]}<\/script>\n<!-- \/ Yoast SEO Premium plugin. -->","yoast_head_json":{"title":"Prefeito de Madrid manda recado para Vini Jr","robots":{"index":"index","follow":"follow","max-snippet":"max-snippet:-1","max-image-preview":"max-image-preview:large","max-video-preview":"max-video-preview:-1"},"canonical":"https:\/\/www.gaveanews.com\/index.php\/2024\/09\/04\/prefeito-de-madrid-manda-recado-para-vini-jr\/","og_locale":"pt_BR","og_type":"article","og_title":"Prefeito de Madrid manda recado para Vini Jr","og_description":"Prefeito de Madrid manda recado para Vini Jr","og_url":"https:\/\/www.gaveanews.com\/index.php\/2024\/09\/04\/prefeito-de-madrid-manda-recado-para-vini-jr\/","og_site_name":"G\u00e1vea News","article_publisher":"https:\/\/facebook.com\/gaveaNews\/","article_published_time":"2024-09-05T01:00:00+00:00","og_image":[{"width":1361,"height":1020,"url":"https:\/\/www.gaveanews.com\/wp-content\/uploads\/Vinicius-Junior-em-acao-pelo-Real-Madrid-contra-o-Sheriff-pela-Champions-League.webp","type":"image\/jpeg"}],"author":"D\u00e9bora Figueiredo","twitter_card":"summary_large_image","twitter_misc":{"Escrito por":"D\u00e9bora Figueiredo","Est. tempo de leitura":"3 minutos"},"schema":{"@context":"https:\/\/schema.org","@graph":[{"@type":"NewsArticle","@id":"https:\/\/www.gaveanews.com\/index.php\/2024\/09\/04\/prefeito-de-madrid-manda-recado-para-vini-jr\/#article","isPartOf":{"@id":"https:\/\/www.gaveanews.com\/index.php\/2024\/09\/04\/prefeito-de-madrid-manda-recado-para-vini-jr\/"},"author":{"name":"D\u00e9bora Figueiredo","@id":"https:\/\/www.gaveanews.com\/#\/schema\/person\/37122681a8575a5c8db05a56f099a5e4"},"headline":"Prefeito de Madrid manda recado para Vini Jr","datePublished":"2024-09-05T01:00:00+00:00","mainEntityOfPage":{"@id":"https:\/\/www.gaveanews.com\/index.php\/2024\/09\/04\/prefeito-de-madrid-manda-recado-para-vini-jr\/"},"wordCount":530,"commentCount":0,"image":{"@id":"https:\/\/www.gaveanews.com\/index.php\/2024\/09\/04\/prefeito-de-madrid-manda-recado-para-vini-jr\/#primaryimage"},"thumbnailUrl":"https:\/\/www.gaveanews.com\/wp-content\/uploads\/Vinicius-Junior-em-acao-pelo-Real-Madrid-contra-o-Sheriff-pela-Champions-League.webp","articleSection":["Flamengo","Real Madrid"],"inLanguage":"pt-BR","potentialAction":[{"@type":"CommentAction","name":"Comment","target":["https:\/\/www.gaveanews.com\/index.php\/2024\/09\/04\/prefeito-de-madrid-manda-recado-para-vini-jr\/#respond"]}],"copyrightYear":"2024","copyrightHolder":{"@id":"https:\/\/www.gaveanews.com\/#organization"}},{"@type":"WebPage","@id":"https:\/\/www.gaveanews.com\/index.php\/2024\/09\/04\/prefeito-de-madrid-manda-recado-para-vini-jr\/","url":"https:\/\/www.gaveanews.com\/index.php\/2024\/09\/04\/prefeito-de-madrid-manda-recado-para-vini-jr\/","name":"Prefeito de Madrid manda recado para Vini Jr","isPartOf":{"@id":"https:\/\/www.gaveanews.com\/#website"},"primaryImageOfPage":{"@id":"https:\/\/www.gaveanews.com\/index.php\/2024\/09\/04\/prefeito-de-madrid-manda-recado-para-vini-jr\/#primaryimage"},"image":{"@id":"https:\/\/www.gaveanews.com\/index.php\/2024\/09\/04\/prefeito-de-madrid-manda-recado-para-vini-jr\/#primaryimage"},"thumbnailUrl":"https:\/\/www.gaveanews.com\/wp-content\/uploads\/Vinicius-Junior-em-acao-pelo-Real-Madrid-contra-o-Sheriff-pela-Champions-League.webp","datePublished":"2024-09-05T01:00:00+00:00","author":{"@id":"https:\/\/www.gaveanews.com\/#\/schema\/person\/37122681a8575a5c8db05a56f099a5e4"},"breadcrumb":{"@id":"https:\/\/www.gaveanews.com\/index.php\/2024\/09\/04\/prefeito-de-madrid-manda-recado-para-vini-jr\/#breadcrumb"},"inLanguage":"pt-BR","potentialAction":[{"@type":"ReadAction","target":["https:\/\/www.gaveanews.com\/index.php\/2024\/09\/04\/prefeito-de-madrid-manda-recado-para-vini-jr\/"]}]},{"@type":"ImageObject","inLanguage":"pt-BR","@id":"https:\/\/www.gaveanews.com\/index.php\/2024\/09\/04\/prefeito-de-madrid-manda-recado-para-vini-jr\/#primaryimage","url":"https:\/\/www.gaveanews.com\/wp-content\/uploads\/Vinicius-Junior-em-acao-pelo-Real-Madrid-contra-o-Sheriff-pela-Champions-League.webp","contentUrl":"https:\/\/www.gaveanews.com\/wp-content\/uploads\/Vinicius-Junior-em-acao-pelo-Real-Madrid-contra-o-Sheriff-pela-Champions-League.webp","width":1361,"height":1020,"caption":"Vin\u00edcius J\u00fanior em a\u00e7\u00e3o pelo Real Madrid contra o Sheriff pela Champions League (Foto: Reuters)"},{"@type":"BreadcrumbList","@id":"https:\/\/www.gaveanews.com\/index.php\/2024\/09\/04\/prefeito-de-madrid-manda-recado-para-vini-jr\/#breadcrumb","itemListElement":[{"@type":"ListItem","position":1,"name":"Home","item":"https:\/\/www.gaveanews.com\/"},{"@type":"ListItem","position":2,"name":"Prefeito de Madrid manda recado para Vini Jr"}]},{"@type":"WebSite","@id":"https:\/\/www.gaveanews.com\/#website","url":"https:\/\/www.gaveanews.com\/","name":"G\u00e1vea News","description":"Veja todas as not\u00edcias sobre o Flamengo: Contrata\u00e7\u00f5es, categorias de base, resultados das partidas, tabela de classifica\u00e7\u00e3o, pr\u00f3ximos jogos!","potentialAction":[{"@type":"SearchAction","target":{"@type":"EntryPoint","urlTemplate":"https:\/\/www.gaveanews.com\/?s={search_term_string}"},"query-input":{"@type":"PropertyValueSpecification","valueRequired":true,"valueName":"search_term_string"}}],"inLanguage":"pt-BR"},{"@type":"Person","@id":"https:\/\/www.gaveanews.com\/#\/schema\/person\/37122681a8575a5c8db05a56f099a5e4","name":"D\u00e9bora Figueiredo","image":{"@type":"ImageObject","inLanguage":"pt-BR","@id":"https:\/\/www.gaveanews.com\/#\/schema\/person\/image\/","url":"https:\/\/secure.gravatar.com\/avatar\/1f44802859351588499d26f52aed1d15796ce17e67602895b72837c08018868d?s=96&d=mm&r=g","contentUrl":"https:\/\/secure.gravatar.com\/avatar\/1f44802859351588499d26f52aed1d15796ce17e67602895b72837c08018868d?s=96&d=mm&r=g","caption":"D\u00e9bora Figueiredo"}}]}},"_links":{"self":[{"href":"https:\/\/www.gaveanews.com\/index.php\/wp-json\/wp\/v2\/posts\/164114","targetHints":{"allow":["GET"]}}],"collection":[{"href":"https:\/\/www.gaveanews.com\/index.php\/wp-json\/wp\/v2\/posts"}],"about":[{"href":"https:\/\/www.gaveanews.com\/index.php\/wp-json\/wp\/v2\/types\/post"}],"author":[{"embeddable":true,"href":"https:\/\/www.gaveanews.com\/index.php\/wp-json\/wp\/v2\/users\/16"}],"replies":[{"embeddable":true,"href":"https:\/\/www.gaveanews.com\/index.php\/wp-json\/wp\/v2\/comments?post=164114"}],"version-history":[{"count":1,"href":"https:\/\/www.gaveanews.com\/index.php\/wp-json\/wp\/v2\/posts\/164114\/revisions"}],"predecessor-version":[{"id":164115,"href":"https:\/\/www.gaveanews.com\/index.php\/wp-json\/wp\/v2\/posts\/164114\/revisions\/164115"}],"wp:featuredmedia":[{"embeddable":true,"href":"https:\/\/www.gaveanews.com\/index.php\/wp-json\/wp\/v2\/media\/74860"}],"wp:attachment":[{"href":"https:\/\/www.gaveanews.com\/index.php\/wp-json\/wp\/v2\/media?parent=164114"}],"wp:term":[{"taxonomy":"category","embeddable":true,"href":"https:\/\/www.gaveanews.com\/index.php\/wp-json\/wp\/v2\/categories?post=164114"},{"taxonomy":"post_tag","embeddable":true,"href":"https:\/\/www.gaveanews.com\/index.php\/wp-json\/wp\/v2\/tags?post=164114"}],"curies":[{"name":"wp","href":"https:\/\/api.w.org\/{rel}","templated":true}]}}