{"id":164272,"date":"2024-09-05T22:00:00","date_gmt":"2024-09-06T01:00:00","guid":{"rendered":"https:\/\/www.gaveanews.com\/?p=164272"},"modified":"2024-09-05T16:26:20","modified_gmt":"2024-09-05T19:26:20","slug":"a-declaracao-de-maxime-dominguez-ao-chegar-no-rio-para-assinar-com-o-vasco","status":"publish","type":"post","link":"https:\/\/www.gaveanews.com\/index.php\/2024\/09\/05\/a-declaracao-de-maxime-dominguez-ao-chegar-no-rio-para-assinar-com-o-vasco\/","title":{"rendered":"A declara\u00e7\u00e3o de Maxime Dominguez ao chegar no Rio para assinar com o Vasco"},"content":{"rendered":"\n<p>O Vasco fechou a contrata\u00e7\u00e3o do meia Maxime Dominguez, que chegou ao Rio para assinar contrato com Pedrinho e passar a vestir as cores do Cruzmaltino.<\/p>\n\n\n\n<p>De acordo com o GE, nascido na Su\u00ed\u00e7a, aos 28 anos Maxi Dominguez se mostrou empolgado em defender as cores de um clube tradicional no Brasil.<\/p>\n\n\n\n<ul class=\"wp-block-list\">\n<li><a href=\"https:\/\/www.gaveanews.com\/index.php\/2024\/09\/05\/apos-7-meses-ele-vai-voltar-a-jogar-pelo-vasco\/\">Ap\u00f3s 7 meses, ele vai voltar a jogar pelo Vasco<\/a><\/li>\n\n\n\n<li><a href=\"https:\/\/www.gaveanews.com\/index.php\/2024\/09\/04\/flamengo-palmeiras-vasco-corinthians-sao-paulo-veja-os-times-com-mais-seguidores-nas-redes-sociais\/\">Flamengo, Palmeiras, Vasco, Corinthians, S\u00e3o Paulo: veja os times com mais seguidores nas redes sociais<\/a><\/li>\n<\/ul>\n\n\n\n<p>&#8220;\u00c9 um clube incr\u00edvel, estou muito feliz de me juntar a esse clube incr\u00edvel, esse clube hist\u00f3rico do Brasil, do &#8220;pa\u00eds do futebol&#8221; (disse essa parte em portugu\u00eas). Ent\u00e3o estou feliz de estar aqui&#8221;, disse o jogador.<\/p>\n\n\n\n<p>Ele diz que conhece o Vasco pela hist\u00f3ria constru\u00edda pelo Rom\u00e1rio no clube Brasileiro e que est\u00e1 ansioso para vestir as cores do clube:<\/p>\n\n\n\n<p>&#8220;Sim, j\u00e1 escutei (sobre o Vasco). \u00c9 o clube do Rom\u00e1rio, um jogador incr\u00edvel, eu sei disso. Como eu disse, sei que \u00e9 um clube incr\u00edvel no Brasil. N\u00e3o posso esperar para come\u00e7ar&nbsp;&#8220;, disse.<\/p>\n\n\n\n<figure class=\"wp-block-embed is-type-photo is-provider-flickr wp-block-embed-flickr\"><div class=\"wp-block-embed__wrapper\">\n<a href=\"https:\/\/flic.kr\/p\/2qdURVB\"><img loading=\"lazy\" decoding=\"async\" src=\"https:\/\/live.staticflickr.com\/65535\/53967366697_d194be684e_z.webp\" alt=\"_dominguezmaxime10_1725369875393\" width=\"640\" height=\"640\" \/><\/a>\n<\/div><\/figure>\n\n\n\n<p>Maxime Dominguez comentou que n\u00e3o se importa sobre o lado do campo que o t\u00e9cnico Rafael Paiva o colocar\u00e1 para jogar e que se sente bem em muitas posi\u00e7\u00f5es no campo:<\/p>\n\n\n\n<p>&#8220;Acho que eu posso jogar nas duas posi\u00e7\u00f5es, posso jogar no meio, pelos lados. Eu venho para ajudar o time. O que precisarem que eu fa\u00e7a, vou fazer o meu melhor para ajudar&#8221;<\/p>\n\n\n\n<p>Ser\u00e1 a primeira experi\u00eancia do meio campo fora da Europa, Ele foi revelado pelo Servette na Su\u00ed\u00e7a e jogou em outros clubes no pa\u00eds, Lausanne Sport e Neuch\u00e2tel Xamax. Foi para a Pol\u00f4nia jogar no Miedz Legnica e RKS Rak\u00f3w. A \u00faltima temporada ele vestu as cores do Gil Vicente de Portugal. <\/p>\n","protected":false},"excerpt":{"rendered":"<p>O Vasco fechou a contrata\u00e7\u00e3o do meia Maxime Dominguez, que chegou ao Rio para assinar contrato com Pedrinho e passar a vestir as cores do Cruzmaltino. De acordo com o GE, nascido na Su\u00ed\u00e7a, aos 28 anos Maxi Dominguez se mostrou empolgado em defender as cores de um clube tradicional no Brasil. &#8220;\u00c9 um clube [&hellip;]<\/p>\n","protected":false},"author":19,"featured_media":161261,"comment_status":"open","ping_status":"closed","sticky":false,"template":"","format":"standard","meta":{"footnotes":""},"categories":[152],"tags":[],"class_list":["post-164272","post","type-post","status-publish","format-standard","has-post-thumbnail","hentry","category-vasco"],"yoast_head":"<!-- This site is optimized with the Yoast SEO Premium plugin v24.2 (Yoast SEO v26.9) - https:\/\/yoast.com\/product\/yoast-seo-premium-wordpress\/ -->\n<title>A declara\u00e7\u00e3o de Maxime Dominguez ao chegar no Rio para assinar com o Vasco<\/title>\n<meta name=\"robots\" content=\"index, follow, max-snippet:-1, max-image-preview:large, max-video-preview:-1\" \/>\n<link rel=\"canonical\" href=\"https:\/\/www.gaveanews.com\/index.php\/2024\/09\/05\/a-declaracao-de-maxime-dominguez-ao-chegar-no-rio-para-assinar-com-o-vasco\/\" \/>\n<meta property=\"og:locale\" content=\"pt_BR\" \/>\n<meta property=\"og:type\" content=\"article\" \/>\n<meta property=\"og:title\" content=\"A declara\u00e7\u00e3o de Maxime Dominguez ao chegar no Rio para assinar com o Vasco\" \/>\n<meta property=\"og:description\" content=\"O Vasco fechou a contrata\u00e7\u00e3o do meia Maxime Dominguez, que chegou ao Rio para assinar contrato com Pedrinho e passar a vestir as cores do Cruzmaltino. De acordo com o GE, nascido na Su\u00ed\u00e7a, aos 28 anos Maxi Dominguez se mostrou empolgado em defender as cores de um clube tradicional no Brasil. &#8220;\u00c9 um clube [&hellip;]\" \/>\n<meta property=\"og:url\" content=\"https:\/\/www.gaveanews.com\/index.php\/2024\/09\/05\/a-declaracao-de-maxime-dominguez-ao-chegar-no-rio-para-assinar-com-o-vasco\/\" \/>\n<meta property=\"og:site_name\" content=\"G\u00e1vea News\" \/>\n<meta property=\"article:publisher\" content=\"https:\/\/facebook.com\/gaveaNews\/\" \/>\n<meta property=\"article:published_time\" content=\"2024-09-06T01:00:00+00:00\" \/>\n<meta property=\"og:image\" content=\"https:\/\/www.gaveanews.com\/wp-content\/uploads\/Camisa-do-Vasco-2024.webp\" \/>\n\t<meta property=\"og:image:width\" content=\"1059\" \/>\n\t<meta property=\"og:image:height\" content=\"794\" \/>\n\t<meta property=\"og:image:type\" content=\"image\/webp\" \/>\n<meta name=\"author\" content=\"Bruno Zanchetta\" \/>\n<meta name=\"twitter:card\" content=\"summary_large_image\" \/>\n<meta name=\"twitter:label1\" content=\"Escrito por\" \/>\n\t<meta name=\"twitter:data1\" content=\"Bruno Zanchetta\" \/>\n\t<meta name=\"twitter:label2\" content=\"Est. tempo de leitura\" \/>\n\t<meta name=\"twitter:data2\" content=\"3 minutos\" \/>\n<script type=\"application\/ld+json\" class=\"yoast-schema-graph\">{\"@context\":\"https:\/\/schema.org\",\"@graph\":[{\"@type\":\"NewsArticle\",\"@id\":\"https:\/\/www.gaveanews.com\/index.php\/2024\/09\/05\/a-declaracao-de-maxime-dominguez-ao-chegar-no-rio-para-assinar-com-o-vasco\/#article\",\"isPartOf\":{\"@id\":\"https:\/\/www.gaveanews.com\/index.php\/2024\/09\/05\/a-declaracao-de-maxime-dominguez-ao-chegar-no-rio-para-assinar-com-o-vasco\/\"},\"author\":{\"name\":\"Bruno Zanchetta\",\"@id\":\"https:\/\/www.gaveanews.com\/#\/schema\/person\/32fddefab25b466689f181be346cd98c\"},\"headline\":\"A declara\u00e7\u00e3o de Maxime Dominguez ao chegar no Rio para assinar com o Vasco\",\"datePublished\":\"2024-09-06T01:00:00+00:00\",\"mainEntityOfPage\":{\"@id\":\"https:\/\/www.gaveanews.com\/index.php\/2024\/09\/05\/a-declaracao-de-maxime-dominguez-ao-chegar-no-rio-para-assinar-com-o-vasco\/\"},\"wordCount\":333,\"commentCount\":0,\"image\":{\"@id\":\"https:\/\/www.gaveanews.com\/index.php\/2024\/09\/05\/a-declaracao-de-maxime-dominguez-ao-chegar-no-rio-para-assinar-com-o-vasco\/#primaryimage\"},\"thumbnailUrl\":\"https:\/\/www.gaveanews.com\/wp-content\/uploads\/Camisa-do-Vasco-2024.webp\",\"articleSection\":[\"Vasco\"],\"inLanguage\":\"pt-BR\",\"potentialAction\":[{\"@type\":\"CommentAction\",\"name\":\"Comment\",\"target\":[\"https:\/\/www.gaveanews.com\/index.php\/2024\/09\/05\/a-declaracao-de-maxime-dominguez-ao-chegar-no-rio-para-assinar-com-o-vasco\/#respond\"]}],\"copyrightYear\":\"2024\",\"copyrightHolder\":{\"@id\":\"https:\/\/www.gaveanews.com\/#organization\"}},{\"@type\":\"WebPage\",\"@id\":\"https:\/\/www.gaveanews.com\/index.php\/2024\/09\/05\/a-declaracao-de-maxime-dominguez-ao-chegar-no-rio-para-assinar-com-o-vasco\/\",\"url\":\"https:\/\/www.gaveanews.com\/index.php\/2024\/09\/05\/a-declaracao-de-maxime-dominguez-ao-chegar-no-rio-para-assinar-com-o-vasco\/\",\"name\":\"A declara\u00e7\u00e3o de Maxime Dominguez ao chegar no Rio para assinar com o Vasco\",\"isPartOf\":{\"@id\":\"https:\/\/www.gaveanews.com\/#website\"},\"primaryImageOfPage\":{\"@id\":\"https:\/\/www.gaveanews.com\/index.php\/2024\/09\/05\/a-declaracao-de-maxime-dominguez-ao-chegar-no-rio-para-assinar-com-o-vasco\/#primaryimage\"},\"image\":{\"@id\":\"https:\/\/www.gaveanews.com\/index.php\/2024\/09\/05\/a-declaracao-de-maxime-dominguez-ao-chegar-no-rio-para-assinar-com-o-vasco\/#primaryimage\"},\"thumbnailUrl\":\"https:\/\/www.gaveanews.com\/wp-content\/uploads\/Camisa-do-Vasco-2024.webp\",\"datePublished\":\"2024-09-06T01:00:00+00:00\",\"author\":{\"@id\":\"https:\/\/www.gaveanews.com\/#\/schema\/person\/32fddefab25b466689f181be346cd98c\"},\"breadcrumb\":{\"@id\":\"https:\/\/www.gaveanews.com\/index.php\/2024\/09\/05\/a-declaracao-de-maxime-dominguez-ao-chegar-no-rio-para-assinar-com-o-vasco\/#breadcrumb\"},\"inLanguage\":\"pt-BR\",\"potentialAction\":[{\"@type\":\"ReadAction\",\"target\":[\"https:\/\/www.gaveanews.com\/index.php\/2024\/09\/05\/a-declaracao-de-maxime-dominguez-ao-chegar-no-rio-para-assinar-com-o-vasco\/\"]}]},{\"@type\":\"ImageObject\",\"inLanguage\":\"pt-BR\",\"@id\":\"https:\/\/www.gaveanews.com\/index.php\/2024\/09\/05\/a-declaracao-de-maxime-dominguez-ao-chegar-no-rio-para-assinar-com-o-vasco\/#primaryimage\",\"url\":\"https:\/\/www.gaveanews.com\/wp-content\/uploads\/Camisa-do-Vasco-2024.webp\",\"contentUrl\":\"https:\/\/www.gaveanews.com\/wp-content\/uploads\/Camisa-do-Vasco-2024.webp\",\"width\":1059,\"height\":794,\"caption\":\"Camisa do Vasco 2024 (Foto: Reprodu\u00e7\u00e3o\/Instagram)\"},{\"@type\":\"BreadcrumbList\",\"@id\":\"https:\/\/www.gaveanews.com\/index.php\/2024\/09\/05\/a-declaracao-de-maxime-dominguez-ao-chegar-no-rio-para-assinar-com-o-vasco\/#breadcrumb\",\"itemListElement\":[{\"@type\":\"ListItem\",\"position\":1,\"name\":\"Home\",\"item\":\"https:\/\/www.gaveanews.com\/\"},{\"@type\":\"ListItem\",\"position\":2,\"name\":\"A declara\u00e7\u00e3o de Maxime Dominguez ao chegar no Rio para assinar com o Vasco\"}]},{\"@type\":\"WebSite\",\"@id\":\"https:\/\/www.gaveanews.com\/#website\",\"url\":\"https:\/\/www.gaveanews.com\/\",\"name\":\"G\u00e1vea News\",\"description\":\"Veja todas as not\u00edcias sobre o Flamengo: Contrata\u00e7\u00f5es, categorias de base, resultados das partidas, tabela de classifica\u00e7\u00e3o, pr\u00f3ximos jogos!\",\"potentialAction\":[{\"@type\":\"SearchAction\",\"target\":{\"@type\":\"EntryPoint\",\"urlTemplate\":\"https:\/\/www.gaveanews.com\/?s={search_term_string}\"},\"query-input\":{\"@type\":\"PropertyValueSpecification\",\"valueRequired\":true,\"valueName\":\"search_term_string\"}}],\"inLanguage\":\"pt-BR\"},{\"@type\":\"Person\",\"@id\":\"https:\/\/www.gaveanews.com\/#\/schema\/person\/32fddefab25b466689f181be346cd98c\",\"name\":\"Bruno Zanchetta\",\"image\":{\"@type\":\"ImageObject\",\"inLanguage\":\"pt-BR\",\"@id\":\"https:\/\/www.gaveanews.com\/#\/schema\/person\/image\/\",\"url\":\"https:\/\/secure.gravatar.com\/avatar\/3ba2d39f8a912ad65276975a996d6ad8d9e3dd13448684be8dc4d7c17099d2ee?s=96&d=mm&r=g\",\"contentUrl\":\"https:\/\/secure.gravatar.com\/avatar\/3ba2d39f8a912ad65276975a996d6ad8d9e3dd13448684be8dc4d7c17099d2ee?s=96&d=mm&r=g\",\"caption\":\"Bruno Zanchetta\"}}]}<\/script>\n<!-- \/ Yoast SEO Premium plugin. -->","yoast_head_json":{"title":"A declara\u00e7\u00e3o de Maxime Dominguez ao chegar no Rio para assinar com o Vasco","robots":{"index":"index","follow":"follow","max-snippet":"max-snippet:-1","max-image-preview":"max-image-preview:large","max-video-preview":"max-video-preview:-1"},"canonical":"https:\/\/www.gaveanews.com\/index.php\/2024\/09\/05\/a-declaracao-de-maxime-dominguez-ao-chegar-no-rio-para-assinar-com-o-vasco\/","og_locale":"pt_BR","og_type":"article","og_title":"A declara\u00e7\u00e3o de Maxime Dominguez ao chegar no Rio para assinar com o Vasco","og_description":"O Vasco fechou a contrata\u00e7\u00e3o do meia Maxime Dominguez, que chegou ao Rio para assinar contrato com Pedrinho e passar a vestir as cores do Cruzmaltino. De acordo com o GE, nascido na Su\u00ed\u00e7a, aos 28 anos Maxi Dominguez se mostrou empolgado em defender as cores de um clube tradicional no Brasil. &#8220;\u00c9 um clube [&hellip;]","og_url":"https:\/\/www.gaveanews.com\/index.php\/2024\/09\/05\/a-declaracao-de-maxime-dominguez-ao-chegar-no-rio-para-assinar-com-o-vasco\/","og_site_name":"G\u00e1vea News","article_publisher":"https:\/\/facebook.com\/gaveaNews\/","article_published_time":"2024-09-06T01:00:00+00:00","og_image":[{"width":1059,"height":794,"url":"https:\/\/www.gaveanews.com\/wp-content\/uploads\/Camisa-do-Vasco-2024.webp","type":"image\/webp"}],"author":"Bruno Zanchetta","twitter_card":"summary_large_image","twitter_misc":{"Escrito por":"Bruno Zanchetta","Est. tempo de leitura":"3 minutos"},"schema":{"@context":"https:\/\/schema.org","@graph":[{"@type":"NewsArticle","@id":"https:\/\/www.gaveanews.com\/index.php\/2024\/09\/05\/a-declaracao-de-maxime-dominguez-ao-chegar-no-rio-para-assinar-com-o-vasco\/#article","isPartOf":{"@id":"https:\/\/www.gaveanews.com\/index.php\/2024\/09\/05\/a-declaracao-de-maxime-dominguez-ao-chegar-no-rio-para-assinar-com-o-vasco\/"},"author":{"name":"Bruno Zanchetta","@id":"https:\/\/www.gaveanews.com\/#\/schema\/person\/32fddefab25b466689f181be346cd98c"},"headline":"A declara\u00e7\u00e3o de Maxime Dominguez ao chegar no Rio para assinar com o Vasco","datePublished":"2024-09-06T01:00:00+00:00","mainEntityOfPage":{"@id":"https:\/\/www.gaveanews.com\/index.php\/2024\/09\/05\/a-declaracao-de-maxime-dominguez-ao-chegar-no-rio-para-assinar-com-o-vasco\/"},"wordCount":333,"commentCount":0,"image":{"@id":"https:\/\/www.gaveanews.com\/index.php\/2024\/09\/05\/a-declaracao-de-maxime-dominguez-ao-chegar-no-rio-para-assinar-com-o-vasco\/#primaryimage"},"thumbnailUrl":"https:\/\/www.gaveanews.com\/wp-content\/uploads\/Camisa-do-Vasco-2024.webp","articleSection":["Vasco"],"inLanguage":"pt-BR","potentialAction":[{"@type":"CommentAction","name":"Comment","target":["https:\/\/www.gaveanews.com\/index.php\/2024\/09\/05\/a-declaracao-de-maxime-dominguez-ao-chegar-no-rio-para-assinar-com-o-vasco\/#respond"]}],"copyrightYear":"2024","copyrightHolder":{"@id":"https:\/\/www.gaveanews.com\/#organization"}},{"@type":"WebPage","@id":"https:\/\/www.gaveanews.com\/index.php\/2024\/09\/05\/a-declaracao-de-maxime-dominguez-ao-chegar-no-rio-para-assinar-com-o-vasco\/","url":"https:\/\/www.gaveanews.com\/index.php\/2024\/09\/05\/a-declaracao-de-maxime-dominguez-ao-chegar-no-rio-para-assinar-com-o-vasco\/","name":"A declara\u00e7\u00e3o de Maxime Dominguez ao chegar no Rio para assinar com o Vasco","isPartOf":{"@id":"https:\/\/www.gaveanews.com\/#website"},"primaryImageOfPage":{"@id":"https:\/\/www.gaveanews.com\/index.php\/2024\/09\/05\/a-declaracao-de-maxime-dominguez-ao-chegar-no-rio-para-assinar-com-o-vasco\/#primaryimage"},"image":{"@id":"https:\/\/www.gaveanews.com\/index.php\/2024\/09\/05\/a-declaracao-de-maxime-dominguez-ao-chegar-no-rio-para-assinar-com-o-vasco\/#primaryimage"},"thumbnailUrl":"https:\/\/www.gaveanews.com\/wp-content\/uploads\/Camisa-do-Vasco-2024.webp","datePublished":"2024-09-06T01:00:00+00:00","author":{"@id":"https:\/\/www.gaveanews.com\/#\/schema\/person\/32fddefab25b466689f181be346cd98c"},"breadcrumb":{"@id":"https:\/\/www.gaveanews.com\/index.php\/2024\/09\/05\/a-declaracao-de-maxime-dominguez-ao-chegar-no-rio-para-assinar-com-o-vasco\/#breadcrumb"},"inLanguage":"pt-BR","potentialAction":[{"@type":"ReadAction","target":["https:\/\/www.gaveanews.com\/index.php\/2024\/09\/05\/a-declaracao-de-maxime-dominguez-ao-chegar-no-rio-para-assinar-com-o-vasco\/"]}]},{"@type":"ImageObject","inLanguage":"pt-BR","@id":"https:\/\/www.gaveanews.com\/index.php\/2024\/09\/05\/a-declaracao-de-maxime-dominguez-ao-chegar-no-rio-para-assinar-com-o-vasco\/#primaryimage","url":"https:\/\/www.gaveanews.com\/wp-content\/uploads\/Camisa-do-Vasco-2024.webp","contentUrl":"https:\/\/www.gaveanews.com\/wp-content\/uploads\/Camisa-do-Vasco-2024.webp","width":1059,"height":794,"caption":"Camisa do Vasco 2024 (Foto: Reprodu\u00e7\u00e3o\/Instagram)"},{"@type":"BreadcrumbList","@id":"https:\/\/www.gaveanews.com\/index.php\/2024\/09\/05\/a-declaracao-de-maxime-dominguez-ao-chegar-no-rio-para-assinar-com-o-vasco\/#breadcrumb","itemListElement":[{"@type":"ListItem","position":1,"name":"Home","item":"https:\/\/www.gaveanews.com\/"},{"@type":"ListItem","position":2,"name":"A declara\u00e7\u00e3o de Maxime Dominguez ao chegar no Rio para assinar com o Vasco"}]},{"@type":"WebSite","@id":"https:\/\/www.gaveanews.com\/#website","url":"https:\/\/www.gaveanews.com\/","name":"G\u00e1vea News","description":"Veja todas as not\u00edcias sobre o Flamengo: Contrata\u00e7\u00f5es, categorias de base, resultados das partidas, tabela de classifica\u00e7\u00e3o, pr\u00f3ximos jogos!","potentialAction":[{"@type":"SearchAction","target":{"@type":"EntryPoint","urlTemplate":"https:\/\/www.gaveanews.com\/?s={search_term_string}"},"query-input":{"@type":"PropertyValueSpecification","valueRequired":true,"valueName":"search_term_string"}}],"inLanguage":"pt-BR"},{"@type":"Person","@id":"https:\/\/www.gaveanews.com\/#\/schema\/person\/32fddefab25b466689f181be346cd98c","name":"Bruno Zanchetta","image":{"@type":"ImageObject","inLanguage":"pt-BR","@id":"https:\/\/www.gaveanews.com\/#\/schema\/person\/image\/","url":"https:\/\/secure.gravatar.com\/avatar\/3ba2d39f8a912ad65276975a996d6ad8d9e3dd13448684be8dc4d7c17099d2ee?s=96&d=mm&r=g","contentUrl":"https:\/\/secure.gravatar.com\/avatar\/3ba2d39f8a912ad65276975a996d6ad8d9e3dd13448684be8dc4d7c17099d2ee?s=96&d=mm&r=g","caption":"Bruno Zanchetta"}}]}},"_links":{"self":[{"href":"https:\/\/www.gaveanews.com\/index.php\/wp-json\/wp\/v2\/posts\/164272","targetHints":{"allow":["GET"]}}],"collection":[{"href":"https:\/\/www.gaveanews.com\/index.php\/wp-json\/wp\/v2\/posts"}],"about":[{"href":"https:\/\/www.gaveanews.com\/index.php\/wp-json\/wp\/v2\/types\/post"}],"author":[{"embeddable":true,"href":"https:\/\/www.gaveanews.com\/index.php\/wp-json\/wp\/v2\/users\/19"}],"replies":[{"embeddable":true,"href":"https:\/\/www.gaveanews.com\/index.php\/wp-json\/wp\/v2\/comments?post=164272"}],"version-history":[{"count":3,"href":"https:\/\/www.gaveanews.com\/index.php\/wp-json\/wp\/v2\/posts\/164272\/revisions"}],"predecessor-version":[{"id":164366,"href":"https:\/\/www.gaveanews.com\/index.php\/wp-json\/wp\/v2\/posts\/164272\/revisions\/164366"}],"wp:featuredmedia":[{"embeddable":true,"href":"https:\/\/www.gaveanews.com\/index.php\/wp-json\/wp\/v2\/media\/161261"}],"wp:attachment":[{"href":"https:\/\/www.gaveanews.com\/index.php\/wp-json\/wp\/v2\/media?parent=164272"}],"wp:term":[{"taxonomy":"category","embeddable":true,"href":"https:\/\/www.gaveanews.com\/index.php\/wp-json\/wp\/v2\/categories?post=164272"},{"taxonomy":"post_tag","embeddable":true,"href":"https:\/\/www.gaveanews.com\/index.php\/wp-json\/wp\/v2\/tags?post=164272"}],"curies":[{"name":"wp","href":"https:\/\/api.w.org\/{rel}","templated":true}]}}