{"id":164619,"date":"2024-09-07T11:30:00","date_gmt":"2024-09-07T14:30:00","guid":{"rendered":"https:\/\/www.gaveanews.com\/?p=164619"},"modified":"2024-09-07T10:44:09","modified_gmt":"2024-09-07T13:44:09","slug":"rede-globo-toma-atitude-importante-sobre-a-equipe-da-f1","status":"publish","type":"post","link":"https:\/\/www.gaveanews.com\/index.php\/2024\/09\/07\/rede-globo-toma-atitude-importante-sobre-a-equipe-da-f1\/","title":{"rendered":"Rede Globo toma atitude importante sobre a equipe da F1"},"content":{"rendered":"\n<h2 class=\"wp-block-heading\" id=\"h-formula-1-deve-voltar-a-globo-em-2025-com-equipe-reformulada-e-sem-ex-integrantes-da-band\">F\u00f3rmula 1 deve voltar \u00e0 Globo em 2025 com equipe reformulada e sem ex-integrantes da Band<\/h2>\n\n\n\n<p>A Globo voltar\u00e1 a exibir a F\u00f3rmula 1 a partir de 2025, ap\u00f3s quatro anos sem transmitir a principal categoria do automobilismo mundial. No entanto, a emissora optou por n\u00e3o recontratar os profissionais que migraram para a Band, incluindo o narrador S\u00e9rgio Maur\u00edcio e o comentarista Reginaldo Leme.<\/p>\n\n\n\n<ul class=\"wp-block-list\">\n<li><a href=\"https:\/\/www.gaveanews.com\/index.php\/2024\/09\/04\/verstappen-faz-duras-criticas-ao-carro-da-red-bull\/\">Verstappen faz duras cr\u00edticas ao carro da Red Bull<\/a><\/li>\n\n\n\n<li><a href=\"https:\/\/www.gaveanews.com\/index.php\/2024\/09\/05\/estratosferico-veja-o-valor-do-novo-carro-de-fernando-alonso\/\">Estratosf\u00e9rico! Veja o valor do novo carro de Fernando Alonso<\/a><\/li>\n<\/ul>\n\n\n\n<p>A nova equipe de transmiss\u00e3o ser\u00e1 formada por nomes j\u00e1 presentes na Globo, como o ex-piloto Luciano Burti, o comentarista Rafael Lopes e os narradores Lu\u00eds Roberto e Everaldo Marques, que j\u00e1 narraram corridas de F\u00f3rmula 1 no \u00faltimo ano de exibi\u00e7\u00e3o pela emissora, em 2020.<\/p>\n\n\n\n<p>A emissora tamb\u00e9m descartou o retorno de Mariana Becker, correspondente internacional da categoria por 27 anos, preferindo utilizar seus atuais rep\u00f3rteres esportivos, como Andr\u00e9 Gallindo e Guilherme Pereira, para cobrir os eventos no exterior. A Globo aguarda apenas o distrato oficial entre a Liberty Media, propriet\u00e1ria dos direitos da F\u00f3rmula 1, e a Band, o que deve ocorrer nos pr\u00f3ximos dias.<\/p>\n\n\n\n<p>A volta da F\u00f3rmula 1 \u00e0 Globo est\u00e1 diretamente relacionada a problemas financeiros enfrentados pela Band, que adquiriu os direitos de transmiss\u00e3o da categoria em 2021.<\/p>\n\n\n\n<p>A emissora teve dificuldades para cumprir os compromissos contratuais ap\u00f3s uma mudan\u00e7a nas condi\u00e7\u00f5es de pagamento. At\u00e9 2022, Band e Liberty Media dividiam igualmente os valores arrecadados com patrocinadores, mas, em 2023, a Band assumiu o pagamento integral dos direitos, no valor de US$ 15 milh\u00f5es (R$ 84,3 milh\u00f5es) por temporada.<\/p>\n\n\n\n<p>No entanto, a emissora enfrentou dificuldades financeiras, agravadas por um incidente com uma casa de apostas que comprou uma cota de patroc\u00ednio de R$ 20 milh\u00f5es, mas n\u00e3o pagou o valor devido. O problema resultou em um processo judicial e contribuiu para a sa\u00edda da Band da transmiss\u00e3o da F\u00f3rmula 1. No acordo de sa\u00edda, a Band pagar\u00e1 apenas o valor devido como multa.<\/p>\n\n\n\n<p>A Globo v\u00ea o retorno da F\u00f3rmula 1 como uma grande oportunidade comercial, mesmo com a queda de audi\u00eancia nos \u00faltimos anos, em parte devido \u00e0 aus\u00eancia de pilotos brasileiros competitivos. A categoria ainda tem forte apelo junto ao p\u00fablico das classes AB, o que a torna atraente para os anunciantes. Durante o novo contrato, a emissora exibir\u00e1 grandes corridas, como o GP do Brasil e o GP de M\u00f4naco, al\u00e9m de outras 10 provas.<\/p>\n\n\n\n<p>A exibi\u00e7\u00e3o ininterrupta da F\u00f3rmula 1 pela Globo entre 1981 e 2020 foi um dos fatores que consolidou a popularidade do esporte no Brasil. Agora, com a categoria de volta \u00e0 sua programa\u00e7\u00e3o, a Globo espera retomar o protagonismo nas transmiss\u00f5es esportivas e explorar o potencial publicit\u00e1rio da F\u00f3rmula 1 em 2025.<\/p>\n","protected":false},"excerpt":{"rendered":"<p>F\u00f3rmula 1 deve voltar \u00e0 Globo em 2025 com equipe reformulada e sem ex-integrantes da Band A Globo voltar\u00e1 a exibir a F\u00f3rmula 1 a partir de 2025, ap\u00f3s quatro anos sem transmitir a principal categoria do automobilismo mundial. No entanto, a emissora optou por n\u00e3o recontratar os profissionais que migraram para a Band, incluindo [&hellip;]<\/p>\n","protected":false},"author":20,"featured_media":160749,"comment_status":"open","ping_status":"closed","sticky":false,"template":"","format":"standard","meta":{"footnotes":""},"categories":[451],"tags":[],"class_list":["post-164619","post","type-post","status-publish","format-standard","has-post-thumbnail","hentry","category-f1"],"yoast_head":"<!-- This site is optimized with the Yoast SEO Premium plugin v24.2 (Yoast SEO v26.9) - https:\/\/yoast.com\/product\/yoast-seo-premium-wordpress\/ -->\n<title>Rede Globo toma atitude importante sobre a equipe da F1<\/title>\n<meta name=\"robots\" content=\"index, follow, max-snippet:-1, max-image-preview:large, max-video-preview:-1\" \/>\n<link rel=\"canonical\" href=\"https:\/\/www.gaveanews.com\/index.php\/2024\/09\/07\/rede-globo-toma-atitude-importante-sobre-a-equipe-da-f1\/\" \/>\n<meta property=\"og:locale\" content=\"pt_BR\" \/>\n<meta property=\"og:type\" content=\"article\" \/>\n<meta property=\"og:title\" content=\"Rede Globo toma atitude importante sobre a equipe da F1\" \/>\n<meta property=\"og:description\" content=\"F\u00f3rmula 1 deve voltar \u00e0 Globo em 2025 com equipe reformulada e sem ex-integrantes da Band A Globo voltar\u00e1 a exibir a F\u00f3rmula 1 a partir de 2025, ap\u00f3s quatro anos sem transmitir a principal categoria do automobilismo mundial. No entanto, a emissora optou por n\u00e3o recontratar os profissionais que migraram para a Band, incluindo [&hellip;]\" \/>\n<meta property=\"og:url\" content=\"https:\/\/www.gaveanews.com\/index.php\/2024\/09\/07\/rede-globo-toma-atitude-importante-sobre-a-equipe-da-f1\/\" \/>\n<meta property=\"og:site_name\" content=\"G\u00e1vea News\" \/>\n<meta property=\"article:publisher\" content=\"https:\/\/facebook.com\/gaveaNews\/\" \/>\n<meta property=\"article:published_time\" content=\"2024-09-07T14:30:00+00:00\" \/>\n<meta property=\"og:image\" content=\"https:\/\/www.gaveanews.com\/wp-content\/uploads\/Corrida-da-Formula-1.webp\" \/>\n\t<meta property=\"og:image:width\" content=\"1068\" \/>\n\t<meta property=\"og:image:height\" content=\"801\" \/>\n\t<meta property=\"og:image:type\" content=\"image\/webp\" \/>\n<meta name=\"author\" content=\"Lucas Barros\" \/>\n<meta name=\"twitter:card\" content=\"summary_large_image\" \/>\n<meta name=\"twitter:label1\" content=\"Escrito por\" \/>\n\t<meta name=\"twitter:data1\" content=\"Lucas Barros\" \/>\n\t<meta name=\"twitter:label2\" content=\"Est. tempo de leitura\" \/>\n\t<meta name=\"twitter:data2\" content=\"3 minutos\" \/>\n<script type=\"application\/ld+json\" class=\"yoast-schema-graph\">{\"@context\":\"https:\/\/schema.org\",\"@graph\":[{\"@type\":\"NewsArticle\",\"@id\":\"https:\/\/www.gaveanews.com\/index.php\/2024\/09\/07\/rede-globo-toma-atitude-importante-sobre-a-equipe-da-f1\/#article\",\"isPartOf\":{\"@id\":\"https:\/\/www.gaveanews.com\/index.php\/2024\/09\/07\/rede-globo-toma-atitude-importante-sobre-a-equipe-da-f1\/\"},\"author\":{\"name\":\"Lucas Barros\",\"@id\":\"https:\/\/www.gaveanews.com\/#\/schema\/person\/2abf0cfa878f5f899daa5f781e82264c\"},\"headline\":\"Rede Globo toma atitude importante sobre a equipe da F1\",\"datePublished\":\"2024-09-07T14:30:00+00:00\",\"mainEntityOfPage\":{\"@id\":\"https:\/\/www.gaveanews.com\/index.php\/2024\/09\/07\/rede-globo-toma-atitude-importante-sobre-a-equipe-da-f1\/\"},\"wordCount\":484,\"commentCount\":0,\"image\":{\"@id\":\"https:\/\/www.gaveanews.com\/index.php\/2024\/09\/07\/rede-globo-toma-atitude-importante-sobre-a-equipe-da-f1\/#primaryimage\"},\"thumbnailUrl\":\"https:\/\/www.gaveanews.com\/wp-content\/uploads\/Corrida-da-Formula-1.webp\",\"articleSection\":[\"F1\"],\"inLanguage\":\"pt-BR\",\"potentialAction\":[{\"@type\":\"CommentAction\",\"name\":\"Comment\",\"target\":[\"https:\/\/www.gaveanews.com\/index.php\/2024\/09\/07\/rede-globo-toma-atitude-importante-sobre-a-equipe-da-f1\/#respond\"]}],\"copyrightYear\":\"2024\",\"copyrightHolder\":{\"@id\":\"https:\/\/www.gaveanews.com\/#organization\"}},{\"@type\":\"WebPage\",\"@id\":\"https:\/\/www.gaveanews.com\/index.php\/2024\/09\/07\/rede-globo-toma-atitude-importante-sobre-a-equipe-da-f1\/\",\"url\":\"https:\/\/www.gaveanews.com\/index.php\/2024\/09\/07\/rede-globo-toma-atitude-importante-sobre-a-equipe-da-f1\/\",\"name\":\"Rede Globo toma atitude importante sobre a equipe da F1\",\"isPartOf\":{\"@id\":\"https:\/\/www.gaveanews.com\/#website\"},\"primaryImageOfPage\":{\"@id\":\"https:\/\/www.gaveanews.com\/index.php\/2024\/09\/07\/rede-globo-toma-atitude-importante-sobre-a-equipe-da-f1\/#primaryimage\"},\"image\":{\"@id\":\"https:\/\/www.gaveanews.com\/index.php\/2024\/09\/07\/rede-globo-toma-atitude-importante-sobre-a-equipe-da-f1\/#primaryimage\"},\"thumbnailUrl\":\"https:\/\/www.gaveanews.com\/wp-content\/uploads\/Corrida-da-Formula-1.webp\",\"datePublished\":\"2024-09-07T14:30:00+00:00\",\"author\":{\"@id\":\"https:\/\/www.gaveanews.com\/#\/schema\/person\/2abf0cfa878f5f899daa5f781e82264c\"},\"breadcrumb\":{\"@id\":\"https:\/\/www.gaveanews.com\/index.php\/2024\/09\/07\/rede-globo-toma-atitude-importante-sobre-a-equipe-da-f1\/#breadcrumb\"},\"inLanguage\":\"pt-BR\",\"potentialAction\":[{\"@type\":\"ReadAction\",\"target\":[\"https:\/\/www.gaveanews.com\/index.php\/2024\/09\/07\/rede-globo-toma-atitude-importante-sobre-a-equipe-da-f1\/\"]}]},{\"@type\":\"ImageObject\",\"inLanguage\":\"pt-BR\",\"@id\":\"https:\/\/www.gaveanews.com\/index.php\/2024\/09\/07\/rede-globo-toma-atitude-importante-sobre-a-equipe-da-f1\/#primaryimage\",\"url\":\"https:\/\/www.gaveanews.com\/wp-content\/uploads\/Corrida-da-Formula-1.webp\",\"contentUrl\":\"https:\/\/www.gaveanews.com\/wp-content\/uploads\/Corrida-da-Formula-1.webp\",\"width\":1068,\"height\":801,\"caption\":\"Corrida da Formula 1 (Foto: Reprodu\u00e7\u00e3o\/Formula 1)\"},{\"@type\":\"BreadcrumbList\",\"@id\":\"https:\/\/www.gaveanews.com\/index.php\/2024\/09\/07\/rede-globo-toma-atitude-importante-sobre-a-equipe-da-f1\/#breadcrumb\",\"itemListElement\":[{\"@type\":\"ListItem\",\"position\":1,\"name\":\"Home\",\"item\":\"https:\/\/www.gaveanews.com\/\"},{\"@type\":\"ListItem\",\"position\":2,\"name\":\"Rede Globo toma atitude importante sobre a equipe da F1\"}]},{\"@type\":\"WebSite\",\"@id\":\"https:\/\/www.gaveanews.com\/#website\",\"url\":\"https:\/\/www.gaveanews.com\/\",\"name\":\"G\u00e1vea News\",\"description\":\"Veja todas as not\u00edcias sobre o Flamengo: Contrata\u00e7\u00f5es, categorias de base, resultados das partidas, tabela de classifica\u00e7\u00e3o, pr\u00f3ximos jogos!\",\"potentialAction\":[{\"@type\":\"SearchAction\",\"target\":{\"@type\":\"EntryPoint\",\"urlTemplate\":\"https:\/\/www.gaveanews.com\/?s={search_term_string}\"},\"query-input\":{\"@type\":\"PropertyValueSpecification\",\"valueRequired\":true,\"valueName\":\"search_term_string\"}}],\"inLanguage\":\"pt-BR\"},{\"@type\":\"Person\",\"@id\":\"https:\/\/www.gaveanews.com\/#\/schema\/person\/2abf0cfa878f5f899daa5f781e82264c\",\"name\":\"Lucas Barros\",\"image\":{\"@type\":\"ImageObject\",\"inLanguage\":\"pt-BR\",\"@id\":\"https:\/\/www.gaveanews.com\/#\/schema\/person\/image\/\",\"url\":\"https:\/\/secure.gravatar.com\/avatar\/67a6069eba66bf6fd7c80b70e1331baa3dbc3d6df5012d5c22eff29c7d59e0b0?s=96&d=mm&r=g\",\"contentUrl\":\"https:\/\/secure.gravatar.com\/avatar\/67a6069eba66bf6fd7c80b70e1331baa3dbc3d6df5012d5c22eff29c7d59e0b0?s=96&d=mm&r=g\",\"caption\":\"Lucas Barros\"}}]}<\/script>\n<!-- \/ Yoast SEO Premium plugin. -->","yoast_head_json":{"title":"Rede Globo toma atitude importante sobre a equipe da F1","robots":{"index":"index","follow":"follow","max-snippet":"max-snippet:-1","max-image-preview":"max-image-preview:large","max-video-preview":"max-video-preview:-1"},"canonical":"https:\/\/www.gaveanews.com\/index.php\/2024\/09\/07\/rede-globo-toma-atitude-importante-sobre-a-equipe-da-f1\/","og_locale":"pt_BR","og_type":"article","og_title":"Rede Globo toma atitude importante sobre a equipe da F1","og_description":"F\u00f3rmula 1 deve voltar \u00e0 Globo em 2025 com equipe reformulada e sem ex-integrantes da Band A Globo voltar\u00e1 a exibir a F\u00f3rmula 1 a partir de 2025, ap\u00f3s quatro anos sem transmitir a principal categoria do automobilismo mundial. No entanto, a emissora optou por n\u00e3o recontratar os profissionais que migraram para a Band, incluindo [&hellip;]","og_url":"https:\/\/www.gaveanews.com\/index.php\/2024\/09\/07\/rede-globo-toma-atitude-importante-sobre-a-equipe-da-f1\/","og_site_name":"G\u00e1vea News","article_publisher":"https:\/\/facebook.com\/gaveaNews\/","article_published_time":"2024-09-07T14:30:00+00:00","og_image":[{"width":1068,"height":801,"url":"https:\/\/www.gaveanews.com\/wp-content\/uploads\/Corrida-da-Formula-1.webp","type":"image\/webp"}],"author":"Lucas Barros","twitter_card":"summary_large_image","twitter_misc":{"Escrito por":"Lucas Barros","Est. tempo de leitura":"3 minutos"},"schema":{"@context":"https:\/\/schema.org","@graph":[{"@type":"NewsArticle","@id":"https:\/\/www.gaveanews.com\/index.php\/2024\/09\/07\/rede-globo-toma-atitude-importante-sobre-a-equipe-da-f1\/#article","isPartOf":{"@id":"https:\/\/www.gaveanews.com\/index.php\/2024\/09\/07\/rede-globo-toma-atitude-importante-sobre-a-equipe-da-f1\/"},"author":{"name":"Lucas Barros","@id":"https:\/\/www.gaveanews.com\/#\/schema\/person\/2abf0cfa878f5f899daa5f781e82264c"},"headline":"Rede Globo toma atitude importante sobre a equipe da F1","datePublished":"2024-09-07T14:30:00+00:00","mainEntityOfPage":{"@id":"https:\/\/www.gaveanews.com\/index.php\/2024\/09\/07\/rede-globo-toma-atitude-importante-sobre-a-equipe-da-f1\/"},"wordCount":484,"commentCount":0,"image":{"@id":"https:\/\/www.gaveanews.com\/index.php\/2024\/09\/07\/rede-globo-toma-atitude-importante-sobre-a-equipe-da-f1\/#primaryimage"},"thumbnailUrl":"https:\/\/www.gaveanews.com\/wp-content\/uploads\/Corrida-da-Formula-1.webp","articleSection":["F1"],"inLanguage":"pt-BR","potentialAction":[{"@type":"CommentAction","name":"Comment","target":["https:\/\/www.gaveanews.com\/index.php\/2024\/09\/07\/rede-globo-toma-atitude-importante-sobre-a-equipe-da-f1\/#respond"]}],"copyrightYear":"2024","copyrightHolder":{"@id":"https:\/\/www.gaveanews.com\/#organization"}},{"@type":"WebPage","@id":"https:\/\/www.gaveanews.com\/index.php\/2024\/09\/07\/rede-globo-toma-atitude-importante-sobre-a-equipe-da-f1\/","url":"https:\/\/www.gaveanews.com\/index.php\/2024\/09\/07\/rede-globo-toma-atitude-importante-sobre-a-equipe-da-f1\/","name":"Rede Globo toma atitude importante sobre a equipe da F1","isPartOf":{"@id":"https:\/\/www.gaveanews.com\/#website"},"primaryImageOfPage":{"@id":"https:\/\/www.gaveanews.com\/index.php\/2024\/09\/07\/rede-globo-toma-atitude-importante-sobre-a-equipe-da-f1\/#primaryimage"},"image":{"@id":"https:\/\/www.gaveanews.com\/index.php\/2024\/09\/07\/rede-globo-toma-atitude-importante-sobre-a-equipe-da-f1\/#primaryimage"},"thumbnailUrl":"https:\/\/www.gaveanews.com\/wp-content\/uploads\/Corrida-da-Formula-1.webp","datePublished":"2024-09-07T14:30:00+00:00","author":{"@id":"https:\/\/www.gaveanews.com\/#\/schema\/person\/2abf0cfa878f5f899daa5f781e82264c"},"breadcrumb":{"@id":"https:\/\/www.gaveanews.com\/index.php\/2024\/09\/07\/rede-globo-toma-atitude-importante-sobre-a-equipe-da-f1\/#breadcrumb"},"inLanguage":"pt-BR","potentialAction":[{"@type":"ReadAction","target":["https:\/\/www.gaveanews.com\/index.php\/2024\/09\/07\/rede-globo-toma-atitude-importante-sobre-a-equipe-da-f1\/"]}]},{"@type":"ImageObject","inLanguage":"pt-BR","@id":"https:\/\/www.gaveanews.com\/index.php\/2024\/09\/07\/rede-globo-toma-atitude-importante-sobre-a-equipe-da-f1\/#primaryimage","url":"https:\/\/www.gaveanews.com\/wp-content\/uploads\/Corrida-da-Formula-1.webp","contentUrl":"https:\/\/www.gaveanews.com\/wp-content\/uploads\/Corrida-da-Formula-1.webp","width":1068,"height":801,"caption":"Corrida da Formula 1 (Foto: Reprodu\u00e7\u00e3o\/Formula 1)"},{"@type":"BreadcrumbList","@id":"https:\/\/www.gaveanews.com\/index.php\/2024\/09\/07\/rede-globo-toma-atitude-importante-sobre-a-equipe-da-f1\/#breadcrumb","itemListElement":[{"@type":"ListItem","position":1,"name":"Home","item":"https:\/\/www.gaveanews.com\/"},{"@type":"ListItem","position":2,"name":"Rede Globo toma atitude importante sobre a equipe da F1"}]},{"@type":"WebSite","@id":"https:\/\/www.gaveanews.com\/#website","url":"https:\/\/www.gaveanews.com\/","name":"G\u00e1vea News","description":"Veja todas as not\u00edcias sobre o Flamengo: Contrata\u00e7\u00f5es, categorias de base, resultados das partidas, tabela de classifica\u00e7\u00e3o, pr\u00f3ximos jogos!","potentialAction":[{"@type":"SearchAction","target":{"@type":"EntryPoint","urlTemplate":"https:\/\/www.gaveanews.com\/?s={search_term_string}"},"query-input":{"@type":"PropertyValueSpecification","valueRequired":true,"valueName":"search_term_string"}}],"inLanguage":"pt-BR"},{"@type":"Person","@id":"https:\/\/www.gaveanews.com\/#\/schema\/person\/2abf0cfa878f5f899daa5f781e82264c","name":"Lucas Barros","image":{"@type":"ImageObject","inLanguage":"pt-BR","@id":"https:\/\/www.gaveanews.com\/#\/schema\/person\/image\/","url":"https:\/\/secure.gravatar.com\/avatar\/67a6069eba66bf6fd7c80b70e1331baa3dbc3d6df5012d5c22eff29c7d59e0b0?s=96&d=mm&r=g","contentUrl":"https:\/\/secure.gravatar.com\/avatar\/67a6069eba66bf6fd7c80b70e1331baa3dbc3d6df5012d5c22eff29c7d59e0b0?s=96&d=mm&r=g","caption":"Lucas Barros"}}]}},"_links":{"self":[{"href":"https:\/\/www.gaveanews.com\/index.php\/wp-json\/wp\/v2\/posts\/164619","targetHints":{"allow":["GET"]}}],"collection":[{"href":"https:\/\/www.gaveanews.com\/index.php\/wp-json\/wp\/v2\/posts"}],"about":[{"href":"https:\/\/www.gaveanews.com\/index.php\/wp-json\/wp\/v2\/types\/post"}],"author":[{"embeddable":true,"href":"https:\/\/www.gaveanews.com\/index.php\/wp-json\/wp\/v2\/users\/20"}],"replies":[{"embeddable":true,"href":"https:\/\/www.gaveanews.com\/index.php\/wp-json\/wp\/v2\/comments?post=164619"}],"version-history":[{"count":1,"href":"https:\/\/www.gaveanews.com\/index.php\/wp-json\/wp\/v2\/posts\/164619\/revisions"}],"predecessor-version":[{"id":164623,"href":"https:\/\/www.gaveanews.com\/index.php\/wp-json\/wp\/v2\/posts\/164619\/revisions\/164623"}],"wp:featuredmedia":[{"embeddable":true,"href":"https:\/\/www.gaveanews.com\/index.php\/wp-json\/wp\/v2\/media\/160749"}],"wp:attachment":[{"href":"https:\/\/www.gaveanews.com\/index.php\/wp-json\/wp\/v2\/media?parent=164619"}],"wp:term":[{"taxonomy":"category","embeddable":true,"href":"https:\/\/www.gaveanews.com\/index.php\/wp-json\/wp\/v2\/categories?post=164619"},{"taxonomy":"post_tag","embeddable":true,"href":"https:\/\/www.gaveanews.com\/index.php\/wp-json\/wp\/v2\/tags?post=164619"}],"curies":[{"name":"wp","href":"https:\/\/api.w.org\/{rel}","templated":true}]}}