{"id":164664,"date":"2024-09-08T09:30:00","date_gmt":"2024-09-08T12:30:00","guid":{"rendered":"https:\/\/www.gaveanews.com\/?p=164664"},"modified":"2024-09-08T07:11:25","modified_gmt":"2024-09-08T10:11:25","slug":"video-reacao-de-cristiano-ronaldo-apos-marcar-o-gol-900-chama-atencao","status":"publish","type":"post","link":"https:\/\/www.gaveanews.com\/index.php\/2024\/09\/08\/video-reacao-de-cristiano-ronaldo-apos-marcar-o-gol-900-chama-atencao\/","title":{"rendered":"V\u00eddeo: rea\u00e7\u00e3o de Cristiano Ronaldo ap\u00f3s marcar o gol 900 chama aten\u00e7\u00e3o"},"content":{"rendered":"\n<p>Nesta quinta-feira (5), o astro do futebol marcou na partida entre Portugal e Cro\u00e1cia, jogo v\u00e1lido pela Uefa Nations League. Com essa marca\u00e7\u00e3o, CR7 chegou ao seu gol de n\u00ba 900 na carreira profissional.<\/p>\n\n\n\n<ul class=\"wp-block-list\">\n<li><a href=\"https:\/\/www.gaveanews.com\/index.php\/2024\/09\/06\/video-cristiano-ronaldo-atinge-marca-impressionante-em-sua-carreira\/\">V\u00eddeo: Cristiano Ronaldo atinge marca impressionante em sua carreira<\/a><\/li>\n\n\n\n<li><a href=\"https:\/\/www.gaveanews.com\/index.php\/2024\/09\/04\/a-declaracao-de-cristiano-ronaldo-sobre-disputar-a-copa-de-2026\/\">A declara\u00e7\u00e3o de Cristiano Ronaldo sobre disputar a Copa de 2026<\/a><\/li>\n<\/ul>\n\n\n\n<p>Somando sua participa\u00e7\u00e3o na sele\u00e7\u00e3o, s\u00e3o ao todo 131 gols por Portugal e al\u00e9m das 769 bolas na rede por clubes que o camisa 7 jogou ao longo de sua carreira.<\/p>\n\n\n\n<p>Na carreira em total, o g\u00eanio disputou 1.238 partidas em campo, o que hoje lhe d\u00e1 uma m\u00e9dia absurda de 0,73 gol\/jogo desde que se profissionalizou no futebol.<\/p>\n\n\n\n<h2 class=\"wp-block-heading\" id=\"h-os-gols-de-cristiano-ronaldo\">Os gols de Cristiano Ronaldo<\/h2>\n\n\n\n<ul class=\"wp-block-list\">\n<li>Real Madrid: em 438 jogos, marcou 450 gols<\/li>\n\n\n\n<li>Manchester United: em 346 jogos, marcou 145 gols<\/li>\n\n\n\n<li>Portugal: em 213 jogos, marcou 131 gols<\/li>\n\n\n\n<li>Juventus: em 134 jogos, marcou 101 gols<\/li>\n\n\n\n<li>Al Nassr: em 74 jogos, marcou 68 gols<\/li>\n\n\n\n<li>Sporting: em 31 jogos, marcou 5 gols<\/li>\n<\/ul>\n\n\n\n<h2 class=\"wp-block-heading\" id=\"h-momento-do-gol-900\">Momento do gol 900<\/h2>\n\n\n\n<p>O feito ocorreu aos 34 minutos ainda do 1\u00ba tempo, quando CR7 recebeu cruzamento perfeito de Nuno Mendes e apareceu livre na pequena \u00e1rea para conferir de chapa e estufando as redes.<\/p>\n\n\n\n<p>J\u00e1 na sua comemora\u00e7\u00e3o, ele correu at\u00e9 a bandeirinha de escanteio, colocando o rosto no gramado e apareceu chorando muito, visivelmente emocionado com o feito concedido no jogo.<\/p>\n\n\n\n<p>Depois, que se levantou, conseguiu perceber muitos aplausos e gritos dos torcedores, que celebraram tamb\u00e9m a chance de ver Ronaldo escrever seu nome mais uma vez na hist\u00f3ria do futebol.<\/p>\n\n\n\n<p>E assim os portugueses acabaram a partida vencendo pelo placar de 2 a 1, podendo come\u00e7ar a participa\u00e7\u00e3o na Liga dos Na\u00e7\u00f5es com o p\u00e9 direito.<\/p>\n\n\n\n<h2 class=\"wp-block-heading\" id=\"h-confira-o-video-do-gol-900-de-cr7-e-sua-reacao\">Confira o v\u00eddeo do gol 900 de CR7 e sua rea\u00e7\u00e3o:<\/h2>\n\n\n\n<iframe loading=\"lazy\" width=\"560\" height=\"315\" src=\"https:\/\/www.youtube.com\/embed\/HTLUjyA9gdI?si=y8pTreVZFngKkK2T\" title=\"YouTube video player\" frameborder=\"0\" allow=\"accelerometer; autoplay; clipboard-write; encrypted-media; gyroscope; picture-in-picture; web-share\" referrerpolicy=\"strict-origin-when-cross-origin\" allowfullscreen><\/iframe>\n","protected":false},"excerpt":{"rendered":"<p>Nesta quinta-feira (5), o astro do futebol marcou na partida entre Portugal e Cro\u00e1cia, jogo v\u00e1lido pela Uefa Nations League. Com essa marca\u00e7\u00e3o, CR7 chegou ao seu gol de n\u00ba 900 na carreira profissional. Somando sua participa\u00e7\u00e3o na sele\u00e7\u00e3o, s\u00e3o ao todo 131 gols por Portugal e al\u00e9m das 769 bolas na rede por clubes [&hellip;]<\/p>\n","protected":false},"author":22,"featured_media":91208,"comment_status":"open","ping_status":"closed","sticky":false,"template":"","format":"standard","meta":{"footnotes":""},"categories":[246],"tags":[],"class_list":["post-164664","post","type-post","status-publish","format-standard","has-post-thumbnail","hentry","category-al-nassr"],"yoast_head":"<!-- This site is optimized with the Yoast SEO Premium plugin v24.2 (Yoast SEO v26.9) - https:\/\/yoast.com\/product\/yoast-seo-premium-wordpress\/ -->\n<title>V\u00eddeo: rea\u00e7\u00e3o de Cristiano Ronaldo ap\u00f3s marcar o gol 900 chama aten\u00e7\u00e3o<\/title>\n<meta name=\"robots\" content=\"index, follow, max-snippet:-1, max-image-preview:large, max-video-preview:-1\" \/>\n<link rel=\"canonical\" href=\"https:\/\/www.gaveanews.com\/index.php\/2024\/09\/08\/video-reacao-de-cristiano-ronaldo-apos-marcar-o-gol-900-chama-atencao\/\" \/>\n<meta property=\"og:locale\" content=\"pt_BR\" \/>\n<meta property=\"og:type\" content=\"article\" \/>\n<meta property=\"og:title\" content=\"V\u00eddeo: rea\u00e7\u00e3o de Cristiano Ronaldo ap\u00f3s marcar o gol 900 chama aten\u00e7\u00e3o\" \/>\n<meta property=\"og:description\" content=\"Nesta quinta-feira (5), o astro do futebol marcou na partida entre Portugal e Cro\u00e1cia, jogo v\u00e1lido pela Uefa Nations League. Com essa marca\u00e7\u00e3o, CR7 chegou ao seu gol de n\u00ba 900 na carreira profissional. Somando sua participa\u00e7\u00e3o na sele\u00e7\u00e3o, s\u00e3o ao todo 131 gols por Portugal e al\u00e9m das 769 bolas na rede por clubes [&hellip;]\" \/>\n<meta property=\"og:url\" content=\"https:\/\/www.gaveanews.com\/index.php\/2024\/09\/08\/video-reacao-de-cristiano-ronaldo-apos-marcar-o-gol-900-chama-atencao\/\" \/>\n<meta property=\"og:site_name\" content=\"G\u00e1vea News\" \/>\n<meta property=\"article:publisher\" content=\"https:\/\/facebook.com\/gaveaNews\/\" \/>\n<meta property=\"article:published_time\" content=\"2024-09-08T12:30:00+00:00\" \/>\n<meta property=\"og:image\" content=\"https:\/\/www.gaveanews.com\/wp-content\/uploads\/cristiano-ronaldo-selecao-portugal-copa-do-mundo.webp\" \/>\n\t<meta property=\"og:image:width\" content=\"984\" \/>\n\t<meta property=\"og:image:height\" content=\"656\" \/>\n\t<meta property=\"og:image:type\" content=\"image\/webp\" \/>\n<meta name=\"author\" content=\"Emilly Lima\" \/>\n<meta name=\"twitter:card\" content=\"summary_large_image\" \/>\n<meta name=\"twitter:label1\" content=\"Escrito por\" \/>\n\t<meta name=\"twitter:data1\" content=\"Emilly Lima\" \/>\n\t<meta name=\"twitter:label2\" content=\"Est. tempo de leitura\" \/>\n\t<meta name=\"twitter:data2\" content=\"2 minutos\" \/>\n<script type=\"application\/ld+json\" class=\"yoast-schema-graph\">{\"@context\":\"https:\/\/schema.org\",\"@graph\":[{\"@type\":\"NewsArticle\",\"@id\":\"https:\/\/www.gaveanews.com\/index.php\/2024\/09\/08\/video-reacao-de-cristiano-ronaldo-apos-marcar-o-gol-900-chama-atencao\/#article\",\"isPartOf\":{\"@id\":\"https:\/\/www.gaveanews.com\/index.php\/2024\/09\/08\/video-reacao-de-cristiano-ronaldo-apos-marcar-o-gol-900-chama-atencao\/\"},\"author\":{\"name\":\"Emilly Lima\",\"@id\":\"https:\/\/www.gaveanews.com\/#\/schema\/person\/8597dbe3f4d8513dd20048ce95a1895b\"},\"headline\":\"V\u00eddeo: rea\u00e7\u00e3o de Cristiano Ronaldo ap\u00f3s marcar o gol 900 chama aten\u00e7\u00e3o\",\"datePublished\":\"2024-09-08T12:30:00+00:00\",\"mainEntityOfPage\":{\"@id\":\"https:\/\/www.gaveanews.com\/index.php\/2024\/09\/08\/video-reacao-de-cristiano-ronaldo-apos-marcar-o-gol-900-chama-atencao\/\"},\"wordCount\":303,\"commentCount\":0,\"image\":{\"@id\":\"https:\/\/www.gaveanews.com\/index.php\/2024\/09\/08\/video-reacao-de-cristiano-ronaldo-apos-marcar-o-gol-900-chama-atencao\/#primaryimage\"},\"thumbnailUrl\":\"https:\/\/www.gaveanews.com\/wp-content\/uploads\/cristiano-ronaldo-selecao-portugal-copa-do-mundo.webp\",\"articleSection\":[\"Al-Nassr\"],\"inLanguage\":\"pt-BR\",\"potentialAction\":[{\"@type\":\"CommentAction\",\"name\":\"Comment\",\"target\":[\"https:\/\/www.gaveanews.com\/index.php\/2024\/09\/08\/video-reacao-de-cristiano-ronaldo-apos-marcar-o-gol-900-chama-atencao\/#respond\"]}],\"copyrightYear\":\"2024\",\"copyrightHolder\":{\"@id\":\"https:\/\/www.gaveanews.com\/#organization\"}},{\"@type\":\"WebPage\",\"@id\":\"https:\/\/www.gaveanews.com\/index.php\/2024\/09\/08\/video-reacao-de-cristiano-ronaldo-apos-marcar-o-gol-900-chama-atencao\/\",\"url\":\"https:\/\/www.gaveanews.com\/index.php\/2024\/09\/08\/video-reacao-de-cristiano-ronaldo-apos-marcar-o-gol-900-chama-atencao\/\",\"name\":\"V\u00eddeo: rea\u00e7\u00e3o de Cristiano Ronaldo ap\u00f3s marcar o gol 900 chama aten\u00e7\u00e3o\",\"isPartOf\":{\"@id\":\"https:\/\/www.gaveanews.com\/#website\"},\"primaryImageOfPage\":{\"@id\":\"https:\/\/www.gaveanews.com\/index.php\/2024\/09\/08\/video-reacao-de-cristiano-ronaldo-apos-marcar-o-gol-900-chama-atencao\/#primaryimage\"},\"image\":{\"@id\":\"https:\/\/www.gaveanews.com\/index.php\/2024\/09\/08\/video-reacao-de-cristiano-ronaldo-apos-marcar-o-gol-900-chama-atencao\/#primaryimage\"},\"thumbnailUrl\":\"https:\/\/www.gaveanews.com\/wp-content\/uploads\/cristiano-ronaldo-selecao-portugal-copa-do-mundo.webp\",\"datePublished\":\"2024-09-08T12:30:00+00:00\",\"author\":{\"@id\":\"https:\/\/www.gaveanews.com\/#\/schema\/person\/8597dbe3f4d8513dd20048ce95a1895b\"},\"breadcrumb\":{\"@id\":\"https:\/\/www.gaveanews.com\/index.php\/2024\/09\/08\/video-reacao-de-cristiano-ronaldo-apos-marcar-o-gol-900-chama-atencao\/#breadcrumb\"},\"inLanguage\":\"pt-BR\",\"potentialAction\":[{\"@type\":\"ReadAction\",\"target\":[\"https:\/\/www.gaveanews.com\/index.php\/2024\/09\/08\/video-reacao-de-cristiano-ronaldo-apos-marcar-o-gol-900-chama-atencao\/\"]}]},{\"@type\":\"ImageObject\",\"inLanguage\":\"pt-BR\",\"@id\":\"https:\/\/www.gaveanews.com\/index.php\/2024\/09\/08\/video-reacao-de-cristiano-ronaldo-apos-marcar-o-gol-900-chama-atencao\/#primaryimage\",\"url\":\"https:\/\/www.gaveanews.com\/wp-content\/uploads\/cristiano-ronaldo-selecao-portugal-copa-do-mundo.webp\",\"contentUrl\":\"https:\/\/www.gaveanews.com\/wp-content\/uploads\/cristiano-ronaldo-selecao-portugal-copa-do-mundo.webp\",\"width\":984,\"height\":656,\"caption\":\"Cristiano Ronaldo na Copa do Mundo do Catar (Foto: MANAN VATSYAYANA \/ AFP)\"},{\"@type\":\"BreadcrumbList\",\"@id\":\"https:\/\/www.gaveanews.com\/index.php\/2024\/09\/08\/video-reacao-de-cristiano-ronaldo-apos-marcar-o-gol-900-chama-atencao\/#breadcrumb\",\"itemListElement\":[{\"@type\":\"ListItem\",\"position\":1,\"name\":\"Home\",\"item\":\"https:\/\/www.gaveanews.com\/\"},{\"@type\":\"ListItem\",\"position\":2,\"name\":\"V\u00eddeo: rea\u00e7\u00e3o de Cristiano Ronaldo ap\u00f3s marcar o gol 900 chama aten\u00e7\u00e3o\"}]},{\"@type\":\"WebSite\",\"@id\":\"https:\/\/www.gaveanews.com\/#website\",\"url\":\"https:\/\/www.gaveanews.com\/\",\"name\":\"G\u00e1vea News\",\"description\":\"Veja todas as not\u00edcias sobre o Flamengo: Contrata\u00e7\u00f5es, categorias de base, resultados das partidas, tabela de classifica\u00e7\u00e3o, pr\u00f3ximos jogos!\",\"potentialAction\":[{\"@type\":\"SearchAction\",\"target\":{\"@type\":\"EntryPoint\",\"urlTemplate\":\"https:\/\/www.gaveanews.com\/?s={search_term_string}\"},\"query-input\":{\"@type\":\"PropertyValueSpecification\",\"valueRequired\":true,\"valueName\":\"search_term_string\"}}],\"inLanguage\":\"pt-BR\"},{\"@type\":\"Person\",\"@id\":\"https:\/\/www.gaveanews.com\/#\/schema\/person\/8597dbe3f4d8513dd20048ce95a1895b\",\"name\":\"Emilly Lima\",\"image\":{\"@type\":\"ImageObject\",\"inLanguage\":\"pt-BR\",\"@id\":\"https:\/\/www.gaveanews.com\/#\/schema\/person\/image\/\",\"url\":\"https:\/\/secure.gravatar.com\/avatar\/ddb4d0548bae01de3cb52e0fe30386754e9c41797565aa0a5bf4440ab4f7c0be?s=96&d=mm&r=g\",\"contentUrl\":\"https:\/\/secure.gravatar.com\/avatar\/ddb4d0548bae01de3cb52e0fe30386754e9c41797565aa0a5bf4440ab4f7c0be?s=96&d=mm&r=g\",\"caption\":\"Emilly Lima\"}}]}<\/script>\n<!-- \/ Yoast SEO Premium plugin. -->","yoast_head_json":{"title":"V\u00eddeo: rea\u00e7\u00e3o de Cristiano Ronaldo ap\u00f3s marcar o gol 900 chama aten\u00e7\u00e3o","robots":{"index":"index","follow":"follow","max-snippet":"max-snippet:-1","max-image-preview":"max-image-preview:large","max-video-preview":"max-video-preview:-1"},"canonical":"https:\/\/www.gaveanews.com\/index.php\/2024\/09\/08\/video-reacao-de-cristiano-ronaldo-apos-marcar-o-gol-900-chama-atencao\/","og_locale":"pt_BR","og_type":"article","og_title":"V\u00eddeo: rea\u00e7\u00e3o de Cristiano Ronaldo ap\u00f3s marcar o gol 900 chama aten\u00e7\u00e3o","og_description":"Nesta quinta-feira (5), o astro do futebol marcou na partida entre Portugal e Cro\u00e1cia, jogo v\u00e1lido pela Uefa Nations League. Com essa marca\u00e7\u00e3o, CR7 chegou ao seu gol de n\u00ba 900 na carreira profissional. Somando sua participa\u00e7\u00e3o na sele\u00e7\u00e3o, s\u00e3o ao todo 131 gols por Portugal e al\u00e9m das 769 bolas na rede por clubes [&hellip;]","og_url":"https:\/\/www.gaveanews.com\/index.php\/2024\/09\/08\/video-reacao-de-cristiano-ronaldo-apos-marcar-o-gol-900-chama-atencao\/","og_site_name":"G\u00e1vea News","article_publisher":"https:\/\/facebook.com\/gaveaNews\/","article_published_time":"2024-09-08T12:30:00+00:00","og_image":[{"width":984,"height":656,"url":"https:\/\/www.gaveanews.com\/wp-content\/uploads\/cristiano-ronaldo-selecao-portugal-copa-do-mundo.webp","type":"image\/webp"}],"author":"Emilly Lima","twitter_card":"summary_large_image","twitter_misc":{"Escrito por":"Emilly Lima","Est. tempo de leitura":"2 minutos"},"schema":{"@context":"https:\/\/schema.org","@graph":[{"@type":"NewsArticle","@id":"https:\/\/www.gaveanews.com\/index.php\/2024\/09\/08\/video-reacao-de-cristiano-ronaldo-apos-marcar-o-gol-900-chama-atencao\/#article","isPartOf":{"@id":"https:\/\/www.gaveanews.com\/index.php\/2024\/09\/08\/video-reacao-de-cristiano-ronaldo-apos-marcar-o-gol-900-chama-atencao\/"},"author":{"name":"Emilly Lima","@id":"https:\/\/www.gaveanews.com\/#\/schema\/person\/8597dbe3f4d8513dd20048ce95a1895b"},"headline":"V\u00eddeo: rea\u00e7\u00e3o de Cristiano Ronaldo ap\u00f3s marcar o gol 900 chama aten\u00e7\u00e3o","datePublished":"2024-09-08T12:30:00+00:00","mainEntityOfPage":{"@id":"https:\/\/www.gaveanews.com\/index.php\/2024\/09\/08\/video-reacao-de-cristiano-ronaldo-apos-marcar-o-gol-900-chama-atencao\/"},"wordCount":303,"commentCount":0,"image":{"@id":"https:\/\/www.gaveanews.com\/index.php\/2024\/09\/08\/video-reacao-de-cristiano-ronaldo-apos-marcar-o-gol-900-chama-atencao\/#primaryimage"},"thumbnailUrl":"https:\/\/www.gaveanews.com\/wp-content\/uploads\/cristiano-ronaldo-selecao-portugal-copa-do-mundo.webp","articleSection":["Al-Nassr"],"inLanguage":"pt-BR","potentialAction":[{"@type":"CommentAction","name":"Comment","target":["https:\/\/www.gaveanews.com\/index.php\/2024\/09\/08\/video-reacao-de-cristiano-ronaldo-apos-marcar-o-gol-900-chama-atencao\/#respond"]}],"copyrightYear":"2024","copyrightHolder":{"@id":"https:\/\/www.gaveanews.com\/#organization"}},{"@type":"WebPage","@id":"https:\/\/www.gaveanews.com\/index.php\/2024\/09\/08\/video-reacao-de-cristiano-ronaldo-apos-marcar-o-gol-900-chama-atencao\/","url":"https:\/\/www.gaveanews.com\/index.php\/2024\/09\/08\/video-reacao-de-cristiano-ronaldo-apos-marcar-o-gol-900-chama-atencao\/","name":"V\u00eddeo: rea\u00e7\u00e3o de Cristiano Ronaldo ap\u00f3s marcar o gol 900 chama aten\u00e7\u00e3o","isPartOf":{"@id":"https:\/\/www.gaveanews.com\/#website"},"primaryImageOfPage":{"@id":"https:\/\/www.gaveanews.com\/index.php\/2024\/09\/08\/video-reacao-de-cristiano-ronaldo-apos-marcar-o-gol-900-chama-atencao\/#primaryimage"},"image":{"@id":"https:\/\/www.gaveanews.com\/index.php\/2024\/09\/08\/video-reacao-de-cristiano-ronaldo-apos-marcar-o-gol-900-chama-atencao\/#primaryimage"},"thumbnailUrl":"https:\/\/www.gaveanews.com\/wp-content\/uploads\/cristiano-ronaldo-selecao-portugal-copa-do-mundo.webp","datePublished":"2024-09-08T12:30:00+00:00","author":{"@id":"https:\/\/www.gaveanews.com\/#\/schema\/person\/8597dbe3f4d8513dd20048ce95a1895b"},"breadcrumb":{"@id":"https:\/\/www.gaveanews.com\/index.php\/2024\/09\/08\/video-reacao-de-cristiano-ronaldo-apos-marcar-o-gol-900-chama-atencao\/#breadcrumb"},"inLanguage":"pt-BR","potentialAction":[{"@type":"ReadAction","target":["https:\/\/www.gaveanews.com\/index.php\/2024\/09\/08\/video-reacao-de-cristiano-ronaldo-apos-marcar-o-gol-900-chama-atencao\/"]}]},{"@type":"ImageObject","inLanguage":"pt-BR","@id":"https:\/\/www.gaveanews.com\/index.php\/2024\/09\/08\/video-reacao-de-cristiano-ronaldo-apos-marcar-o-gol-900-chama-atencao\/#primaryimage","url":"https:\/\/www.gaveanews.com\/wp-content\/uploads\/cristiano-ronaldo-selecao-portugal-copa-do-mundo.webp","contentUrl":"https:\/\/www.gaveanews.com\/wp-content\/uploads\/cristiano-ronaldo-selecao-portugal-copa-do-mundo.webp","width":984,"height":656,"caption":"Cristiano Ronaldo na Copa do Mundo do Catar (Foto: MANAN VATSYAYANA \/ AFP)"},{"@type":"BreadcrumbList","@id":"https:\/\/www.gaveanews.com\/index.php\/2024\/09\/08\/video-reacao-de-cristiano-ronaldo-apos-marcar-o-gol-900-chama-atencao\/#breadcrumb","itemListElement":[{"@type":"ListItem","position":1,"name":"Home","item":"https:\/\/www.gaveanews.com\/"},{"@type":"ListItem","position":2,"name":"V\u00eddeo: rea\u00e7\u00e3o de Cristiano Ronaldo ap\u00f3s marcar o gol 900 chama aten\u00e7\u00e3o"}]},{"@type":"WebSite","@id":"https:\/\/www.gaveanews.com\/#website","url":"https:\/\/www.gaveanews.com\/","name":"G\u00e1vea News","description":"Veja todas as not\u00edcias sobre o Flamengo: Contrata\u00e7\u00f5es, categorias de base, resultados das partidas, tabela de classifica\u00e7\u00e3o, pr\u00f3ximos jogos!","potentialAction":[{"@type":"SearchAction","target":{"@type":"EntryPoint","urlTemplate":"https:\/\/www.gaveanews.com\/?s={search_term_string}"},"query-input":{"@type":"PropertyValueSpecification","valueRequired":true,"valueName":"search_term_string"}}],"inLanguage":"pt-BR"},{"@type":"Person","@id":"https:\/\/www.gaveanews.com\/#\/schema\/person\/8597dbe3f4d8513dd20048ce95a1895b","name":"Emilly Lima","image":{"@type":"ImageObject","inLanguage":"pt-BR","@id":"https:\/\/www.gaveanews.com\/#\/schema\/person\/image\/","url":"https:\/\/secure.gravatar.com\/avatar\/ddb4d0548bae01de3cb52e0fe30386754e9c41797565aa0a5bf4440ab4f7c0be?s=96&d=mm&r=g","contentUrl":"https:\/\/secure.gravatar.com\/avatar\/ddb4d0548bae01de3cb52e0fe30386754e9c41797565aa0a5bf4440ab4f7c0be?s=96&d=mm&r=g","caption":"Emilly Lima"}}]}},"_links":{"self":[{"href":"https:\/\/www.gaveanews.com\/index.php\/wp-json\/wp\/v2\/posts\/164664","targetHints":{"allow":["GET"]}}],"collection":[{"href":"https:\/\/www.gaveanews.com\/index.php\/wp-json\/wp\/v2\/posts"}],"about":[{"href":"https:\/\/www.gaveanews.com\/index.php\/wp-json\/wp\/v2\/types\/post"}],"author":[{"embeddable":true,"href":"https:\/\/www.gaveanews.com\/index.php\/wp-json\/wp\/v2\/users\/22"}],"replies":[{"embeddable":true,"href":"https:\/\/www.gaveanews.com\/index.php\/wp-json\/wp\/v2\/comments?post=164664"}],"version-history":[{"count":1,"href":"https:\/\/www.gaveanews.com\/index.php\/wp-json\/wp\/v2\/posts\/164664\/revisions"}],"predecessor-version":[{"id":164672,"href":"https:\/\/www.gaveanews.com\/index.php\/wp-json\/wp\/v2\/posts\/164664\/revisions\/164672"}],"wp:featuredmedia":[{"embeddable":true,"href":"https:\/\/www.gaveanews.com\/index.php\/wp-json\/wp\/v2\/media\/91208"}],"wp:attachment":[{"href":"https:\/\/www.gaveanews.com\/index.php\/wp-json\/wp\/v2\/media?parent=164664"}],"wp:term":[{"taxonomy":"category","embeddable":true,"href":"https:\/\/www.gaveanews.com\/index.php\/wp-json\/wp\/v2\/categories?post=164664"},{"taxonomy":"post_tag","embeddable":true,"href":"https:\/\/www.gaveanews.com\/index.php\/wp-json\/wp\/v2\/tags?post=164664"}],"curies":[{"name":"wp","href":"https:\/\/api.w.org\/{rel}","templated":true}]}}