{"id":164803,"date":"2024-09-08T07:30:18","date_gmt":"2024-09-08T10:30:18","guid":{"rendered":"https:\/\/www.gaveanews.com\/?p=164803"},"modified":"2024-09-08T07:04:25","modified_gmt":"2024-09-08T10:04:25","slug":"a-declaracao-de-lebron-james-direcionada-ao-estadio-do-corinthians","status":"publish","type":"post","link":"https:\/\/www.gaveanews.com\/index.php\/2024\/09\/08\/a-declaracao-de-lebron-james-direcionada-ao-estadio-do-corinthians\/","title":{"rendered":"A declara\u00e7\u00e3o de LeBron James direcionada ao est\u00e1dio do Corinthians"},"content":{"rendered":"\n<p>O astro da NBA, LeBron James, n\u00e3o poupou palavras ao criticar o estado do gramado da Neo Qu\u00edmica Arena, est\u00e1dio do Corinthians, que recebeu um jogo da NFL pela primeira vez no Brasil. A partida entre Philadelphia Eagles e Green Bay Packers, realizada nesta sexta-feira (6\/9), chamou a aten\u00e7\u00e3o de LeBron, que acompanhava o evento pela TV.&nbsp;<\/p>\n\n\n\n<ul class=\"wp-block-list\">\n<li><a href=\"https:\/\/www.gaveanews.com\/index.php\/2024\/09\/07\/neto-provoca-o-flamengo-e-crava-novo-reforco-do-corinthians\/\">Neto provoca o Flamengo e crava novo refor\u00e7o do Corinthians<\/a><\/li>\n\n\n\n<li><a href=\"https:\/\/www.gaveanews.com\/index.php\/2024\/09\/06\/a-declaracao-de-mauro-cezar-sobre-depay-no-corinthians\/\">A declara\u00e7\u00e3o de Mauro Cezar sobre Depay no Corinthians<\/a><\/li>\n<\/ul>\n\n\n\n<p>Indignado com a qualidade do campo, ele fez uma postagem nas redes sociais, expressando sua insatisfa\u00e7\u00e3o de forma direta. &#8220;Cara, este campo \u00e9 uma m****&#8221;, escreveu o jogador no X (antigo Twitter).<\/p>\n\n\n\n<p>Vale destacar, que a cr\u00edtica de LeBron veio ap\u00f3s diversos momentos em que os jogadores de ambas as equipes escorregaram no gramado, que havia sido adaptado para o futebol americano.<\/p>\n\n\n\n<p>O campo, tradicionalmente utilizado para partidas de futebol, \u00e9 frequentemente apontado como um dos melhores do Brasil, mas a adapta\u00e7\u00e3o para o esporte americano pareceu comprometer a qualidade da superf\u00edcie. Os atletas dos Eagles e Packers enfrentaram dificuldades para manter o equil\u00edbrio, o que n\u00e3o passou despercebido pelo astro da NBA.<\/p>\n\n\n\n<h2 class=\"wp-block-heading\" id=\"h-adaptacao-do-campo-e-reacao-nas-redes-sociais\">Adapta\u00e7\u00e3o do campo e rea\u00e7\u00e3o nas redes sociais<\/h2>\n\n\n\n<p>Embora a Neo Qu\u00edmica Arena seja elogiada por seu gramado em competi\u00e7\u00f5es de futebol, a convers\u00e3o para receber o evento de futebol americano levantou questionamentos. O desgaste causado pela mudan\u00e7a de estrutura do campo e o aumento de demanda sobre a grama foram poss\u00edveis fatores que contribu\u00edram para as condi\u00e7\u00f5es criticadas.&nbsp;<\/p>\n\n\n\n<p>Desse jeito, a observa\u00e7\u00e3o de LeBron James ganhou grande repercuss\u00e3o, uma vez que ele \u00e9 uma figura altamente influente no esporte mundial, e sua opini\u00e3o sobre o gramado trouxe ainda mais visibilidade ao evento.<\/p>\n\n\n\n<p>Al\u00e9m disso, os coment\u00e1rios de LeBron tamb\u00e9m serviram para abrir um debate sobre a prepara\u00e7\u00e3o de est\u00e1dios brasileiros para receber eventos esportivos internacionais, especialmente em modalidades que n\u00e3o s\u00e3o t\u00e3o populares no pa\u00eds, como a NFL. Embora o est\u00e1dio do Corinthians tenha sido escolhido por sua infraestrutura moderna e capacidade de p\u00fablico, a adapta\u00e7\u00e3o do gramado mostrou-se um ponto cr\u00edtico.<\/p>\n\n\n\n<p>A cr\u00edtica do jogador repercutiu nas redes sociais, com muitos internautas brasileiros comentando a opini\u00e3o do astro e questionando as condi\u00e7\u00f5es de outros gramados no Brasil. O evento, apesar das cr\u00edticas, marcou a hist\u00f3ria do esporte no pa\u00eds, mas destacou a necessidade de melhorias nos gramados dos nossos est\u00e1dios em eventos futuros como este.<\/p>\n","protected":false},"excerpt":{"rendered":"<p>O astro da NBA, LeBron James, n\u00e3o poupou palavras ao criticar o estado do gramado da Neo Qu\u00edmica Arena, est\u00e1dio do Corinthians, que recebeu um jogo da NFL pela primeira vez no Brasil. A partida entre Philadelphia Eagles e Green Bay Packers, realizada nesta sexta-feira (6\/9), chamou a aten\u00e7\u00e3o de LeBron, que acompanhava o evento [&hellip;]<\/p>\n","protected":false},"author":25,"featured_media":154473,"comment_status":"open","ping_status":"closed","sticky":false,"template":"","format":"standard","meta":{"footnotes":""},"categories":[141,82],"tags":[],"class_list":["post-164803","post","type-post","status-publish","format-standard","has-post-thumbnail","hentry","category-corinthians","category-nba"],"yoast_head":"<!-- This site is optimized with the Yoast SEO Premium plugin v24.2 (Yoast SEO v26.9) - https:\/\/yoast.com\/product\/yoast-seo-premium-wordpress\/ -->\n<title>A declara\u00e7\u00e3o de LeBron James direcionada ao est\u00e1dio do Corinthians<\/title>\n<meta name=\"robots\" content=\"index, follow, max-snippet:-1, max-image-preview:large, max-video-preview:-1\" \/>\n<link rel=\"canonical\" href=\"https:\/\/www.gaveanews.com\/index.php\/2024\/09\/08\/a-declaracao-de-lebron-james-direcionada-ao-estadio-do-corinthians\/\" \/>\n<meta property=\"og:locale\" content=\"pt_BR\" \/>\n<meta property=\"og:type\" content=\"article\" \/>\n<meta property=\"og:title\" content=\"A declara\u00e7\u00e3o de LeBron James direcionada ao est\u00e1dio do Corinthians\" \/>\n<meta property=\"og:description\" content=\"O astro da NBA, LeBron James, n\u00e3o poupou palavras ao criticar o estado do gramado da Neo Qu\u00edmica Arena, est\u00e1dio do Corinthians, que recebeu um jogo da NFL pela primeira vez no Brasil. A partida entre Philadelphia Eagles e Green Bay Packers, realizada nesta sexta-feira (6\/9), chamou a aten\u00e7\u00e3o de LeBron, que acompanhava o evento [&hellip;]\" \/>\n<meta property=\"og:url\" content=\"https:\/\/www.gaveanews.com\/index.php\/2024\/09\/08\/a-declaracao-de-lebron-james-direcionada-ao-estadio-do-corinthians\/\" \/>\n<meta property=\"og:site_name\" content=\"G\u00e1vea News\" \/>\n<meta property=\"article:publisher\" content=\"https:\/\/facebook.com\/gaveaNews\/\" \/>\n<meta property=\"article:published_time\" content=\"2024-09-08T10:30:18+00:00\" \/>\n<meta property=\"og:image\" content=\"https:\/\/www.gaveanews.com\/wp-content\/uploads\/Escudo-do-Corinthians-na-Neo-Quimica-Arena.webp\" \/>\n\t<meta property=\"og:image:width\" content=\"1440\" \/>\n\t<meta property=\"og:image:height\" content=\"959\" \/>\n\t<meta property=\"og:image:type\" content=\"image\/jpeg\" \/>\n<meta name=\"author\" content=\"Rafaela Ladeira\" \/>\n<meta name=\"twitter:card\" content=\"summary_large_image\" \/>\n<meta name=\"twitter:label1\" content=\"Escrito por\" \/>\n\t<meta name=\"twitter:data1\" content=\"Rafaela Ladeira\" \/>\n\t<meta name=\"twitter:label2\" content=\"Est. tempo de leitura\" \/>\n\t<meta name=\"twitter:data2\" content=\"3 minutos\" \/>\n<script type=\"application\/ld+json\" class=\"yoast-schema-graph\">{\"@context\":\"https:\/\/schema.org\",\"@graph\":[{\"@type\":\"NewsArticle\",\"@id\":\"https:\/\/www.gaveanews.com\/index.php\/2024\/09\/08\/a-declaracao-de-lebron-james-direcionada-ao-estadio-do-corinthians\/#article\",\"isPartOf\":{\"@id\":\"https:\/\/www.gaveanews.com\/index.php\/2024\/09\/08\/a-declaracao-de-lebron-james-direcionada-ao-estadio-do-corinthians\/\"},\"author\":{\"name\":\"Rafaela Ladeira\",\"@id\":\"https:\/\/www.gaveanews.com\/#\/schema\/person\/0eb3e3fe1754f0205218538adbe8f5ed\"},\"headline\":\"A declara\u00e7\u00e3o de LeBron James direcionada ao est\u00e1dio do Corinthians\",\"datePublished\":\"2024-09-08T10:30:18+00:00\",\"mainEntityOfPage\":{\"@id\":\"https:\/\/www.gaveanews.com\/index.php\/2024\/09\/08\/a-declaracao-de-lebron-james-direcionada-ao-estadio-do-corinthians\/\"},\"wordCount\":451,\"commentCount\":0,\"image\":{\"@id\":\"https:\/\/www.gaveanews.com\/index.php\/2024\/09\/08\/a-declaracao-de-lebron-james-direcionada-ao-estadio-do-corinthians\/#primaryimage\"},\"thumbnailUrl\":\"https:\/\/www.gaveanews.com\/wp-content\/uploads\/Escudo-do-Corinthians-na-Neo-Quimica-Arena.webp\",\"articleSection\":[\"Corinthians\",\"NBA\"],\"inLanguage\":\"pt-BR\",\"potentialAction\":[{\"@type\":\"CommentAction\",\"name\":\"Comment\",\"target\":[\"https:\/\/www.gaveanews.com\/index.php\/2024\/09\/08\/a-declaracao-de-lebron-james-direcionada-ao-estadio-do-corinthians\/#respond\"]}],\"copyrightYear\":\"2024\",\"copyrightHolder\":{\"@id\":\"https:\/\/www.gaveanews.com\/#organization\"}},{\"@type\":\"WebPage\",\"@id\":\"https:\/\/www.gaveanews.com\/index.php\/2024\/09\/08\/a-declaracao-de-lebron-james-direcionada-ao-estadio-do-corinthians\/\",\"url\":\"https:\/\/www.gaveanews.com\/index.php\/2024\/09\/08\/a-declaracao-de-lebron-james-direcionada-ao-estadio-do-corinthians\/\",\"name\":\"A declara\u00e7\u00e3o de LeBron James direcionada ao est\u00e1dio do Corinthians\",\"isPartOf\":{\"@id\":\"https:\/\/www.gaveanews.com\/#website\"},\"primaryImageOfPage\":{\"@id\":\"https:\/\/www.gaveanews.com\/index.php\/2024\/09\/08\/a-declaracao-de-lebron-james-direcionada-ao-estadio-do-corinthians\/#primaryimage\"},\"image\":{\"@id\":\"https:\/\/www.gaveanews.com\/index.php\/2024\/09\/08\/a-declaracao-de-lebron-james-direcionada-ao-estadio-do-corinthians\/#primaryimage\"},\"thumbnailUrl\":\"https:\/\/www.gaveanews.com\/wp-content\/uploads\/Escudo-do-Corinthians-na-Neo-Quimica-Arena.webp\",\"datePublished\":\"2024-09-08T10:30:18+00:00\",\"author\":{\"@id\":\"https:\/\/www.gaveanews.com\/#\/schema\/person\/0eb3e3fe1754f0205218538adbe8f5ed\"},\"breadcrumb\":{\"@id\":\"https:\/\/www.gaveanews.com\/index.php\/2024\/09\/08\/a-declaracao-de-lebron-james-direcionada-ao-estadio-do-corinthians\/#breadcrumb\"},\"inLanguage\":\"pt-BR\",\"potentialAction\":[{\"@type\":\"ReadAction\",\"target\":[\"https:\/\/www.gaveanews.com\/index.php\/2024\/09\/08\/a-declaracao-de-lebron-james-direcionada-ao-estadio-do-corinthians\/\"]}]},{\"@type\":\"ImageObject\",\"inLanguage\":\"pt-BR\",\"@id\":\"https:\/\/www.gaveanews.com\/index.php\/2024\/09\/08\/a-declaracao-de-lebron-james-direcionada-ao-estadio-do-corinthians\/#primaryimage\",\"url\":\"https:\/\/www.gaveanews.com\/wp-content\/uploads\/Escudo-do-Corinthians-na-Neo-Quimica-Arena.webp\",\"contentUrl\":\"https:\/\/www.gaveanews.com\/wp-content\/uploads\/Escudo-do-Corinthians-na-Neo-Quimica-Arena.webp\",\"width\":1440,\"height\":959,\"caption\":\"Escudo do Corinthians na N\u00e9o Qu\u00edmica Arena (Foto Reprodu\u00e7\u00e3o\/Instagram)\"},{\"@type\":\"BreadcrumbList\",\"@id\":\"https:\/\/www.gaveanews.com\/index.php\/2024\/09\/08\/a-declaracao-de-lebron-james-direcionada-ao-estadio-do-corinthians\/#breadcrumb\",\"itemListElement\":[{\"@type\":\"ListItem\",\"position\":1,\"name\":\"Home\",\"item\":\"https:\/\/www.gaveanews.com\/\"},{\"@type\":\"ListItem\",\"position\":2,\"name\":\"A declara\u00e7\u00e3o de LeBron James direcionada ao est\u00e1dio do Corinthians\"}]},{\"@type\":\"WebSite\",\"@id\":\"https:\/\/www.gaveanews.com\/#website\",\"url\":\"https:\/\/www.gaveanews.com\/\",\"name\":\"G\u00e1vea News\",\"description\":\"Veja todas as not\u00edcias sobre o Flamengo: Contrata\u00e7\u00f5es, categorias de base, resultados das partidas, tabela de classifica\u00e7\u00e3o, pr\u00f3ximos jogos!\",\"potentialAction\":[{\"@type\":\"SearchAction\",\"target\":{\"@type\":\"EntryPoint\",\"urlTemplate\":\"https:\/\/www.gaveanews.com\/?s={search_term_string}\"},\"query-input\":{\"@type\":\"PropertyValueSpecification\",\"valueRequired\":true,\"valueName\":\"search_term_string\"}}],\"inLanguage\":\"pt-BR\"},{\"@type\":\"Person\",\"@id\":\"https:\/\/www.gaveanews.com\/#\/schema\/person\/0eb3e3fe1754f0205218538adbe8f5ed\",\"name\":\"Rafaela Ladeira\",\"image\":{\"@type\":\"ImageObject\",\"inLanguage\":\"pt-BR\",\"@id\":\"https:\/\/www.gaveanews.com\/#\/schema\/person\/image\/\",\"url\":\"https:\/\/secure.gravatar.com\/avatar\/c31f513acffd85eacab5730cbdfdbbf59f21ba5aeada8cd890acea879fbb2455?s=96&d=mm&r=g\",\"contentUrl\":\"https:\/\/secure.gravatar.com\/avatar\/c31f513acffd85eacab5730cbdfdbbf59f21ba5aeada8cd890acea879fbb2455?s=96&d=mm&r=g\",\"caption\":\"Rafaela Ladeira\"}}]}<\/script>\n<!-- \/ Yoast SEO Premium plugin. -->","yoast_head_json":{"title":"A declara\u00e7\u00e3o de LeBron James direcionada ao est\u00e1dio do Corinthians","robots":{"index":"index","follow":"follow","max-snippet":"max-snippet:-1","max-image-preview":"max-image-preview:large","max-video-preview":"max-video-preview:-1"},"canonical":"https:\/\/www.gaveanews.com\/index.php\/2024\/09\/08\/a-declaracao-de-lebron-james-direcionada-ao-estadio-do-corinthians\/","og_locale":"pt_BR","og_type":"article","og_title":"A declara\u00e7\u00e3o de LeBron James direcionada ao est\u00e1dio do Corinthians","og_description":"O astro da NBA, LeBron James, n\u00e3o poupou palavras ao criticar o estado do gramado da Neo Qu\u00edmica Arena, est\u00e1dio do Corinthians, que recebeu um jogo da NFL pela primeira vez no Brasil. A partida entre Philadelphia Eagles e Green Bay Packers, realizada nesta sexta-feira (6\/9), chamou a aten\u00e7\u00e3o de LeBron, que acompanhava o evento [&hellip;]","og_url":"https:\/\/www.gaveanews.com\/index.php\/2024\/09\/08\/a-declaracao-de-lebron-james-direcionada-ao-estadio-do-corinthians\/","og_site_name":"G\u00e1vea News","article_publisher":"https:\/\/facebook.com\/gaveaNews\/","article_published_time":"2024-09-08T10:30:18+00:00","og_image":[{"width":1440,"height":959,"url":"https:\/\/www.gaveanews.com\/wp-content\/uploads\/Escudo-do-Corinthians-na-Neo-Quimica-Arena.webp","type":"image\/jpeg"}],"author":"Rafaela Ladeira","twitter_card":"summary_large_image","twitter_misc":{"Escrito por":"Rafaela Ladeira","Est. tempo de leitura":"3 minutos"},"schema":{"@context":"https:\/\/schema.org","@graph":[{"@type":"NewsArticle","@id":"https:\/\/www.gaveanews.com\/index.php\/2024\/09\/08\/a-declaracao-de-lebron-james-direcionada-ao-estadio-do-corinthians\/#article","isPartOf":{"@id":"https:\/\/www.gaveanews.com\/index.php\/2024\/09\/08\/a-declaracao-de-lebron-james-direcionada-ao-estadio-do-corinthians\/"},"author":{"name":"Rafaela Ladeira","@id":"https:\/\/www.gaveanews.com\/#\/schema\/person\/0eb3e3fe1754f0205218538adbe8f5ed"},"headline":"A declara\u00e7\u00e3o de LeBron James direcionada ao est\u00e1dio do Corinthians","datePublished":"2024-09-08T10:30:18+00:00","mainEntityOfPage":{"@id":"https:\/\/www.gaveanews.com\/index.php\/2024\/09\/08\/a-declaracao-de-lebron-james-direcionada-ao-estadio-do-corinthians\/"},"wordCount":451,"commentCount":0,"image":{"@id":"https:\/\/www.gaveanews.com\/index.php\/2024\/09\/08\/a-declaracao-de-lebron-james-direcionada-ao-estadio-do-corinthians\/#primaryimage"},"thumbnailUrl":"https:\/\/www.gaveanews.com\/wp-content\/uploads\/Escudo-do-Corinthians-na-Neo-Quimica-Arena.webp","articleSection":["Corinthians","NBA"],"inLanguage":"pt-BR","potentialAction":[{"@type":"CommentAction","name":"Comment","target":["https:\/\/www.gaveanews.com\/index.php\/2024\/09\/08\/a-declaracao-de-lebron-james-direcionada-ao-estadio-do-corinthians\/#respond"]}],"copyrightYear":"2024","copyrightHolder":{"@id":"https:\/\/www.gaveanews.com\/#organization"}},{"@type":"WebPage","@id":"https:\/\/www.gaveanews.com\/index.php\/2024\/09\/08\/a-declaracao-de-lebron-james-direcionada-ao-estadio-do-corinthians\/","url":"https:\/\/www.gaveanews.com\/index.php\/2024\/09\/08\/a-declaracao-de-lebron-james-direcionada-ao-estadio-do-corinthians\/","name":"A declara\u00e7\u00e3o de LeBron James direcionada ao est\u00e1dio do Corinthians","isPartOf":{"@id":"https:\/\/www.gaveanews.com\/#website"},"primaryImageOfPage":{"@id":"https:\/\/www.gaveanews.com\/index.php\/2024\/09\/08\/a-declaracao-de-lebron-james-direcionada-ao-estadio-do-corinthians\/#primaryimage"},"image":{"@id":"https:\/\/www.gaveanews.com\/index.php\/2024\/09\/08\/a-declaracao-de-lebron-james-direcionada-ao-estadio-do-corinthians\/#primaryimage"},"thumbnailUrl":"https:\/\/www.gaveanews.com\/wp-content\/uploads\/Escudo-do-Corinthians-na-Neo-Quimica-Arena.webp","datePublished":"2024-09-08T10:30:18+00:00","author":{"@id":"https:\/\/www.gaveanews.com\/#\/schema\/person\/0eb3e3fe1754f0205218538adbe8f5ed"},"breadcrumb":{"@id":"https:\/\/www.gaveanews.com\/index.php\/2024\/09\/08\/a-declaracao-de-lebron-james-direcionada-ao-estadio-do-corinthians\/#breadcrumb"},"inLanguage":"pt-BR","potentialAction":[{"@type":"ReadAction","target":["https:\/\/www.gaveanews.com\/index.php\/2024\/09\/08\/a-declaracao-de-lebron-james-direcionada-ao-estadio-do-corinthians\/"]}]},{"@type":"ImageObject","inLanguage":"pt-BR","@id":"https:\/\/www.gaveanews.com\/index.php\/2024\/09\/08\/a-declaracao-de-lebron-james-direcionada-ao-estadio-do-corinthians\/#primaryimage","url":"https:\/\/www.gaveanews.com\/wp-content\/uploads\/Escudo-do-Corinthians-na-Neo-Quimica-Arena.webp","contentUrl":"https:\/\/www.gaveanews.com\/wp-content\/uploads\/Escudo-do-Corinthians-na-Neo-Quimica-Arena.webp","width":1440,"height":959,"caption":"Escudo do Corinthians na N\u00e9o Qu\u00edmica Arena (Foto Reprodu\u00e7\u00e3o\/Instagram)"},{"@type":"BreadcrumbList","@id":"https:\/\/www.gaveanews.com\/index.php\/2024\/09\/08\/a-declaracao-de-lebron-james-direcionada-ao-estadio-do-corinthians\/#breadcrumb","itemListElement":[{"@type":"ListItem","position":1,"name":"Home","item":"https:\/\/www.gaveanews.com\/"},{"@type":"ListItem","position":2,"name":"A declara\u00e7\u00e3o de LeBron James direcionada ao est\u00e1dio do Corinthians"}]},{"@type":"WebSite","@id":"https:\/\/www.gaveanews.com\/#website","url":"https:\/\/www.gaveanews.com\/","name":"G\u00e1vea News","description":"Veja todas as not\u00edcias sobre o Flamengo: Contrata\u00e7\u00f5es, categorias de base, resultados das partidas, tabela de classifica\u00e7\u00e3o, pr\u00f3ximos jogos!","potentialAction":[{"@type":"SearchAction","target":{"@type":"EntryPoint","urlTemplate":"https:\/\/www.gaveanews.com\/?s={search_term_string}"},"query-input":{"@type":"PropertyValueSpecification","valueRequired":true,"valueName":"search_term_string"}}],"inLanguage":"pt-BR"},{"@type":"Person","@id":"https:\/\/www.gaveanews.com\/#\/schema\/person\/0eb3e3fe1754f0205218538adbe8f5ed","name":"Rafaela Ladeira","image":{"@type":"ImageObject","inLanguage":"pt-BR","@id":"https:\/\/www.gaveanews.com\/#\/schema\/person\/image\/","url":"https:\/\/secure.gravatar.com\/avatar\/c31f513acffd85eacab5730cbdfdbbf59f21ba5aeada8cd890acea879fbb2455?s=96&d=mm&r=g","contentUrl":"https:\/\/secure.gravatar.com\/avatar\/c31f513acffd85eacab5730cbdfdbbf59f21ba5aeada8cd890acea879fbb2455?s=96&d=mm&r=g","caption":"Rafaela Ladeira"}}]}},"_links":{"self":[{"href":"https:\/\/www.gaveanews.com\/index.php\/wp-json\/wp\/v2\/posts\/164803","targetHints":{"allow":["GET"]}}],"collection":[{"href":"https:\/\/www.gaveanews.com\/index.php\/wp-json\/wp\/v2\/posts"}],"about":[{"href":"https:\/\/www.gaveanews.com\/index.php\/wp-json\/wp\/v2\/types\/post"}],"author":[{"embeddable":true,"href":"https:\/\/www.gaveanews.com\/index.php\/wp-json\/wp\/v2\/users\/25"}],"replies":[{"embeddable":true,"href":"https:\/\/www.gaveanews.com\/index.php\/wp-json\/wp\/v2\/comments?post=164803"}],"version-history":[{"count":1,"href":"https:\/\/www.gaveanews.com\/index.php\/wp-json\/wp\/v2\/posts\/164803\/revisions"}],"predecessor-version":[{"id":164804,"href":"https:\/\/www.gaveanews.com\/index.php\/wp-json\/wp\/v2\/posts\/164803\/revisions\/164804"}],"wp:featuredmedia":[{"embeddable":true,"href":"https:\/\/www.gaveanews.com\/index.php\/wp-json\/wp\/v2\/media\/154473"}],"wp:attachment":[{"href":"https:\/\/www.gaveanews.com\/index.php\/wp-json\/wp\/v2\/media?parent=164803"}],"wp:term":[{"taxonomy":"category","embeddable":true,"href":"https:\/\/www.gaveanews.com\/index.php\/wp-json\/wp\/v2\/categories?post=164803"},{"taxonomy":"post_tag","embeddable":true,"href":"https:\/\/www.gaveanews.com\/index.php\/wp-json\/wp\/v2\/tags?post=164803"}],"curies":[{"name":"wp","href":"https:\/\/api.w.org\/{rel}","templated":true}]}}