{"id":164820,"date":"2024-09-07T22:30:00","date_gmt":"2024-09-08T01:30:00","guid":{"rendered":"https:\/\/www.gaveanews.com\/?p=164820"},"modified":"2024-09-07T21:32:50","modified_gmt":"2024-09-08T00:32:50","slug":"gramado-artificial-no-novo-estadio-veja-o-que-o-flamengo-pensa-a-respeito","status":"publish","type":"post","link":"https:\/\/www.gaveanews.com\/index.php\/2024\/09\/07\/gramado-artificial-no-novo-estadio-veja-o-que-o-flamengo-pensa-a-respeito\/","title":{"rendered":"Gramado artificial no novo est\u00e1dio? Veja o que o Flamengo pensa a respeito"},"content":{"rendered":"\n<p>O est\u00e1dio pr\u00f3prio do Flamengo \u00e9 um sonho antigo dos torcedores, e o desejo est\u00e1 em vias de ser realizado. Ao menos, o primeiro passo j\u00e1 foi dado: a compra do terreno do Gas\u00f4metro, onde vai ser erguida a constru\u00e7\u00e3o. <\/p>\n\n\n\n<ul class=\"wp-block-list\">\n<li><a href=\"https:\/\/www.gaveanews.com\/index.php\/2024\/09\/07\/dirigentes-do-flamengo-falam-sobre-a-possiblidade-do-novo-estadio-ter-cobertura-retratil\/\">Dirigentes do Flamengo falam sobre a possiblidade do novo est\u00e1dio ter cobertura retr\u00e1til<\/a><\/li>\n\n\n\n<li><a href=\"https:\/\/www.gaveanews.com\/index.php\/2024\/08\/02\/isso-foi-o-que-arrascaeta-falou-sobre-o-novo-estadio-do-flamengo\/\">Isso foi o que Arrascaeta falou sobre o novo est\u00e1dio do Flamengo<\/a><\/li>\n<\/ul>\n\n\n\n<p>O Flamengo j\u00e1 tem um esbo\u00e7o do que quer para seu est\u00e1dio, mas o projeto ainda n\u00e3o est\u00e1 completo. O Rubro-Negro precisa concluir a planta e buscar investidores para dar in\u00edcio \u00e0 obra, e j\u00e1 procura por empresas para a venda dos &#8216;naming rights&#8217;. <\/p>\n\n\n\n<p>Entre as muitas quest\u00f5es que o Flamengo ainda precisa definir para seu est\u00e1dio, o gramado est\u00e1 longe de ser uma d\u00favida. Isso porque os dirigentes j\u00e1 decidiram o tipo de grama que ser\u00e1 utilizado na constru\u00e7\u00e3o.<\/p>\n\n\n\n<p>Em debate concedido ao &#8216;GE&#8217;, o vice-presidente geral e jur\u00eddico do Flamengo, Rodrigo Dunshee, e o VP de patrim\u00f4nio, Marcos Bodin, esclareceram quest\u00f5es sobre a cancha do est\u00e1dio do Meng\u00e3o.<\/p>\n\n\n\n<p>\u201cGrama natural. Hoje a gente est\u00e1 chamando os setores que funcionam junto com o est\u00e1dio. E o primeiro \u00e9 o futebol. O futebol j\u00e1 fez os pr\u00e9-requisitos que eles querem de um est\u00e1dio: grama, gramado e grama (risos). Ele fala tr\u00eas vezes da grama, depois fala do vesti\u00e1rio, sala de aquecimento, como \u00e9 o fluxo de chegada de jogador e do \u00f4nibus, refeit\u00f3rio\u201d.<\/p>\n\n\n\n<p>Como citado, o Flamengo busca investidores para a constru\u00e7\u00e3o do est\u00e1dio, e visa a venda dos &#8216;naming rights&#8217;. Nesse caso, quem adquirir os direitos sobre o nome do est\u00e1dio &#8220;batiza&#8221; a arena, mas o clube segue podendo escolher a raz\u00e3o social (CNPJ). <\/p>\n\n\n\n<p>Alguns exemplos s\u00e3o o Allianz Parque, do Palmeiras, que pertence \u00e0 empresa de seguros &#8216;Allianz&#8217;, e a Fonte Nova, recentemente batizada de Casa de Apostas Fonte Nova, visto que vendeu os naming rights a uma institui\u00e7\u00e3o de palpites esportivos. <\/p>\n","protected":false},"excerpt":{"rendered":"<p>O est\u00e1dio pr\u00f3prio do Flamengo \u00e9 um sonho antigo dos torcedores, e o desejo est\u00e1 em vias de ser realizado. Ao menos, o primeiro passo j\u00e1 foi dado: a compra do terreno do Gas\u00f4metro, onde vai ser erguida a constru\u00e7\u00e3o. O Flamengo j\u00e1 tem um esbo\u00e7o do que quer para seu est\u00e1dio, mas o projeto [&hellip;]<\/p>\n","protected":false},"author":18,"featured_media":131485,"comment_status":"open","ping_status":"closed","sticky":false,"template":"","format":"standard","meta":{"footnotes":""},"categories":[1],"tags":[],"class_list":["post-164820","post","type-post","status-publish","format-standard","has-post-thumbnail","hentry","category-flamengo"],"yoast_head":"<!-- This site is optimized with the Yoast SEO Premium plugin v24.2 (Yoast SEO v26.9) - https:\/\/yoast.com\/product\/yoast-seo-premium-wordpress\/ -->\n<title>Gramado artificial no novo est\u00e1dio? Veja o que o Flamengo pensa a respeito<\/title>\n<meta name=\"robots\" content=\"index, follow, max-snippet:-1, max-image-preview:large, max-video-preview:-1\" \/>\n<link rel=\"canonical\" href=\"https:\/\/www.gaveanews.com\/index.php\/2024\/09\/07\/gramado-artificial-no-novo-estadio-veja-o-que-o-flamengo-pensa-a-respeito\/\" \/>\n<meta property=\"og:locale\" content=\"pt_BR\" \/>\n<meta property=\"og:type\" content=\"article\" \/>\n<meta property=\"og:title\" content=\"Gramado artificial no novo est\u00e1dio? Veja o que o Flamengo pensa a respeito\" \/>\n<meta property=\"og:description\" content=\"O est\u00e1dio pr\u00f3prio do Flamengo \u00e9 um sonho antigo dos torcedores, e o desejo est\u00e1 em vias de ser realizado. Ao menos, o primeiro passo j\u00e1 foi dado: a compra do terreno do Gas\u00f4metro, onde vai ser erguida a constru\u00e7\u00e3o. O Flamengo j\u00e1 tem um esbo\u00e7o do que quer para seu est\u00e1dio, mas o projeto [&hellip;]\" \/>\n<meta property=\"og:url\" content=\"https:\/\/www.gaveanews.com\/index.php\/2024\/09\/07\/gramado-artificial-no-novo-estadio-veja-o-que-o-flamengo-pensa-a-respeito\/\" \/>\n<meta property=\"og:site_name\" content=\"G\u00e1vea News\" \/>\n<meta property=\"article:publisher\" content=\"https:\/\/facebook.com\/gaveaNews\/\" \/>\n<meta property=\"article:published_time\" content=\"2024-09-08T01:30:00+00:00\" \/>\n<meta property=\"og:image\" content=\"https:\/\/www.gaveanews.com\/wp-content\/uploads\/Projeto-de-estadio-do-Flamengo.webp\" \/>\n\t<meta property=\"og:image:width\" content=\"1280\" \/>\n\t<meta property=\"og:image:height\" content=\"720\" \/>\n\t<meta property=\"og:image:type\" content=\"image\/webp\" \/>\n<meta name=\"author\" content=\"Paula Silva\" \/>\n<meta name=\"twitter:card\" content=\"summary_large_image\" \/>\n<meta name=\"twitter:label1\" content=\"Escrito por\" \/>\n\t<meta name=\"twitter:data1\" content=\"Paula Silva\" \/>\n\t<meta name=\"twitter:label2\" content=\"Est. tempo de leitura\" \/>\n\t<meta name=\"twitter:data2\" content=\"2 minutos\" \/>\n<script type=\"application\/ld+json\" class=\"yoast-schema-graph\">{\"@context\":\"https:\/\/schema.org\",\"@graph\":[{\"@type\":\"NewsArticle\",\"@id\":\"https:\/\/www.gaveanews.com\/index.php\/2024\/09\/07\/gramado-artificial-no-novo-estadio-veja-o-que-o-flamengo-pensa-a-respeito\/#article\",\"isPartOf\":{\"@id\":\"https:\/\/www.gaveanews.com\/index.php\/2024\/09\/07\/gramado-artificial-no-novo-estadio-veja-o-que-o-flamengo-pensa-a-respeito\/\"},\"author\":{\"name\":\"Paula Silva\",\"@id\":\"https:\/\/www.gaveanews.com\/#\/schema\/person\/daf63eec72e1164eb13dc35096c2b8da\"},\"headline\":\"Gramado artificial no novo est\u00e1dio? Veja o que o Flamengo pensa a respeito\",\"datePublished\":\"2024-09-08T01:30:00+00:00\",\"mainEntityOfPage\":{\"@id\":\"https:\/\/www.gaveanews.com\/index.php\/2024\/09\/07\/gramado-artificial-no-novo-estadio-veja-o-que-o-flamengo-pensa-a-respeito\/\"},\"wordCount\":360,\"commentCount\":0,\"image\":{\"@id\":\"https:\/\/www.gaveanews.com\/index.php\/2024\/09\/07\/gramado-artificial-no-novo-estadio-veja-o-que-o-flamengo-pensa-a-respeito\/#primaryimage\"},\"thumbnailUrl\":\"https:\/\/www.gaveanews.com\/wp-content\/uploads\/Projeto-de-estadio-do-Flamengo.webp\",\"articleSection\":[\"Flamengo\"],\"inLanguage\":\"pt-BR\",\"potentialAction\":[{\"@type\":\"CommentAction\",\"name\":\"Comment\",\"target\":[\"https:\/\/www.gaveanews.com\/index.php\/2024\/09\/07\/gramado-artificial-no-novo-estadio-veja-o-que-o-flamengo-pensa-a-respeito\/#respond\"]}],\"copyrightYear\":\"2024\",\"copyrightHolder\":{\"@id\":\"https:\/\/www.gaveanews.com\/#organization\"}},{\"@type\":\"WebPage\",\"@id\":\"https:\/\/www.gaveanews.com\/index.php\/2024\/09\/07\/gramado-artificial-no-novo-estadio-veja-o-que-o-flamengo-pensa-a-respeito\/\",\"url\":\"https:\/\/www.gaveanews.com\/index.php\/2024\/09\/07\/gramado-artificial-no-novo-estadio-veja-o-que-o-flamengo-pensa-a-respeito\/\",\"name\":\"Gramado artificial no novo est\u00e1dio? Veja o que o Flamengo pensa a respeito\",\"isPartOf\":{\"@id\":\"https:\/\/www.gaveanews.com\/#website\"},\"primaryImageOfPage\":{\"@id\":\"https:\/\/www.gaveanews.com\/index.php\/2024\/09\/07\/gramado-artificial-no-novo-estadio-veja-o-que-o-flamengo-pensa-a-respeito\/#primaryimage\"},\"image\":{\"@id\":\"https:\/\/www.gaveanews.com\/index.php\/2024\/09\/07\/gramado-artificial-no-novo-estadio-veja-o-que-o-flamengo-pensa-a-respeito\/#primaryimage\"},\"thumbnailUrl\":\"https:\/\/www.gaveanews.com\/wp-content\/uploads\/Projeto-de-estadio-do-Flamengo.webp\",\"datePublished\":\"2024-09-08T01:30:00+00:00\",\"author\":{\"@id\":\"https:\/\/www.gaveanews.com\/#\/schema\/person\/daf63eec72e1164eb13dc35096c2b8da\"},\"breadcrumb\":{\"@id\":\"https:\/\/www.gaveanews.com\/index.php\/2024\/09\/07\/gramado-artificial-no-novo-estadio-veja-o-que-o-flamengo-pensa-a-respeito\/#breadcrumb\"},\"inLanguage\":\"pt-BR\",\"potentialAction\":[{\"@type\":\"ReadAction\",\"target\":[\"https:\/\/www.gaveanews.com\/index.php\/2024\/09\/07\/gramado-artificial-no-novo-estadio-veja-o-que-o-flamengo-pensa-a-respeito\/\"]}]},{\"@type\":\"ImageObject\",\"inLanguage\":\"pt-BR\",\"@id\":\"https:\/\/www.gaveanews.com\/index.php\/2024\/09\/07\/gramado-artificial-no-novo-estadio-veja-o-que-o-flamengo-pensa-a-respeito\/#primaryimage\",\"url\":\"https:\/\/www.gaveanews.com\/wp-content\/uploads\/Projeto-de-estadio-do-Flamengo.webp\",\"contentUrl\":\"https:\/\/www.gaveanews.com\/wp-content\/uploads\/Projeto-de-estadio-do-Flamengo.webp\",\"width\":1280,\"height\":720,\"caption\":\"Projeto de est\u00e1dio do Flamengo (Foto: Reprodu\u00e7\u00e3o)\"},{\"@type\":\"BreadcrumbList\",\"@id\":\"https:\/\/www.gaveanews.com\/index.php\/2024\/09\/07\/gramado-artificial-no-novo-estadio-veja-o-que-o-flamengo-pensa-a-respeito\/#breadcrumb\",\"itemListElement\":[{\"@type\":\"ListItem\",\"position\":1,\"name\":\"Home\",\"item\":\"https:\/\/www.gaveanews.com\/\"},{\"@type\":\"ListItem\",\"position\":2,\"name\":\"Gramado artificial no novo est\u00e1dio? Veja o que o Flamengo pensa a respeito\"}]},{\"@type\":\"WebSite\",\"@id\":\"https:\/\/www.gaveanews.com\/#website\",\"url\":\"https:\/\/www.gaveanews.com\/\",\"name\":\"G\u00e1vea News\",\"description\":\"Veja todas as not\u00edcias sobre o Flamengo: Contrata\u00e7\u00f5es, categorias de base, resultados das partidas, tabela de classifica\u00e7\u00e3o, pr\u00f3ximos jogos!\",\"potentialAction\":[{\"@type\":\"SearchAction\",\"target\":{\"@type\":\"EntryPoint\",\"urlTemplate\":\"https:\/\/www.gaveanews.com\/?s={search_term_string}\"},\"query-input\":{\"@type\":\"PropertyValueSpecification\",\"valueRequired\":true,\"valueName\":\"search_term_string\"}}],\"inLanguage\":\"pt-BR\"},{\"@type\":\"Person\",\"@id\":\"https:\/\/www.gaveanews.com\/#\/schema\/person\/daf63eec72e1164eb13dc35096c2b8da\",\"name\":\"Paula Silva\",\"image\":{\"@type\":\"ImageObject\",\"inLanguage\":\"pt-BR\",\"@id\":\"https:\/\/www.gaveanews.com\/#\/schema\/person\/image\/\",\"url\":\"https:\/\/secure.gravatar.com\/avatar\/eda381c845527cc5d64c13b901833cda29d97500ba040d3e6461f76f51d163bb?s=96&d=mm&r=g\",\"contentUrl\":\"https:\/\/secure.gravatar.com\/avatar\/eda381c845527cc5d64c13b901833cda29d97500ba040d3e6461f76f51d163bb?s=96&d=mm&r=g\",\"caption\":\"Paula Silva\"}}]}<\/script>\n<!-- \/ Yoast SEO Premium plugin. -->","yoast_head_json":{"title":"Gramado artificial no novo est\u00e1dio? Veja o que o Flamengo pensa a respeito","robots":{"index":"index","follow":"follow","max-snippet":"max-snippet:-1","max-image-preview":"max-image-preview:large","max-video-preview":"max-video-preview:-1"},"canonical":"https:\/\/www.gaveanews.com\/index.php\/2024\/09\/07\/gramado-artificial-no-novo-estadio-veja-o-que-o-flamengo-pensa-a-respeito\/","og_locale":"pt_BR","og_type":"article","og_title":"Gramado artificial no novo est\u00e1dio? Veja o que o Flamengo pensa a respeito","og_description":"O est\u00e1dio pr\u00f3prio do Flamengo \u00e9 um sonho antigo dos torcedores, e o desejo est\u00e1 em vias de ser realizado. Ao menos, o primeiro passo j\u00e1 foi dado: a compra do terreno do Gas\u00f4metro, onde vai ser erguida a constru\u00e7\u00e3o. O Flamengo j\u00e1 tem um esbo\u00e7o do que quer para seu est\u00e1dio, mas o projeto [&hellip;]","og_url":"https:\/\/www.gaveanews.com\/index.php\/2024\/09\/07\/gramado-artificial-no-novo-estadio-veja-o-que-o-flamengo-pensa-a-respeito\/","og_site_name":"G\u00e1vea News","article_publisher":"https:\/\/facebook.com\/gaveaNews\/","article_published_time":"2024-09-08T01:30:00+00:00","og_image":[{"width":1280,"height":720,"url":"https:\/\/www.gaveanews.com\/wp-content\/uploads\/Projeto-de-estadio-do-Flamengo.webp","type":"image\/webp"}],"author":"Paula Silva","twitter_card":"summary_large_image","twitter_misc":{"Escrito por":"Paula Silva","Est. tempo de leitura":"2 minutos"},"schema":{"@context":"https:\/\/schema.org","@graph":[{"@type":"NewsArticle","@id":"https:\/\/www.gaveanews.com\/index.php\/2024\/09\/07\/gramado-artificial-no-novo-estadio-veja-o-que-o-flamengo-pensa-a-respeito\/#article","isPartOf":{"@id":"https:\/\/www.gaveanews.com\/index.php\/2024\/09\/07\/gramado-artificial-no-novo-estadio-veja-o-que-o-flamengo-pensa-a-respeito\/"},"author":{"name":"Paula Silva","@id":"https:\/\/www.gaveanews.com\/#\/schema\/person\/daf63eec72e1164eb13dc35096c2b8da"},"headline":"Gramado artificial no novo est\u00e1dio? Veja o que o Flamengo pensa a respeito","datePublished":"2024-09-08T01:30:00+00:00","mainEntityOfPage":{"@id":"https:\/\/www.gaveanews.com\/index.php\/2024\/09\/07\/gramado-artificial-no-novo-estadio-veja-o-que-o-flamengo-pensa-a-respeito\/"},"wordCount":360,"commentCount":0,"image":{"@id":"https:\/\/www.gaveanews.com\/index.php\/2024\/09\/07\/gramado-artificial-no-novo-estadio-veja-o-que-o-flamengo-pensa-a-respeito\/#primaryimage"},"thumbnailUrl":"https:\/\/www.gaveanews.com\/wp-content\/uploads\/Projeto-de-estadio-do-Flamengo.webp","articleSection":["Flamengo"],"inLanguage":"pt-BR","potentialAction":[{"@type":"CommentAction","name":"Comment","target":["https:\/\/www.gaveanews.com\/index.php\/2024\/09\/07\/gramado-artificial-no-novo-estadio-veja-o-que-o-flamengo-pensa-a-respeito\/#respond"]}],"copyrightYear":"2024","copyrightHolder":{"@id":"https:\/\/www.gaveanews.com\/#organization"}},{"@type":"WebPage","@id":"https:\/\/www.gaveanews.com\/index.php\/2024\/09\/07\/gramado-artificial-no-novo-estadio-veja-o-que-o-flamengo-pensa-a-respeito\/","url":"https:\/\/www.gaveanews.com\/index.php\/2024\/09\/07\/gramado-artificial-no-novo-estadio-veja-o-que-o-flamengo-pensa-a-respeito\/","name":"Gramado artificial no novo est\u00e1dio? Veja o que o Flamengo pensa a respeito","isPartOf":{"@id":"https:\/\/www.gaveanews.com\/#website"},"primaryImageOfPage":{"@id":"https:\/\/www.gaveanews.com\/index.php\/2024\/09\/07\/gramado-artificial-no-novo-estadio-veja-o-que-o-flamengo-pensa-a-respeito\/#primaryimage"},"image":{"@id":"https:\/\/www.gaveanews.com\/index.php\/2024\/09\/07\/gramado-artificial-no-novo-estadio-veja-o-que-o-flamengo-pensa-a-respeito\/#primaryimage"},"thumbnailUrl":"https:\/\/www.gaveanews.com\/wp-content\/uploads\/Projeto-de-estadio-do-Flamengo.webp","datePublished":"2024-09-08T01:30:00+00:00","author":{"@id":"https:\/\/www.gaveanews.com\/#\/schema\/person\/daf63eec72e1164eb13dc35096c2b8da"},"breadcrumb":{"@id":"https:\/\/www.gaveanews.com\/index.php\/2024\/09\/07\/gramado-artificial-no-novo-estadio-veja-o-que-o-flamengo-pensa-a-respeito\/#breadcrumb"},"inLanguage":"pt-BR","potentialAction":[{"@type":"ReadAction","target":["https:\/\/www.gaveanews.com\/index.php\/2024\/09\/07\/gramado-artificial-no-novo-estadio-veja-o-que-o-flamengo-pensa-a-respeito\/"]}]},{"@type":"ImageObject","inLanguage":"pt-BR","@id":"https:\/\/www.gaveanews.com\/index.php\/2024\/09\/07\/gramado-artificial-no-novo-estadio-veja-o-que-o-flamengo-pensa-a-respeito\/#primaryimage","url":"https:\/\/www.gaveanews.com\/wp-content\/uploads\/Projeto-de-estadio-do-Flamengo.webp","contentUrl":"https:\/\/www.gaveanews.com\/wp-content\/uploads\/Projeto-de-estadio-do-Flamengo.webp","width":1280,"height":720,"caption":"Projeto de est\u00e1dio do Flamengo (Foto: Reprodu\u00e7\u00e3o)"},{"@type":"BreadcrumbList","@id":"https:\/\/www.gaveanews.com\/index.php\/2024\/09\/07\/gramado-artificial-no-novo-estadio-veja-o-que-o-flamengo-pensa-a-respeito\/#breadcrumb","itemListElement":[{"@type":"ListItem","position":1,"name":"Home","item":"https:\/\/www.gaveanews.com\/"},{"@type":"ListItem","position":2,"name":"Gramado artificial no novo est\u00e1dio? Veja o que o Flamengo pensa a respeito"}]},{"@type":"WebSite","@id":"https:\/\/www.gaveanews.com\/#website","url":"https:\/\/www.gaveanews.com\/","name":"G\u00e1vea News","description":"Veja todas as not\u00edcias sobre o Flamengo: Contrata\u00e7\u00f5es, categorias de base, resultados das partidas, tabela de classifica\u00e7\u00e3o, pr\u00f3ximos jogos!","potentialAction":[{"@type":"SearchAction","target":{"@type":"EntryPoint","urlTemplate":"https:\/\/www.gaveanews.com\/?s={search_term_string}"},"query-input":{"@type":"PropertyValueSpecification","valueRequired":true,"valueName":"search_term_string"}}],"inLanguage":"pt-BR"},{"@type":"Person","@id":"https:\/\/www.gaveanews.com\/#\/schema\/person\/daf63eec72e1164eb13dc35096c2b8da","name":"Paula Silva","image":{"@type":"ImageObject","inLanguage":"pt-BR","@id":"https:\/\/www.gaveanews.com\/#\/schema\/person\/image\/","url":"https:\/\/secure.gravatar.com\/avatar\/eda381c845527cc5d64c13b901833cda29d97500ba040d3e6461f76f51d163bb?s=96&d=mm&r=g","contentUrl":"https:\/\/secure.gravatar.com\/avatar\/eda381c845527cc5d64c13b901833cda29d97500ba040d3e6461f76f51d163bb?s=96&d=mm&r=g","caption":"Paula Silva"}}]}},"_links":{"self":[{"href":"https:\/\/www.gaveanews.com\/index.php\/wp-json\/wp\/v2\/posts\/164820","targetHints":{"allow":["GET"]}}],"collection":[{"href":"https:\/\/www.gaveanews.com\/index.php\/wp-json\/wp\/v2\/posts"}],"about":[{"href":"https:\/\/www.gaveanews.com\/index.php\/wp-json\/wp\/v2\/types\/post"}],"author":[{"embeddable":true,"href":"https:\/\/www.gaveanews.com\/index.php\/wp-json\/wp\/v2\/users\/18"}],"replies":[{"embeddable":true,"href":"https:\/\/www.gaveanews.com\/index.php\/wp-json\/wp\/v2\/comments?post=164820"}],"version-history":[{"count":1,"href":"https:\/\/www.gaveanews.com\/index.php\/wp-json\/wp\/v2\/posts\/164820\/revisions"}],"predecessor-version":[{"id":164821,"href":"https:\/\/www.gaveanews.com\/index.php\/wp-json\/wp\/v2\/posts\/164820\/revisions\/164821"}],"wp:featuredmedia":[{"embeddable":true,"href":"https:\/\/www.gaveanews.com\/index.php\/wp-json\/wp\/v2\/media\/131485"}],"wp:attachment":[{"href":"https:\/\/www.gaveanews.com\/index.php\/wp-json\/wp\/v2\/media?parent=164820"}],"wp:term":[{"taxonomy":"category","embeddable":true,"href":"https:\/\/www.gaveanews.com\/index.php\/wp-json\/wp\/v2\/categories?post=164820"},{"taxonomy":"post_tag","embeddable":true,"href":"https:\/\/www.gaveanews.com\/index.php\/wp-json\/wp\/v2\/tags?post=164820"}],"curies":[{"name":"wp","href":"https:\/\/api.w.org\/{rel}","templated":true}]}}