{"id":164860,"date":"2024-09-08T19:15:00","date_gmt":"2024-09-08T22:15:00","guid":{"rendered":"https:\/\/www.gaveanews.com\/?p=164860"},"modified":"2024-09-08T17:35:22","modified_gmt":"2024-09-08T20:35:22","slug":"a-declaracao-de-gabriel-magalhaes-direcionada-a-memphis-depay","status":"publish","type":"post","link":"https:\/\/www.gaveanews.com\/index.php\/2024\/09\/08\/a-declaracao-de-gabriel-magalhaes-direcionada-a-memphis-depay\/","title":{"rendered":"A declara\u00e7\u00e3o de Gabriel Magalh\u00e3es direcionada a Memphis Depay"},"content":{"rendered":"\n<h2 class=\"wp-block-heading\" id=\"h-gabriel-magalhaes-elogia-memphis-depay-e-celebra-retorno-a-selecao-brasileira\">Gabriel Magalh\u00e3es elogia Memphis Depay e celebra retorno \u00e0 Sele\u00e7\u00e3o Brasileira<\/h2>\n\n\n\n<p>Em entrevista coletiva neste domingo, Gabriel Magalh\u00e3es, zagueiro do Arsenal e da Sele\u00e7\u00e3o Brasileira, comentou sobre o poss\u00edvel acerto de Memphis Depay com o Corinthians e fez quest\u00e3o de elogiar o atacante holand\u00eas, com quem j\u00e1 se enfrentou em diversas oportunidades.<\/p>\n\n\n\n<ul class=\"wp-block-list\">\n<li><a href=\"https:\/\/www.gaveanews.com\/index.php\/2024\/09\/08\/a-declaracao-de-lebron-james-direcionada-ao-estadio-do-corinthians\/\">A declara\u00e7\u00e3o de LeBron James direcionada ao est\u00e1dio do Corinthians<\/a><\/li>\n\n\n\n<li><a href=\"https:\/\/www.gaveanews.com\/index.php\/2024\/09\/07\/hugo-souza-alex-santana-andre-ramalho-charles-talles-magno-jose-martinez-e-hector-hernandez-corinthians-aproveita-a-janela-e-faz-9-contratacoes\/\">Hugo Souza, Alex Santana, Andr\u00e9 Ramalho, Charles, Talles Magno, Jos\u00e9 Mart\u00ednez e H\u00e9ctor Hern\u00e1ndez: Corinthians aproveita a janela e faz 9 contrata\u00e7\u00f5es<\/a><\/li>\n<\/ul>\n\n\n\n<p>&#8220;Eu, como torcedor, fico muito feliz. Sei da qualidade que ele tem, j\u00e1 joguei algumas vezes contra ele. Espero que seja muito feliz no Corinthians&#8221;, afirmou Gabriel, destacando o impacto que Depay pode trazer ao futebol brasileiro.<\/p>\n\n\n\n<h2 class=\"wp-block-heading\" id=\"h-retorno-a-selecao\">Retorno \u00e0 Sele\u00e7\u00e3o<\/h2>\n\n\n\n<p>Al\u00e9m de falar sobre Depay, Gabriel tamb\u00e9m celebrou sua convoca\u00e7\u00e3o para a Sele\u00e7\u00e3o Brasileira, destacando o quanto o momento \u00e9 especial para ele e sua fam\u00edlia. <\/p>\n\n\n\n<p>&#8220;\u00c9 um sonho. Acredito que cada momento aqui \u00e9 um sonho vivido para mim, para minha fam\u00edlia e meus amigos. Cada dia aqui dentro \u00e9 um sonho virando realidade. Fico muito feliz por estar aqui. \u00c9 resultado de muito trabalho&#8221;, disse o zagueiro.<\/p>\n\n\n\n<p>Ap\u00f3s se recuperar de uma les\u00e3o sofrida no \u00faltimo jogo da Premier League na temporada passada, Gabriel trabalhou duro para voltar \u00e0 melhor forma e estar \u00e0 disposi\u00e7\u00e3o do t\u00e9cnico Fernando Diniz. Ele ressaltou a import\u00e2ncia do trabalho \u00e1rduo para vestir a camisa da Sele\u00e7\u00e3o novamente.<\/p>\n\n\n\n<p>&#8220;Sei do meu potencial e s\u00f3 o trabalho iria me colocar aqui novamente. Foi o que eu fiz&#8230; Trabalhei muito e dei o meu melhor para vestir novamente a camisa da Sele\u00e7\u00e3o. Fico feliz por estar aqui hoje e ter jogado. Infelizmente, tive uma les\u00e3o no \u00faltimo jogo da Premier da temporada passada e ainda assim estive com o grupo (na Copa Am\u00e9rica). Me recuperei o mais r\u00e1pido poss\u00edvel, estava \u00e0 disposi\u00e7\u00e3o, e isso \u00e9 o mais importante&#8221;, completou Gabriel.<\/p>\n","protected":false},"excerpt":{"rendered":"<p>Gabriel Magalh\u00e3es elogia Memphis Depay e celebra retorno \u00e0 Sele\u00e7\u00e3o Brasileira Em entrevista coletiva neste domingo, Gabriel Magalh\u00e3es, zagueiro do Arsenal e da Sele\u00e7\u00e3o Brasileira, comentou sobre o poss\u00edvel acerto de Memphis Depay com o Corinthians e fez quest\u00e3o de elogiar o atacante holand\u00eas, com quem j\u00e1 se enfrentou em diversas oportunidades. &#8220;Eu, como torcedor, [&hellip;]<\/p>\n","protected":false},"author":17,"featured_media":115568,"comment_status":"open","ping_status":"closed","sticky":false,"template":"","format":"standard","meta":{"footnotes":""},"categories":[91,141],"tags":[],"class_list":["post-164860","post","type-post","status-publish","format-standard","has-post-thumbnail","hentry","category-arsenal","category-corinthians"],"yoast_head":"<!-- This site is optimized with the Yoast SEO Premium plugin v24.2 (Yoast SEO v26.9) - https:\/\/yoast.com\/product\/yoast-seo-premium-wordpress\/ -->\n<title>A declara\u00e7\u00e3o de Gabriel Magalh\u00e3es direcionada a Memphis Depay<\/title>\n<meta name=\"robots\" content=\"index, follow, max-snippet:-1, max-image-preview:large, max-video-preview:-1\" \/>\n<link rel=\"canonical\" href=\"https:\/\/www.gaveanews.com\/index.php\/2024\/09\/08\/a-declaracao-de-gabriel-magalhaes-direcionada-a-memphis-depay\/\" \/>\n<meta property=\"og:locale\" content=\"pt_BR\" \/>\n<meta property=\"og:type\" content=\"article\" \/>\n<meta property=\"og:title\" content=\"A declara\u00e7\u00e3o de Gabriel Magalh\u00e3es direcionada a Memphis Depay\" \/>\n<meta property=\"og:description\" content=\"Gabriel Magalh\u00e3es elogia Memphis Depay e celebra retorno \u00e0 Sele\u00e7\u00e3o Brasileira Em entrevista coletiva neste domingo, Gabriel Magalh\u00e3es, zagueiro do Arsenal e da Sele\u00e7\u00e3o Brasileira, comentou sobre o poss\u00edvel acerto de Memphis Depay com o Corinthians e fez quest\u00e3o de elogiar o atacante holand\u00eas, com quem j\u00e1 se enfrentou em diversas oportunidades. &#8220;Eu, como torcedor, [&hellip;]\" \/>\n<meta property=\"og:url\" content=\"https:\/\/www.gaveanews.com\/index.php\/2024\/09\/08\/a-declaracao-de-gabriel-magalhaes-direcionada-a-memphis-depay\/\" \/>\n<meta property=\"og:site_name\" content=\"G\u00e1vea News\" \/>\n<meta property=\"article:publisher\" content=\"https:\/\/facebook.com\/gaveaNews\/\" \/>\n<meta property=\"article:published_time\" content=\"2024-09-08T22:15:00+00:00\" \/>\n<meta property=\"og:image\" content=\"https:\/\/www.gaveanews.com\/wp-content\/uploads\/Gabriel-Magalhaes-durante-um-treino-do-Brasil.webp\" \/>\n\t<meta property=\"og:image:width\" content=\"1080\" \/>\n\t<meta property=\"og:image:height\" content=\"1346\" \/>\n\t<meta property=\"og:image:type\" content=\"image\/jpeg\" \/>\n<meta name=\"author\" content=\"Geovanna Thomaz\" \/>\n<meta name=\"twitter:card\" content=\"summary_large_image\" \/>\n<meta name=\"twitter:label1\" content=\"Escrito por\" \/>\n\t<meta name=\"twitter:data1\" content=\"Geovanna Thomaz\" \/>\n\t<meta name=\"twitter:label2\" content=\"Est. tempo de leitura\" \/>\n\t<meta name=\"twitter:data2\" content=\"2 minutos\" \/>\n<script type=\"application\/ld+json\" class=\"yoast-schema-graph\">{\"@context\":\"https:\/\/schema.org\",\"@graph\":[{\"@type\":\"NewsArticle\",\"@id\":\"https:\/\/www.gaveanews.com\/index.php\/2024\/09\/08\/a-declaracao-de-gabriel-magalhaes-direcionada-a-memphis-depay\/#article\",\"isPartOf\":{\"@id\":\"https:\/\/www.gaveanews.com\/index.php\/2024\/09\/08\/a-declaracao-de-gabriel-magalhaes-direcionada-a-memphis-depay\/\"},\"author\":{\"name\":\"Geovanna Thomaz\",\"@id\":\"https:\/\/www.gaveanews.com\/#\/schema\/person\/f42654babcd2b2014a1a65af82b081f1\"},\"headline\":\"A declara\u00e7\u00e3o de Gabriel Magalh\u00e3es direcionada a Memphis Depay\",\"datePublished\":\"2024-09-08T22:15:00+00:00\",\"mainEntityOfPage\":{\"@id\":\"https:\/\/www.gaveanews.com\/index.php\/2024\/09\/08\/a-declaracao-de-gabriel-magalhaes-direcionada-a-memphis-depay\/\"},\"wordCount\":350,\"commentCount\":0,\"image\":{\"@id\":\"https:\/\/www.gaveanews.com\/index.php\/2024\/09\/08\/a-declaracao-de-gabriel-magalhaes-direcionada-a-memphis-depay\/#primaryimage\"},\"thumbnailUrl\":\"https:\/\/www.gaveanews.com\/wp-content\/uploads\/Gabriel-Magalhaes-durante-um-treino-do-Brasil.webp\",\"articleSection\":[\"Arsenal\",\"Corinthians\"],\"inLanguage\":\"pt-BR\",\"potentialAction\":[{\"@type\":\"CommentAction\",\"name\":\"Comment\",\"target\":[\"https:\/\/www.gaveanews.com\/index.php\/2024\/09\/08\/a-declaracao-de-gabriel-magalhaes-direcionada-a-memphis-depay\/#respond\"]}],\"copyrightYear\":\"2024\",\"copyrightHolder\":{\"@id\":\"https:\/\/www.gaveanews.com\/#organization\"}},{\"@type\":\"WebPage\",\"@id\":\"https:\/\/www.gaveanews.com\/index.php\/2024\/09\/08\/a-declaracao-de-gabriel-magalhaes-direcionada-a-memphis-depay\/\",\"url\":\"https:\/\/www.gaveanews.com\/index.php\/2024\/09\/08\/a-declaracao-de-gabriel-magalhaes-direcionada-a-memphis-depay\/\",\"name\":\"A declara\u00e7\u00e3o de Gabriel Magalh\u00e3es direcionada a Memphis Depay\",\"isPartOf\":{\"@id\":\"https:\/\/www.gaveanews.com\/#website\"},\"primaryImageOfPage\":{\"@id\":\"https:\/\/www.gaveanews.com\/index.php\/2024\/09\/08\/a-declaracao-de-gabriel-magalhaes-direcionada-a-memphis-depay\/#primaryimage\"},\"image\":{\"@id\":\"https:\/\/www.gaveanews.com\/index.php\/2024\/09\/08\/a-declaracao-de-gabriel-magalhaes-direcionada-a-memphis-depay\/#primaryimage\"},\"thumbnailUrl\":\"https:\/\/www.gaveanews.com\/wp-content\/uploads\/Gabriel-Magalhaes-durante-um-treino-do-Brasil.webp\",\"datePublished\":\"2024-09-08T22:15:00+00:00\",\"author\":{\"@id\":\"https:\/\/www.gaveanews.com\/#\/schema\/person\/f42654babcd2b2014a1a65af82b081f1\"},\"breadcrumb\":{\"@id\":\"https:\/\/www.gaveanews.com\/index.php\/2024\/09\/08\/a-declaracao-de-gabriel-magalhaes-direcionada-a-memphis-depay\/#breadcrumb\"},\"inLanguage\":\"pt-BR\",\"potentialAction\":[{\"@type\":\"ReadAction\",\"target\":[\"https:\/\/www.gaveanews.com\/index.php\/2024\/09\/08\/a-declaracao-de-gabriel-magalhaes-direcionada-a-memphis-depay\/\"]}]},{\"@type\":\"ImageObject\",\"inLanguage\":\"pt-BR\",\"@id\":\"https:\/\/www.gaveanews.com\/index.php\/2024\/09\/08\/a-declaracao-de-gabriel-magalhaes-direcionada-a-memphis-depay\/#primaryimage\",\"url\":\"https:\/\/www.gaveanews.com\/wp-content\/uploads\/Gabriel-Magalhaes-durante-um-treino-do-Brasil.webp\",\"contentUrl\":\"https:\/\/www.gaveanews.com\/wp-content\/uploads\/Gabriel-Magalhaes-durante-um-treino-do-Brasil.webp\",\"width\":1080,\"height\":1346,\"caption\":\"Gabriel Magalh\u00e3es durante um treino do Brasil (Foto: Reprodu\u00e7\u00e3o\/Instagram)\"},{\"@type\":\"BreadcrumbList\",\"@id\":\"https:\/\/www.gaveanews.com\/index.php\/2024\/09\/08\/a-declaracao-de-gabriel-magalhaes-direcionada-a-memphis-depay\/#breadcrumb\",\"itemListElement\":[{\"@type\":\"ListItem\",\"position\":1,\"name\":\"Home\",\"item\":\"https:\/\/www.gaveanews.com\/\"},{\"@type\":\"ListItem\",\"position\":2,\"name\":\"A declara\u00e7\u00e3o de Gabriel Magalh\u00e3es direcionada a Memphis Depay\"}]},{\"@type\":\"WebSite\",\"@id\":\"https:\/\/www.gaveanews.com\/#website\",\"url\":\"https:\/\/www.gaveanews.com\/\",\"name\":\"G\u00e1vea News\",\"description\":\"Veja todas as not\u00edcias sobre o Flamengo: Contrata\u00e7\u00f5es, categorias de base, resultados das partidas, tabela de classifica\u00e7\u00e3o, pr\u00f3ximos jogos!\",\"potentialAction\":[{\"@type\":\"SearchAction\",\"target\":{\"@type\":\"EntryPoint\",\"urlTemplate\":\"https:\/\/www.gaveanews.com\/?s={search_term_string}\"},\"query-input\":{\"@type\":\"PropertyValueSpecification\",\"valueRequired\":true,\"valueName\":\"search_term_string\"}}],\"inLanguage\":\"pt-BR\"},{\"@type\":\"Person\",\"@id\":\"https:\/\/www.gaveanews.com\/#\/schema\/person\/f42654babcd2b2014a1a65af82b081f1\",\"name\":\"Geovanna Thomaz\",\"image\":{\"@type\":\"ImageObject\",\"inLanguage\":\"pt-BR\",\"@id\":\"https:\/\/www.gaveanews.com\/#\/schema\/person\/image\/\",\"url\":\"https:\/\/secure.gravatar.com\/avatar\/4092073255489533afb558984b49b64268c47198af8623cc82a925ae9fb7118a?s=96&d=mm&r=g\",\"contentUrl\":\"https:\/\/secure.gravatar.com\/avatar\/4092073255489533afb558984b49b64268c47198af8623cc82a925ae9fb7118a?s=96&d=mm&r=g\",\"caption\":\"Geovanna Thomaz\"}}]}<\/script>\n<!-- \/ Yoast SEO Premium plugin. -->","yoast_head_json":{"title":"A declara\u00e7\u00e3o de Gabriel Magalh\u00e3es direcionada a Memphis Depay","robots":{"index":"index","follow":"follow","max-snippet":"max-snippet:-1","max-image-preview":"max-image-preview:large","max-video-preview":"max-video-preview:-1"},"canonical":"https:\/\/www.gaveanews.com\/index.php\/2024\/09\/08\/a-declaracao-de-gabriel-magalhaes-direcionada-a-memphis-depay\/","og_locale":"pt_BR","og_type":"article","og_title":"A declara\u00e7\u00e3o de Gabriel Magalh\u00e3es direcionada a Memphis Depay","og_description":"Gabriel Magalh\u00e3es elogia Memphis Depay e celebra retorno \u00e0 Sele\u00e7\u00e3o Brasileira Em entrevista coletiva neste domingo, Gabriel Magalh\u00e3es, zagueiro do Arsenal e da Sele\u00e7\u00e3o Brasileira, comentou sobre o poss\u00edvel acerto de Memphis Depay com o Corinthians e fez quest\u00e3o de elogiar o atacante holand\u00eas, com quem j\u00e1 se enfrentou em diversas oportunidades. &#8220;Eu, como torcedor, [&hellip;]","og_url":"https:\/\/www.gaveanews.com\/index.php\/2024\/09\/08\/a-declaracao-de-gabriel-magalhaes-direcionada-a-memphis-depay\/","og_site_name":"G\u00e1vea News","article_publisher":"https:\/\/facebook.com\/gaveaNews\/","article_published_time":"2024-09-08T22:15:00+00:00","og_image":[{"width":1080,"height":1346,"url":"https:\/\/www.gaveanews.com\/wp-content\/uploads\/Gabriel-Magalhaes-durante-um-treino-do-Brasil.webp","type":"image\/jpeg"}],"author":"Geovanna Thomaz","twitter_card":"summary_large_image","twitter_misc":{"Escrito por":"Geovanna Thomaz","Est. tempo de leitura":"2 minutos"},"schema":{"@context":"https:\/\/schema.org","@graph":[{"@type":"NewsArticle","@id":"https:\/\/www.gaveanews.com\/index.php\/2024\/09\/08\/a-declaracao-de-gabriel-magalhaes-direcionada-a-memphis-depay\/#article","isPartOf":{"@id":"https:\/\/www.gaveanews.com\/index.php\/2024\/09\/08\/a-declaracao-de-gabriel-magalhaes-direcionada-a-memphis-depay\/"},"author":{"name":"Geovanna Thomaz","@id":"https:\/\/www.gaveanews.com\/#\/schema\/person\/f42654babcd2b2014a1a65af82b081f1"},"headline":"A declara\u00e7\u00e3o de Gabriel Magalh\u00e3es direcionada a Memphis Depay","datePublished":"2024-09-08T22:15:00+00:00","mainEntityOfPage":{"@id":"https:\/\/www.gaveanews.com\/index.php\/2024\/09\/08\/a-declaracao-de-gabriel-magalhaes-direcionada-a-memphis-depay\/"},"wordCount":350,"commentCount":0,"image":{"@id":"https:\/\/www.gaveanews.com\/index.php\/2024\/09\/08\/a-declaracao-de-gabriel-magalhaes-direcionada-a-memphis-depay\/#primaryimage"},"thumbnailUrl":"https:\/\/www.gaveanews.com\/wp-content\/uploads\/Gabriel-Magalhaes-durante-um-treino-do-Brasil.webp","articleSection":["Arsenal","Corinthians"],"inLanguage":"pt-BR","potentialAction":[{"@type":"CommentAction","name":"Comment","target":["https:\/\/www.gaveanews.com\/index.php\/2024\/09\/08\/a-declaracao-de-gabriel-magalhaes-direcionada-a-memphis-depay\/#respond"]}],"copyrightYear":"2024","copyrightHolder":{"@id":"https:\/\/www.gaveanews.com\/#organization"}},{"@type":"WebPage","@id":"https:\/\/www.gaveanews.com\/index.php\/2024\/09\/08\/a-declaracao-de-gabriel-magalhaes-direcionada-a-memphis-depay\/","url":"https:\/\/www.gaveanews.com\/index.php\/2024\/09\/08\/a-declaracao-de-gabriel-magalhaes-direcionada-a-memphis-depay\/","name":"A declara\u00e7\u00e3o de Gabriel Magalh\u00e3es direcionada a Memphis Depay","isPartOf":{"@id":"https:\/\/www.gaveanews.com\/#website"},"primaryImageOfPage":{"@id":"https:\/\/www.gaveanews.com\/index.php\/2024\/09\/08\/a-declaracao-de-gabriel-magalhaes-direcionada-a-memphis-depay\/#primaryimage"},"image":{"@id":"https:\/\/www.gaveanews.com\/index.php\/2024\/09\/08\/a-declaracao-de-gabriel-magalhaes-direcionada-a-memphis-depay\/#primaryimage"},"thumbnailUrl":"https:\/\/www.gaveanews.com\/wp-content\/uploads\/Gabriel-Magalhaes-durante-um-treino-do-Brasil.webp","datePublished":"2024-09-08T22:15:00+00:00","author":{"@id":"https:\/\/www.gaveanews.com\/#\/schema\/person\/f42654babcd2b2014a1a65af82b081f1"},"breadcrumb":{"@id":"https:\/\/www.gaveanews.com\/index.php\/2024\/09\/08\/a-declaracao-de-gabriel-magalhaes-direcionada-a-memphis-depay\/#breadcrumb"},"inLanguage":"pt-BR","potentialAction":[{"@type":"ReadAction","target":["https:\/\/www.gaveanews.com\/index.php\/2024\/09\/08\/a-declaracao-de-gabriel-magalhaes-direcionada-a-memphis-depay\/"]}]},{"@type":"ImageObject","inLanguage":"pt-BR","@id":"https:\/\/www.gaveanews.com\/index.php\/2024\/09\/08\/a-declaracao-de-gabriel-magalhaes-direcionada-a-memphis-depay\/#primaryimage","url":"https:\/\/www.gaveanews.com\/wp-content\/uploads\/Gabriel-Magalhaes-durante-um-treino-do-Brasil.webp","contentUrl":"https:\/\/www.gaveanews.com\/wp-content\/uploads\/Gabriel-Magalhaes-durante-um-treino-do-Brasil.webp","width":1080,"height":1346,"caption":"Gabriel Magalh\u00e3es durante um treino do Brasil (Foto: Reprodu\u00e7\u00e3o\/Instagram)"},{"@type":"BreadcrumbList","@id":"https:\/\/www.gaveanews.com\/index.php\/2024\/09\/08\/a-declaracao-de-gabriel-magalhaes-direcionada-a-memphis-depay\/#breadcrumb","itemListElement":[{"@type":"ListItem","position":1,"name":"Home","item":"https:\/\/www.gaveanews.com\/"},{"@type":"ListItem","position":2,"name":"A declara\u00e7\u00e3o de Gabriel Magalh\u00e3es direcionada a Memphis Depay"}]},{"@type":"WebSite","@id":"https:\/\/www.gaveanews.com\/#website","url":"https:\/\/www.gaveanews.com\/","name":"G\u00e1vea News","description":"Veja todas as not\u00edcias sobre o Flamengo: Contrata\u00e7\u00f5es, categorias de base, resultados das partidas, tabela de classifica\u00e7\u00e3o, pr\u00f3ximos jogos!","potentialAction":[{"@type":"SearchAction","target":{"@type":"EntryPoint","urlTemplate":"https:\/\/www.gaveanews.com\/?s={search_term_string}"},"query-input":{"@type":"PropertyValueSpecification","valueRequired":true,"valueName":"search_term_string"}}],"inLanguage":"pt-BR"},{"@type":"Person","@id":"https:\/\/www.gaveanews.com\/#\/schema\/person\/f42654babcd2b2014a1a65af82b081f1","name":"Geovanna Thomaz","image":{"@type":"ImageObject","inLanguage":"pt-BR","@id":"https:\/\/www.gaveanews.com\/#\/schema\/person\/image\/","url":"https:\/\/secure.gravatar.com\/avatar\/4092073255489533afb558984b49b64268c47198af8623cc82a925ae9fb7118a?s=96&d=mm&r=g","contentUrl":"https:\/\/secure.gravatar.com\/avatar\/4092073255489533afb558984b49b64268c47198af8623cc82a925ae9fb7118a?s=96&d=mm&r=g","caption":"Geovanna Thomaz"}}]}},"_links":{"self":[{"href":"https:\/\/www.gaveanews.com\/index.php\/wp-json\/wp\/v2\/posts\/164860","targetHints":{"allow":["GET"]}}],"collection":[{"href":"https:\/\/www.gaveanews.com\/index.php\/wp-json\/wp\/v2\/posts"}],"about":[{"href":"https:\/\/www.gaveanews.com\/index.php\/wp-json\/wp\/v2\/types\/post"}],"author":[{"embeddable":true,"href":"https:\/\/www.gaveanews.com\/index.php\/wp-json\/wp\/v2\/users\/17"}],"replies":[{"embeddable":true,"href":"https:\/\/www.gaveanews.com\/index.php\/wp-json\/wp\/v2\/comments?post=164860"}],"version-history":[{"count":1,"href":"https:\/\/www.gaveanews.com\/index.php\/wp-json\/wp\/v2\/posts\/164860\/revisions"}],"predecessor-version":[{"id":164863,"href":"https:\/\/www.gaveanews.com\/index.php\/wp-json\/wp\/v2\/posts\/164860\/revisions\/164863"}],"wp:featuredmedia":[{"embeddable":true,"href":"https:\/\/www.gaveanews.com\/index.php\/wp-json\/wp\/v2\/media\/115568"}],"wp:attachment":[{"href":"https:\/\/www.gaveanews.com\/index.php\/wp-json\/wp\/v2\/media?parent=164860"}],"wp:term":[{"taxonomy":"category","embeddable":true,"href":"https:\/\/www.gaveanews.com\/index.php\/wp-json\/wp\/v2\/categories?post=164860"},{"taxonomy":"post_tag","embeddable":true,"href":"https:\/\/www.gaveanews.com\/index.php\/wp-json\/wp\/v2\/tags?post=164860"}],"curies":[{"name":"wp","href":"https:\/\/api.w.org\/{rel}","templated":true}]}}