{"id":165320,"date":"2024-09-10T15:00:00","date_gmt":"2024-09-10T18:00:00","guid":{"rendered":"https:\/\/www.gaveanews.com\/?p=165320"},"modified":"2024-09-10T12:12:50","modified_gmt":"2024-09-10T15:12:50","slug":"a-declaracao-do-presidente-do-santos-sobre-fabio-carille","status":"publish","type":"post","link":"https:\/\/www.gaveanews.com\/index.php\/2024\/09\/10\/a-declaracao-do-presidente-do-santos-sobre-fabio-carille\/","title":{"rendered":"A declara\u00e7\u00e3o do presidente do Santos sobre F\u00e1bio Carille"},"content":{"rendered":"\n<h2 class=\"wp-block-heading\" id=\"h-marcelo-teixeira-pede-paciencia-aos-torcedores-com-carille\">Marcelo Teixeira pede paci\u00eancia aos torcedores com Carille <\/h2>\n\n\n\n<p>O presidente do Santos, Marcelo Teixeira, participou do programa Letsgoat, no canal GOAT no YouTube, nesta segunda-feira (9), onde discutiu o momento do clube e pediu paci\u00eancia com o t\u00e9cnico F\u00e1bio Carille. Segundo Teixeira, o trabalho do treinador ainda est\u00e1 em fase inicial e deve ser avaliado a longo prazo, com foco no acesso \u00e0 S\u00e9rie A do Campeonato Brasileiro.<\/p>\n\n\n\n<ul class=\"wp-block-list\">\n<li><a href=\"https:\/\/www.gaveanews.com\/index.php\/2024\/09\/09\/paulo-bracks-inicia-reformulacao-e-santos-busca-rescisao-com-2-jogadores\/\">Paulo Bracks inicia reformula\u00e7\u00e3o e Santos busca rescis\u00e3o com 2 jogadores<\/a><\/li>\n\n\n\n<li><a href=\"https:\/\/www.gaveanews.com\/index.php\/2024\/09\/09\/apesar-da-vitoria-fabio-carille-ainda-esta-sob-pressao-no-santos\/\">Apesar da vit\u00f3ria, F\u00e1bio Carille ainda est\u00e1 sob press\u00e3o no Santos<\/a><\/li>\n<\/ul>\n\n\n\n<p>Teixeira refor\u00e7ou a import\u00e2ncia de n\u00e3o avaliar Carille apenas pelos resultados imediatos, destacando que o treinador assumiu o time em meio \u00e0 disputa da S\u00e9rie B.<\/p>\n\n\n\n<p>\u201cO trabalho de Carille \u00e9 recente e curto, e embora o torcedor queira ver um Santos competitivo, \u00e9 importante lembrar que o time disputa a S\u00e9rie B. O foco deve ser a soma de pontos para garantir o acesso&#8221;, explicou o presidente.<\/p>\n\n\n\n<p>O mandat\u00e1rio do Peixe tamb\u00e9m salientou a necessidade de continuidade no trabalho do treinador e de sua comiss\u00e3o t\u00e9cnica, evitando mudan\u00e7as dr\u00e1sticas em resposta \u00e0 press\u00e3o da torcida. Teixeira destacou que, apesar das oscila\u00e7\u00f5es no desempenho do time, \u00e9 essencial manter a estabilidade no comando t\u00e9cnico.<\/p>\n\n\n\n<p> &#8220;O objetivo principal \u00e9 o acesso e, se poss\u00edvel, a conquista do t\u00edtulo. \u00c9 crucial manter o planejamento e evitar trocas de t\u00e9cnico por press\u00e3o da torcida, como j\u00e1 ocorreu no passado\u201d, explicou.<\/p>\n\n\n\n<p>&#8220;O Santos oscila no desempenho, mas \u00e9 essencial ter equil\u00edbrio nas decis\u00f5es e evitar mudan\u00e7as precipitadas. Mesmo com insatisfa\u00e7\u00f5es, o clube precisa agir com cautela, priorizando a continuidade e o amadurecimento do trabalho atual para alcan\u00e7ar os objetivos planejados a longo prazo&#8221;, finalizou o presidente.<\/p>\n\n\n\n<p>Com a vit\u00f3ria por 1 a 0 sobre o Brusque fora de casa, o Santos chegou aos 43 pontos, ocupando a segunda coloca\u00e7\u00e3o na S\u00e9rie B, apenas um ponto atr\u00e1s do l\u00edder Novorizontino. O pr\u00f3ximo compromisso do time ser\u00e1 contra o Am\u00e9rica-MG, no domingo (15), \u00e0s 16h, na Vila Viva Sorte, pela 26\u00aa rodada da S\u00e9rie B. O Peixe busca encerrar um jejum de quatro partidas sem vencer em casa.<\/p>\n","protected":false},"excerpt":{"rendered":"<p>Marcelo Teixeira pede paci\u00eancia aos torcedores com Carille O presidente do Santos, Marcelo Teixeira, participou do programa Letsgoat, no canal GOAT no YouTube, nesta segunda-feira (9), onde discutiu o momento do clube e pediu paci\u00eancia com o t\u00e9cnico F\u00e1bio Carille. Segundo Teixeira, o trabalho do treinador ainda est\u00e1 em fase inicial e deve ser avaliado [&hellip;]<\/p>\n","protected":false},"author":20,"featured_media":153906,"comment_status":"open","ping_status":"closed","sticky":false,"template":"","format":"standard","meta":{"footnotes":""},"categories":[139],"tags":[],"class_list":["post-165320","post","type-post","status-publish","format-standard","has-post-thumbnail","hentry","category-santos"],"yoast_head":"<!-- This site is optimized with the Yoast SEO Premium plugin v24.2 (Yoast SEO v26.9) - https:\/\/yoast.com\/product\/yoast-seo-premium-wordpress\/ -->\n<title>A declara\u00e7\u00e3o do presidente do Santos sobre F\u00e1bio Carille<\/title>\n<meta name=\"robots\" content=\"index, follow, max-snippet:-1, max-image-preview:large, max-video-preview:-1\" \/>\n<link rel=\"canonical\" href=\"https:\/\/www.gaveanews.com\/index.php\/2024\/09\/10\/a-declaracao-do-presidente-do-santos-sobre-fabio-carille\/\" \/>\n<meta property=\"og:locale\" content=\"pt_BR\" \/>\n<meta property=\"og:type\" content=\"article\" \/>\n<meta property=\"og:title\" content=\"A declara\u00e7\u00e3o do presidente do Santos sobre F\u00e1bio Carille\" \/>\n<meta property=\"og:description\" content=\"Marcelo Teixeira pede paci\u00eancia aos torcedores com Carille O presidente do Santos, Marcelo Teixeira, participou do programa Letsgoat, no canal GOAT no YouTube, nesta segunda-feira (9), onde discutiu o momento do clube e pediu paci\u00eancia com o t\u00e9cnico F\u00e1bio Carille. Segundo Teixeira, o trabalho do treinador ainda est\u00e1 em fase inicial e deve ser avaliado [&hellip;]\" \/>\n<meta property=\"og:url\" content=\"https:\/\/www.gaveanews.com\/index.php\/2024\/09\/10\/a-declaracao-do-presidente-do-santos-sobre-fabio-carille\/\" \/>\n<meta property=\"og:site_name\" content=\"G\u00e1vea News\" \/>\n<meta property=\"article:publisher\" content=\"https:\/\/facebook.com\/gaveaNews\/\" \/>\n<meta property=\"article:published_time\" content=\"2024-09-10T18:00:00+00:00\" \/>\n<meta property=\"og:image\" content=\"https:\/\/www.gaveanews.com\/wp-content\/uploads\/Fabio-Carille-treinando-o-Santos.webp\" \/>\n\t<meta property=\"og:image:width\" content=\"1600\" \/>\n\t<meta property=\"og:image:height\" content=\"1054\" \/>\n\t<meta property=\"og:image:type\" content=\"image\/jpeg\" \/>\n<meta name=\"author\" content=\"Lucas Barros\" \/>\n<meta name=\"twitter:card\" content=\"summary_large_image\" \/>\n<meta name=\"twitter:label1\" content=\"Escrito por\" \/>\n\t<meta name=\"twitter:data1\" content=\"Lucas Barros\" \/>\n\t<meta name=\"twitter:label2\" content=\"Est. tempo de leitura\" \/>\n\t<meta name=\"twitter:data2\" content=\"3 minutos\" \/>\n<script type=\"application\/ld+json\" class=\"yoast-schema-graph\">{\"@context\":\"https:\/\/schema.org\",\"@graph\":[{\"@type\":\"NewsArticle\",\"@id\":\"https:\/\/www.gaveanews.com\/index.php\/2024\/09\/10\/a-declaracao-do-presidente-do-santos-sobre-fabio-carille\/#article\",\"isPartOf\":{\"@id\":\"https:\/\/www.gaveanews.com\/index.php\/2024\/09\/10\/a-declaracao-do-presidente-do-santos-sobre-fabio-carille\/\"},\"author\":{\"name\":\"Lucas Barros\",\"@id\":\"https:\/\/www.gaveanews.com\/#\/schema\/person\/2abf0cfa878f5f899daa5f781e82264c\"},\"headline\":\"A declara\u00e7\u00e3o do presidente do Santos sobre F\u00e1bio Carille\",\"datePublished\":\"2024-09-10T18:00:00+00:00\",\"mainEntityOfPage\":{\"@id\":\"https:\/\/www.gaveanews.com\/index.php\/2024\/09\/10\/a-declaracao-do-presidente-do-santos-sobre-fabio-carille\/\"},\"wordCount\":388,\"commentCount\":0,\"image\":{\"@id\":\"https:\/\/www.gaveanews.com\/index.php\/2024\/09\/10\/a-declaracao-do-presidente-do-santos-sobre-fabio-carille\/#primaryimage\"},\"thumbnailUrl\":\"https:\/\/www.gaveanews.com\/wp-content\/uploads\/Fabio-Carille-treinando-o-Santos.webp\",\"articleSection\":[\"Santos\"],\"inLanguage\":\"pt-BR\",\"potentialAction\":[{\"@type\":\"CommentAction\",\"name\":\"Comment\",\"target\":[\"https:\/\/www.gaveanews.com\/index.php\/2024\/09\/10\/a-declaracao-do-presidente-do-santos-sobre-fabio-carille\/#respond\"]}],\"copyrightYear\":\"2024\",\"copyrightHolder\":{\"@id\":\"https:\/\/www.gaveanews.com\/#organization\"}},{\"@type\":\"WebPage\",\"@id\":\"https:\/\/www.gaveanews.com\/index.php\/2024\/09\/10\/a-declaracao-do-presidente-do-santos-sobre-fabio-carille\/\",\"url\":\"https:\/\/www.gaveanews.com\/index.php\/2024\/09\/10\/a-declaracao-do-presidente-do-santos-sobre-fabio-carille\/\",\"name\":\"A declara\u00e7\u00e3o do presidente do Santos sobre F\u00e1bio Carille\",\"isPartOf\":{\"@id\":\"https:\/\/www.gaveanews.com\/#website\"},\"primaryImageOfPage\":{\"@id\":\"https:\/\/www.gaveanews.com\/index.php\/2024\/09\/10\/a-declaracao-do-presidente-do-santos-sobre-fabio-carille\/#primaryimage\"},\"image\":{\"@id\":\"https:\/\/www.gaveanews.com\/index.php\/2024\/09\/10\/a-declaracao-do-presidente-do-santos-sobre-fabio-carille\/#primaryimage\"},\"thumbnailUrl\":\"https:\/\/www.gaveanews.com\/wp-content\/uploads\/Fabio-Carille-treinando-o-Santos.webp\",\"datePublished\":\"2024-09-10T18:00:00+00:00\",\"author\":{\"@id\":\"https:\/\/www.gaveanews.com\/#\/schema\/person\/2abf0cfa878f5f899daa5f781e82264c\"},\"breadcrumb\":{\"@id\":\"https:\/\/www.gaveanews.com\/index.php\/2024\/09\/10\/a-declaracao-do-presidente-do-santos-sobre-fabio-carille\/#breadcrumb\"},\"inLanguage\":\"pt-BR\",\"potentialAction\":[{\"@type\":\"ReadAction\",\"target\":[\"https:\/\/www.gaveanews.com\/index.php\/2024\/09\/10\/a-declaracao-do-presidente-do-santos-sobre-fabio-carille\/\"]}]},{\"@type\":\"ImageObject\",\"inLanguage\":\"pt-BR\",\"@id\":\"https:\/\/www.gaveanews.com\/index.php\/2024\/09\/10\/a-declaracao-do-presidente-do-santos-sobre-fabio-carille\/#primaryimage\",\"url\":\"https:\/\/www.gaveanews.com\/wp-content\/uploads\/Fabio-Carille-treinando-o-Santos.webp\",\"contentUrl\":\"https:\/\/www.gaveanews.com\/wp-content\/uploads\/Fabio-Carille-treinando-o-Santos.webp\",\"width\":1600,\"height\":1054,\"caption\":\"F\u00e1bio Carille treinando o Santos (Foto: Reprodu\u00e7\u00e3o\/Santos)\"},{\"@type\":\"BreadcrumbList\",\"@id\":\"https:\/\/www.gaveanews.com\/index.php\/2024\/09\/10\/a-declaracao-do-presidente-do-santos-sobre-fabio-carille\/#breadcrumb\",\"itemListElement\":[{\"@type\":\"ListItem\",\"position\":1,\"name\":\"Home\",\"item\":\"https:\/\/www.gaveanews.com\/\"},{\"@type\":\"ListItem\",\"position\":2,\"name\":\"A declara\u00e7\u00e3o do presidente do Santos sobre F\u00e1bio Carille\"}]},{\"@type\":\"WebSite\",\"@id\":\"https:\/\/www.gaveanews.com\/#website\",\"url\":\"https:\/\/www.gaveanews.com\/\",\"name\":\"G\u00e1vea News\",\"description\":\"Veja todas as not\u00edcias sobre o Flamengo: Contrata\u00e7\u00f5es, categorias de base, resultados das partidas, tabela de classifica\u00e7\u00e3o, pr\u00f3ximos jogos!\",\"potentialAction\":[{\"@type\":\"SearchAction\",\"target\":{\"@type\":\"EntryPoint\",\"urlTemplate\":\"https:\/\/www.gaveanews.com\/?s={search_term_string}\"},\"query-input\":{\"@type\":\"PropertyValueSpecification\",\"valueRequired\":true,\"valueName\":\"search_term_string\"}}],\"inLanguage\":\"pt-BR\"},{\"@type\":\"Person\",\"@id\":\"https:\/\/www.gaveanews.com\/#\/schema\/person\/2abf0cfa878f5f899daa5f781e82264c\",\"name\":\"Lucas Barros\",\"image\":{\"@type\":\"ImageObject\",\"inLanguage\":\"pt-BR\",\"@id\":\"https:\/\/www.gaveanews.com\/#\/schema\/person\/image\/\",\"url\":\"https:\/\/secure.gravatar.com\/avatar\/67a6069eba66bf6fd7c80b70e1331baa3dbc3d6df5012d5c22eff29c7d59e0b0?s=96&d=mm&r=g\",\"contentUrl\":\"https:\/\/secure.gravatar.com\/avatar\/67a6069eba66bf6fd7c80b70e1331baa3dbc3d6df5012d5c22eff29c7d59e0b0?s=96&d=mm&r=g\",\"caption\":\"Lucas Barros\"}}]}<\/script>\n<!-- \/ Yoast SEO Premium plugin. -->","yoast_head_json":{"title":"A declara\u00e7\u00e3o do presidente do Santos sobre F\u00e1bio Carille","robots":{"index":"index","follow":"follow","max-snippet":"max-snippet:-1","max-image-preview":"max-image-preview:large","max-video-preview":"max-video-preview:-1"},"canonical":"https:\/\/www.gaveanews.com\/index.php\/2024\/09\/10\/a-declaracao-do-presidente-do-santos-sobre-fabio-carille\/","og_locale":"pt_BR","og_type":"article","og_title":"A declara\u00e7\u00e3o do presidente do Santos sobre F\u00e1bio Carille","og_description":"Marcelo Teixeira pede paci\u00eancia aos torcedores com Carille O presidente do Santos, Marcelo Teixeira, participou do programa Letsgoat, no canal GOAT no YouTube, nesta segunda-feira (9), onde discutiu o momento do clube e pediu paci\u00eancia com o t\u00e9cnico F\u00e1bio Carille. Segundo Teixeira, o trabalho do treinador ainda est\u00e1 em fase inicial e deve ser avaliado [&hellip;]","og_url":"https:\/\/www.gaveanews.com\/index.php\/2024\/09\/10\/a-declaracao-do-presidente-do-santos-sobre-fabio-carille\/","og_site_name":"G\u00e1vea News","article_publisher":"https:\/\/facebook.com\/gaveaNews\/","article_published_time":"2024-09-10T18:00:00+00:00","og_image":[{"width":1600,"height":1054,"url":"https:\/\/www.gaveanews.com\/wp-content\/uploads\/Fabio-Carille-treinando-o-Santos.webp","type":"image\/jpeg"}],"author":"Lucas Barros","twitter_card":"summary_large_image","twitter_misc":{"Escrito por":"Lucas Barros","Est. tempo de leitura":"3 minutos"},"schema":{"@context":"https:\/\/schema.org","@graph":[{"@type":"NewsArticle","@id":"https:\/\/www.gaveanews.com\/index.php\/2024\/09\/10\/a-declaracao-do-presidente-do-santos-sobre-fabio-carille\/#article","isPartOf":{"@id":"https:\/\/www.gaveanews.com\/index.php\/2024\/09\/10\/a-declaracao-do-presidente-do-santos-sobre-fabio-carille\/"},"author":{"name":"Lucas Barros","@id":"https:\/\/www.gaveanews.com\/#\/schema\/person\/2abf0cfa878f5f899daa5f781e82264c"},"headline":"A declara\u00e7\u00e3o do presidente do Santos sobre F\u00e1bio Carille","datePublished":"2024-09-10T18:00:00+00:00","mainEntityOfPage":{"@id":"https:\/\/www.gaveanews.com\/index.php\/2024\/09\/10\/a-declaracao-do-presidente-do-santos-sobre-fabio-carille\/"},"wordCount":388,"commentCount":0,"image":{"@id":"https:\/\/www.gaveanews.com\/index.php\/2024\/09\/10\/a-declaracao-do-presidente-do-santos-sobre-fabio-carille\/#primaryimage"},"thumbnailUrl":"https:\/\/www.gaveanews.com\/wp-content\/uploads\/Fabio-Carille-treinando-o-Santos.webp","articleSection":["Santos"],"inLanguage":"pt-BR","potentialAction":[{"@type":"CommentAction","name":"Comment","target":["https:\/\/www.gaveanews.com\/index.php\/2024\/09\/10\/a-declaracao-do-presidente-do-santos-sobre-fabio-carille\/#respond"]}],"copyrightYear":"2024","copyrightHolder":{"@id":"https:\/\/www.gaveanews.com\/#organization"}},{"@type":"WebPage","@id":"https:\/\/www.gaveanews.com\/index.php\/2024\/09\/10\/a-declaracao-do-presidente-do-santos-sobre-fabio-carille\/","url":"https:\/\/www.gaveanews.com\/index.php\/2024\/09\/10\/a-declaracao-do-presidente-do-santos-sobre-fabio-carille\/","name":"A declara\u00e7\u00e3o do presidente do Santos sobre F\u00e1bio Carille","isPartOf":{"@id":"https:\/\/www.gaveanews.com\/#website"},"primaryImageOfPage":{"@id":"https:\/\/www.gaveanews.com\/index.php\/2024\/09\/10\/a-declaracao-do-presidente-do-santos-sobre-fabio-carille\/#primaryimage"},"image":{"@id":"https:\/\/www.gaveanews.com\/index.php\/2024\/09\/10\/a-declaracao-do-presidente-do-santos-sobre-fabio-carille\/#primaryimage"},"thumbnailUrl":"https:\/\/www.gaveanews.com\/wp-content\/uploads\/Fabio-Carille-treinando-o-Santos.webp","datePublished":"2024-09-10T18:00:00+00:00","author":{"@id":"https:\/\/www.gaveanews.com\/#\/schema\/person\/2abf0cfa878f5f899daa5f781e82264c"},"breadcrumb":{"@id":"https:\/\/www.gaveanews.com\/index.php\/2024\/09\/10\/a-declaracao-do-presidente-do-santos-sobre-fabio-carille\/#breadcrumb"},"inLanguage":"pt-BR","potentialAction":[{"@type":"ReadAction","target":["https:\/\/www.gaveanews.com\/index.php\/2024\/09\/10\/a-declaracao-do-presidente-do-santos-sobre-fabio-carille\/"]}]},{"@type":"ImageObject","inLanguage":"pt-BR","@id":"https:\/\/www.gaveanews.com\/index.php\/2024\/09\/10\/a-declaracao-do-presidente-do-santos-sobre-fabio-carille\/#primaryimage","url":"https:\/\/www.gaveanews.com\/wp-content\/uploads\/Fabio-Carille-treinando-o-Santos.webp","contentUrl":"https:\/\/www.gaveanews.com\/wp-content\/uploads\/Fabio-Carille-treinando-o-Santos.webp","width":1600,"height":1054,"caption":"F\u00e1bio Carille treinando o Santos (Foto: Reprodu\u00e7\u00e3o\/Santos)"},{"@type":"BreadcrumbList","@id":"https:\/\/www.gaveanews.com\/index.php\/2024\/09\/10\/a-declaracao-do-presidente-do-santos-sobre-fabio-carille\/#breadcrumb","itemListElement":[{"@type":"ListItem","position":1,"name":"Home","item":"https:\/\/www.gaveanews.com\/"},{"@type":"ListItem","position":2,"name":"A declara\u00e7\u00e3o do presidente do Santos sobre F\u00e1bio Carille"}]},{"@type":"WebSite","@id":"https:\/\/www.gaveanews.com\/#website","url":"https:\/\/www.gaveanews.com\/","name":"G\u00e1vea News","description":"Veja todas as not\u00edcias sobre o Flamengo: Contrata\u00e7\u00f5es, categorias de base, resultados das partidas, tabela de classifica\u00e7\u00e3o, pr\u00f3ximos jogos!","potentialAction":[{"@type":"SearchAction","target":{"@type":"EntryPoint","urlTemplate":"https:\/\/www.gaveanews.com\/?s={search_term_string}"},"query-input":{"@type":"PropertyValueSpecification","valueRequired":true,"valueName":"search_term_string"}}],"inLanguage":"pt-BR"},{"@type":"Person","@id":"https:\/\/www.gaveanews.com\/#\/schema\/person\/2abf0cfa878f5f899daa5f781e82264c","name":"Lucas Barros","image":{"@type":"ImageObject","inLanguage":"pt-BR","@id":"https:\/\/www.gaveanews.com\/#\/schema\/person\/image\/","url":"https:\/\/secure.gravatar.com\/avatar\/67a6069eba66bf6fd7c80b70e1331baa3dbc3d6df5012d5c22eff29c7d59e0b0?s=96&d=mm&r=g","contentUrl":"https:\/\/secure.gravatar.com\/avatar\/67a6069eba66bf6fd7c80b70e1331baa3dbc3d6df5012d5c22eff29c7d59e0b0?s=96&d=mm&r=g","caption":"Lucas Barros"}}]}},"_links":{"self":[{"href":"https:\/\/www.gaveanews.com\/index.php\/wp-json\/wp\/v2\/posts\/165320","targetHints":{"allow":["GET"]}}],"collection":[{"href":"https:\/\/www.gaveanews.com\/index.php\/wp-json\/wp\/v2\/posts"}],"about":[{"href":"https:\/\/www.gaveanews.com\/index.php\/wp-json\/wp\/v2\/types\/post"}],"author":[{"embeddable":true,"href":"https:\/\/www.gaveanews.com\/index.php\/wp-json\/wp\/v2\/users\/20"}],"replies":[{"embeddable":true,"href":"https:\/\/www.gaveanews.com\/index.php\/wp-json\/wp\/v2\/comments?post=165320"}],"version-history":[{"count":2,"href":"https:\/\/www.gaveanews.com\/index.php\/wp-json\/wp\/v2\/posts\/165320\/revisions"}],"predecessor-version":[{"id":165325,"href":"https:\/\/www.gaveanews.com\/index.php\/wp-json\/wp\/v2\/posts\/165320\/revisions\/165325"}],"wp:featuredmedia":[{"embeddable":true,"href":"https:\/\/www.gaveanews.com\/index.php\/wp-json\/wp\/v2\/media\/153906"}],"wp:attachment":[{"href":"https:\/\/www.gaveanews.com\/index.php\/wp-json\/wp\/v2\/media?parent=165320"}],"wp:term":[{"taxonomy":"category","embeddable":true,"href":"https:\/\/www.gaveanews.com\/index.php\/wp-json\/wp\/v2\/categories?post=165320"},{"taxonomy":"post_tag","embeddable":true,"href":"https:\/\/www.gaveanews.com\/index.php\/wp-json\/wp\/v2\/tags?post=165320"}],"curies":[{"name":"wp","href":"https:\/\/api.w.org\/{rel}","templated":true}]}}