{"id":165406,"date":"2024-09-10T14:54:09","date_gmt":"2024-09-10T17:54:09","guid":{"rendered":"https:\/\/www.gaveanews.com\/?p=165406"},"modified":"2024-09-10T14:54:12","modified_gmt":"2024-09-10T17:54:12","slug":"apos-depay-corinthians-quer-buscar-seu-proximo-reforco-no-flamengo","status":"publish","type":"post","link":"https:\/\/www.gaveanews.com\/index.php\/2024\/09\/10\/apos-depay-corinthians-quer-buscar-seu-proximo-reforco-no-flamengo\/","title":{"rendered":"Ap\u00f3s Depay, Corinthians quer buscar seu pr\u00f3ximo refor\u00e7o no Flamengo"},"content":{"rendered":"\n<h2 class=\"wp-block-heading\" id=\"h-corinthians-ainda-sonha-com-gabigol\">Corinthians ainda sonha com Gabigol<\/h2>\n\n\n\n<p>Nos \u00faltimos dias, o Corinthians tem se mostrado ativo no mercado de transfer\u00eancias e nutre grandes esperan\u00e7as para a pr\u00f3xima janela, especialmente em rela\u00e7\u00e3o a Gabigol. O jogador, que possui v\u00ednculo com o Flamengo at\u00e9 dezembro deste ano, ainda n\u00e3o tem seu futuro definido no clube carioca.<\/p>\n\n\n\n<ul class=\"wp-block-list\">\n<li><a href=\"https:\/\/www.gaveanews.com\/index.php\/2024\/09\/10\/a-funcionaria-que-depay-exigiu-que-fosse-contratada-pelo-corinthians\/\">A funcion\u00e1ria que Depay exigiu que fosse contratada pelo Corinthians<\/a><\/li>\n\n\n\n<li><a href=\"https:\/\/www.gaveanews.com\/index.php\/2024\/09\/10\/corinthians-x-juventude-premiacao-milionaria-esta-em-jogo-veja-valores\/\">Corinthians x Juventude: premia\u00e7\u00e3o milion\u00e1ria est\u00e1 em jogo; veja valores<br><\/a><\/li>\n<\/ul>\n\n\n\n<p>Conforme informa\u00e7\u00f5es da GOAL, o clube paulista reacendeu o desejo de contratar o atleta ap\u00f3s ele n\u00e3o ter fechado com o Palmeiras. Ademais, a conclus\u00e3o bem-sucedida da negocia\u00e7\u00e3o com Memphis Depay, que firmou um contrato de dois anos com o Corinthians, serviu como um est\u00edmulo adicional.<\/p>\n\n\n\n<p>A estrat\u00e9gia do Corinthians inclui retomar as conversas com os representantes de Gabigol. Fontes indicam que a diretoria v\u00ea o atacante como uma \u00f3tima oportunidade no mercado e acredita que sua chegada poderia proporcionar um grande impacto em termos de marketing. O clube tamb\u00e9m est\u00e1 considerando negociar Yuri Alberto, que recentemente recebeu uma proposta do West Ham, al\u00e9m de Pedro Raul, criando assim espa\u00e7o para novas contrata\u00e7\u00f5es.<\/p>\n\n\n\n<figure class=\"wp-block-image size-large\"><img loading=\"lazy\" decoding=\"async\" width=\"1024\" height=\"682\" src=\"https:\/\/www.gaveanews.com\/wp-content\/uploads\/Gabigol-durante-Flamengo-x-Fortaleza-pelo-Brasileirao-2024-1024x682.webp\" alt=\"\" class=\"wp-image-151992\" srcset=\"https:\/\/www.gaveanews.com\/wp-content\/uploads\/Gabigol-durante-Flamengo-x-Fortaleza-pelo-Brasileirao-2024-1024x682.webp 1024w, https:\/\/www.gaveanews.com\/wp-content\/uploads\/Gabigol-durante-Flamengo-x-Fortaleza-pelo-Brasileirao-2024-300x200.webp 300w, https:\/\/www.gaveanews.com\/wp-content\/uploads\/Gabigol-durante-Flamengo-x-Fortaleza-pelo-Brasileirao-2024-768x512.webp 768w, https:\/\/www.gaveanews.com\/wp-content\/uploads\/Gabigol-durante-Flamengo-x-Fortaleza-pelo-Brasileirao-2024-1536x1024.webp 1536w, https:\/\/www.gaveanews.com\/wp-content\/uploads\/Gabigol-durante-Flamengo-x-Fortaleza-pelo-Brasileirao-2024-630x420.webp 630w, https:\/\/www.gaveanews.com\/wp-content\/uploads\/Gabigol-durante-Flamengo-x-Fortaleza-pelo-Brasileirao-2024-1260x840.webp 1260w, https:\/\/www.gaveanews.com\/wp-content\/uploads\/Gabigol-durante-Flamengo-x-Fortaleza-pelo-Brasileirao-2024-640x427.webp 640w, https:\/\/www.gaveanews.com\/wp-content\/uploads\/Gabigol-durante-Flamengo-x-Fortaleza-pelo-Brasileirao-2024-1280x853.webp 1280w, https:\/\/www.gaveanews.com\/wp-content\/uploads\/Gabigol-durante-Flamengo-x-Fortaleza-pelo-Brasileirao-2024-681x454.webp 681w, https:\/\/www.gaveanews.com\/wp-content\/uploads\/Gabigol-durante-Flamengo-x-Fortaleza-pelo-Brasileirao-2024-1362x908.webp 1362w, https:\/\/www.gaveanews.com\/wp-content\/uploads\/Gabigol-durante-Flamengo-x-Fortaleza-pelo-Brasileirao-2024-100x67.webp 100w, https:\/\/www.gaveanews.com\/wp-content\/uploads\/Gabigol-durante-Flamengo-x-Fortaleza-pelo-Brasileirao-2024.webp 2000w\" sizes=\"auto, (max-width: 1024px) 100vw, 1024px\" \/><figcaption class=\"wp-element-caption\">Gabigol durante Flamengo x Fortaleza pelo Brasileir\u00e3o 2024 (Foto: Reprodu\u00e7\u00e3o\/Flamengo)<\/figcaption><\/figure>\n\n\n\n<p>A chegada de Memphis Depay foi vista como um divisor de \u00e1guas para o Corinthians. A opera\u00e7\u00e3o envolveu valores expressivos, os mais altos j\u00e1 registrados no futebol brasileiro. A diretoria acredita que a possibilidade de jogar ao lado do craque holand\u00eas pode ser um atrativo tanto para Gabigol quanto para outros atletas do cen\u00e1rio sul-americano.<\/p>\n\n\n\n<p>Gabigol \u00e9 sem d\u00favida um dos \u00eddolos mais recentes da hist\u00f3ria do Flamengo ap\u00f3s seis anos no clube. Apesar de ter sido campe\u00e3o da Libertadores, da Copa do Brasil e do Brasileir\u00e3o, o jogador est\u00e1 passando por um momento crucial em sua passagem pelo Meng\u00e3o.<\/p>\n\n\n\n<p>Gabriel Barbosa ter\u00e1 sua \u00faltima oportunidade de demonstrar que \u00e9 predestinado. Com o Pedro, o melhor jogador do time na temporada, n\u00e3o jogar\u00e1 at\u00e9 2025 por devido a les\u00e3o, deixando o camisa 99 liderar o ataque da equipe na final de 2024.<\/p>\n\n\n\n<p><\/p>\n","protected":false},"excerpt":{"rendered":"<p>Ap\u00f3s Depay, Corinthians quer buscar seu pr\u00f3ximo refor\u00e7o no Flamengo<\/p>\n","protected":false},"author":16,"featured_media":165404,"comment_status":"open","ping_status":"closed","sticky":false,"template":"","format":"standard","meta":{"footnotes":""},"categories":[141,1],"tags":[],"class_list":["post-165406","post","type-post","status-publish","format-standard","has-post-thumbnail","hentry","category-corinthians","category-flamengo"],"yoast_head":"<!-- This site is optimized with the Yoast SEO Premium plugin v24.2 (Yoast SEO v26.9) - https:\/\/yoast.com\/product\/yoast-seo-premium-wordpress\/ -->\n<title>Ap\u00f3s Depay, Corinthians quer buscar seu pr\u00f3ximo refor\u00e7o no Flamengo<\/title>\n<meta name=\"robots\" content=\"index, follow, max-snippet:-1, max-image-preview:large, max-video-preview:-1\" \/>\n<link rel=\"canonical\" href=\"https:\/\/www.gaveanews.com\/index.php\/2024\/09\/10\/apos-depay-corinthians-quer-buscar-seu-proximo-reforco-no-flamengo\/\" \/>\n<meta property=\"og:locale\" content=\"pt_BR\" \/>\n<meta property=\"og:type\" content=\"article\" \/>\n<meta property=\"og:title\" content=\"Ap\u00f3s Depay, Corinthians quer buscar seu pr\u00f3ximo refor\u00e7o no Flamengo\" \/>\n<meta property=\"og:description\" content=\"Ap\u00f3s Depay, Corinthians quer buscar seu pr\u00f3ximo refor\u00e7o no Flamengo\" \/>\n<meta property=\"og:url\" content=\"https:\/\/www.gaveanews.com\/index.php\/2024\/09\/10\/apos-depay-corinthians-quer-buscar-seu-proximo-reforco-no-flamengo\/\" \/>\n<meta property=\"og:site_name\" content=\"G\u00e1vea News\" \/>\n<meta property=\"article:publisher\" content=\"https:\/\/facebook.com\/gaveaNews\/\" \/>\n<meta property=\"article:published_time\" content=\"2024-09-10T17:54:09+00:00\" \/>\n<meta property=\"article:modified_time\" content=\"2024-09-10T17:54:12+00:00\" \/>\n<meta property=\"og:image\" content=\"https:\/\/www.gaveanews.com\/wp-content\/uploads\/Memphis-Depay-com-a-camisa-do-Corinthians-em-2024.webp\" \/>\n\t<meta property=\"og:image:width\" content=\"1064\" \/>\n\t<meta property=\"og:image:height\" content=\"709\" \/>\n\t<meta property=\"og:image:type\" content=\"image\/webp\" \/>\n<meta name=\"author\" content=\"D\u00e9bora Figueiredo\" \/>\n<meta name=\"twitter:card\" content=\"summary_large_image\" \/>\n<meta name=\"twitter:label1\" content=\"Escrito por\" \/>\n\t<meta name=\"twitter:data1\" content=\"D\u00e9bora Figueiredo\" \/>\n\t<meta name=\"twitter:label2\" content=\"Est. tempo de leitura\" \/>\n\t<meta name=\"twitter:data2\" content=\"3 minutos\" \/>\n<script type=\"application\/ld+json\" class=\"yoast-schema-graph\">{\"@context\":\"https:\/\/schema.org\",\"@graph\":[{\"@type\":\"NewsArticle\",\"@id\":\"https:\/\/www.gaveanews.com\/index.php\/2024\/09\/10\/apos-depay-corinthians-quer-buscar-seu-proximo-reforco-no-flamengo\/#article\",\"isPartOf\":{\"@id\":\"https:\/\/www.gaveanews.com\/index.php\/2024\/09\/10\/apos-depay-corinthians-quer-buscar-seu-proximo-reforco-no-flamengo\/\"},\"author\":{\"name\":\"D\u00e9bora Figueiredo\",\"@id\":\"https:\/\/www.gaveanews.com\/#\/schema\/person\/37122681a8575a5c8db05a56f099a5e4\"},\"headline\":\"Ap\u00f3s Depay, Corinthians quer buscar seu pr\u00f3ximo refor\u00e7o no Flamengo\",\"datePublished\":\"2024-09-10T17:54:09+00:00\",\"dateModified\":\"2024-09-10T17:54:12+00:00\",\"mainEntityOfPage\":{\"@id\":\"https:\/\/www.gaveanews.com\/index.php\/2024\/09\/10\/apos-depay-corinthians-quer-buscar-seu-proximo-reforco-no-flamengo\/\"},\"wordCount\":378,\"commentCount\":0,\"image\":{\"@id\":\"https:\/\/www.gaveanews.com\/index.php\/2024\/09\/10\/apos-depay-corinthians-quer-buscar-seu-proximo-reforco-no-flamengo\/#primaryimage\"},\"thumbnailUrl\":\"https:\/\/www.gaveanews.com\/wp-content\/uploads\/Memphis-Depay-com-a-camisa-do-Corinthians-em-2024.webp\",\"articleSection\":[\"Corinthians\",\"Flamengo\"],\"inLanguage\":\"pt-BR\",\"potentialAction\":[{\"@type\":\"CommentAction\",\"name\":\"Comment\",\"target\":[\"https:\/\/www.gaveanews.com\/index.php\/2024\/09\/10\/apos-depay-corinthians-quer-buscar-seu-proximo-reforco-no-flamengo\/#respond\"]}],\"copyrightYear\":\"2024\",\"copyrightHolder\":{\"@id\":\"https:\/\/www.gaveanews.com\/#organization\"}},{\"@type\":\"WebPage\",\"@id\":\"https:\/\/www.gaveanews.com\/index.php\/2024\/09\/10\/apos-depay-corinthians-quer-buscar-seu-proximo-reforco-no-flamengo\/\",\"url\":\"https:\/\/www.gaveanews.com\/index.php\/2024\/09\/10\/apos-depay-corinthians-quer-buscar-seu-proximo-reforco-no-flamengo\/\",\"name\":\"Ap\u00f3s Depay, Corinthians quer buscar seu pr\u00f3ximo refor\u00e7o no Flamengo\",\"isPartOf\":{\"@id\":\"https:\/\/www.gaveanews.com\/#website\"},\"primaryImageOfPage\":{\"@id\":\"https:\/\/www.gaveanews.com\/index.php\/2024\/09\/10\/apos-depay-corinthians-quer-buscar-seu-proximo-reforco-no-flamengo\/#primaryimage\"},\"image\":{\"@id\":\"https:\/\/www.gaveanews.com\/index.php\/2024\/09\/10\/apos-depay-corinthians-quer-buscar-seu-proximo-reforco-no-flamengo\/#primaryimage\"},\"thumbnailUrl\":\"https:\/\/www.gaveanews.com\/wp-content\/uploads\/Memphis-Depay-com-a-camisa-do-Corinthians-em-2024.webp\",\"datePublished\":\"2024-09-10T17:54:09+00:00\",\"dateModified\":\"2024-09-10T17:54:12+00:00\",\"author\":{\"@id\":\"https:\/\/www.gaveanews.com\/#\/schema\/person\/37122681a8575a5c8db05a56f099a5e4\"},\"breadcrumb\":{\"@id\":\"https:\/\/www.gaveanews.com\/index.php\/2024\/09\/10\/apos-depay-corinthians-quer-buscar-seu-proximo-reforco-no-flamengo\/#breadcrumb\"},\"inLanguage\":\"pt-BR\",\"potentialAction\":[{\"@type\":\"ReadAction\",\"target\":[\"https:\/\/www.gaveanews.com\/index.php\/2024\/09\/10\/apos-depay-corinthians-quer-buscar-seu-proximo-reforco-no-flamengo\/\"]}]},{\"@type\":\"ImageObject\",\"inLanguage\":\"pt-BR\",\"@id\":\"https:\/\/www.gaveanews.com\/index.php\/2024\/09\/10\/apos-depay-corinthians-quer-buscar-seu-proximo-reforco-no-flamengo\/#primaryimage\",\"url\":\"https:\/\/www.gaveanews.com\/wp-content\/uploads\/Memphis-Depay-com-a-camisa-do-Corinthians-em-2024.webp\",\"contentUrl\":\"https:\/\/www.gaveanews.com\/wp-content\/uploads\/Memphis-Depay-com-a-camisa-do-Corinthians-em-2024.webp\",\"width\":1064,\"height\":709,\"caption\":\"Memphis Depay com a camisa do Corinthians em 2024 (Foto: Reprodu\u00e7\u00e3o\/Instagram)\"},{\"@type\":\"BreadcrumbList\",\"@id\":\"https:\/\/www.gaveanews.com\/index.php\/2024\/09\/10\/apos-depay-corinthians-quer-buscar-seu-proximo-reforco-no-flamengo\/#breadcrumb\",\"itemListElement\":[{\"@type\":\"ListItem\",\"position\":1,\"name\":\"Home\",\"item\":\"https:\/\/www.gaveanews.com\/\"},{\"@type\":\"ListItem\",\"position\":2,\"name\":\"Ap\u00f3s Depay, Corinthians quer buscar seu pr\u00f3ximo refor\u00e7o no Flamengo\"}]},{\"@type\":\"WebSite\",\"@id\":\"https:\/\/www.gaveanews.com\/#website\",\"url\":\"https:\/\/www.gaveanews.com\/\",\"name\":\"G\u00e1vea News\",\"description\":\"Veja todas as not\u00edcias sobre o Flamengo: Contrata\u00e7\u00f5es, categorias de base, resultados das partidas, tabela de classifica\u00e7\u00e3o, pr\u00f3ximos jogos!\",\"potentialAction\":[{\"@type\":\"SearchAction\",\"target\":{\"@type\":\"EntryPoint\",\"urlTemplate\":\"https:\/\/www.gaveanews.com\/?s={search_term_string}\"},\"query-input\":{\"@type\":\"PropertyValueSpecification\",\"valueRequired\":true,\"valueName\":\"search_term_string\"}}],\"inLanguage\":\"pt-BR\"},{\"@type\":\"Person\",\"@id\":\"https:\/\/www.gaveanews.com\/#\/schema\/person\/37122681a8575a5c8db05a56f099a5e4\",\"name\":\"D\u00e9bora Figueiredo\",\"image\":{\"@type\":\"ImageObject\",\"inLanguage\":\"pt-BR\",\"@id\":\"https:\/\/www.gaveanews.com\/#\/schema\/person\/image\/\",\"url\":\"https:\/\/secure.gravatar.com\/avatar\/1f44802859351588499d26f52aed1d15796ce17e67602895b72837c08018868d?s=96&d=mm&r=g\",\"contentUrl\":\"https:\/\/secure.gravatar.com\/avatar\/1f44802859351588499d26f52aed1d15796ce17e67602895b72837c08018868d?s=96&d=mm&r=g\",\"caption\":\"D\u00e9bora Figueiredo\"}}]}<\/script>\n<!-- \/ Yoast SEO Premium plugin. -->","yoast_head_json":{"title":"Ap\u00f3s Depay, Corinthians quer buscar seu pr\u00f3ximo refor\u00e7o no Flamengo","robots":{"index":"index","follow":"follow","max-snippet":"max-snippet:-1","max-image-preview":"max-image-preview:large","max-video-preview":"max-video-preview:-1"},"canonical":"https:\/\/www.gaveanews.com\/index.php\/2024\/09\/10\/apos-depay-corinthians-quer-buscar-seu-proximo-reforco-no-flamengo\/","og_locale":"pt_BR","og_type":"article","og_title":"Ap\u00f3s Depay, Corinthians quer buscar seu pr\u00f3ximo refor\u00e7o no Flamengo","og_description":"Ap\u00f3s Depay, Corinthians quer buscar seu pr\u00f3ximo refor\u00e7o no Flamengo","og_url":"https:\/\/www.gaveanews.com\/index.php\/2024\/09\/10\/apos-depay-corinthians-quer-buscar-seu-proximo-reforco-no-flamengo\/","og_site_name":"G\u00e1vea News","article_publisher":"https:\/\/facebook.com\/gaveaNews\/","article_published_time":"2024-09-10T17:54:09+00:00","article_modified_time":"2024-09-10T17:54:12+00:00","og_image":[{"width":1064,"height":709,"url":"https:\/\/www.gaveanews.com\/wp-content\/uploads\/Memphis-Depay-com-a-camisa-do-Corinthians-em-2024.webp","type":"image\/webp"}],"author":"D\u00e9bora Figueiredo","twitter_card":"summary_large_image","twitter_misc":{"Escrito por":"D\u00e9bora Figueiredo","Est. tempo de leitura":"3 minutos"},"schema":{"@context":"https:\/\/schema.org","@graph":[{"@type":"NewsArticle","@id":"https:\/\/www.gaveanews.com\/index.php\/2024\/09\/10\/apos-depay-corinthians-quer-buscar-seu-proximo-reforco-no-flamengo\/#article","isPartOf":{"@id":"https:\/\/www.gaveanews.com\/index.php\/2024\/09\/10\/apos-depay-corinthians-quer-buscar-seu-proximo-reforco-no-flamengo\/"},"author":{"name":"D\u00e9bora Figueiredo","@id":"https:\/\/www.gaveanews.com\/#\/schema\/person\/37122681a8575a5c8db05a56f099a5e4"},"headline":"Ap\u00f3s Depay, Corinthians quer buscar seu pr\u00f3ximo refor\u00e7o no Flamengo","datePublished":"2024-09-10T17:54:09+00:00","dateModified":"2024-09-10T17:54:12+00:00","mainEntityOfPage":{"@id":"https:\/\/www.gaveanews.com\/index.php\/2024\/09\/10\/apos-depay-corinthians-quer-buscar-seu-proximo-reforco-no-flamengo\/"},"wordCount":378,"commentCount":0,"image":{"@id":"https:\/\/www.gaveanews.com\/index.php\/2024\/09\/10\/apos-depay-corinthians-quer-buscar-seu-proximo-reforco-no-flamengo\/#primaryimage"},"thumbnailUrl":"https:\/\/www.gaveanews.com\/wp-content\/uploads\/Memphis-Depay-com-a-camisa-do-Corinthians-em-2024.webp","articleSection":["Corinthians","Flamengo"],"inLanguage":"pt-BR","potentialAction":[{"@type":"CommentAction","name":"Comment","target":["https:\/\/www.gaveanews.com\/index.php\/2024\/09\/10\/apos-depay-corinthians-quer-buscar-seu-proximo-reforco-no-flamengo\/#respond"]}],"copyrightYear":"2024","copyrightHolder":{"@id":"https:\/\/www.gaveanews.com\/#organization"}},{"@type":"WebPage","@id":"https:\/\/www.gaveanews.com\/index.php\/2024\/09\/10\/apos-depay-corinthians-quer-buscar-seu-proximo-reforco-no-flamengo\/","url":"https:\/\/www.gaveanews.com\/index.php\/2024\/09\/10\/apos-depay-corinthians-quer-buscar-seu-proximo-reforco-no-flamengo\/","name":"Ap\u00f3s Depay, Corinthians quer buscar seu pr\u00f3ximo refor\u00e7o no Flamengo","isPartOf":{"@id":"https:\/\/www.gaveanews.com\/#website"},"primaryImageOfPage":{"@id":"https:\/\/www.gaveanews.com\/index.php\/2024\/09\/10\/apos-depay-corinthians-quer-buscar-seu-proximo-reforco-no-flamengo\/#primaryimage"},"image":{"@id":"https:\/\/www.gaveanews.com\/index.php\/2024\/09\/10\/apos-depay-corinthians-quer-buscar-seu-proximo-reforco-no-flamengo\/#primaryimage"},"thumbnailUrl":"https:\/\/www.gaveanews.com\/wp-content\/uploads\/Memphis-Depay-com-a-camisa-do-Corinthians-em-2024.webp","datePublished":"2024-09-10T17:54:09+00:00","dateModified":"2024-09-10T17:54:12+00:00","author":{"@id":"https:\/\/www.gaveanews.com\/#\/schema\/person\/37122681a8575a5c8db05a56f099a5e4"},"breadcrumb":{"@id":"https:\/\/www.gaveanews.com\/index.php\/2024\/09\/10\/apos-depay-corinthians-quer-buscar-seu-proximo-reforco-no-flamengo\/#breadcrumb"},"inLanguage":"pt-BR","potentialAction":[{"@type":"ReadAction","target":["https:\/\/www.gaveanews.com\/index.php\/2024\/09\/10\/apos-depay-corinthians-quer-buscar-seu-proximo-reforco-no-flamengo\/"]}]},{"@type":"ImageObject","inLanguage":"pt-BR","@id":"https:\/\/www.gaveanews.com\/index.php\/2024\/09\/10\/apos-depay-corinthians-quer-buscar-seu-proximo-reforco-no-flamengo\/#primaryimage","url":"https:\/\/www.gaveanews.com\/wp-content\/uploads\/Memphis-Depay-com-a-camisa-do-Corinthians-em-2024.webp","contentUrl":"https:\/\/www.gaveanews.com\/wp-content\/uploads\/Memphis-Depay-com-a-camisa-do-Corinthians-em-2024.webp","width":1064,"height":709,"caption":"Memphis Depay com a camisa do Corinthians em 2024 (Foto: Reprodu\u00e7\u00e3o\/Instagram)"},{"@type":"BreadcrumbList","@id":"https:\/\/www.gaveanews.com\/index.php\/2024\/09\/10\/apos-depay-corinthians-quer-buscar-seu-proximo-reforco-no-flamengo\/#breadcrumb","itemListElement":[{"@type":"ListItem","position":1,"name":"Home","item":"https:\/\/www.gaveanews.com\/"},{"@type":"ListItem","position":2,"name":"Ap\u00f3s Depay, Corinthians quer buscar seu pr\u00f3ximo refor\u00e7o no Flamengo"}]},{"@type":"WebSite","@id":"https:\/\/www.gaveanews.com\/#website","url":"https:\/\/www.gaveanews.com\/","name":"G\u00e1vea News","description":"Veja todas as not\u00edcias sobre o Flamengo: Contrata\u00e7\u00f5es, categorias de base, resultados das partidas, tabela de classifica\u00e7\u00e3o, pr\u00f3ximos jogos!","potentialAction":[{"@type":"SearchAction","target":{"@type":"EntryPoint","urlTemplate":"https:\/\/www.gaveanews.com\/?s={search_term_string}"},"query-input":{"@type":"PropertyValueSpecification","valueRequired":true,"valueName":"search_term_string"}}],"inLanguage":"pt-BR"},{"@type":"Person","@id":"https:\/\/www.gaveanews.com\/#\/schema\/person\/37122681a8575a5c8db05a56f099a5e4","name":"D\u00e9bora Figueiredo","image":{"@type":"ImageObject","inLanguage":"pt-BR","@id":"https:\/\/www.gaveanews.com\/#\/schema\/person\/image\/","url":"https:\/\/secure.gravatar.com\/avatar\/1f44802859351588499d26f52aed1d15796ce17e67602895b72837c08018868d?s=96&d=mm&r=g","contentUrl":"https:\/\/secure.gravatar.com\/avatar\/1f44802859351588499d26f52aed1d15796ce17e67602895b72837c08018868d?s=96&d=mm&r=g","caption":"D\u00e9bora Figueiredo"}}]}},"_links":{"self":[{"href":"https:\/\/www.gaveanews.com\/index.php\/wp-json\/wp\/v2\/posts\/165406","targetHints":{"allow":["GET"]}}],"collection":[{"href":"https:\/\/www.gaveanews.com\/index.php\/wp-json\/wp\/v2\/posts"}],"about":[{"href":"https:\/\/www.gaveanews.com\/index.php\/wp-json\/wp\/v2\/types\/post"}],"author":[{"embeddable":true,"href":"https:\/\/www.gaveanews.com\/index.php\/wp-json\/wp\/v2\/users\/16"}],"replies":[{"embeddable":true,"href":"https:\/\/www.gaveanews.com\/index.php\/wp-json\/wp\/v2\/comments?post=165406"}],"version-history":[{"count":2,"href":"https:\/\/www.gaveanews.com\/index.php\/wp-json\/wp\/v2\/posts\/165406\/revisions"}],"predecessor-version":[{"id":165411,"href":"https:\/\/www.gaveanews.com\/index.php\/wp-json\/wp\/v2\/posts\/165406\/revisions\/165411"}],"wp:featuredmedia":[{"embeddable":true,"href":"https:\/\/www.gaveanews.com\/index.php\/wp-json\/wp\/v2\/media\/165404"}],"wp:attachment":[{"href":"https:\/\/www.gaveanews.com\/index.php\/wp-json\/wp\/v2\/media?parent=165406"}],"wp:term":[{"taxonomy":"category","embeddable":true,"href":"https:\/\/www.gaveanews.com\/index.php\/wp-json\/wp\/v2\/categories?post=165406"},{"taxonomy":"post_tag","embeddable":true,"href":"https:\/\/www.gaveanews.com\/index.php\/wp-json\/wp\/v2\/tags?post=165406"}],"curies":[{"name":"wp","href":"https:\/\/api.w.org\/{rel}","templated":true}]}}