{"id":165473,"date":"2024-09-11T06:15:00","date_gmt":"2024-09-11T09:15:00","guid":{"rendered":"https:\/\/www.gaveanews.com\/?p=165473"},"modified":"2024-09-10T17:47:57","modified_gmt":"2024-09-10T20:47:57","slug":"corinthians-mira-jogador-do-fla-zagueiro-renova-e-vini-jr-ganha-destaque-veja-as-ultimas-noticias-do-flamengo","status":"publish","type":"post","link":"https:\/\/www.gaveanews.com\/index.php\/2024\/09\/11\/corinthians-mira-jogador-do-fla-zagueiro-renova-e-vini-jr-ganha-destaque-veja-as-ultimas-noticias-do-flamengo\/","title":{"rendered":"Corinthians mira jogador do Fla, zagueiro renova, e Vini Jr. ganha destaque: veja as \u00faltimas not\u00edcias do Flamengo"},"content":{"rendered":"\n<p>Nas \u00faltimas horas, o foco das not\u00edcias sobre o Flamengo se concentra nos bastidores do clube, com destaques como o Corinthians mirando jogador do Fla e Vini Jr. ganhando destaque.<\/p>\n\n\n\n<p>Por conta deste contexto, leia abaixo um resumo preparado pela equipe do portal G\u00e1vea News para lhe manter muito bem informado!<\/p>\n\n\n\n<h2 class=\"wp-block-heading\" id=\"h-zagueiro-renova\">Zagueiro renova<\/h2>\n\n\n\n<figure class=\"wp-block-image size-full\"><img loading=\"lazy\" decoding=\"async\" width=\"615\" height=\"300\" src=\"https:\/\/www.gaveanews.com\/wp-content\/uploads\/flamengo-apresenta-camisa-com-pixbet-como-patrocinadora-oficial-1704214533133_v2_615x300.webp\" alt=\"\" class=\"wp-image-144667\" srcset=\"https:\/\/www.gaveanews.com\/wp-content\/uploads\/flamengo-apresenta-camisa-com-pixbet-como-patrocinadora-oficial-1704214533133_v2_615x300.webp 615w, https:\/\/www.gaveanews.com\/wp-content\/uploads\/flamengo-apresenta-camisa-com-pixbet-como-patrocinadora-oficial-1704214533133_v2_615x300-300x146.webp 300w, https:\/\/www.gaveanews.com\/wp-content\/uploads\/flamengo-apresenta-camisa-com-pixbet-como-patrocinadora-oficial-1704214533133_v2_615x300-100x49.webp 100w\" sizes=\"auto, (max-width: 615px) 100vw, 615px\" \/><figcaption class=\"wp-element-caption\">Foto: Reprodu\u00e7\u00e3o<\/figcaption><\/figure>\n\n\n\n<p>Jo\u00e3o Victor Souza \u00e9 um jogador fundamental para o Flamengo, tendo sido parte crucial nas vit\u00f3rias da equipe na Copa Libertadores da Am\u00e9rica contra o Boca Juniors e no Mundial Sub-20 contra o Olympiacos. Sua atua\u00e7\u00e3o decisiva nas duas finais destaca seu papel essencial nas conquistas do clube carioca. <a href=\"https:\/\/www.gaveanews.com\/index.php\/2024\/09\/09\/zagueiro-renova-o-seu-contrato-com-o-flamengo\/\"><strong>(clique aqui e leia mais)<\/strong><\/a><\/p>\n\n\n\n<p>Al\u00e9m de suas contribui\u00e7\u00f5es nas conquistas do Flamengo, Jo\u00e3o Victor Souza chamou a aten\u00e7\u00e3o da Sele\u00e7\u00e3o Brasileira Sub-20, sendo convocado para amistosos contra o M\u00e9xico sob o comando do t\u00e9cnico Ramon Menezes. Esses jogos s\u00e3o parte da prepara\u00e7\u00e3o do Brasil para o Sul-Americano que acontecer\u00e1 no Peru em janeiro. A performance destacada de Jo\u00e3o Victor Souza \u00e9 um reflexo de seu valor e potencial no cen\u00e1rio futebol\u00edstico.<\/p>\n\n\n\n<p>Recentemente, o Flamengo tamb\u00e9m acertou a renova\u00e7\u00e3o de contrato de Dyogo Alves, outro jovem talento do Sub-20. O goleiro, que sobreviveu \u00e0 trag\u00e9dia no Ninho do Urubu, renovou at\u00e9 dezembro de 2026. Dyogo, assim como Jo\u00e3o, tamb\u00e9m foi campe\u00e3o da Libertadores e do Mundial da categoria e est\u00e1 no clube desde os 15 anos, destacando-se como um pilar da defesa do time.<\/p>\n\n\n\n<h2 class=\"wp-block-heading\" id=\"h-corinthians-mira-jogador-do-fla\">Corinthians mira jogador do Fla<\/h2>\n\n\n\n<figure class=\"wp-block-image size-full\"><img loading=\"lazy\" decoding=\"async\" width=\"640\" height=\"400\" src=\"https:\/\/www.gaveanews.com\/wp-content\/uploads\/gabigol-flamengo-atacante-x-amazonas-maracana-copa-do-brasil.webp\" alt=\"\" class=\"wp-image-143806\" srcset=\"https:\/\/www.gaveanews.com\/wp-content\/uploads\/gabigol-flamengo-atacante-x-amazonas-maracana-copa-do-brasil.webp 640w, https:\/\/www.gaveanews.com\/wp-content\/uploads\/gabigol-flamengo-atacante-x-amazonas-maracana-copa-do-brasil-300x188.webp 300w, https:\/\/www.gaveanews.com\/wp-content\/uploads\/gabigol-flamengo-atacante-x-amazonas-maracana-copa-do-brasil-100x63.webp 100w\" sizes=\"auto, (max-width: 640px) 100vw, 640px\" \/><figcaption class=\"wp-element-caption\">Foto: Marcelo Cortes \/ Flamengo<\/figcaption><\/figure>\n\n\n\n<p>Nos \u00faltimos dias, o Corinthians tem intensificado suas atividades no mercado de transfer\u00eancias com um foco especial em Gabigol. O jogador, cujo contrato com o Flamengo se encerra em dezembro, ainda n\u00e3o tem seu futuro definido, o que reacendeu o interesse do clube paulista. A recente contrata\u00e7\u00e3o de Memphis Depay, que assinou um contrato de dois anos com o Corinthians, tamb\u00e9m adicionou um novo impulso \u00e0 busca por Gabigol. <strong><a href=\"https:\/\/www.gaveanews.com\/index.php\/2024\/09\/10\/apos-depay-corinthians-quer-buscar-seu-proximo-reforco-no-flamengo\/\">(clique aqui e leia mais)<\/a><\/strong><\/p>\n\n\n\n<p>A estrat\u00e9gia do Corinthians envolve reabrir negocia\u00e7\u00f5es com os representantes de Gabigol, considerando-o uma excelente oportunidade tanto em termos esportivos quanto de marketing. Al\u00e9m disso, o clube paulista est\u00e1 avaliando a possibilidade de negociar Yuri Alberto e Pedro Raul para abrir espa\u00e7o para novas contrata\u00e7\u00f5es. A chegada de Depay, que representou um investimento significativo, \u00e9 vista como um atrativo adicional para atrair outros jogadores de destaque.<\/p>\n\n\n\n<p>Gabigol, um \u00eddolo recente do Flamengo, est\u00e1 em um momento decisivo de sua carreira, especialmente com a aus\u00eancia de Pedro, seu companheiro de ataque, que ficar\u00e1 fora at\u00e9 2025 devido a uma les\u00e3o. Essa situa\u00e7\u00e3o poder\u00e1 influenciar diretamente no desempenho e nas decis\u00f5es futuras do jogador, que ainda busca consolidar seu legado no Flamengo.<\/p>\n\n\n\n<h2 class=\"wp-block-heading\" id=\"h-vini-jr-ganha-destaque\">Vini Jr. ganha destaque<\/h2>\n\n\n\n<figure class=\"wp-block-image size-large\"><img loading=\"lazy\" decoding=\"async\" width=\"1024\" height=\"768\" src=\"https:\/\/www.gaveanews.com\/wp-content\/uploads\/Vinicius-Junior-exibe-o-escudo-do-Real-Madrid-apos-marcar-um-gol-pelo-time-da-Espanha-edited-1024x768.webp\" alt=\"\" class=\"wp-image-121475\" srcset=\"https:\/\/www.gaveanews.com\/wp-content\/uploads\/Vinicius-Junior-exibe-o-escudo-do-Real-Madrid-apos-marcar-um-gol-pelo-time-da-Espanha-edited-1024x768.webp 1024w, https:\/\/www.gaveanews.com\/wp-content\/uploads\/Vinicius-Junior-exibe-o-escudo-do-Real-Madrid-apos-marcar-um-gol-pelo-time-da-Espanha-edited-300x225.webp 300w, https:\/\/www.gaveanews.com\/wp-content\/uploads\/Vinicius-Junior-exibe-o-escudo-do-Real-Madrid-apos-marcar-um-gol-pelo-time-da-Espanha-edited-768x576.webp 768w, https:\/\/www.gaveanews.com\/wp-content\/uploads\/Vinicius-Junior-exibe-o-escudo-do-Real-Madrid-apos-marcar-um-gol-pelo-time-da-Espanha-edited-560x420.webp 560w, https:\/\/www.gaveanews.com\/wp-content\/uploads\/Vinicius-Junior-exibe-o-escudo-do-Real-Madrid-apos-marcar-um-gol-pelo-time-da-Espanha-edited-1120x840.webp 1120w, https:\/\/www.gaveanews.com\/wp-content\/uploads\/Vinicius-Junior-exibe-o-escudo-do-Real-Madrid-apos-marcar-um-gol-pelo-time-da-Espanha-edited-80x60.webp 80w, https:\/\/www.gaveanews.com\/wp-content\/uploads\/Vinicius-Junior-exibe-o-escudo-do-Real-Madrid-apos-marcar-um-gol-pelo-time-da-Espanha-edited-160x120.webp 160w, https:\/\/www.gaveanews.com\/wp-content\/uploads\/Vinicius-Junior-exibe-o-escudo-do-Real-Madrid-apos-marcar-um-gol-pelo-time-da-Espanha-edited-100x75.webp 100w, https:\/\/www.gaveanews.com\/wp-content\/uploads\/Vinicius-Junior-exibe-o-escudo-do-Real-Madrid-apos-marcar-um-gol-pelo-time-da-Espanha-edited-200x150.webp 200w, https:\/\/www.gaveanews.com\/wp-content\/uploads\/Vinicius-Junior-exibe-o-escudo-do-Real-Madrid-apos-marcar-um-gol-pelo-time-da-Espanha-edited-180x135.webp 180w, https:\/\/www.gaveanews.com\/wp-content\/uploads\/Vinicius-Junior-exibe-o-escudo-do-Real-Madrid-apos-marcar-um-gol-pelo-time-da-Espanha-edited-360x270.webp 360w, https:\/\/www.gaveanews.com\/wp-content\/uploads\/Vinicius-Junior-exibe-o-escudo-do-Real-Madrid-apos-marcar-um-gol-pelo-time-da-Espanha-edited-238x178.webp 238w, https:\/\/www.gaveanews.com\/wp-content\/uploads\/Vinicius-Junior-exibe-o-escudo-do-Real-Madrid-apos-marcar-um-gol-pelo-time-da-Espanha-edited-476x356.webp 476w, https:\/\/www.gaveanews.com\/wp-content\/uploads\/Vinicius-Junior-exibe-o-escudo-do-Real-Madrid-apos-marcar-um-gol-pelo-time-da-Espanha-edited-640x480.webp 640w, https:\/\/www.gaveanews.com\/wp-content\/uploads\/Vinicius-Junior-exibe-o-escudo-do-Real-Madrid-apos-marcar-um-gol-pelo-time-da-Espanha-edited-1280x960.webp 1280w, https:\/\/www.gaveanews.com\/wp-content\/uploads\/Vinicius-Junior-exibe-o-escudo-do-Real-Madrid-apos-marcar-um-gol-pelo-time-da-Espanha-edited-681x511.webp 681w, https:\/\/www.gaveanews.com\/wp-content\/uploads\/Vinicius-Junior-exibe-o-escudo-do-Real-Madrid-apos-marcar-um-gol-pelo-time-da-Espanha-edited-1362x1022.webp 1362w, https:\/\/www.gaveanews.com\/wp-content\/uploads\/Vinicius-Junior-exibe-o-escudo-do-Real-Madrid-apos-marcar-um-gol-pelo-time-da-Espanha-edited.webp 1440w\" sizes=\"auto, (max-width: 1024px) 100vw, 1024px\" \/><figcaption class=\"wp-element-caption\">Vinicius J\u00fanior exibe o escudo do Real Madrid ap\u00f3s marcar um gol pelo time da Espanha (Foto: Reprodu\u00e7\u00e3o\/Instagram)<\/figcaption><\/figure>\n\n\n\n<p>Vin\u00edcius J\u00fanior, atacante da Sele\u00e7\u00e3o Brasileira e do Real Madrid, recentemente fez novas declara\u00e7\u00f5es sobre o racismo na Espanha, o que gerou intensos debates nas redes sociais e reacendeu cr\u00edticas, como a do ex-goleiro Santiago Ca\u00f1izares. Ca\u00f1izares argumentou que as cr\u00edticas de Vin\u00edcius n\u00e3o est\u00e3o relacionadas \u00e0 sua ra\u00e7a, mas \u00e0s suas declara\u00e7\u00f5es sobre o est\u00e1dio Mestalla, que o jogador havia descrito como racista. Para Ca\u00f1izares, as controv\u00e9rsias em torno de Vin\u00edcius seriam uma quest\u00e3o de maturidade e n\u00e3o de racismo. <a href=\"https:\/\/www.gaveanews.com\/index.php\/2024\/09\/09\/ex-jogador-do-real-madrid-rebate-vinicius-junior\/\"><strong>(clique aqui e leia mais)<\/strong><\/a><\/p>\n\n\n\n<p>Em uma entrevista recente \u00e0 CNN espanhola, Vin\u00edcius J\u00fanior afirmou que a Espanha ainda precisa avan\u00e7ar na luta contra o racismo e sugeriu que a Copa do Mundo de 2030 n\u00e3o deveria ser realizada no pa\u00eds at\u00e9 que o problema seja resolvido. O atacante destacou a import\u00e2ncia de se sentir seguro e confort\u00e1vel ao jogar em um pa\u00eds onde o racismo n\u00e3o seja uma preocupa\u00e7\u00e3o constante. Ele se disponibilizou para colaborar no combate ao racismo, enfatizando que a maioria dos espanh\u00f3is n\u00e3o \u00e9 racista, mas que um grupo pequeno ainda afeta a imagem do pa\u00eds.<\/p>\n\n\n\n<p>A Copa do Mundo de 2030, que contar\u00e1 com a participa\u00e7\u00e3o de Espanha, Portugal e Marrocos como anfitri\u00f5es, come\u00e7ar\u00e1 em Montevid\u00e9u para homenagear a primeira edi\u00e7\u00e3o do torneio realizada em 1930 no Uruguai. Al\u00e9m disso, alguns jogos ser\u00e3o disputados na Argentina e no Paraguai. Vin\u00edcius J\u00fanior acredita que at\u00e9 a realiza\u00e7\u00e3o do torneio, os casos de racismo podem e devem diminuir para garantir um ambiente mais inclusivo e seguro para todos os jogadores.<\/p>\n","protected":false},"excerpt":{"rendered":"<p>Nas \u00faltimas horas, o foco das not\u00edcias sobre o Flamengo se concentra nos bastidores do clube, com destaques como o Corinthians mirando jogador do Fla e Vini Jr. ganhando destaque. Por conta deste contexto, leia abaixo um resumo preparado pela equipe do portal G\u00e1vea News para lhe manter muito bem informado! Zagueiro renova Jo\u00e3o Victor [&hellip;]<\/p>\n","protected":false},"author":15,"featured_media":97942,"comment_status":"open","ping_status":"closed","sticky":false,"template":"","format":"standard","meta":{"footnotes":""},"categories":[1],"tags":[],"class_list":["post-165473","post","type-post","status-publish","format-standard","has-post-thumbnail","hentry","category-flamengo"],"yoast_head":"<!-- This site is optimized with the Yoast SEO Premium plugin v24.2 (Yoast SEO v26.9) - https:\/\/yoast.com\/product\/yoast-seo-premium-wordpress\/ -->\n<title>Corinthians mira jogador do Fla, zagueiro renova, e Vini Jr. ganha destaque: veja as \u00faltimas not\u00edcias do Flamengo<\/title>\n<meta name=\"robots\" content=\"index, follow, max-snippet:-1, max-image-preview:large, max-video-preview:-1\" \/>\n<link rel=\"canonical\" href=\"https:\/\/www.gaveanews.com\/index.php\/2024\/09\/11\/corinthians-mira-jogador-do-fla-zagueiro-renova-e-vini-jr-ganha-destaque-veja-as-ultimas-noticias-do-flamengo\/\" \/>\n<meta property=\"og:locale\" content=\"pt_BR\" \/>\n<meta property=\"og:type\" content=\"article\" \/>\n<meta property=\"og:title\" content=\"Corinthians mira jogador do Fla, zagueiro renova, e Vini Jr. ganha destaque: veja as \u00faltimas not\u00edcias do Flamengo\" \/>\n<meta property=\"og:description\" content=\"Nas \u00faltimas horas, o foco das not\u00edcias sobre o Flamengo se concentra nos bastidores do clube, com destaques como o Corinthians mirando jogador do Fla e Vini Jr. ganhando destaque. Por conta deste contexto, leia abaixo um resumo preparado pela equipe do portal G\u00e1vea News para lhe manter muito bem informado! Zagueiro renova Jo\u00e3o Victor [&hellip;]\" \/>\n<meta property=\"og:url\" content=\"https:\/\/www.gaveanews.com\/index.php\/2024\/09\/11\/corinthians-mira-jogador-do-fla-zagueiro-renova-e-vini-jr-ganha-destaque-veja-as-ultimas-noticias-do-flamengo\/\" \/>\n<meta property=\"og:site_name\" content=\"G\u00e1vea News\" \/>\n<meta property=\"article:publisher\" content=\"https:\/\/facebook.com\/gaveaNews\/\" \/>\n<meta property=\"article:published_time\" content=\"2024-09-11T09:15:00+00:00\" \/>\n<meta property=\"og:image\" content=\"https:\/\/www.gaveanews.com\/wp-content\/uploads\/gabigol-pedro-everton-cebolinha-ayrton-lucas-flamengo-maringa-copa-do-brasil.webp\" \/>\n\t<meta property=\"og:image:width\" content=\"900\" \/>\n\t<meta property=\"og:image:height\" content=\"599\" \/>\n\t<meta property=\"og:image:type\" content=\"image\/jpeg\" \/>\n<meta name=\"author\" content=\"Henrique Machado\" \/>\n<meta name=\"twitter:card\" content=\"summary_large_image\" \/>\n<meta name=\"twitter:label1\" content=\"Escrito por\" \/>\n\t<meta name=\"twitter:data1\" content=\"Henrique Machado\" \/>\n\t<meta name=\"twitter:label2\" content=\"Est. tempo de leitura\" \/>\n\t<meta name=\"twitter:data2\" content=\"5 minutos\" \/>\n<script type=\"application\/ld+json\" class=\"yoast-schema-graph\">{\"@context\":\"https:\/\/schema.org\",\"@graph\":[{\"@type\":\"NewsArticle\",\"@id\":\"https:\/\/www.gaveanews.com\/index.php\/2024\/09\/11\/corinthians-mira-jogador-do-fla-zagueiro-renova-e-vini-jr-ganha-destaque-veja-as-ultimas-noticias-do-flamengo\/#article\",\"isPartOf\":{\"@id\":\"https:\/\/www.gaveanews.com\/index.php\/2024\/09\/11\/corinthians-mira-jogador-do-fla-zagueiro-renova-e-vini-jr-ganha-destaque-veja-as-ultimas-noticias-do-flamengo\/\"},\"author\":{\"name\":\"Henrique Machado\",\"@id\":\"https:\/\/www.gaveanews.com\/#\/schema\/person\/fd07635ec039ec3ba74ad18ec8a6dbd6\"},\"headline\":\"Corinthians mira jogador do Fla, zagueiro renova, e Vini Jr. ganha destaque: veja as \u00faltimas not\u00edcias do Flamengo\",\"datePublished\":\"2024-09-11T09:15:00+00:00\",\"mainEntityOfPage\":{\"@id\":\"https:\/\/www.gaveanews.com\/index.php\/2024\/09\/11\/corinthians-mira-jogador-do-fla-zagueiro-renova-e-vini-jr-ganha-destaque-veja-as-ultimas-noticias-do-flamengo\/\"},\"wordCount\":806,\"commentCount\":0,\"image\":{\"@id\":\"https:\/\/www.gaveanews.com\/index.php\/2024\/09\/11\/corinthians-mira-jogador-do-fla-zagueiro-renova-e-vini-jr-ganha-destaque-veja-as-ultimas-noticias-do-flamengo\/#primaryimage\"},\"thumbnailUrl\":\"https:\/\/www.gaveanews.com\/wp-content\/uploads\/gabigol-pedro-everton-cebolinha-ayrton-lucas-flamengo-maringa-copa-do-brasil.webp\",\"articleSection\":[\"Flamengo\"],\"inLanguage\":\"pt-BR\",\"potentialAction\":[{\"@type\":\"CommentAction\",\"name\":\"Comment\",\"target\":[\"https:\/\/www.gaveanews.com\/index.php\/2024\/09\/11\/corinthians-mira-jogador-do-fla-zagueiro-renova-e-vini-jr-ganha-destaque-veja-as-ultimas-noticias-do-flamengo\/#respond\"]}],\"copyrightYear\":\"2024\",\"copyrightHolder\":{\"@id\":\"https:\/\/www.gaveanews.com\/#organization\"}},{\"@type\":\"WebPage\",\"@id\":\"https:\/\/www.gaveanews.com\/index.php\/2024\/09\/11\/corinthians-mira-jogador-do-fla-zagueiro-renova-e-vini-jr-ganha-destaque-veja-as-ultimas-noticias-do-flamengo\/\",\"url\":\"https:\/\/www.gaveanews.com\/index.php\/2024\/09\/11\/corinthians-mira-jogador-do-fla-zagueiro-renova-e-vini-jr-ganha-destaque-veja-as-ultimas-noticias-do-flamengo\/\",\"name\":\"Corinthians mira jogador do Fla, zagueiro renova, e Vini Jr. ganha destaque: veja as \u00faltimas not\u00edcias do Flamengo\",\"isPartOf\":{\"@id\":\"https:\/\/www.gaveanews.com\/#website\"},\"primaryImageOfPage\":{\"@id\":\"https:\/\/www.gaveanews.com\/index.php\/2024\/09\/11\/corinthians-mira-jogador-do-fla-zagueiro-renova-e-vini-jr-ganha-destaque-veja-as-ultimas-noticias-do-flamengo\/#primaryimage\"},\"image\":{\"@id\":\"https:\/\/www.gaveanews.com\/index.php\/2024\/09\/11\/corinthians-mira-jogador-do-fla-zagueiro-renova-e-vini-jr-ganha-destaque-veja-as-ultimas-noticias-do-flamengo\/#primaryimage\"},\"thumbnailUrl\":\"https:\/\/www.gaveanews.com\/wp-content\/uploads\/gabigol-pedro-everton-cebolinha-ayrton-lucas-flamengo-maringa-copa-do-brasil.webp\",\"datePublished\":\"2024-09-11T09:15:00+00:00\",\"author\":{\"@id\":\"https:\/\/www.gaveanews.com\/#\/schema\/person\/fd07635ec039ec3ba74ad18ec8a6dbd6\"},\"breadcrumb\":{\"@id\":\"https:\/\/www.gaveanews.com\/index.php\/2024\/09\/11\/corinthians-mira-jogador-do-fla-zagueiro-renova-e-vini-jr-ganha-destaque-veja-as-ultimas-noticias-do-flamengo\/#breadcrumb\"},\"inLanguage\":\"pt-BR\",\"potentialAction\":[{\"@type\":\"ReadAction\",\"target\":[\"https:\/\/www.gaveanews.com\/index.php\/2024\/09\/11\/corinthians-mira-jogador-do-fla-zagueiro-renova-e-vini-jr-ganha-destaque-veja-as-ultimas-noticias-do-flamengo\/\"]}]},{\"@type\":\"ImageObject\",\"inLanguage\":\"pt-BR\",\"@id\":\"https:\/\/www.gaveanews.com\/index.php\/2024\/09\/11\/corinthians-mira-jogador-do-fla-zagueiro-renova-e-vini-jr-ganha-destaque-veja-as-ultimas-noticias-do-flamengo\/#primaryimage\",\"url\":\"https:\/\/www.gaveanews.com\/wp-content\/uploads\/gabigol-pedro-everton-cebolinha-ayrton-lucas-flamengo-maringa-copa-do-brasil.webp\",\"contentUrl\":\"https:\/\/www.gaveanews.com\/wp-content\/uploads\/gabigol-pedro-everton-cebolinha-ayrton-lucas-flamengo-maringa-copa-do-brasil.webp\",\"width\":900,\"height\":599,\"caption\":\"Jogadores do Flamengo comemoram gol marcado contra o Maring\u00e1 pela Copa do Brasil (Foto: Marcelo Cortes\/Flamengo)\"},{\"@type\":\"BreadcrumbList\",\"@id\":\"https:\/\/www.gaveanews.com\/index.php\/2024\/09\/11\/corinthians-mira-jogador-do-fla-zagueiro-renova-e-vini-jr-ganha-destaque-veja-as-ultimas-noticias-do-flamengo\/#breadcrumb\",\"itemListElement\":[{\"@type\":\"ListItem\",\"position\":1,\"name\":\"Home\",\"item\":\"https:\/\/www.gaveanews.com\/\"},{\"@type\":\"ListItem\",\"position\":2,\"name\":\"Corinthians mira jogador do Fla, zagueiro renova, e Vini Jr. ganha destaque: veja as \u00faltimas not\u00edcias do Flamengo\"}]},{\"@type\":\"WebSite\",\"@id\":\"https:\/\/www.gaveanews.com\/#website\",\"url\":\"https:\/\/www.gaveanews.com\/\",\"name\":\"G\u00e1vea News\",\"description\":\"Veja todas as not\u00edcias sobre o Flamengo: Contrata\u00e7\u00f5es, categorias de base, resultados das partidas, tabela de classifica\u00e7\u00e3o, pr\u00f3ximos jogos!\",\"potentialAction\":[{\"@type\":\"SearchAction\",\"target\":{\"@type\":\"EntryPoint\",\"urlTemplate\":\"https:\/\/www.gaveanews.com\/?s={search_term_string}\"},\"query-input\":{\"@type\":\"PropertyValueSpecification\",\"valueRequired\":true,\"valueName\":\"search_term_string\"}}],\"inLanguage\":\"pt-BR\"},{\"@type\":\"Person\",\"@id\":\"https:\/\/www.gaveanews.com\/#\/schema\/person\/fd07635ec039ec3ba74ad18ec8a6dbd6\",\"name\":\"Henrique Machado\",\"image\":{\"@type\":\"ImageObject\",\"inLanguage\":\"pt-BR\",\"@id\":\"https:\/\/www.gaveanews.com\/#\/schema\/person\/image\/\",\"url\":\"https:\/\/secure.gravatar.com\/avatar\/b95e35997e01d9800c1b6184bd79d4d898d370a3fce2584f5c77b907d5c7d9e9?s=96&d=mm&r=g\",\"contentUrl\":\"https:\/\/secure.gravatar.com\/avatar\/b95e35997e01d9800c1b6184bd79d4d898d370a3fce2584f5c77b907d5c7d9e9?s=96&d=mm&r=g\",\"caption\":\"Henrique Machado\"}}]}<\/script>\n<!-- \/ Yoast SEO Premium plugin. -->","yoast_head_json":{"title":"Corinthians mira jogador do Fla, zagueiro renova, e Vini Jr. ganha destaque: veja as \u00faltimas not\u00edcias do Flamengo","robots":{"index":"index","follow":"follow","max-snippet":"max-snippet:-1","max-image-preview":"max-image-preview:large","max-video-preview":"max-video-preview:-1"},"canonical":"https:\/\/www.gaveanews.com\/index.php\/2024\/09\/11\/corinthians-mira-jogador-do-fla-zagueiro-renova-e-vini-jr-ganha-destaque-veja-as-ultimas-noticias-do-flamengo\/","og_locale":"pt_BR","og_type":"article","og_title":"Corinthians mira jogador do Fla, zagueiro renova, e Vini Jr. ganha destaque: veja as \u00faltimas not\u00edcias do Flamengo","og_description":"Nas \u00faltimas horas, o foco das not\u00edcias sobre o Flamengo se concentra nos bastidores do clube, com destaques como o Corinthians mirando jogador do Fla e Vini Jr. ganhando destaque. Por conta deste contexto, leia abaixo um resumo preparado pela equipe do portal G\u00e1vea News para lhe manter muito bem informado! Zagueiro renova Jo\u00e3o Victor [&hellip;]","og_url":"https:\/\/www.gaveanews.com\/index.php\/2024\/09\/11\/corinthians-mira-jogador-do-fla-zagueiro-renova-e-vini-jr-ganha-destaque-veja-as-ultimas-noticias-do-flamengo\/","og_site_name":"G\u00e1vea News","article_publisher":"https:\/\/facebook.com\/gaveaNews\/","article_published_time":"2024-09-11T09:15:00+00:00","og_image":[{"width":900,"height":599,"url":"https:\/\/www.gaveanews.com\/wp-content\/uploads\/gabigol-pedro-everton-cebolinha-ayrton-lucas-flamengo-maringa-copa-do-brasil.webp","type":"image\/jpeg"}],"author":"Henrique Machado","twitter_card":"summary_large_image","twitter_misc":{"Escrito por":"Henrique Machado","Est. tempo de leitura":"5 minutos"},"schema":{"@context":"https:\/\/schema.org","@graph":[{"@type":"NewsArticle","@id":"https:\/\/www.gaveanews.com\/index.php\/2024\/09\/11\/corinthians-mira-jogador-do-fla-zagueiro-renova-e-vini-jr-ganha-destaque-veja-as-ultimas-noticias-do-flamengo\/#article","isPartOf":{"@id":"https:\/\/www.gaveanews.com\/index.php\/2024\/09\/11\/corinthians-mira-jogador-do-fla-zagueiro-renova-e-vini-jr-ganha-destaque-veja-as-ultimas-noticias-do-flamengo\/"},"author":{"name":"Henrique Machado","@id":"https:\/\/www.gaveanews.com\/#\/schema\/person\/fd07635ec039ec3ba74ad18ec8a6dbd6"},"headline":"Corinthians mira jogador do Fla, zagueiro renova, e Vini Jr. ganha destaque: veja as \u00faltimas not\u00edcias do Flamengo","datePublished":"2024-09-11T09:15:00+00:00","mainEntityOfPage":{"@id":"https:\/\/www.gaveanews.com\/index.php\/2024\/09\/11\/corinthians-mira-jogador-do-fla-zagueiro-renova-e-vini-jr-ganha-destaque-veja-as-ultimas-noticias-do-flamengo\/"},"wordCount":806,"commentCount":0,"image":{"@id":"https:\/\/www.gaveanews.com\/index.php\/2024\/09\/11\/corinthians-mira-jogador-do-fla-zagueiro-renova-e-vini-jr-ganha-destaque-veja-as-ultimas-noticias-do-flamengo\/#primaryimage"},"thumbnailUrl":"https:\/\/www.gaveanews.com\/wp-content\/uploads\/gabigol-pedro-everton-cebolinha-ayrton-lucas-flamengo-maringa-copa-do-brasil.webp","articleSection":["Flamengo"],"inLanguage":"pt-BR","potentialAction":[{"@type":"CommentAction","name":"Comment","target":["https:\/\/www.gaveanews.com\/index.php\/2024\/09\/11\/corinthians-mira-jogador-do-fla-zagueiro-renova-e-vini-jr-ganha-destaque-veja-as-ultimas-noticias-do-flamengo\/#respond"]}],"copyrightYear":"2024","copyrightHolder":{"@id":"https:\/\/www.gaveanews.com\/#organization"}},{"@type":"WebPage","@id":"https:\/\/www.gaveanews.com\/index.php\/2024\/09\/11\/corinthians-mira-jogador-do-fla-zagueiro-renova-e-vini-jr-ganha-destaque-veja-as-ultimas-noticias-do-flamengo\/","url":"https:\/\/www.gaveanews.com\/index.php\/2024\/09\/11\/corinthians-mira-jogador-do-fla-zagueiro-renova-e-vini-jr-ganha-destaque-veja-as-ultimas-noticias-do-flamengo\/","name":"Corinthians mira jogador do Fla, zagueiro renova, e Vini Jr. ganha destaque: veja as \u00faltimas not\u00edcias do Flamengo","isPartOf":{"@id":"https:\/\/www.gaveanews.com\/#website"},"primaryImageOfPage":{"@id":"https:\/\/www.gaveanews.com\/index.php\/2024\/09\/11\/corinthians-mira-jogador-do-fla-zagueiro-renova-e-vini-jr-ganha-destaque-veja-as-ultimas-noticias-do-flamengo\/#primaryimage"},"image":{"@id":"https:\/\/www.gaveanews.com\/index.php\/2024\/09\/11\/corinthians-mira-jogador-do-fla-zagueiro-renova-e-vini-jr-ganha-destaque-veja-as-ultimas-noticias-do-flamengo\/#primaryimage"},"thumbnailUrl":"https:\/\/www.gaveanews.com\/wp-content\/uploads\/gabigol-pedro-everton-cebolinha-ayrton-lucas-flamengo-maringa-copa-do-brasil.webp","datePublished":"2024-09-11T09:15:00+00:00","author":{"@id":"https:\/\/www.gaveanews.com\/#\/schema\/person\/fd07635ec039ec3ba74ad18ec8a6dbd6"},"breadcrumb":{"@id":"https:\/\/www.gaveanews.com\/index.php\/2024\/09\/11\/corinthians-mira-jogador-do-fla-zagueiro-renova-e-vini-jr-ganha-destaque-veja-as-ultimas-noticias-do-flamengo\/#breadcrumb"},"inLanguage":"pt-BR","potentialAction":[{"@type":"ReadAction","target":["https:\/\/www.gaveanews.com\/index.php\/2024\/09\/11\/corinthians-mira-jogador-do-fla-zagueiro-renova-e-vini-jr-ganha-destaque-veja-as-ultimas-noticias-do-flamengo\/"]}]},{"@type":"ImageObject","inLanguage":"pt-BR","@id":"https:\/\/www.gaveanews.com\/index.php\/2024\/09\/11\/corinthians-mira-jogador-do-fla-zagueiro-renova-e-vini-jr-ganha-destaque-veja-as-ultimas-noticias-do-flamengo\/#primaryimage","url":"https:\/\/www.gaveanews.com\/wp-content\/uploads\/gabigol-pedro-everton-cebolinha-ayrton-lucas-flamengo-maringa-copa-do-brasil.webp","contentUrl":"https:\/\/www.gaveanews.com\/wp-content\/uploads\/gabigol-pedro-everton-cebolinha-ayrton-lucas-flamengo-maringa-copa-do-brasil.webp","width":900,"height":599,"caption":"Jogadores do Flamengo comemoram gol marcado contra o Maring\u00e1 pela Copa do Brasil (Foto: Marcelo Cortes\/Flamengo)"},{"@type":"BreadcrumbList","@id":"https:\/\/www.gaveanews.com\/index.php\/2024\/09\/11\/corinthians-mira-jogador-do-fla-zagueiro-renova-e-vini-jr-ganha-destaque-veja-as-ultimas-noticias-do-flamengo\/#breadcrumb","itemListElement":[{"@type":"ListItem","position":1,"name":"Home","item":"https:\/\/www.gaveanews.com\/"},{"@type":"ListItem","position":2,"name":"Corinthians mira jogador do Fla, zagueiro renova, e Vini Jr. ganha destaque: veja as \u00faltimas not\u00edcias do Flamengo"}]},{"@type":"WebSite","@id":"https:\/\/www.gaveanews.com\/#website","url":"https:\/\/www.gaveanews.com\/","name":"G\u00e1vea News","description":"Veja todas as not\u00edcias sobre o Flamengo: Contrata\u00e7\u00f5es, categorias de base, resultados das partidas, tabela de classifica\u00e7\u00e3o, pr\u00f3ximos jogos!","potentialAction":[{"@type":"SearchAction","target":{"@type":"EntryPoint","urlTemplate":"https:\/\/www.gaveanews.com\/?s={search_term_string}"},"query-input":{"@type":"PropertyValueSpecification","valueRequired":true,"valueName":"search_term_string"}}],"inLanguage":"pt-BR"},{"@type":"Person","@id":"https:\/\/www.gaveanews.com\/#\/schema\/person\/fd07635ec039ec3ba74ad18ec8a6dbd6","name":"Henrique Machado","image":{"@type":"ImageObject","inLanguage":"pt-BR","@id":"https:\/\/www.gaveanews.com\/#\/schema\/person\/image\/","url":"https:\/\/secure.gravatar.com\/avatar\/b95e35997e01d9800c1b6184bd79d4d898d370a3fce2584f5c77b907d5c7d9e9?s=96&d=mm&r=g","contentUrl":"https:\/\/secure.gravatar.com\/avatar\/b95e35997e01d9800c1b6184bd79d4d898d370a3fce2584f5c77b907d5c7d9e9?s=96&d=mm&r=g","caption":"Henrique Machado"}}]}},"_links":{"self":[{"href":"https:\/\/www.gaveanews.com\/index.php\/wp-json\/wp\/v2\/posts\/165473","targetHints":{"allow":["GET"]}}],"collection":[{"href":"https:\/\/www.gaveanews.com\/index.php\/wp-json\/wp\/v2\/posts"}],"about":[{"href":"https:\/\/www.gaveanews.com\/index.php\/wp-json\/wp\/v2\/types\/post"}],"author":[{"embeddable":true,"href":"https:\/\/www.gaveanews.com\/index.php\/wp-json\/wp\/v2\/users\/15"}],"replies":[{"embeddable":true,"href":"https:\/\/www.gaveanews.com\/index.php\/wp-json\/wp\/v2\/comments?post=165473"}],"version-history":[{"count":4,"href":"https:\/\/www.gaveanews.com\/index.php\/wp-json\/wp\/v2\/posts\/165473\/revisions"}],"predecessor-version":[{"id":165484,"href":"https:\/\/www.gaveanews.com\/index.php\/wp-json\/wp\/v2\/posts\/165473\/revisions\/165484"}],"wp:featuredmedia":[{"embeddable":true,"href":"https:\/\/www.gaveanews.com\/index.php\/wp-json\/wp\/v2\/media\/97942"}],"wp:attachment":[{"href":"https:\/\/www.gaveanews.com\/index.php\/wp-json\/wp\/v2\/media?parent=165473"}],"wp:term":[{"taxonomy":"category","embeddable":true,"href":"https:\/\/www.gaveanews.com\/index.php\/wp-json\/wp\/v2\/categories?post=165473"},{"taxonomy":"post_tag","embeddable":true,"href":"https:\/\/www.gaveanews.com\/index.php\/wp-json\/wp\/v2\/tags?post=165473"}],"curies":[{"name":"wp","href":"https:\/\/api.w.org\/{rel}","templated":true}]}}