{"id":165500,"date":"2024-09-11T08:15:36","date_gmt":"2024-09-11T11:15:36","guid":{"rendered":"https:\/\/www.gaveanews.com\/?p=165500"},"modified":"2024-09-11T08:15:38","modified_gmt":"2024-09-11T11:15:38","slug":"mauro-cezar-pereira-questiona-declaracao-de-dorival-junior","status":"publish","type":"post","link":"https:\/\/www.gaveanews.com\/index.php\/2024\/09\/11\/mauro-cezar-pereira-questiona-declaracao-de-dorival-junior\/","title":{"rendered":"Mauro Cezar Pereira questiona declara\u00e7\u00e3o de Dorival J\u00fanior"},"content":{"rendered":"\n<p>O jornalista Mauro Cezar Pereira criticou a declara\u00e7\u00e3o do t\u00e9cnico Dorival J\u00fanior, que, em coletiva de imprensa antes da partida contra o Paraguai, nesta ter\u00e7a-feira (10), pelas Eliminat\u00f3rias da Copa do Mundo, afirmou com confian\u00e7a que o Brasil estar\u00e1 na final do Mundial de 2026.<\/p>\n\n\n\n<ul class=\"wp-block-list\">\n<li><a href=\"https:\/\/www.gaveanews.com\/index.php\/2024\/09\/09\/a-declaracao-de-fabricio-bruno-ao-chegar-na-selecao-brasileira\/\">A declara\u00e7\u00e3o de Fabr\u00edcio Bruno ao chegar na Sele\u00e7\u00e3o Brasileira<\/a><\/li>\n\n\n\n<li><a href=\"https:\/\/www.gaveanews.com\/index.php\/2024\/09\/05\/a-declaracao-de-luiz-henrique-sobre-estreia-na-selecao-brasileira\/\">A declara\u00e7\u00e3o de Luiz Henrique sobre estreia na Sele\u00e7\u00e3o Brasileira<\/a><\/li>\n<\/ul>\n\n\n\n<p>Durante a entrevista, Dorival J\u00fanior, que ainda n\u00e3o perdeu sob o comando da Sele\u00e7\u00e3o Brasileira, disse:<br>&#8220;Podem esperar que estaremos na decis\u00e3o da Copa do Mundo. Podem me cobrar&#8221;, declarou o treinador.<\/p>\n\n\n\n<h2 class=\"wp-block-heading\" id=\"h-a-confianca-de-dorival-junior\">A confian\u00e7a de Dorival J\u00fanior<\/h2>\n\n\n\n<p>Desde sua primeira coletiva como t\u00e9cnico da Sele\u00e7\u00e3o, Dorival J\u00fanior tem demonstrado otimismo. Essa confian\u00e7a \u00e9 vista como uma tentativa de reconquistar o torcedor brasileiro, afastado ap\u00f3s a traum\u00e1tica derrota por 7 a 1 para a Alemanha, na Copa do Mundo de 2014. <\/p>\n\n\n\n<p>Ainda assim, o treinador n\u00e3o \u00e9 unanimidade entre os cr\u00edticos e parte da imprensa, que questionam seu desempenho e m\u00e9todo de trabalho.<\/p>\n\n\n\n<h2 class=\"wp-block-heading\" id=\"h-desempenho-sob-o-comando-da-selecao\">Desempenho sob o comando da Sele\u00e7\u00e3o<\/h2>\n\n\n\n<p>Mesmo com cr\u00edticas, Dorival J\u00fanior apresenta um desempenho positivo no comando da Sele\u00e7\u00e3o. At\u00e9 agora, o treinador tem 4 vit\u00f3rias e 5 empates em 9 partidas, sendo alguns resultados expressivos, como a goleada de 4 a 1 sobre o Paraguai na Copa Am\u00e9rica. Abaixo, est\u00e3o os resultados da Sele\u00e7\u00e3o sob sua gest\u00e3o:<\/p>\n\n\n\n<ul class=\"wp-block-list\">\n<li>Inglaterra 0 x 1 Brasil (Amistoso)<\/li>\n\n\n\n<li>Espanha 3 x 3 Brasil (Amistoso)<\/li>\n\n\n\n<li>M\u00e9xico 2 x 3 Brasil (Amistoso)<\/li>\n\n\n\n<li>Estados Unidos 1 x 1 Brasil (Amistoso)<\/li>\n\n\n\n<li>Brasil 0 x 0 Costa Rica (Copa Am\u00e9rica)<\/li>\n\n\n\n<li>Paraguai 1 x 4 Brasil (Copa Am\u00e9rica)<\/li>\n\n\n\n<li>Brasil 1 x 1 Col\u00f4mbia (Copa Am\u00e9rica)<\/li>\n\n\n\n<li>Uruguai 0 x 0 Brasil (Copa Am\u00e9rica)<\/li>\n\n\n\n<li>Brasil 1 x 0 Equador (Eliminat\u00f3rias)<\/li>\n<\/ul>\n\n\n\n<h2 class=\"wp-block-heading\" id=\"h-mauro-cezar-pereira-faz-duras-criticas-ao-trabalho-de-dorival-jr\">Mauro Cezar Pereira faz duras cr\u00edticas ao trabalho de Dorival Jr<\/h2>\n\n\n\n<p>Apesar do retrospecto, o jornalista Mauro Cezar Pereira questionou duramente a declara\u00e7\u00e3o de Dorival J\u00fanior. Para Mauro, o t\u00e9cnico n\u00e3o demonstrou at\u00e9 o momento um plano concreto para melhorar o desempenho da Sele\u00e7\u00e3o. <\/p>\n\n\n\n<p>Al\u00e9m disso, ele levantou d\u00favidas sobre a base na qual Dorival se apoia para afirmar que o Brasil estar\u00e1 na final da Copa do Mundo de 2026. Segundo o jornalista, o treinador n\u00e3o possui as credenciais para tal confian\u00e7a.<\/p>\n\n\n\n<h2 class=\"wp-block-heading\" id=\"h-proximo-desafio-nas-eliminatorias\">Pr\u00f3ximo desafio nas Eliminat\u00f3rias<\/h2>\n\n\n\n<p>Agora, Dorival J\u00fanior ter\u00e1 mais um teste importante. Nesta ter\u00e7a-feira (10), o t\u00e9cnico comandar\u00e1 a Sele\u00e7\u00e3o Brasileira contra o Paraguai, em Assun\u00e7\u00e3o, no est\u00e1dio Defensores del Chaco, pela oitava rodada das Eliminat\u00f3rias da Copa do Mundo. <\/p>\n\n\n\n<p>O resultado da partida pode servir para refor\u00e7ar a confian\u00e7a do treinador ou alimentar ainda mais as cr\u00edticas de jornalistas como Mauro Cezar.<\/p>\n\n\n\n<p><\/p>\n","protected":false},"excerpt":{"rendered":"<p>O jornalista Mauro Cezar Pereira criticou a declara\u00e7\u00e3o do t\u00e9cnico Dorival J\u00fanior, que, em coletiva de imprensa antes da partida contra o Paraguai, nesta ter\u00e7a-feira (10), pelas Eliminat\u00f3rias da Copa do Mundo, afirmou com confian\u00e7a que o Brasil estar\u00e1 na final do Mundial de 2026. Durante a entrevista, Dorival J\u00fanior, que ainda n\u00e3o perdeu sob [&hellip;]<\/p>\n","protected":false},"author":24,"featured_media":126556,"comment_status":"open","ping_status":"closed","sticky":false,"template":"","format":"standard","meta":{"footnotes":""},"categories":[141,1,150,151,152],"tags":[],"class_list":["post-165500","post","type-post","status-publish","format-standard","has-post-thumbnail","hentry","category-corinthians","category-flamengo","category-palmeiras","category-sao-paulo","category-vasco"],"yoast_head":"<!-- This site is optimized with the Yoast SEO Premium plugin v24.2 (Yoast SEO v26.9) - https:\/\/yoast.com\/product\/yoast-seo-premium-wordpress\/ -->\n<title>Mauro Cezar Pereira questiona declara\u00e7\u00e3o de Dorival J\u00fanior<\/title>\n<meta name=\"robots\" content=\"index, follow, max-snippet:-1, max-image-preview:large, max-video-preview:-1\" \/>\n<link rel=\"canonical\" href=\"https:\/\/www.gaveanews.com\/index.php\/2024\/09\/11\/mauro-cezar-pereira-questiona-declaracao-de-dorival-junior\/\" \/>\n<meta property=\"og:locale\" content=\"pt_BR\" \/>\n<meta property=\"og:type\" content=\"article\" \/>\n<meta property=\"og:title\" content=\"Mauro Cezar Pereira questiona declara\u00e7\u00e3o de Dorival J\u00fanior\" \/>\n<meta property=\"og:description\" content=\"O jornalista Mauro Cezar Pereira criticou a declara\u00e7\u00e3o do t\u00e9cnico Dorival J\u00fanior, que, em coletiva de imprensa antes da partida contra o Paraguai, nesta ter\u00e7a-feira (10), pelas Eliminat\u00f3rias da Copa do Mundo, afirmou com confian\u00e7a que o Brasil estar\u00e1 na final do Mundial de 2026. Durante a entrevista, Dorival J\u00fanior, que ainda n\u00e3o perdeu sob [&hellip;]\" \/>\n<meta property=\"og:url\" content=\"https:\/\/www.gaveanews.com\/index.php\/2024\/09\/11\/mauro-cezar-pereira-questiona-declaracao-de-dorival-junior\/\" \/>\n<meta property=\"og:site_name\" content=\"G\u00e1vea News\" \/>\n<meta property=\"article:publisher\" content=\"https:\/\/facebook.com\/gaveaNews\/\" \/>\n<meta property=\"article:published_time\" content=\"2024-09-11T11:15:36+00:00\" \/>\n<meta property=\"article:modified_time\" content=\"2024-09-11T11:15:38+00:00\" \/>\n<meta property=\"og:image\" content=\"https:\/\/www.gaveanews.com\/wp-content\/uploads\/dorival-junior-selecao-e1704998153515.webp\" \/>\n\t<meta property=\"og:image:width\" content=\"732\" \/>\n\t<meta property=\"og:image:height\" content=\"412\" \/>\n\t<meta property=\"og:image:type\" content=\"image\/webp\" \/>\n<meta name=\"author\" content=\"Leandro Cardoso\" \/>\n<meta name=\"twitter:card\" content=\"summary_large_image\" \/>\n<meta name=\"twitter:label1\" content=\"Escrito por\" \/>\n\t<meta name=\"twitter:data1\" content=\"Leandro Cardoso\" \/>\n\t<meta name=\"twitter:label2\" content=\"Est. tempo de leitura\" \/>\n\t<meta name=\"twitter:data2\" content=\"3 minutos\" \/>\n<script type=\"application\/ld+json\" class=\"yoast-schema-graph\">{\"@context\":\"https:\/\/schema.org\",\"@graph\":[{\"@type\":\"NewsArticle\",\"@id\":\"https:\/\/www.gaveanews.com\/index.php\/2024\/09\/11\/mauro-cezar-pereira-questiona-declaracao-de-dorival-junior\/#article\",\"isPartOf\":{\"@id\":\"https:\/\/www.gaveanews.com\/index.php\/2024\/09\/11\/mauro-cezar-pereira-questiona-declaracao-de-dorival-junior\/\"},\"author\":{\"name\":\"Leandro Cardoso\",\"@id\":\"https:\/\/www.gaveanews.com\/#\/schema\/person\/2424ec6409bc3f068411fc5e4e9b6168\"},\"headline\":\"Mauro Cezar Pereira questiona declara\u00e7\u00e3o de Dorival J\u00fanior\",\"datePublished\":\"2024-09-11T11:15:36+00:00\",\"dateModified\":\"2024-09-11T11:15:38+00:00\",\"mainEntityOfPage\":{\"@id\":\"https:\/\/www.gaveanews.com\/index.php\/2024\/09\/11\/mauro-cezar-pereira-questiona-declaracao-de-dorival-junior\/\"},\"wordCount\":473,\"commentCount\":0,\"image\":{\"@id\":\"https:\/\/www.gaveanews.com\/index.php\/2024\/09\/11\/mauro-cezar-pereira-questiona-declaracao-de-dorival-junior\/#primaryimage\"},\"thumbnailUrl\":\"https:\/\/www.gaveanews.com\/wp-content\/uploads\/dorival-junior-selecao-e1704998153515.webp\",\"articleSection\":[\"Corinthians\",\"Flamengo\",\"Palmeiras\",\"S\u00e3o Paulo\",\"Vasco\"],\"inLanguage\":\"pt-BR\",\"potentialAction\":[{\"@type\":\"CommentAction\",\"name\":\"Comment\",\"target\":[\"https:\/\/www.gaveanews.com\/index.php\/2024\/09\/11\/mauro-cezar-pereira-questiona-declaracao-de-dorival-junior\/#respond\"]}],\"copyrightYear\":\"2024\",\"copyrightHolder\":{\"@id\":\"https:\/\/www.gaveanews.com\/#organization\"}},{\"@type\":\"WebPage\",\"@id\":\"https:\/\/www.gaveanews.com\/index.php\/2024\/09\/11\/mauro-cezar-pereira-questiona-declaracao-de-dorival-junior\/\",\"url\":\"https:\/\/www.gaveanews.com\/index.php\/2024\/09\/11\/mauro-cezar-pereira-questiona-declaracao-de-dorival-junior\/\",\"name\":\"Mauro Cezar Pereira questiona declara\u00e7\u00e3o de Dorival J\u00fanior\",\"isPartOf\":{\"@id\":\"https:\/\/www.gaveanews.com\/#website\"},\"primaryImageOfPage\":{\"@id\":\"https:\/\/www.gaveanews.com\/index.php\/2024\/09\/11\/mauro-cezar-pereira-questiona-declaracao-de-dorival-junior\/#primaryimage\"},\"image\":{\"@id\":\"https:\/\/www.gaveanews.com\/index.php\/2024\/09\/11\/mauro-cezar-pereira-questiona-declaracao-de-dorival-junior\/#primaryimage\"},\"thumbnailUrl\":\"https:\/\/www.gaveanews.com\/wp-content\/uploads\/dorival-junior-selecao-e1704998153515.webp\",\"datePublished\":\"2024-09-11T11:15:36+00:00\",\"dateModified\":\"2024-09-11T11:15:38+00:00\",\"author\":{\"@id\":\"https:\/\/www.gaveanews.com\/#\/schema\/person\/2424ec6409bc3f068411fc5e4e9b6168\"},\"breadcrumb\":{\"@id\":\"https:\/\/www.gaveanews.com\/index.php\/2024\/09\/11\/mauro-cezar-pereira-questiona-declaracao-de-dorival-junior\/#breadcrumb\"},\"inLanguage\":\"pt-BR\",\"potentialAction\":[{\"@type\":\"ReadAction\",\"target\":[\"https:\/\/www.gaveanews.com\/index.php\/2024\/09\/11\/mauro-cezar-pereira-questiona-declaracao-de-dorival-junior\/\"]}]},{\"@type\":\"ImageObject\",\"inLanguage\":\"pt-BR\",\"@id\":\"https:\/\/www.gaveanews.com\/index.php\/2024\/09\/11\/mauro-cezar-pereira-questiona-declaracao-de-dorival-junior\/#primaryimage\",\"url\":\"https:\/\/www.gaveanews.com\/wp-content\/uploads\/dorival-junior-selecao-e1704998153515.webp\",\"contentUrl\":\"https:\/\/www.gaveanews.com\/wp-content\/uploads\/dorival-junior-selecao-e1704998153515.webp\",\"width\":732,\"height\":412,\"caption\":\"Dorival J\u00fanior, t\u00e9cnico da Sele\u00e7\u00e3o Brasileira (Foto: Reprodu\u00e7\u00e3o)\"},{\"@type\":\"BreadcrumbList\",\"@id\":\"https:\/\/www.gaveanews.com\/index.php\/2024\/09\/11\/mauro-cezar-pereira-questiona-declaracao-de-dorival-junior\/#breadcrumb\",\"itemListElement\":[{\"@type\":\"ListItem\",\"position\":1,\"name\":\"Home\",\"item\":\"https:\/\/www.gaveanews.com\/\"},{\"@type\":\"ListItem\",\"position\":2,\"name\":\"Mauro Cezar Pereira questiona declara\u00e7\u00e3o de Dorival J\u00fanior\"}]},{\"@type\":\"WebSite\",\"@id\":\"https:\/\/www.gaveanews.com\/#website\",\"url\":\"https:\/\/www.gaveanews.com\/\",\"name\":\"G\u00e1vea News\",\"description\":\"Veja todas as not\u00edcias sobre o Flamengo: Contrata\u00e7\u00f5es, categorias de base, resultados das partidas, tabela de classifica\u00e7\u00e3o, pr\u00f3ximos jogos!\",\"potentialAction\":[{\"@type\":\"SearchAction\",\"target\":{\"@type\":\"EntryPoint\",\"urlTemplate\":\"https:\/\/www.gaveanews.com\/?s={search_term_string}\"},\"query-input\":{\"@type\":\"PropertyValueSpecification\",\"valueRequired\":true,\"valueName\":\"search_term_string\"}}],\"inLanguage\":\"pt-BR\"},{\"@type\":\"Person\",\"@id\":\"https:\/\/www.gaveanews.com\/#\/schema\/person\/2424ec6409bc3f068411fc5e4e9b6168\",\"name\":\"Leandro Cardoso\",\"image\":{\"@type\":\"ImageObject\",\"inLanguage\":\"pt-BR\",\"@id\":\"https:\/\/www.gaveanews.com\/#\/schema\/person\/image\/\",\"url\":\"https:\/\/secure.gravatar.com\/avatar\/8ca179f9b55eefe9f376f5493ef25475bfa59fbc28ce937f6076ce20e523098f?s=96&d=mm&r=g\",\"contentUrl\":\"https:\/\/secure.gravatar.com\/avatar\/8ca179f9b55eefe9f376f5493ef25475bfa59fbc28ce937f6076ce20e523098f?s=96&d=mm&r=g\",\"caption\":\"Leandro Cardoso\"}}]}<\/script>\n<!-- \/ Yoast SEO Premium plugin. -->","yoast_head_json":{"title":"Mauro Cezar Pereira questiona declara\u00e7\u00e3o de Dorival J\u00fanior","robots":{"index":"index","follow":"follow","max-snippet":"max-snippet:-1","max-image-preview":"max-image-preview:large","max-video-preview":"max-video-preview:-1"},"canonical":"https:\/\/www.gaveanews.com\/index.php\/2024\/09\/11\/mauro-cezar-pereira-questiona-declaracao-de-dorival-junior\/","og_locale":"pt_BR","og_type":"article","og_title":"Mauro Cezar Pereira questiona declara\u00e7\u00e3o de Dorival J\u00fanior","og_description":"O jornalista Mauro Cezar Pereira criticou a declara\u00e7\u00e3o do t\u00e9cnico Dorival J\u00fanior, que, em coletiva de imprensa antes da partida contra o Paraguai, nesta ter\u00e7a-feira (10), pelas Eliminat\u00f3rias da Copa do Mundo, afirmou com confian\u00e7a que o Brasil estar\u00e1 na final do Mundial de 2026. Durante a entrevista, Dorival J\u00fanior, que ainda n\u00e3o perdeu sob [&hellip;]","og_url":"https:\/\/www.gaveanews.com\/index.php\/2024\/09\/11\/mauro-cezar-pereira-questiona-declaracao-de-dorival-junior\/","og_site_name":"G\u00e1vea News","article_publisher":"https:\/\/facebook.com\/gaveaNews\/","article_published_time":"2024-09-11T11:15:36+00:00","article_modified_time":"2024-09-11T11:15:38+00:00","og_image":[{"width":732,"height":412,"url":"https:\/\/www.gaveanews.com\/wp-content\/uploads\/dorival-junior-selecao-e1704998153515.webp","type":"image\/webp"}],"author":"Leandro Cardoso","twitter_card":"summary_large_image","twitter_misc":{"Escrito por":"Leandro Cardoso","Est. tempo de leitura":"3 minutos"},"schema":{"@context":"https:\/\/schema.org","@graph":[{"@type":"NewsArticle","@id":"https:\/\/www.gaveanews.com\/index.php\/2024\/09\/11\/mauro-cezar-pereira-questiona-declaracao-de-dorival-junior\/#article","isPartOf":{"@id":"https:\/\/www.gaveanews.com\/index.php\/2024\/09\/11\/mauro-cezar-pereira-questiona-declaracao-de-dorival-junior\/"},"author":{"name":"Leandro Cardoso","@id":"https:\/\/www.gaveanews.com\/#\/schema\/person\/2424ec6409bc3f068411fc5e4e9b6168"},"headline":"Mauro Cezar Pereira questiona declara\u00e7\u00e3o de Dorival J\u00fanior","datePublished":"2024-09-11T11:15:36+00:00","dateModified":"2024-09-11T11:15:38+00:00","mainEntityOfPage":{"@id":"https:\/\/www.gaveanews.com\/index.php\/2024\/09\/11\/mauro-cezar-pereira-questiona-declaracao-de-dorival-junior\/"},"wordCount":473,"commentCount":0,"image":{"@id":"https:\/\/www.gaveanews.com\/index.php\/2024\/09\/11\/mauro-cezar-pereira-questiona-declaracao-de-dorival-junior\/#primaryimage"},"thumbnailUrl":"https:\/\/www.gaveanews.com\/wp-content\/uploads\/dorival-junior-selecao-e1704998153515.webp","articleSection":["Corinthians","Flamengo","Palmeiras","S\u00e3o Paulo","Vasco"],"inLanguage":"pt-BR","potentialAction":[{"@type":"CommentAction","name":"Comment","target":["https:\/\/www.gaveanews.com\/index.php\/2024\/09\/11\/mauro-cezar-pereira-questiona-declaracao-de-dorival-junior\/#respond"]}],"copyrightYear":"2024","copyrightHolder":{"@id":"https:\/\/www.gaveanews.com\/#organization"}},{"@type":"WebPage","@id":"https:\/\/www.gaveanews.com\/index.php\/2024\/09\/11\/mauro-cezar-pereira-questiona-declaracao-de-dorival-junior\/","url":"https:\/\/www.gaveanews.com\/index.php\/2024\/09\/11\/mauro-cezar-pereira-questiona-declaracao-de-dorival-junior\/","name":"Mauro Cezar Pereira questiona declara\u00e7\u00e3o de Dorival J\u00fanior","isPartOf":{"@id":"https:\/\/www.gaveanews.com\/#website"},"primaryImageOfPage":{"@id":"https:\/\/www.gaveanews.com\/index.php\/2024\/09\/11\/mauro-cezar-pereira-questiona-declaracao-de-dorival-junior\/#primaryimage"},"image":{"@id":"https:\/\/www.gaveanews.com\/index.php\/2024\/09\/11\/mauro-cezar-pereira-questiona-declaracao-de-dorival-junior\/#primaryimage"},"thumbnailUrl":"https:\/\/www.gaveanews.com\/wp-content\/uploads\/dorival-junior-selecao-e1704998153515.webp","datePublished":"2024-09-11T11:15:36+00:00","dateModified":"2024-09-11T11:15:38+00:00","author":{"@id":"https:\/\/www.gaveanews.com\/#\/schema\/person\/2424ec6409bc3f068411fc5e4e9b6168"},"breadcrumb":{"@id":"https:\/\/www.gaveanews.com\/index.php\/2024\/09\/11\/mauro-cezar-pereira-questiona-declaracao-de-dorival-junior\/#breadcrumb"},"inLanguage":"pt-BR","potentialAction":[{"@type":"ReadAction","target":["https:\/\/www.gaveanews.com\/index.php\/2024\/09\/11\/mauro-cezar-pereira-questiona-declaracao-de-dorival-junior\/"]}]},{"@type":"ImageObject","inLanguage":"pt-BR","@id":"https:\/\/www.gaveanews.com\/index.php\/2024\/09\/11\/mauro-cezar-pereira-questiona-declaracao-de-dorival-junior\/#primaryimage","url":"https:\/\/www.gaveanews.com\/wp-content\/uploads\/dorival-junior-selecao-e1704998153515.webp","contentUrl":"https:\/\/www.gaveanews.com\/wp-content\/uploads\/dorival-junior-selecao-e1704998153515.webp","width":732,"height":412,"caption":"Dorival J\u00fanior, t\u00e9cnico da Sele\u00e7\u00e3o Brasileira (Foto: Reprodu\u00e7\u00e3o)"},{"@type":"BreadcrumbList","@id":"https:\/\/www.gaveanews.com\/index.php\/2024\/09\/11\/mauro-cezar-pereira-questiona-declaracao-de-dorival-junior\/#breadcrumb","itemListElement":[{"@type":"ListItem","position":1,"name":"Home","item":"https:\/\/www.gaveanews.com\/"},{"@type":"ListItem","position":2,"name":"Mauro Cezar Pereira questiona declara\u00e7\u00e3o de Dorival J\u00fanior"}]},{"@type":"WebSite","@id":"https:\/\/www.gaveanews.com\/#website","url":"https:\/\/www.gaveanews.com\/","name":"G\u00e1vea News","description":"Veja todas as not\u00edcias sobre o Flamengo: Contrata\u00e7\u00f5es, categorias de base, resultados das partidas, tabela de classifica\u00e7\u00e3o, pr\u00f3ximos jogos!","potentialAction":[{"@type":"SearchAction","target":{"@type":"EntryPoint","urlTemplate":"https:\/\/www.gaveanews.com\/?s={search_term_string}"},"query-input":{"@type":"PropertyValueSpecification","valueRequired":true,"valueName":"search_term_string"}}],"inLanguage":"pt-BR"},{"@type":"Person","@id":"https:\/\/www.gaveanews.com\/#\/schema\/person\/2424ec6409bc3f068411fc5e4e9b6168","name":"Leandro Cardoso","image":{"@type":"ImageObject","inLanguage":"pt-BR","@id":"https:\/\/www.gaveanews.com\/#\/schema\/person\/image\/","url":"https:\/\/secure.gravatar.com\/avatar\/8ca179f9b55eefe9f376f5493ef25475bfa59fbc28ce937f6076ce20e523098f?s=96&d=mm&r=g","contentUrl":"https:\/\/secure.gravatar.com\/avatar\/8ca179f9b55eefe9f376f5493ef25475bfa59fbc28ce937f6076ce20e523098f?s=96&d=mm&r=g","caption":"Leandro Cardoso"}}]}},"_links":{"self":[{"href":"https:\/\/www.gaveanews.com\/index.php\/wp-json\/wp\/v2\/posts\/165500","targetHints":{"allow":["GET"]}}],"collection":[{"href":"https:\/\/www.gaveanews.com\/index.php\/wp-json\/wp\/v2\/posts"}],"about":[{"href":"https:\/\/www.gaveanews.com\/index.php\/wp-json\/wp\/v2\/types\/post"}],"author":[{"embeddable":true,"href":"https:\/\/www.gaveanews.com\/index.php\/wp-json\/wp\/v2\/users\/24"}],"replies":[{"embeddable":true,"href":"https:\/\/www.gaveanews.com\/index.php\/wp-json\/wp\/v2\/comments?post=165500"}],"version-history":[{"count":2,"href":"https:\/\/www.gaveanews.com\/index.php\/wp-json\/wp\/v2\/posts\/165500\/revisions"}],"predecessor-version":[{"id":165541,"href":"https:\/\/www.gaveanews.com\/index.php\/wp-json\/wp\/v2\/posts\/165500\/revisions\/165541"}],"wp:featuredmedia":[{"embeddable":true,"href":"https:\/\/www.gaveanews.com\/index.php\/wp-json\/wp\/v2\/media\/126556"}],"wp:attachment":[{"href":"https:\/\/www.gaveanews.com\/index.php\/wp-json\/wp\/v2\/media?parent=165500"}],"wp:term":[{"taxonomy":"category","embeddable":true,"href":"https:\/\/www.gaveanews.com\/index.php\/wp-json\/wp\/v2\/categories?post=165500"},{"taxonomy":"post_tag","embeddable":true,"href":"https:\/\/www.gaveanews.com\/index.php\/wp-json\/wp\/v2\/tags?post=165500"}],"curies":[{"name":"wp","href":"https:\/\/api.w.org\/{rel}","templated":true}]}}