{"id":165544,"date":"2024-09-11T13:45:00","date_gmt":"2024-09-11T16:45:00","guid":{"rendered":"https:\/\/www.gaveanews.com\/?p=165544"},"modified":"2024-09-11T12:51:52","modified_gmt":"2024-09-11T15:51:52","slug":"meia-assina-com-o-santos-ate-2027","status":"publish","type":"post","link":"https:\/\/www.gaveanews.com\/index.php\/2024\/09\/11\/meia-assina-com-o-santos-ate-2027\/","title":{"rendered":"Meia assina com o Santos at\u00e9 2027"},"content":{"rendered":"\n<h2 class=\"wp-block-heading\" id=\"h-vinicius-fabri-assina-primeiro-contrato-profissional-com-o-santos-e-mira-o-futuro-no-time-principal\">Vin\u00edcius Fabri assina primeiro contrato profissional com o Santos e mira o futuro no time principal<\/h2>\n\n\n\n<p>O meia Vin\u00edcius Fabri, uma das promessas das categorias de base do Santos, assinou seu primeiro contrato profissional com o clube. Aos 16 anos, o jogador firmou um v\u00ednculo v\u00e1lido at\u00e9 julho de 2027, com uma multa rescis\u00f3ria estipulada em 70 milh\u00f5es de euros (cerca de R$ 435,3 milh\u00f5es). O jovem, que come\u00e7ou sua trajet\u00f3ria no sub-11 do Peixe, foi destaque em v\u00e1rias categorias e recebeu sua primeira convoca\u00e7\u00e3o para a sele\u00e7\u00e3o brasileira em 2023.<\/p>\n\n\n\n<ul class=\"wp-block-list\">\n<li><a href=\"https:\/\/www.gaveanews.com\/index.php\/2024\/09\/10\/atitude-da-diretoria-do-santos-atrapalha-jogadores\/\">Atitude da diretoria do Santos atrapalha jogadores<\/a><\/li>\n\n\n\n<li><a href=\"https:\/\/www.gaveanews.com\/index.php\/2024\/09\/10\/atacantes-lutam-por-renovacao-com-o-santos\/\">Atacantes lutam por renova\u00e7\u00e3o com o Santos<\/a><\/li>\n<\/ul>\n\n\n\n<p>Vin\u00edcius Fabri expressou sua felicidade ao assinar o primeiro contrato profissional, destacando que realizar esse sonho pelo Santos \u00e9 motivo de grande orgulho. Ele afirmou que continuar\u00e1 se dedicando para, no futuro, chegar ao time principal, conquistar t\u00edtulos e retribuir a confian\u00e7a que o clube deposita nele.<\/p>\n\n\n\n<p>&#8220;Estou muito feliz. Meu primeiro contrato profissional, algo que sonho desde crian\u00e7a, e poder realizar pelo Santos \u00e9 motivo de ainda mais orgulho para mim. Agora \u00e9 continuar me dedicando para, daqui a um tempo, chegar no time profissional, conquistar muitos t\u00edtulos e, assim, retribuir a confian\u00e7a que o clube est\u00e1 depositando em mim,&#8221; declarou Vin\u00edcius Fabri.<\/p>\n\n\n\n<figure class=\"wp-block-embed is-type-photo is-provider-flickr wp-block-embed-flickr\"><div class=\"wp-block-embed__wrapper\">\n<a href=\"https:\/\/flic.kr\/p\/2qfKXrv\"><img loading=\"lazy\" decoding=\"async\" src=\"https:\/\/live.staticflickr.com\/65535\/53988262235_88b9cc9e25_z.webp\" alt=\"viniciusfrfabri_1726069837230\" width=\"640\" height=\"480\" \/><\/a>\n<\/div><\/figure>\n\n\n\n<p>Na temporada passada, o jogador foi fundamental na conquista do t\u00edtulo da Copa Nike, marcando um dos gols na final contra o Corinthians. Al\u00e9m disso, no Campeonato Paulista sub-15, ele disputou 24 jogos e anotou oito gols, se tornando o principal artilheiro do Santos na competi\u00e7\u00e3o.<\/p>\n\n\n\n<p>Em 2024, Vin\u00edcius Fabri subiu para o time sub-17, comandado por Elder Campos. Ele j\u00e1 disputou 24 partidas e marcou tr\u00eas gols nas competi\u00e7\u00f5es do Campeonato Brasileiro e do Campeonato Paulista da categoria.<\/p>\n\n\n\n<p>O Santos segue firme nas duas competi\u00e7\u00f5es: no Brasileir\u00e3o, a equipe est\u00e1 nas quartas de final contra o Cruzeiro, e no estadual, lidera o grupo 23, com a classifica\u00e7\u00e3o para a pr\u00f3xima fase bem encaminhada.<\/p>\n","protected":false},"excerpt":{"rendered":"<p>Vin\u00edcius Fabri assina primeiro contrato profissional com o Santos e mira o futuro no time principal O meia Vin\u00edcius Fabri, uma das promessas das categorias de base do Santos, assinou seu primeiro contrato profissional com o clube. Aos 16 anos, o jogador firmou um v\u00ednculo v\u00e1lido at\u00e9 julho de 2027, com uma multa rescis\u00f3ria estipulada [&hellip;]<\/p>\n","protected":false},"author":20,"featured_media":165619,"comment_status":"open","ping_status":"closed","sticky":false,"template":"","format":"standard","meta":{"footnotes":""},"categories":[139],"tags":[],"class_list":["post-165544","post","type-post","status-publish","format-standard","has-post-thumbnail","hentry","category-santos"],"yoast_head":"<!-- This site is optimized with the Yoast SEO Premium plugin v24.2 (Yoast SEO v26.9) - https:\/\/yoast.com\/product\/yoast-seo-premium-wordpress\/ -->\n<title>Meia assina com o Santos at\u00e9 2027<\/title>\n<meta name=\"robots\" content=\"index, follow, max-snippet:-1, max-image-preview:large, max-video-preview:-1\" \/>\n<link rel=\"canonical\" href=\"https:\/\/www.gaveanews.com\/index.php\/2024\/09\/11\/meia-assina-com-o-santos-ate-2027\/\" \/>\n<meta property=\"og:locale\" content=\"pt_BR\" \/>\n<meta property=\"og:type\" content=\"article\" \/>\n<meta property=\"og:title\" content=\"Meia assina com o Santos at\u00e9 2027\" \/>\n<meta property=\"og:description\" content=\"Vin\u00edcius Fabri assina primeiro contrato profissional com o Santos e mira o futuro no time principal O meia Vin\u00edcius Fabri, uma das promessas das categorias de base do Santos, assinou seu primeiro contrato profissional com o clube. Aos 16 anos, o jogador firmou um v\u00ednculo v\u00e1lido at\u00e9 julho de 2027, com uma multa rescis\u00f3ria estipulada [&hellip;]\" \/>\n<meta property=\"og:url\" content=\"https:\/\/www.gaveanews.com\/index.php\/2024\/09\/11\/meia-assina-com-o-santos-ate-2027\/\" \/>\n<meta property=\"og:site_name\" content=\"G\u00e1vea News\" \/>\n<meta property=\"article:publisher\" content=\"https:\/\/facebook.com\/gaveaNews\/\" \/>\n<meta property=\"article:published_time\" content=\"2024-09-11T16:45:00+00:00\" \/>\n<meta property=\"og:image\" content=\"https:\/\/www.gaveanews.com\/wp-content\/uploads\/Escudo-do-Santos-2.webp\" \/>\n\t<meta property=\"og:image:width\" content=\"1424\" \/>\n\t<meta property=\"og:image:height\" content=\"949\" \/>\n\t<meta property=\"og:image:type\" content=\"image\/webp\" \/>\n<meta name=\"author\" content=\"Lucas Barros\" \/>\n<meta name=\"twitter:card\" content=\"summary_large_image\" \/>\n<meta name=\"twitter:label1\" content=\"Escrito por\" \/>\n\t<meta name=\"twitter:data1\" content=\"Lucas Barros\" \/>\n\t<meta name=\"twitter:label2\" content=\"Est. tempo de leitura\" \/>\n\t<meta name=\"twitter:data2\" content=\"2 minutos\" \/>\n<script type=\"application\/ld+json\" class=\"yoast-schema-graph\">{\"@context\":\"https:\/\/schema.org\",\"@graph\":[{\"@type\":\"NewsArticle\",\"@id\":\"https:\/\/www.gaveanews.com\/index.php\/2024\/09\/11\/meia-assina-com-o-santos-ate-2027\/#article\",\"isPartOf\":{\"@id\":\"https:\/\/www.gaveanews.com\/index.php\/2024\/09\/11\/meia-assina-com-o-santos-ate-2027\/\"},\"author\":{\"name\":\"Lucas Barros\",\"@id\":\"https:\/\/www.gaveanews.com\/#\/schema\/person\/2abf0cfa878f5f899daa5f781e82264c\"},\"headline\":\"Meia assina com o Santos at\u00e9 2027\",\"datePublished\":\"2024-09-11T16:45:00+00:00\",\"mainEntityOfPage\":{\"@id\":\"https:\/\/www.gaveanews.com\/index.php\/2024\/09\/11\/meia-assina-com-o-santos-ate-2027\/\"},\"wordCount\":352,\"commentCount\":0,\"image\":{\"@id\":\"https:\/\/www.gaveanews.com\/index.php\/2024\/09\/11\/meia-assina-com-o-santos-ate-2027\/#primaryimage\"},\"thumbnailUrl\":\"https:\/\/www.gaveanews.com\/wp-content\/uploads\/Escudo-do-Santos-2.webp\",\"articleSection\":[\"Santos\"],\"inLanguage\":\"pt-BR\",\"potentialAction\":[{\"@type\":\"CommentAction\",\"name\":\"Comment\",\"target\":[\"https:\/\/www.gaveanews.com\/index.php\/2024\/09\/11\/meia-assina-com-o-santos-ate-2027\/#respond\"]}],\"copyrightYear\":\"2024\",\"copyrightHolder\":{\"@id\":\"https:\/\/www.gaveanews.com\/#organization\"}},{\"@type\":\"WebPage\",\"@id\":\"https:\/\/www.gaveanews.com\/index.php\/2024\/09\/11\/meia-assina-com-o-santos-ate-2027\/\",\"url\":\"https:\/\/www.gaveanews.com\/index.php\/2024\/09\/11\/meia-assina-com-o-santos-ate-2027\/\",\"name\":\"Meia assina com o Santos at\u00e9 2027\",\"isPartOf\":{\"@id\":\"https:\/\/www.gaveanews.com\/#website\"},\"primaryImageOfPage\":{\"@id\":\"https:\/\/www.gaveanews.com\/index.php\/2024\/09\/11\/meia-assina-com-o-santos-ate-2027\/#primaryimage\"},\"image\":{\"@id\":\"https:\/\/www.gaveanews.com\/index.php\/2024\/09\/11\/meia-assina-com-o-santos-ate-2027\/#primaryimage\"},\"thumbnailUrl\":\"https:\/\/www.gaveanews.com\/wp-content\/uploads\/Escudo-do-Santos-2.webp\",\"datePublished\":\"2024-09-11T16:45:00+00:00\",\"author\":{\"@id\":\"https:\/\/www.gaveanews.com\/#\/schema\/person\/2abf0cfa878f5f899daa5f781e82264c\"},\"breadcrumb\":{\"@id\":\"https:\/\/www.gaveanews.com\/index.php\/2024\/09\/11\/meia-assina-com-o-santos-ate-2027\/#breadcrumb\"},\"inLanguage\":\"pt-BR\",\"potentialAction\":[{\"@type\":\"ReadAction\",\"target\":[\"https:\/\/www.gaveanews.com\/index.php\/2024\/09\/11\/meia-assina-com-o-santos-ate-2027\/\"]}]},{\"@type\":\"ImageObject\",\"inLanguage\":\"pt-BR\",\"@id\":\"https:\/\/www.gaveanews.com\/index.php\/2024\/09\/11\/meia-assina-com-o-santos-ate-2027\/#primaryimage\",\"url\":\"https:\/\/www.gaveanews.com\/wp-content\/uploads\/Escudo-do-Santos-2.webp\",\"contentUrl\":\"https:\/\/www.gaveanews.com\/wp-content\/uploads\/Escudo-do-Santos-2.webp\",\"width\":1424,\"height\":949,\"caption\":\"Escudo do Santos (Foto: Raul Baretta\/Santos FC)\"},{\"@type\":\"BreadcrumbList\",\"@id\":\"https:\/\/www.gaveanews.com\/index.php\/2024\/09\/11\/meia-assina-com-o-santos-ate-2027\/#breadcrumb\",\"itemListElement\":[{\"@type\":\"ListItem\",\"position\":1,\"name\":\"Home\",\"item\":\"https:\/\/www.gaveanews.com\/\"},{\"@type\":\"ListItem\",\"position\":2,\"name\":\"Meia assina com o Santos at\u00e9 2027\"}]},{\"@type\":\"WebSite\",\"@id\":\"https:\/\/www.gaveanews.com\/#website\",\"url\":\"https:\/\/www.gaveanews.com\/\",\"name\":\"G\u00e1vea News\",\"description\":\"Veja todas as not\u00edcias sobre o Flamengo: Contrata\u00e7\u00f5es, categorias de base, resultados das partidas, tabela de classifica\u00e7\u00e3o, pr\u00f3ximos jogos!\",\"potentialAction\":[{\"@type\":\"SearchAction\",\"target\":{\"@type\":\"EntryPoint\",\"urlTemplate\":\"https:\/\/www.gaveanews.com\/?s={search_term_string}\"},\"query-input\":{\"@type\":\"PropertyValueSpecification\",\"valueRequired\":true,\"valueName\":\"search_term_string\"}}],\"inLanguage\":\"pt-BR\"},{\"@type\":\"Person\",\"@id\":\"https:\/\/www.gaveanews.com\/#\/schema\/person\/2abf0cfa878f5f899daa5f781e82264c\",\"name\":\"Lucas Barros\",\"image\":{\"@type\":\"ImageObject\",\"inLanguage\":\"pt-BR\",\"@id\":\"https:\/\/www.gaveanews.com\/#\/schema\/person\/image\/\",\"url\":\"https:\/\/secure.gravatar.com\/avatar\/67a6069eba66bf6fd7c80b70e1331baa3dbc3d6df5012d5c22eff29c7d59e0b0?s=96&d=mm&r=g\",\"contentUrl\":\"https:\/\/secure.gravatar.com\/avatar\/67a6069eba66bf6fd7c80b70e1331baa3dbc3d6df5012d5c22eff29c7d59e0b0?s=96&d=mm&r=g\",\"caption\":\"Lucas Barros\"}}]}<\/script>\n<!-- \/ Yoast SEO Premium plugin. -->","yoast_head_json":{"title":"Meia assina com o Santos at\u00e9 2027","robots":{"index":"index","follow":"follow","max-snippet":"max-snippet:-1","max-image-preview":"max-image-preview:large","max-video-preview":"max-video-preview:-1"},"canonical":"https:\/\/www.gaveanews.com\/index.php\/2024\/09\/11\/meia-assina-com-o-santos-ate-2027\/","og_locale":"pt_BR","og_type":"article","og_title":"Meia assina com o Santos at\u00e9 2027","og_description":"Vin\u00edcius Fabri assina primeiro contrato profissional com o Santos e mira o futuro no time principal O meia Vin\u00edcius Fabri, uma das promessas das categorias de base do Santos, assinou seu primeiro contrato profissional com o clube. Aos 16 anos, o jogador firmou um v\u00ednculo v\u00e1lido at\u00e9 julho de 2027, com uma multa rescis\u00f3ria estipulada [&hellip;]","og_url":"https:\/\/www.gaveanews.com\/index.php\/2024\/09\/11\/meia-assina-com-o-santos-ate-2027\/","og_site_name":"G\u00e1vea News","article_publisher":"https:\/\/facebook.com\/gaveaNews\/","article_published_time":"2024-09-11T16:45:00+00:00","og_image":[{"width":1424,"height":949,"url":"https:\/\/www.gaveanews.com\/wp-content\/uploads\/Escudo-do-Santos-2.webp","type":"image\/webp"}],"author":"Lucas Barros","twitter_card":"summary_large_image","twitter_misc":{"Escrito por":"Lucas Barros","Est. tempo de leitura":"2 minutos"},"schema":{"@context":"https:\/\/schema.org","@graph":[{"@type":"NewsArticle","@id":"https:\/\/www.gaveanews.com\/index.php\/2024\/09\/11\/meia-assina-com-o-santos-ate-2027\/#article","isPartOf":{"@id":"https:\/\/www.gaveanews.com\/index.php\/2024\/09\/11\/meia-assina-com-o-santos-ate-2027\/"},"author":{"name":"Lucas Barros","@id":"https:\/\/www.gaveanews.com\/#\/schema\/person\/2abf0cfa878f5f899daa5f781e82264c"},"headline":"Meia assina com o Santos at\u00e9 2027","datePublished":"2024-09-11T16:45:00+00:00","mainEntityOfPage":{"@id":"https:\/\/www.gaveanews.com\/index.php\/2024\/09\/11\/meia-assina-com-o-santos-ate-2027\/"},"wordCount":352,"commentCount":0,"image":{"@id":"https:\/\/www.gaveanews.com\/index.php\/2024\/09\/11\/meia-assina-com-o-santos-ate-2027\/#primaryimage"},"thumbnailUrl":"https:\/\/www.gaveanews.com\/wp-content\/uploads\/Escudo-do-Santos-2.webp","articleSection":["Santos"],"inLanguage":"pt-BR","potentialAction":[{"@type":"CommentAction","name":"Comment","target":["https:\/\/www.gaveanews.com\/index.php\/2024\/09\/11\/meia-assina-com-o-santos-ate-2027\/#respond"]}],"copyrightYear":"2024","copyrightHolder":{"@id":"https:\/\/www.gaveanews.com\/#organization"}},{"@type":"WebPage","@id":"https:\/\/www.gaveanews.com\/index.php\/2024\/09\/11\/meia-assina-com-o-santos-ate-2027\/","url":"https:\/\/www.gaveanews.com\/index.php\/2024\/09\/11\/meia-assina-com-o-santos-ate-2027\/","name":"Meia assina com o Santos at\u00e9 2027","isPartOf":{"@id":"https:\/\/www.gaveanews.com\/#website"},"primaryImageOfPage":{"@id":"https:\/\/www.gaveanews.com\/index.php\/2024\/09\/11\/meia-assina-com-o-santos-ate-2027\/#primaryimage"},"image":{"@id":"https:\/\/www.gaveanews.com\/index.php\/2024\/09\/11\/meia-assina-com-o-santos-ate-2027\/#primaryimage"},"thumbnailUrl":"https:\/\/www.gaveanews.com\/wp-content\/uploads\/Escudo-do-Santos-2.webp","datePublished":"2024-09-11T16:45:00+00:00","author":{"@id":"https:\/\/www.gaveanews.com\/#\/schema\/person\/2abf0cfa878f5f899daa5f781e82264c"},"breadcrumb":{"@id":"https:\/\/www.gaveanews.com\/index.php\/2024\/09\/11\/meia-assina-com-o-santos-ate-2027\/#breadcrumb"},"inLanguage":"pt-BR","potentialAction":[{"@type":"ReadAction","target":["https:\/\/www.gaveanews.com\/index.php\/2024\/09\/11\/meia-assina-com-o-santos-ate-2027\/"]}]},{"@type":"ImageObject","inLanguage":"pt-BR","@id":"https:\/\/www.gaveanews.com\/index.php\/2024\/09\/11\/meia-assina-com-o-santos-ate-2027\/#primaryimage","url":"https:\/\/www.gaveanews.com\/wp-content\/uploads\/Escudo-do-Santos-2.webp","contentUrl":"https:\/\/www.gaveanews.com\/wp-content\/uploads\/Escudo-do-Santos-2.webp","width":1424,"height":949,"caption":"Escudo do Santos (Foto: Raul Baretta\/Santos FC)"},{"@type":"BreadcrumbList","@id":"https:\/\/www.gaveanews.com\/index.php\/2024\/09\/11\/meia-assina-com-o-santos-ate-2027\/#breadcrumb","itemListElement":[{"@type":"ListItem","position":1,"name":"Home","item":"https:\/\/www.gaveanews.com\/"},{"@type":"ListItem","position":2,"name":"Meia assina com o Santos at\u00e9 2027"}]},{"@type":"WebSite","@id":"https:\/\/www.gaveanews.com\/#website","url":"https:\/\/www.gaveanews.com\/","name":"G\u00e1vea News","description":"Veja todas as not\u00edcias sobre o Flamengo: Contrata\u00e7\u00f5es, categorias de base, resultados das partidas, tabela de classifica\u00e7\u00e3o, pr\u00f3ximos jogos!","potentialAction":[{"@type":"SearchAction","target":{"@type":"EntryPoint","urlTemplate":"https:\/\/www.gaveanews.com\/?s={search_term_string}"},"query-input":{"@type":"PropertyValueSpecification","valueRequired":true,"valueName":"search_term_string"}}],"inLanguage":"pt-BR"},{"@type":"Person","@id":"https:\/\/www.gaveanews.com\/#\/schema\/person\/2abf0cfa878f5f899daa5f781e82264c","name":"Lucas Barros","image":{"@type":"ImageObject","inLanguage":"pt-BR","@id":"https:\/\/www.gaveanews.com\/#\/schema\/person\/image\/","url":"https:\/\/secure.gravatar.com\/avatar\/67a6069eba66bf6fd7c80b70e1331baa3dbc3d6df5012d5c22eff29c7d59e0b0?s=96&d=mm&r=g","contentUrl":"https:\/\/secure.gravatar.com\/avatar\/67a6069eba66bf6fd7c80b70e1331baa3dbc3d6df5012d5c22eff29c7d59e0b0?s=96&d=mm&r=g","caption":"Lucas Barros"}}]}},"_links":{"self":[{"href":"https:\/\/www.gaveanews.com\/index.php\/wp-json\/wp\/v2\/posts\/165544","targetHints":{"allow":["GET"]}}],"collection":[{"href":"https:\/\/www.gaveanews.com\/index.php\/wp-json\/wp\/v2\/posts"}],"about":[{"href":"https:\/\/www.gaveanews.com\/index.php\/wp-json\/wp\/v2\/types\/post"}],"author":[{"embeddable":true,"href":"https:\/\/www.gaveanews.com\/index.php\/wp-json\/wp\/v2\/users\/20"}],"replies":[{"embeddable":true,"href":"https:\/\/www.gaveanews.com\/index.php\/wp-json\/wp\/v2\/comments?post=165544"}],"version-history":[{"count":2,"href":"https:\/\/www.gaveanews.com\/index.php\/wp-json\/wp\/v2\/posts\/165544\/revisions"}],"predecessor-version":[{"id":165620,"href":"https:\/\/www.gaveanews.com\/index.php\/wp-json\/wp\/v2\/posts\/165544\/revisions\/165620"}],"wp:featuredmedia":[{"embeddable":true,"href":"https:\/\/www.gaveanews.com\/index.php\/wp-json\/wp\/v2\/media\/165619"}],"wp:attachment":[{"href":"https:\/\/www.gaveanews.com\/index.php\/wp-json\/wp\/v2\/media?parent=165544"}],"wp:term":[{"taxonomy":"category","embeddable":true,"href":"https:\/\/www.gaveanews.com\/index.php\/wp-json\/wp\/v2\/categories?post=165544"},{"taxonomy":"post_tag","embeddable":true,"href":"https:\/\/www.gaveanews.com\/index.php\/wp-json\/wp\/v2\/tags?post=165544"}],"curies":[{"name":"wp","href":"https:\/\/api.w.org\/{rel}","templated":true}]}}