{"id":165646,"date":"2024-09-11T17:30:00","date_gmt":"2024-09-11T20:30:00","guid":{"rendered":"https:\/\/www.gaveanews.com\/?p=165646"},"modified":"2024-09-11T15:32:29","modified_gmt":"2024-09-11T18:32:29","slug":"a-declaracao-de-fernando-seabra-direcionada-a-diretoria-do-cruzeiro","status":"publish","type":"post","link":"https:\/\/www.gaveanews.com\/index.php\/2024\/09\/11\/a-declaracao-de-fernando-seabra-direcionada-a-diretoria-do-cruzeiro\/","title":{"rendered":"A declara\u00e7\u00e3o de Fernando Seabra direcionada a diretoria do Cruzeiro"},"content":{"rendered":"\n<p>O t\u00e9cnico Fernando Seabra, de 47 anos, vive um momento de afirma\u00e7\u00e3o \u00e0 frente do Cruzeiro. Jovem no cen\u00e1rio de treinadores do futebol brasileiro, ele encara seu maior desafio na carreira, convivendo com uma montanha-russa de cr\u00edticas e elogios. Seabra comanda o Cruzeiro, que ocupa a quinta posi\u00e7\u00e3o no Campeonato Brasileiro e est\u00e1 nas quartas de final da Copa Sul-Americana, ap\u00f3s eliminar o Boca Juniors-ARG.<\/p>\n\n\n\n<ul class=\"wp-block-list\">\n<li><strong><a href=\"https:\/\/www.gaveanews.com\/index.php\/2024\/09\/11\/ele-nao-participou-dos-ultimos-treinos-do-cruzeiro-e-seabra-esta-preocupado\/?utm_source=terra_capa_parceiros&amp;utm_medium=referral\">Ele n\u00e3o participou dos \u00faltimos treinos do Cruzeiro e Seabra est\u00e1 preocupado<\/a><\/strong><\/li>\n\n\n\n<li><strong><a href=\"https:\/\/www.gaveanews.com\/index.php\/2024\/09\/10\/ex-cruzeiro-revela-rusga-com-colegas-de-time-por-drible\/?utm_source=terra_capa_parceiros&amp;utm_medium=referral\">Ex-Cruzeiro revela \u2018rusga\u2019 com colegas de time por drible<\/a><\/strong><\/li>\n<\/ul>\n\n\n\n<p>Em entrevista ao Charla Podcast, Seabra destacou a import\u00e2ncia do momento vivido no clube mineiro e revelou carregar um sentimento de \u201cd\u00edvida eterna\u201d com o Cruzeiro.<\/p>\n\n\n\n<p>\u201cTenho eterna sensa\u00e7\u00e3o de d\u00edvida com o Cruzeiro e sinto que tenho que pagar\u201d, afirmou o treinador, que foi eleito recentemente como um dos melhores do pa\u00eds.<\/p>\n\n\n\n<p>Substituto do argentino Nicol\u00e1s Larcam\u00f3n, Seabra acumula 33 jogos no comando do Cruzeiro, com 16 vit\u00f3rias, oito empates e nove derrotas. Sob seu comando, o time celeste somou 41 pontos at\u00e9 aqui no Brasileir\u00e3o e enfrentar\u00e1 o Libertad-PAR nas quartas de final da Sul-Americana. O treinador, que j\u00e1 teve passagem pelo sub-20 do clube, destacou sua gratid\u00e3o ao Cruzeiro:<\/p>\n\n\n\n<p>\u201cTenho uma gratid\u00e3o imensa pelo Cruzeiro. Participei daquele ano que foi S\u00e9rie B, ajudando a equipe a voltar para a S\u00e9rie A.\u201d<\/p>\n\n\n\n<p>Fernando Seabra tamb\u00e9m relembrou uma reuni\u00e3o marcante que teve com a antiga dire\u00e7\u00e3o do clube, em 2022, quando assumiu o time sub-20. Durante o encontro, o ent\u00e3o diretor de futebol, Pedro Martins, fez uma coloca\u00e7\u00e3o que impactou profundamente o treinador:<\/p>\n\n\n\n<p>\u201cO Pedro Martins falou assim: \u2018Eu vou fazer do Cruzeiro o projeto da minha vida. Espero que voc\u00eas fa\u00e7am o da vida de voc\u00eas\u2019.\u201d<\/p>\n\n\n\n<p>Em agosto deste ano, Seabra enfrentou um dos momentos mais complicados de sua trajet\u00f3ria no Cruzeiro. Em sete partidas disputadas, o time venceu apenas uma, perdeu tr\u00eas e empatou tr\u00eas. Esse per\u00edodo de resultados irregulares trouxe cr\u00edticas intensas e pedidos de sa\u00edda por parte da torcida. Contudo, o CEO do Cruzeiro, Alexandre Mattos, garantiu a confian\u00e7a no trabalho do treinador.<\/p>\n\n\n\n<p>\u201cEstamos satisfeitos no dia a dia com o que vemos. Tem um potencial enorme e est\u00e1 crescendo. Entendo que \u00e0s vezes a torcida fica insatisfeita, mas temos que dar tranquilidade para ele continuar o trabalho\u201d, afirmou Mattos.<\/p>\n\n\n\n<p>No in\u00edcio da temporada, Seabra havia encerrado 2023 como t\u00e9cnico interino do Cruzeiro e decidiu retornar a S\u00e3o Paulo para comandar o time B do Bragantino. Ap\u00f3s a demiss\u00e3o de Larcam\u00f3n em maio deste ano, o treinador foi chamado de volta pela diretoria cruzeirense para assumir o time principal.<\/p>\n\n\n\n<p> \u201cVolto para ser o t\u00e9cnico, estar \u00e0 frente do trabalho de forma mais ampla. O Cruzeiro me ofereceu muito e tenho eterna sensa\u00e7\u00e3o de d\u00edvida. Tento retribuir da melhor forma poss\u00edvel\u201d, concluiu Seabra.<\/p>\n","protected":false},"excerpt":{"rendered":"<p>O t\u00e9cnico Fernando Seabra, de 47 anos, vive um momento de afirma\u00e7\u00e3o \u00e0 frente do Cruzeiro. Jovem no cen\u00e1rio de treinadores do futebol brasileiro, ele encara seu maior desafio na carreira, convivendo com uma montanha-russa de cr\u00edticas e elogios. Seabra comanda o Cruzeiro, que ocupa a quinta posi\u00e7\u00e3o no Campeonato Brasileiro e est\u00e1 nas quartas [&hellip;]<\/p>\n","protected":false},"author":23,"featured_media":149930,"comment_status":"open","ping_status":"closed","sticky":false,"template":"","format":"standard","meta":{"footnotes":""},"categories":[143],"tags":[],"class_list":["post-165646","post","type-post","status-publish","format-standard","has-post-thumbnail","hentry","category-cruzeiro"],"yoast_head":"<!-- This site is optimized with the Yoast SEO Premium plugin v24.2 (Yoast SEO v26.9) - https:\/\/yoast.com\/product\/yoast-seo-premium-wordpress\/ -->\n<title>A declara\u00e7\u00e3o de Fernando Seabra direcionada a diretoria do Cruzeiro<\/title>\n<meta name=\"robots\" content=\"index, follow, max-snippet:-1, max-image-preview:large, max-video-preview:-1\" \/>\n<link rel=\"canonical\" href=\"https:\/\/www.gaveanews.com\/index.php\/2024\/09\/11\/a-declaracao-de-fernando-seabra-direcionada-a-diretoria-do-cruzeiro\/\" \/>\n<meta property=\"og:locale\" content=\"pt_BR\" \/>\n<meta property=\"og:type\" content=\"article\" \/>\n<meta property=\"og:title\" content=\"A declara\u00e7\u00e3o de Fernando Seabra direcionada a diretoria do Cruzeiro\" \/>\n<meta property=\"og:description\" content=\"O t\u00e9cnico Fernando Seabra, de 47 anos, vive um momento de afirma\u00e7\u00e3o \u00e0 frente do Cruzeiro. Jovem no cen\u00e1rio de treinadores do futebol brasileiro, ele encara seu maior desafio na carreira, convivendo com uma montanha-russa de cr\u00edticas e elogios. Seabra comanda o Cruzeiro, que ocupa a quinta posi\u00e7\u00e3o no Campeonato Brasileiro e est\u00e1 nas quartas [&hellip;]\" \/>\n<meta property=\"og:url\" content=\"https:\/\/www.gaveanews.com\/index.php\/2024\/09\/11\/a-declaracao-de-fernando-seabra-direcionada-a-diretoria-do-cruzeiro\/\" \/>\n<meta property=\"og:site_name\" content=\"G\u00e1vea News\" \/>\n<meta property=\"article:publisher\" content=\"https:\/\/facebook.com\/gaveaNews\/\" \/>\n<meta property=\"article:published_time\" content=\"2024-09-11T20:30:00+00:00\" \/>\n<meta property=\"og:image\" content=\"https:\/\/www.gaveanews.com\/wp-content\/uploads\/Fernando-Seabra-durante-jogo-do-Cruzeiro-no-Mineirao.webp\" \/>\n\t<meta property=\"og:image:width\" content=\"1440\" \/>\n\t<meta property=\"og:image:height\" content=\"810\" \/>\n\t<meta property=\"og:image:type\" content=\"image\/jpeg\" \/>\n<meta name=\"author\" content=\"Leandro Azevedo\" \/>\n<meta name=\"twitter:card\" content=\"summary_large_image\" \/>\n<meta name=\"twitter:label1\" content=\"Escrito por\" \/>\n\t<meta name=\"twitter:data1\" content=\"Leandro Azevedo\" \/>\n\t<meta name=\"twitter:label2\" content=\"Est. tempo de leitura\" \/>\n\t<meta name=\"twitter:data2\" content=\"3 minutos\" \/>\n<script type=\"application\/ld+json\" class=\"yoast-schema-graph\">{\"@context\":\"https:\/\/schema.org\",\"@graph\":[{\"@type\":\"NewsArticle\",\"@id\":\"https:\/\/www.gaveanews.com\/index.php\/2024\/09\/11\/a-declaracao-de-fernando-seabra-direcionada-a-diretoria-do-cruzeiro\/#article\",\"isPartOf\":{\"@id\":\"https:\/\/www.gaveanews.com\/index.php\/2024\/09\/11\/a-declaracao-de-fernando-seabra-direcionada-a-diretoria-do-cruzeiro\/\"},\"author\":{\"name\":\"Leandro Azevedo\",\"@id\":\"https:\/\/www.gaveanews.com\/#\/schema\/person\/2877169f354c4596cf5aab74ea7c56a8\"},\"headline\":\"A declara\u00e7\u00e3o de Fernando Seabra direcionada a diretoria do Cruzeiro\",\"datePublished\":\"2024-09-11T20:30:00+00:00\",\"mainEntityOfPage\":{\"@id\":\"https:\/\/www.gaveanews.com\/index.php\/2024\/09\/11\/a-declaracao-de-fernando-seabra-direcionada-a-diretoria-do-cruzeiro\/\"},\"wordCount\":511,\"commentCount\":0,\"image\":{\"@id\":\"https:\/\/www.gaveanews.com\/index.php\/2024\/09\/11\/a-declaracao-de-fernando-seabra-direcionada-a-diretoria-do-cruzeiro\/#primaryimage\"},\"thumbnailUrl\":\"https:\/\/www.gaveanews.com\/wp-content\/uploads\/Fernando-Seabra-durante-jogo-do-Cruzeiro-no-Mineirao.webp\",\"articleSection\":[\"Cruzeiro\"],\"inLanguage\":\"pt-BR\",\"potentialAction\":[{\"@type\":\"CommentAction\",\"name\":\"Comment\",\"target\":[\"https:\/\/www.gaveanews.com\/index.php\/2024\/09\/11\/a-declaracao-de-fernando-seabra-direcionada-a-diretoria-do-cruzeiro\/#respond\"]}],\"copyrightYear\":\"2024\",\"copyrightHolder\":{\"@id\":\"https:\/\/www.gaveanews.com\/#organization\"}},{\"@type\":\"WebPage\",\"@id\":\"https:\/\/www.gaveanews.com\/index.php\/2024\/09\/11\/a-declaracao-de-fernando-seabra-direcionada-a-diretoria-do-cruzeiro\/\",\"url\":\"https:\/\/www.gaveanews.com\/index.php\/2024\/09\/11\/a-declaracao-de-fernando-seabra-direcionada-a-diretoria-do-cruzeiro\/\",\"name\":\"A declara\u00e7\u00e3o de Fernando Seabra direcionada a diretoria do Cruzeiro\",\"isPartOf\":{\"@id\":\"https:\/\/www.gaveanews.com\/#website\"},\"primaryImageOfPage\":{\"@id\":\"https:\/\/www.gaveanews.com\/index.php\/2024\/09\/11\/a-declaracao-de-fernando-seabra-direcionada-a-diretoria-do-cruzeiro\/#primaryimage\"},\"image\":{\"@id\":\"https:\/\/www.gaveanews.com\/index.php\/2024\/09\/11\/a-declaracao-de-fernando-seabra-direcionada-a-diretoria-do-cruzeiro\/#primaryimage\"},\"thumbnailUrl\":\"https:\/\/www.gaveanews.com\/wp-content\/uploads\/Fernando-Seabra-durante-jogo-do-Cruzeiro-no-Mineirao.webp\",\"datePublished\":\"2024-09-11T20:30:00+00:00\",\"author\":{\"@id\":\"https:\/\/www.gaveanews.com\/#\/schema\/person\/2877169f354c4596cf5aab74ea7c56a8\"},\"breadcrumb\":{\"@id\":\"https:\/\/www.gaveanews.com\/index.php\/2024\/09\/11\/a-declaracao-de-fernando-seabra-direcionada-a-diretoria-do-cruzeiro\/#breadcrumb\"},\"inLanguage\":\"pt-BR\",\"potentialAction\":[{\"@type\":\"ReadAction\",\"target\":[\"https:\/\/www.gaveanews.com\/index.php\/2024\/09\/11\/a-declaracao-de-fernando-seabra-direcionada-a-diretoria-do-cruzeiro\/\"]}]},{\"@type\":\"ImageObject\",\"inLanguage\":\"pt-BR\",\"@id\":\"https:\/\/www.gaveanews.com\/index.php\/2024\/09\/11\/a-declaracao-de-fernando-seabra-direcionada-a-diretoria-do-cruzeiro\/#primaryimage\",\"url\":\"https:\/\/www.gaveanews.com\/wp-content\/uploads\/Fernando-Seabra-durante-jogo-do-Cruzeiro-no-Mineirao.webp\",\"contentUrl\":\"https:\/\/www.gaveanews.com\/wp-content\/uploads\/Fernando-Seabra-durante-jogo-do-Cruzeiro-no-Mineirao.webp\",\"width\":1440,\"height\":810,\"caption\":\"Fernando Seabra durante jogo do Cruzeiro no Mineir\u00e3o (Foto: Reprodu\u00e7\u00e3o\/Cruzeiro)\"},{\"@type\":\"BreadcrumbList\",\"@id\":\"https:\/\/www.gaveanews.com\/index.php\/2024\/09\/11\/a-declaracao-de-fernando-seabra-direcionada-a-diretoria-do-cruzeiro\/#breadcrumb\",\"itemListElement\":[{\"@type\":\"ListItem\",\"position\":1,\"name\":\"Home\",\"item\":\"https:\/\/www.gaveanews.com\/\"},{\"@type\":\"ListItem\",\"position\":2,\"name\":\"A declara\u00e7\u00e3o de Fernando Seabra direcionada a diretoria do Cruzeiro\"}]},{\"@type\":\"WebSite\",\"@id\":\"https:\/\/www.gaveanews.com\/#website\",\"url\":\"https:\/\/www.gaveanews.com\/\",\"name\":\"G\u00e1vea News\",\"description\":\"Veja todas as not\u00edcias sobre o Flamengo: Contrata\u00e7\u00f5es, categorias de base, resultados das partidas, tabela de classifica\u00e7\u00e3o, pr\u00f3ximos jogos!\",\"potentialAction\":[{\"@type\":\"SearchAction\",\"target\":{\"@type\":\"EntryPoint\",\"urlTemplate\":\"https:\/\/www.gaveanews.com\/?s={search_term_string}\"},\"query-input\":{\"@type\":\"PropertyValueSpecification\",\"valueRequired\":true,\"valueName\":\"search_term_string\"}}],\"inLanguage\":\"pt-BR\"},{\"@type\":\"Person\",\"@id\":\"https:\/\/www.gaveanews.com\/#\/schema\/person\/2877169f354c4596cf5aab74ea7c56a8\",\"name\":\"Leandro Azevedo\",\"image\":{\"@type\":\"ImageObject\",\"inLanguage\":\"pt-BR\",\"@id\":\"https:\/\/www.gaveanews.com\/#\/schema\/person\/image\/\",\"url\":\"https:\/\/secure.gravatar.com\/avatar\/e2f72eb6d986a41d592a85e4e36a6c6170e9ea8a1f433dfc29d0011a8968f89c?s=96&d=mm&r=g\",\"contentUrl\":\"https:\/\/secure.gravatar.com\/avatar\/e2f72eb6d986a41d592a85e4e36a6c6170e9ea8a1f433dfc29d0011a8968f89c?s=96&d=mm&r=g\",\"caption\":\"Leandro Azevedo\"}}]}<\/script>\n<!-- \/ Yoast SEO Premium plugin. -->","yoast_head_json":{"title":"A declara\u00e7\u00e3o de Fernando Seabra direcionada a diretoria do Cruzeiro","robots":{"index":"index","follow":"follow","max-snippet":"max-snippet:-1","max-image-preview":"max-image-preview:large","max-video-preview":"max-video-preview:-1"},"canonical":"https:\/\/www.gaveanews.com\/index.php\/2024\/09\/11\/a-declaracao-de-fernando-seabra-direcionada-a-diretoria-do-cruzeiro\/","og_locale":"pt_BR","og_type":"article","og_title":"A declara\u00e7\u00e3o de Fernando Seabra direcionada a diretoria do Cruzeiro","og_description":"O t\u00e9cnico Fernando Seabra, de 47 anos, vive um momento de afirma\u00e7\u00e3o \u00e0 frente do Cruzeiro. Jovem no cen\u00e1rio de treinadores do futebol brasileiro, ele encara seu maior desafio na carreira, convivendo com uma montanha-russa de cr\u00edticas e elogios. Seabra comanda o Cruzeiro, que ocupa a quinta posi\u00e7\u00e3o no Campeonato Brasileiro e est\u00e1 nas quartas [&hellip;]","og_url":"https:\/\/www.gaveanews.com\/index.php\/2024\/09\/11\/a-declaracao-de-fernando-seabra-direcionada-a-diretoria-do-cruzeiro\/","og_site_name":"G\u00e1vea News","article_publisher":"https:\/\/facebook.com\/gaveaNews\/","article_published_time":"2024-09-11T20:30:00+00:00","og_image":[{"width":1440,"height":810,"url":"https:\/\/www.gaveanews.com\/wp-content\/uploads\/Fernando-Seabra-durante-jogo-do-Cruzeiro-no-Mineirao.webp","type":"image\/jpeg"}],"author":"Leandro Azevedo","twitter_card":"summary_large_image","twitter_misc":{"Escrito por":"Leandro Azevedo","Est. tempo de leitura":"3 minutos"},"schema":{"@context":"https:\/\/schema.org","@graph":[{"@type":"NewsArticle","@id":"https:\/\/www.gaveanews.com\/index.php\/2024\/09\/11\/a-declaracao-de-fernando-seabra-direcionada-a-diretoria-do-cruzeiro\/#article","isPartOf":{"@id":"https:\/\/www.gaveanews.com\/index.php\/2024\/09\/11\/a-declaracao-de-fernando-seabra-direcionada-a-diretoria-do-cruzeiro\/"},"author":{"name":"Leandro Azevedo","@id":"https:\/\/www.gaveanews.com\/#\/schema\/person\/2877169f354c4596cf5aab74ea7c56a8"},"headline":"A declara\u00e7\u00e3o de Fernando Seabra direcionada a diretoria do Cruzeiro","datePublished":"2024-09-11T20:30:00+00:00","mainEntityOfPage":{"@id":"https:\/\/www.gaveanews.com\/index.php\/2024\/09\/11\/a-declaracao-de-fernando-seabra-direcionada-a-diretoria-do-cruzeiro\/"},"wordCount":511,"commentCount":0,"image":{"@id":"https:\/\/www.gaveanews.com\/index.php\/2024\/09\/11\/a-declaracao-de-fernando-seabra-direcionada-a-diretoria-do-cruzeiro\/#primaryimage"},"thumbnailUrl":"https:\/\/www.gaveanews.com\/wp-content\/uploads\/Fernando-Seabra-durante-jogo-do-Cruzeiro-no-Mineirao.webp","articleSection":["Cruzeiro"],"inLanguage":"pt-BR","potentialAction":[{"@type":"CommentAction","name":"Comment","target":["https:\/\/www.gaveanews.com\/index.php\/2024\/09\/11\/a-declaracao-de-fernando-seabra-direcionada-a-diretoria-do-cruzeiro\/#respond"]}],"copyrightYear":"2024","copyrightHolder":{"@id":"https:\/\/www.gaveanews.com\/#organization"}},{"@type":"WebPage","@id":"https:\/\/www.gaveanews.com\/index.php\/2024\/09\/11\/a-declaracao-de-fernando-seabra-direcionada-a-diretoria-do-cruzeiro\/","url":"https:\/\/www.gaveanews.com\/index.php\/2024\/09\/11\/a-declaracao-de-fernando-seabra-direcionada-a-diretoria-do-cruzeiro\/","name":"A declara\u00e7\u00e3o de Fernando Seabra direcionada a diretoria do Cruzeiro","isPartOf":{"@id":"https:\/\/www.gaveanews.com\/#website"},"primaryImageOfPage":{"@id":"https:\/\/www.gaveanews.com\/index.php\/2024\/09\/11\/a-declaracao-de-fernando-seabra-direcionada-a-diretoria-do-cruzeiro\/#primaryimage"},"image":{"@id":"https:\/\/www.gaveanews.com\/index.php\/2024\/09\/11\/a-declaracao-de-fernando-seabra-direcionada-a-diretoria-do-cruzeiro\/#primaryimage"},"thumbnailUrl":"https:\/\/www.gaveanews.com\/wp-content\/uploads\/Fernando-Seabra-durante-jogo-do-Cruzeiro-no-Mineirao.webp","datePublished":"2024-09-11T20:30:00+00:00","author":{"@id":"https:\/\/www.gaveanews.com\/#\/schema\/person\/2877169f354c4596cf5aab74ea7c56a8"},"breadcrumb":{"@id":"https:\/\/www.gaveanews.com\/index.php\/2024\/09\/11\/a-declaracao-de-fernando-seabra-direcionada-a-diretoria-do-cruzeiro\/#breadcrumb"},"inLanguage":"pt-BR","potentialAction":[{"@type":"ReadAction","target":["https:\/\/www.gaveanews.com\/index.php\/2024\/09\/11\/a-declaracao-de-fernando-seabra-direcionada-a-diretoria-do-cruzeiro\/"]}]},{"@type":"ImageObject","inLanguage":"pt-BR","@id":"https:\/\/www.gaveanews.com\/index.php\/2024\/09\/11\/a-declaracao-de-fernando-seabra-direcionada-a-diretoria-do-cruzeiro\/#primaryimage","url":"https:\/\/www.gaveanews.com\/wp-content\/uploads\/Fernando-Seabra-durante-jogo-do-Cruzeiro-no-Mineirao.webp","contentUrl":"https:\/\/www.gaveanews.com\/wp-content\/uploads\/Fernando-Seabra-durante-jogo-do-Cruzeiro-no-Mineirao.webp","width":1440,"height":810,"caption":"Fernando Seabra durante jogo do Cruzeiro no Mineir\u00e3o (Foto: Reprodu\u00e7\u00e3o\/Cruzeiro)"},{"@type":"BreadcrumbList","@id":"https:\/\/www.gaveanews.com\/index.php\/2024\/09\/11\/a-declaracao-de-fernando-seabra-direcionada-a-diretoria-do-cruzeiro\/#breadcrumb","itemListElement":[{"@type":"ListItem","position":1,"name":"Home","item":"https:\/\/www.gaveanews.com\/"},{"@type":"ListItem","position":2,"name":"A declara\u00e7\u00e3o de Fernando Seabra direcionada a diretoria do Cruzeiro"}]},{"@type":"WebSite","@id":"https:\/\/www.gaveanews.com\/#website","url":"https:\/\/www.gaveanews.com\/","name":"G\u00e1vea News","description":"Veja todas as not\u00edcias sobre o Flamengo: Contrata\u00e7\u00f5es, categorias de base, resultados das partidas, tabela de classifica\u00e7\u00e3o, pr\u00f3ximos jogos!","potentialAction":[{"@type":"SearchAction","target":{"@type":"EntryPoint","urlTemplate":"https:\/\/www.gaveanews.com\/?s={search_term_string}"},"query-input":{"@type":"PropertyValueSpecification","valueRequired":true,"valueName":"search_term_string"}}],"inLanguage":"pt-BR"},{"@type":"Person","@id":"https:\/\/www.gaveanews.com\/#\/schema\/person\/2877169f354c4596cf5aab74ea7c56a8","name":"Leandro Azevedo","image":{"@type":"ImageObject","inLanguage":"pt-BR","@id":"https:\/\/www.gaveanews.com\/#\/schema\/person\/image\/","url":"https:\/\/secure.gravatar.com\/avatar\/e2f72eb6d986a41d592a85e4e36a6c6170e9ea8a1f433dfc29d0011a8968f89c?s=96&d=mm&r=g","contentUrl":"https:\/\/secure.gravatar.com\/avatar\/e2f72eb6d986a41d592a85e4e36a6c6170e9ea8a1f433dfc29d0011a8968f89c?s=96&d=mm&r=g","caption":"Leandro Azevedo"}}]}},"_links":{"self":[{"href":"https:\/\/www.gaveanews.com\/index.php\/wp-json\/wp\/v2\/posts\/165646","targetHints":{"allow":["GET"]}}],"collection":[{"href":"https:\/\/www.gaveanews.com\/index.php\/wp-json\/wp\/v2\/posts"}],"about":[{"href":"https:\/\/www.gaveanews.com\/index.php\/wp-json\/wp\/v2\/types\/post"}],"author":[{"embeddable":true,"href":"https:\/\/www.gaveanews.com\/index.php\/wp-json\/wp\/v2\/users\/23"}],"replies":[{"embeddable":true,"href":"https:\/\/www.gaveanews.com\/index.php\/wp-json\/wp\/v2\/comments?post=165646"}],"version-history":[{"count":2,"href":"https:\/\/www.gaveanews.com\/index.php\/wp-json\/wp\/v2\/posts\/165646\/revisions"}],"predecessor-version":[{"id":165693,"href":"https:\/\/www.gaveanews.com\/index.php\/wp-json\/wp\/v2\/posts\/165646\/revisions\/165693"}],"wp:featuredmedia":[{"embeddable":true,"href":"https:\/\/www.gaveanews.com\/index.php\/wp-json\/wp\/v2\/media\/149930"}],"wp:attachment":[{"href":"https:\/\/www.gaveanews.com\/index.php\/wp-json\/wp\/v2\/media?parent=165646"}],"wp:term":[{"taxonomy":"category","embeddable":true,"href":"https:\/\/www.gaveanews.com\/index.php\/wp-json\/wp\/v2\/categories?post=165646"},{"taxonomy":"post_tag","embeddable":true,"href":"https:\/\/www.gaveanews.com\/index.php\/wp-json\/wp\/v2\/tags?post=165646"}],"curies":[{"name":"wp","href":"https:\/\/api.w.org\/{rel}","templated":true}]}}