{"id":165770,"date":"2024-09-12T11:45:00","date_gmt":"2024-09-12T14:45:00","guid":{"rendered":"https:\/\/www.gaveanews.com\/?p=165770"},"modified":"2024-09-12T11:12:28","modified_gmt":"2024-09-12T14:12:28","slug":"a-declaracao-de-cristiano-ronaldo-direcionada-a-mbappe","status":"publish","type":"post","link":"https:\/\/www.gaveanews.com\/index.php\/2024\/09\/12\/a-declaracao-de-cristiano-ronaldo-direcionada-a-mbappe\/","title":{"rendered":"A declara\u00e7\u00e3o de Cristiano Ronaldo direcionada a Mbapp\u00e9"},"content":{"rendered":"\n<p>Cristiano Ronaldo ainda tem seu brilho dentro dos gramados, tanto que, esses dias fez uma marca hist\u00f3rica ao marcar o gol 900 de sua carreira. Por\u00e9m, o camisa 7 j\u00e1 est\u00e1 ousando uma nova modalidade para sua aposentadoria, ser apresentador em seu canal do YouTube.<\/p>\n\n\n\n<ul class=\"wp-block-list\">\n<li><a href=\"https:\/\/www.gaveanews.com\/index.php\/2024\/09\/10\/cristiano-ronaldo-aponta-os-favoritos-para-ganhar-as-proximas-bolas-de-ouro\/\">Cristiano Ronaldo aponta os favoritos para ganhar as pr\u00f3ximas Bolas de Ouro<\/a><\/li>\n\n\n\n<li><a href=\"https:\/\/www.gaveanews.com\/index.php\/2024\/09\/08\/cr7-teria-quase-mil-gols-se-contassem-todos-os-jogos\/\">CR7 teria quase mil gols se contassem todos os jogos<\/a><\/li>\n<\/ul>\n\n\n\n<p>Em seu novo canal, o astro portugu\u00eas postou mais um v\u00eddeo em forma de bate papo em que, ao lado do ex-zagueiro ingl\u00eas Rio Ferdinand, CR7 opinou sobre diversos assuntos relacionados \u00e0 trajet\u00f3ria no futebol.<\/p>\n\n\n\n<p>No v\u00eddeo, o Real Madrid, clube onde o atacante marcou \u00e9poca na \u00faltima d\u00e9cada, n\u00e3o fugiu da sua pauta: sobre a atual fase da equipe, influenciada pela chegada bomb\u00e1stica de Kylian Mbapp\u00e9 ao ataque dos merengues.<\/p>\n\n\n\n<h2 class=\"wp-block-heading\" id=\"h-admiracao-pelo-frances\">Admira\u00e7\u00e3o pelo franc\u00eas<\/h2>\n\n\n\n<p>Cristiano aproveitou para n\u00e3o esconder que tem admira\u00e7\u00e3o pelo futebol do franc\u00eas e projetou um futuro de sucesso para os Blancos:<\/p>\n\n\n\n<p>\u201cAcredito que n\u00e3o ter\u00e3o problemas por conta do seu talento. Tem tudo para ser a pr\u00f3xima Bola de Ouro\u201d, afirmou o jogador.<\/p>\n\n\n\n<h2 class=\"wp-block-heading\" id=\"h-nao-ve-melhora-no-real-madrid\">N\u00e3o v\u00ea melhora no Real Madrid<\/h2>\n\n\n\n<p>Seguindo esse contexto, Cristiano Ronaldo afirmou ter d\u00favidas em rela\u00e7\u00e3o a melhora do elenco merengue:<\/p>\n\n\n\n<p>\u201cMbapp\u00e9 chegou e creio que seguir\u00e3o sendo uma equipe forte, mas n\u00e3o sei se ser\u00e3o melhores que ano passado. S\u00f3 Deus sabe\u201d, completou o atacante.<\/p>\n\n\n\n<h2 class=\"wp-block-heading\" id=\"h-cr7-e-idolo-do-mbappe\">CR7 \u00e9 \u00eddolo do Mbapp\u00e9<\/h2>\n\n\n\n<p>Para quem ainda n\u00e3o sabe, Cristiano Ronaldo \u00e9 \u00eddolo desde a inf\u00e2ncia de Kylian Mbapp\u00e9, que sempre sonhou em vestir a camisa do Real Madrid pela influ\u00eancia do portugu\u00eas.<\/p>\n\n\n\n<p>Sendo assim, quando foi anunciado ao clube merengue, o franc\u00eas relembrou de uma foto que tirou com o jogador CR7 no passado.<\/p>\n\n\n\n<h2 class=\"wp-block-heading\" id=\"h-mbappe-apos-deixar-o-psg\">Mbapp\u00e9 ap\u00f3s deixar o PSG<\/h2>\n\n\n\n<p>Saiu da cidade de Paris e desde a sua chegada a Madri, Mbapp\u00e9 j\u00e1 soma o total de tr\u00eas gols em cinco partidas com a camisa merengue.<\/p>\n\n\n\n<p>Nesse tempo o jogador foi convocado por Didier Deschamps para a sele\u00e7\u00e3o da Fran\u00e7a, por\u00e9m o atacante passou em branco nas partidas diante das sele\u00e7\u00f5es da It\u00e1lia e B\u00e9lgica.<\/p>\n\n\n\n<h2 class=\"wp-block-heading\" id=\"h-proximos-jogos-do-real-madrid\">Pr\u00f3ximos jogos do Real Madrid<\/h2>\n\n\n\n<ul class=\"wp-block-list\">\n<li>Real Sociedad (fora de casa) &#8211; 14\/06, 16h (hor\u00e1rio de Bras\u00edlia) &#8211; LALIGA<\/li>\n\n\n\n<li>Stuttgart (em casa) &#8211; 17\/09, 16h (hor\u00e1rio de Bras\u00edlia) &#8211; Champions League<\/li>\n\n\n\n<li>Espanyol (em casa) &#8211; 22\/09, hor\u00e1rio a definir &#8211; LALIGA<\/li>\n<\/ul>\n","protected":false},"excerpt":{"rendered":"<p>Cristiano Ronaldo ainda tem seu brilho dentro dos gramados, tanto que, esses dias fez uma marca hist\u00f3rica ao marcar o gol 900 de sua carreira. Por\u00e9m, o camisa 7 j\u00e1 est\u00e1 ousando uma nova modalidade para sua aposentadoria, ser apresentador em seu canal do YouTube. Em seu novo canal, o astro portugu\u00eas postou mais um [&hellip;]<\/p>\n","protected":false},"author":22,"featured_media":91208,"comment_status":"open","ping_status":"closed","sticky":false,"template":"","format":"standard","meta":{"footnotes":""},"categories":[246,88],"tags":[],"class_list":["post-165770","post","type-post","status-publish","format-standard","has-post-thumbnail","hentry","category-al-nassr","category-real-madrid"],"yoast_head":"<!-- This site is optimized with the Yoast SEO Premium plugin v24.2 (Yoast SEO v26.9) - https:\/\/yoast.com\/product\/yoast-seo-premium-wordpress\/ -->\n<title>A declara\u00e7\u00e3o de Cristiano Ronaldo direcionada a Mbapp\u00e9<\/title>\n<meta name=\"robots\" content=\"index, follow, max-snippet:-1, max-image-preview:large, max-video-preview:-1\" \/>\n<link rel=\"canonical\" href=\"https:\/\/www.gaveanews.com\/index.php\/2024\/09\/12\/a-declaracao-de-cristiano-ronaldo-direcionada-a-mbappe\/\" \/>\n<meta property=\"og:locale\" content=\"pt_BR\" \/>\n<meta property=\"og:type\" content=\"article\" \/>\n<meta property=\"og:title\" content=\"A declara\u00e7\u00e3o de Cristiano Ronaldo direcionada a Mbapp\u00e9\" \/>\n<meta property=\"og:description\" content=\"Cristiano Ronaldo ainda tem seu brilho dentro dos gramados, tanto que, esses dias fez uma marca hist\u00f3rica ao marcar o gol 900 de sua carreira. Por\u00e9m, o camisa 7 j\u00e1 est\u00e1 ousando uma nova modalidade para sua aposentadoria, ser apresentador em seu canal do YouTube. Em seu novo canal, o astro portugu\u00eas postou mais um [&hellip;]\" \/>\n<meta property=\"og:url\" content=\"https:\/\/www.gaveanews.com\/index.php\/2024\/09\/12\/a-declaracao-de-cristiano-ronaldo-direcionada-a-mbappe\/\" \/>\n<meta property=\"og:site_name\" content=\"G\u00e1vea News\" \/>\n<meta property=\"article:publisher\" content=\"https:\/\/facebook.com\/gaveaNews\/\" \/>\n<meta property=\"article:published_time\" content=\"2024-09-12T14:45:00+00:00\" \/>\n<meta property=\"og:image\" content=\"https:\/\/www.gaveanews.com\/wp-content\/uploads\/cristiano-ronaldo-selecao-portugal-copa-do-mundo.webp\" \/>\n\t<meta property=\"og:image:width\" content=\"984\" \/>\n\t<meta property=\"og:image:height\" content=\"656\" \/>\n\t<meta property=\"og:image:type\" content=\"image\/webp\" \/>\n<meta name=\"author\" content=\"Emilly Lima\" \/>\n<meta name=\"twitter:card\" content=\"summary_large_image\" \/>\n<meta name=\"twitter:label1\" content=\"Escrito por\" \/>\n\t<meta name=\"twitter:data1\" content=\"Emilly Lima\" \/>\n\t<meta name=\"twitter:label2\" content=\"Est. tempo de leitura\" \/>\n\t<meta name=\"twitter:data2\" content=\"3 minutos\" \/>\n<script type=\"application\/ld+json\" class=\"yoast-schema-graph\">{\"@context\":\"https:\/\/schema.org\",\"@graph\":[{\"@type\":\"NewsArticle\",\"@id\":\"https:\/\/www.gaveanews.com\/index.php\/2024\/09\/12\/a-declaracao-de-cristiano-ronaldo-direcionada-a-mbappe\/#article\",\"isPartOf\":{\"@id\":\"https:\/\/www.gaveanews.com\/index.php\/2024\/09\/12\/a-declaracao-de-cristiano-ronaldo-direcionada-a-mbappe\/\"},\"author\":{\"name\":\"Emilly Lima\",\"@id\":\"https:\/\/www.gaveanews.com\/#\/schema\/person\/8597dbe3f4d8513dd20048ce95a1895b\"},\"headline\":\"A declara\u00e7\u00e3o de Cristiano Ronaldo direcionada a Mbapp\u00e9\",\"datePublished\":\"2024-09-12T14:45:00+00:00\",\"mainEntityOfPage\":{\"@id\":\"https:\/\/www.gaveanews.com\/index.php\/2024\/09\/12\/a-declaracao-de-cristiano-ronaldo-direcionada-a-mbappe\/\"},\"wordCount\":432,\"commentCount\":0,\"image\":{\"@id\":\"https:\/\/www.gaveanews.com\/index.php\/2024\/09\/12\/a-declaracao-de-cristiano-ronaldo-direcionada-a-mbappe\/#primaryimage\"},\"thumbnailUrl\":\"https:\/\/www.gaveanews.com\/wp-content\/uploads\/cristiano-ronaldo-selecao-portugal-copa-do-mundo.webp\",\"articleSection\":[\"Al-Nassr\",\"Real Madrid\"],\"inLanguage\":\"pt-BR\",\"potentialAction\":[{\"@type\":\"CommentAction\",\"name\":\"Comment\",\"target\":[\"https:\/\/www.gaveanews.com\/index.php\/2024\/09\/12\/a-declaracao-de-cristiano-ronaldo-direcionada-a-mbappe\/#respond\"]}],\"copyrightYear\":\"2024\",\"copyrightHolder\":{\"@id\":\"https:\/\/www.gaveanews.com\/#organization\"}},{\"@type\":\"WebPage\",\"@id\":\"https:\/\/www.gaveanews.com\/index.php\/2024\/09\/12\/a-declaracao-de-cristiano-ronaldo-direcionada-a-mbappe\/\",\"url\":\"https:\/\/www.gaveanews.com\/index.php\/2024\/09\/12\/a-declaracao-de-cristiano-ronaldo-direcionada-a-mbappe\/\",\"name\":\"A declara\u00e7\u00e3o de Cristiano Ronaldo direcionada a Mbapp\u00e9\",\"isPartOf\":{\"@id\":\"https:\/\/www.gaveanews.com\/#website\"},\"primaryImageOfPage\":{\"@id\":\"https:\/\/www.gaveanews.com\/index.php\/2024\/09\/12\/a-declaracao-de-cristiano-ronaldo-direcionada-a-mbappe\/#primaryimage\"},\"image\":{\"@id\":\"https:\/\/www.gaveanews.com\/index.php\/2024\/09\/12\/a-declaracao-de-cristiano-ronaldo-direcionada-a-mbappe\/#primaryimage\"},\"thumbnailUrl\":\"https:\/\/www.gaveanews.com\/wp-content\/uploads\/cristiano-ronaldo-selecao-portugal-copa-do-mundo.webp\",\"datePublished\":\"2024-09-12T14:45:00+00:00\",\"author\":{\"@id\":\"https:\/\/www.gaveanews.com\/#\/schema\/person\/8597dbe3f4d8513dd20048ce95a1895b\"},\"breadcrumb\":{\"@id\":\"https:\/\/www.gaveanews.com\/index.php\/2024\/09\/12\/a-declaracao-de-cristiano-ronaldo-direcionada-a-mbappe\/#breadcrumb\"},\"inLanguage\":\"pt-BR\",\"potentialAction\":[{\"@type\":\"ReadAction\",\"target\":[\"https:\/\/www.gaveanews.com\/index.php\/2024\/09\/12\/a-declaracao-de-cristiano-ronaldo-direcionada-a-mbappe\/\"]}]},{\"@type\":\"ImageObject\",\"inLanguage\":\"pt-BR\",\"@id\":\"https:\/\/www.gaveanews.com\/index.php\/2024\/09\/12\/a-declaracao-de-cristiano-ronaldo-direcionada-a-mbappe\/#primaryimage\",\"url\":\"https:\/\/www.gaveanews.com\/wp-content\/uploads\/cristiano-ronaldo-selecao-portugal-copa-do-mundo.webp\",\"contentUrl\":\"https:\/\/www.gaveanews.com\/wp-content\/uploads\/cristiano-ronaldo-selecao-portugal-copa-do-mundo.webp\",\"width\":984,\"height\":656,\"caption\":\"Cristiano Ronaldo na Copa do Mundo do Catar (Foto: MANAN VATSYAYANA \/ AFP)\"},{\"@type\":\"BreadcrumbList\",\"@id\":\"https:\/\/www.gaveanews.com\/index.php\/2024\/09\/12\/a-declaracao-de-cristiano-ronaldo-direcionada-a-mbappe\/#breadcrumb\",\"itemListElement\":[{\"@type\":\"ListItem\",\"position\":1,\"name\":\"Home\",\"item\":\"https:\/\/www.gaveanews.com\/\"},{\"@type\":\"ListItem\",\"position\":2,\"name\":\"A declara\u00e7\u00e3o de Cristiano Ronaldo direcionada a Mbapp\u00e9\"}]},{\"@type\":\"WebSite\",\"@id\":\"https:\/\/www.gaveanews.com\/#website\",\"url\":\"https:\/\/www.gaveanews.com\/\",\"name\":\"G\u00e1vea News\",\"description\":\"Veja todas as not\u00edcias sobre o Flamengo: Contrata\u00e7\u00f5es, categorias de base, resultados das partidas, tabela de classifica\u00e7\u00e3o, pr\u00f3ximos jogos!\",\"potentialAction\":[{\"@type\":\"SearchAction\",\"target\":{\"@type\":\"EntryPoint\",\"urlTemplate\":\"https:\/\/www.gaveanews.com\/?s={search_term_string}\"},\"query-input\":{\"@type\":\"PropertyValueSpecification\",\"valueRequired\":true,\"valueName\":\"search_term_string\"}}],\"inLanguage\":\"pt-BR\"},{\"@type\":\"Person\",\"@id\":\"https:\/\/www.gaveanews.com\/#\/schema\/person\/8597dbe3f4d8513dd20048ce95a1895b\",\"name\":\"Emilly Lima\",\"image\":{\"@type\":\"ImageObject\",\"inLanguage\":\"pt-BR\",\"@id\":\"https:\/\/www.gaveanews.com\/#\/schema\/person\/image\/\",\"url\":\"https:\/\/secure.gravatar.com\/avatar\/ddb4d0548bae01de3cb52e0fe30386754e9c41797565aa0a5bf4440ab4f7c0be?s=96&d=mm&r=g\",\"contentUrl\":\"https:\/\/secure.gravatar.com\/avatar\/ddb4d0548bae01de3cb52e0fe30386754e9c41797565aa0a5bf4440ab4f7c0be?s=96&d=mm&r=g\",\"caption\":\"Emilly Lima\"}}]}<\/script>\n<!-- \/ Yoast SEO Premium plugin. -->","yoast_head_json":{"title":"A declara\u00e7\u00e3o de Cristiano Ronaldo direcionada a Mbapp\u00e9","robots":{"index":"index","follow":"follow","max-snippet":"max-snippet:-1","max-image-preview":"max-image-preview:large","max-video-preview":"max-video-preview:-1"},"canonical":"https:\/\/www.gaveanews.com\/index.php\/2024\/09\/12\/a-declaracao-de-cristiano-ronaldo-direcionada-a-mbappe\/","og_locale":"pt_BR","og_type":"article","og_title":"A declara\u00e7\u00e3o de Cristiano Ronaldo direcionada a Mbapp\u00e9","og_description":"Cristiano Ronaldo ainda tem seu brilho dentro dos gramados, tanto que, esses dias fez uma marca hist\u00f3rica ao marcar o gol 900 de sua carreira. Por\u00e9m, o camisa 7 j\u00e1 est\u00e1 ousando uma nova modalidade para sua aposentadoria, ser apresentador em seu canal do YouTube. Em seu novo canal, o astro portugu\u00eas postou mais um [&hellip;]","og_url":"https:\/\/www.gaveanews.com\/index.php\/2024\/09\/12\/a-declaracao-de-cristiano-ronaldo-direcionada-a-mbappe\/","og_site_name":"G\u00e1vea News","article_publisher":"https:\/\/facebook.com\/gaveaNews\/","article_published_time":"2024-09-12T14:45:00+00:00","og_image":[{"width":984,"height":656,"url":"https:\/\/www.gaveanews.com\/wp-content\/uploads\/cristiano-ronaldo-selecao-portugal-copa-do-mundo.webp","type":"image\/webp"}],"author":"Emilly Lima","twitter_card":"summary_large_image","twitter_misc":{"Escrito por":"Emilly Lima","Est. tempo de leitura":"3 minutos"},"schema":{"@context":"https:\/\/schema.org","@graph":[{"@type":"NewsArticle","@id":"https:\/\/www.gaveanews.com\/index.php\/2024\/09\/12\/a-declaracao-de-cristiano-ronaldo-direcionada-a-mbappe\/#article","isPartOf":{"@id":"https:\/\/www.gaveanews.com\/index.php\/2024\/09\/12\/a-declaracao-de-cristiano-ronaldo-direcionada-a-mbappe\/"},"author":{"name":"Emilly Lima","@id":"https:\/\/www.gaveanews.com\/#\/schema\/person\/8597dbe3f4d8513dd20048ce95a1895b"},"headline":"A declara\u00e7\u00e3o de Cristiano Ronaldo direcionada a Mbapp\u00e9","datePublished":"2024-09-12T14:45:00+00:00","mainEntityOfPage":{"@id":"https:\/\/www.gaveanews.com\/index.php\/2024\/09\/12\/a-declaracao-de-cristiano-ronaldo-direcionada-a-mbappe\/"},"wordCount":432,"commentCount":0,"image":{"@id":"https:\/\/www.gaveanews.com\/index.php\/2024\/09\/12\/a-declaracao-de-cristiano-ronaldo-direcionada-a-mbappe\/#primaryimage"},"thumbnailUrl":"https:\/\/www.gaveanews.com\/wp-content\/uploads\/cristiano-ronaldo-selecao-portugal-copa-do-mundo.webp","articleSection":["Al-Nassr","Real Madrid"],"inLanguage":"pt-BR","potentialAction":[{"@type":"CommentAction","name":"Comment","target":["https:\/\/www.gaveanews.com\/index.php\/2024\/09\/12\/a-declaracao-de-cristiano-ronaldo-direcionada-a-mbappe\/#respond"]}],"copyrightYear":"2024","copyrightHolder":{"@id":"https:\/\/www.gaveanews.com\/#organization"}},{"@type":"WebPage","@id":"https:\/\/www.gaveanews.com\/index.php\/2024\/09\/12\/a-declaracao-de-cristiano-ronaldo-direcionada-a-mbappe\/","url":"https:\/\/www.gaveanews.com\/index.php\/2024\/09\/12\/a-declaracao-de-cristiano-ronaldo-direcionada-a-mbappe\/","name":"A declara\u00e7\u00e3o de Cristiano Ronaldo direcionada a Mbapp\u00e9","isPartOf":{"@id":"https:\/\/www.gaveanews.com\/#website"},"primaryImageOfPage":{"@id":"https:\/\/www.gaveanews.com\/index.php\/2024\/09\/12\/a-declaracao-de-cristiano-ronaldo-direcionada-a-mbappe\/#primaryimage"},"image":{"@id":"https:\/\/www.gaveanews.com\/index.php\/2024\/09\/12\/a-declaracao-de-cristiano-ronaldo-direcionada-a-mbappe\/#primaryimage"},"thumbnailUrl":"https:\/\/www.gaveanews.com\/wp-content\/uploads\/cristiano-ronaldo-selecao-portugal-copa-do-mundo.webp","datePublished":"2024-09-12T14:45:00+00:00","author":{"@id":"https:\/\/www.gaveanews.com\/#\/schema\/person\/8597dbe3f4d8513dd20048ce95a1895b"},"breadcrumb":{"@id":"https:\/\/www.gaveanews.com\/index.php\/2024\/09\/12\/a-declaracao-de-cristiano-ronaldo-direcionada-a-mbappe\/#breadcrumb"},"inLanguage":"pt-BR","potentialAction":[{"@type":"ReadAction","target":["https:\/\/www.gaveanews.com\/index.php\/2024\/09\/12\/a-declaracao-de-cristiano-ronaldo-direcionada-a-mbappe\/"]}]},{"@type":"ImageObject","inLanguage":"pt-BR","@id":"https:\/\/www.gaveanews.com\/index.php\/2024\/09\/12\/a-declaracao-de-cristiano-ronaldo-direcionada-a-mbappe\/#primaryimage","url":"https:\/\/www.gaveanews.com\/wp-content\/uploads\/cristiano-ronaldo-selecao-portugal-copa-do-mundo.webp","contentUrl":"https:\/\/www.gaveanews.com\/wp-content\/uploads\/cristiano-ronaldo-selecao-portugal-copa-do-mundo.webp","width":984,"height":656,"caption":"Cristiano Ronaldo na Copa do Mundo do Catar (Foto: MANAN VATSYAYANA \/ AFP)"},{"@type":"BreadcrumbList","@id":"https:\/\/www.gaveanews.com\/index.php\/2024\/09\/12\/a-declaracao-de-cristiano-ronaldo-direcionada-a-mbappe\/#breadcrumb","itemListElement":[{"@type":"ListItem","position":1,"name":"Home","item":"https:\/\/www.gaveanews.com\/"},{"@type":"ListItem","position":2,"name":"A declara\u00e7\u00e3o de Cristiano Ronaldo direcionada a Mbapp\u00e9"}]},{"@type":"WebSite","@id":"https:\/\/www.gaveanews.com\/#website","url":"https:\/\/www.gaveanews.com\/","name":"G\u00e1vea News","description":"Veja todas as not\u00edcias sobre o Flamengo: Contrata\u00e7\u00f5es, categorias de base, resultados das partidas, tabela de classifica\u00e7\u00e3o, pr\u00f3ximos jogos!","potentialAction":[{"@type":"SearchAction","target":{"@type":"EntryPoint","urlTemplate":"https:\/\/www.gaveanews.com\/?s={search_term_string}"},"query-input":{"@type":"PropertyValueSpecification","valueRequired":true,"valueName":"search_term_string"}}],"inLanguage":"pt-BR"},{"@type":"Person","@id":"https:\/\/www.gaveanews.com\/#\/schema\/person\/8597dbe3f4d8513dd20048ce95a1895b","name":"Emilly Lima","image":{"@type":"ImageObject","inLanguage":"pt-BR","@id":"https:\/\/www.gaveanews.com\/#\/schema\/person\/image\/","url":"https:\/\/secure.gravatar.com\/avatar\/ddb4d0548bae01de3cb52e0fe30386754e9c41797565aa0a5bf4440ab4f7c0be?s=96&d=mm&r=g","contentUrl":"https:\/\/secure.gravatar.com\/avatar\/ddb4d0548bae01de3cb52e0fe30386754e9c41797565aa0a5bf4440ab4f7c0be?s=96&d=mm&r=g","caption":"Emilly Lima"}}]}},"_links":{"self":[{"href":"https:\/\/www.gaveanews.com\/index.php\/wp-json\/wp\/v2\/posts\/165770","targetHints":{"allow":["GET"]}}],"collection":[{"href":"https:\/\/www.gaveanews.com\/index.php\/wp-json\/wp\/v2\/posts"}],"about":[{"href":"https:\/\/www.gaveanews.com\/index.php\/wp-json\/wp\/v2\/types\/post"}],"author":[{"embeddable":true,"href":"https:\/\/www.gaveanews.com\/index.php\/wp-json\/wp\/v2\/users\/22"}],"replies":[{"embeddable":true,"href":"https:\/\/www.gaveanews.com\/index.php\/wp-json\/wp\/v2\/comments?post=165770"}],"version-history":[{"count":3,"href":"https:\/\/www.gaveanews.com\/index.php\/wp-json\/wp\/v2\/posts\/165770\/revisions"}],"predecessor-version":[{"id":165893,"href":"https:\/\/www.gaveanews.com\/index.php\/wp-json\/wp\/v2\/posts\/165770\/revisions\/165893"}],"wp:featuredmedia":[{"embeddable":true,"href":"https:\/\/www.gaveanews.com\/index.php\/wp-json\/wp\/v2\/media\/91208"}],"wp:attachment":[{"href":"https:\/\/www.gaveanews.com\/index.php\/wp-json\/wp\/v2\/media?parent=165770"}],"wp:term":[{"taxonomy":"category","embeddable":true,"href":"https:\/\/www.gaveanews.com\/index.php\/wp-json\/wp\/v2\/categories?post=165770"},{"taxonomy":"post_tag","embeddable":true,"href":"https:\/\/www.gaveanews.com\/index.php\/wp-json\/wp\/v2\/tags?post=165770"}],"curies":[{"name":"wp","href":"https:\/\/api.w.org\/{rel}","templated":true}]}}