{"id":165774,"date":"2024-09-12T12:15:00","date_gmt":"2024-09-12T15:15:00","guid":{"rendered":"https:\/\/www.gaveanews.com\/?p=165774"},"modified":"2024-09-12T11:18:11","modified_gmt":"2024-09-12T14:18:11","slug":"a-declaracao-de-marquinhos-apos-a-derrota-do-brasil","status":"publish","type":"post","link":"https:\/\/www.gaveanews.com\/index.php\/2024\/09\/12\/a-declaracao-de-marquinhos-apos-a-derrota-do-brasil\/","title":{"rendered":"A declara\u00e7\u00e3o de Marquinhos ap\u00f3s a derrota do Brasil"},"content":{"rendered":"\n<p>Na \u00faltima ter\u00e7a-feira (10), em Assun\u00e7\u00e3o, capital do Paraguai, a Sele\u00e7\u00e3o Brasileira sofreu uma derrota por 1 a 0 diante dos paraguaios e atualmente ocupa o 5\u00b0 lugar das eliminat\u00f3rias para a Copa do Mundo. Assim, ap\u00f3s o rev\u00e9s, o zagueiro Marquinhos desabafou sobre o momento vivido pelo Brasil nos gramados.<\/p>\n\n\n\n<ul class=\"wp-block-list\">\n<li><a href=\"https:\/\/www.gaveanews.com\/index.php\/2024\/09\/11\/apos-fracasso-da-selecao-comentarista-pede-convocacao-de-matheus-pereira-do-cruzeiro\/\">Ap\u00f3s fracasso da Sele\u00e7\u00e3o, comentarista pede convoca\u00e7\u00e3o de Matheus Pereira, do Cruzeiro<\/a><\/li>\n\n\n\n<li><a href=\"https:\/\/www.gaveanews.com\/index.php\/2024\/09\/11\/eles-jogaram-pela-selecao-mas-foram-banidos-por-manipular-jogos\/\">Eles jogaram pela Sele\u00e7\u00e3o mas foram banidos por manipular jogos<\/a><\/li>\n<\/ul>\n\n\n\n<p>O defensor do PSG, time da Fran\u00e7a, admitiu que atualmente viu a Sele\u00e7\u00e3o estando sem confian\u00e7a dentro de campo e cobrou personalidade aos jogadores que vestem a camisa da Amarelinha nessas eliminat\u00f3rias da Copa de 2026.<\/p>\n\n\n\n<h2 class=\"wp-block-heading\" id=\"h-resposta-a-torcida-brasileira\">Resposta \u00e0 torcida brasileira<\/h2>\n\n\n\n<p>Com isso, Marquinhos, zagueiro da Sele\u00e7\u00e3o, tamb\u00e9m falou sobre qual \u00e9 a necessidade de se dar uma resposta para \u00e0 torcida brasileira, mas tamb\u00e9m dentro de campo, com trabalho nas quatro linhas:<\/p>\n\n\n\n<p>&#8220;Infelizmente \u00e9 um momento entre algumas oscila\u00e7\u00f5es, ganhar jogos, em ter performance. Estamos em um momento de tentar se encontrar, tentar se encaixar, muitas pe\u00e7as sendo mexidas, o professor (Dorival) tentando ainda encontrar a melhor forma da gente jogar, atuar, isso reflete no resultado. Muitos jogadores novos tamb\u00e9m. A confian\u00e7a n\u00e3o est\u00e1 com a gente, ent\u00e3o a gente tem que buscar a nossa confian\u00e7a e ir ganhando os jogos, por isso tentamos frisar no \u00faltimo jogo (contra o Equador), e hoje n\u00e3o conseguimos&#8221;, come\u00e7ou por dizer, em entrevista \u00e0&nbsp;<em>TV Globo<\/em>.<\/p>\n\n\n\n<p>&#8220;A gente sabe o quanto s\u00e3o dif\u00edceis as eliminat\u00f3rias, sempre foram, isso \u00e9 um hist\u00f3rico normal e n\u00e3o vai ser hoje que elas ser\u00e3o f\u00e1ceis. \u00c9 um momento dif\u00edcil, saber digerir essa derrota, o momento que a gente vive, mas em algum momento a gente tem que se acomodar, sabemos que estamos em um momento dif\u00edcil, de transi\u00e7\u00e3o, onde n\u00e3o estamos com a confian\u00e7a que o Brasil sempre teve. Mas vamos buscar com trabalho, n\u00e3o adianta falar muito agora porque qualquer coisa vai ser desculpa, v\u00e3o ser palavras em v\u00e3o. Creio que com trabalho e mostrar dentro de campo \u00e9 a melhor resposta&#8221;, prosseguiu.<\/p>\n\n\n\n<p>\u201cJ\u00e1 vivo um pouco na sele\u00e7\u00e3o, sei como \u00e9 esse ambiente. A sele\u00e7\u00e3o brasileira n\u00e3o \u00e9 um lugar f\u00e1cil de se jogar, tem que ter muita personalidade, muita sabedoria, muita intelig\u00eancia. Vivendo de momentos dif\u00edceis um jogador tamb\u00e9m cresce. Acho que todos aqui v\u00e3o se solidarizar cada vez mais um com o outro, para que a gente possa se apoiar no coletivo e crescer individualmente. \u00c9 assim que a gente retoma a confian\u00e7a, ganhando jogos, fazendo bons jogos coletivamente, e o individual vai se sobressair\u201d, concluiu, em declara\u00e7\u00f5es ao&nbsp;Sportv.<\/p>\n\n\n\n<h2 class=\"wp-block-heading\" id=\"h-como-foi-o-jogo\">Como foi o jogo<\/h2>\n\n\n\n<p>Na capital paraguaia, o Brasil sofreu um gol do meio-campista Diego G\u00f3mez logo aos <strong>20<\/strong> minutos do primeiro tempo e acabou o jogo sendo derrotado pelo Paraguai. Assim, com o total de <strong>10<\/strong> pontos, a Sele\u00e7\u00e3o Brasileira est\u00e1 a <strong>8 <\/strong>pontos da Argentina, que atualmente lidera as eliminat\u00f3rias.<\/p>\n\n\n\n<h2 class=\"wp-block-heading\" id=\"h-proximos-jogos-da-selecao-brasileira\">Pr\u00f3ximos jogos da sele\u00e7\u00e3o brasileira<\/h2>\n\n\n\n<ul class=\"wp-block-list\">\n<li>Chile&nbsp;(fora de casa): 10\/10, 21h (hor\u00e1rio de Bras\u00edlia) &#8211;&nbsp;eliminat\u00f3rias para a Copa do Mundo<\/li>\n\n\n\n<li>Peru&nbsp;(em casa): 15\/10, 21h45 (hor\u00e1rio de Bras\u00edlia) &#8211;&nbsp;eliminat\u00f3rias para a Copa do Mundo<\/li>\n\n\n\n<li>Venezuela&nbsp;(fora de casa): data e hor\u00e1rio a confirmar &#8211;&nbsp;eliminat\u00f3rias para a Copa do Mundo<\/li>\n<\/ul>\n","protected":false},"excerpt":{"rendered":"<p>Na \u00faltima ter\u00e7a-feira (10), em Assun\u00e7\u00e3o, capital do Paraguai, a Sele\u00e7\u00e3o Brasileira sofreu uma derrota por 1 a 0 diante dos paraguaios e atualmente ocupa o 5\u00b0 lugar das eliminat\u00f3rias para a Copa do Mundo. Assim, ap\u00f3s o rev\u00e9s, o zagueiro Marquinhos desabafou sobre o momento vivido pelo Brasil nos gramados. O defensor do PSG, [&hellip;]<\/p>\n","protected":false},"author":22,"featured_media":29580,"comment_status":"open","ping_status":"closed","sticky":false,"template":"","format":"standard","meta":{"footnotes":""},"categories":[478,102],"tags":[],"class_list":["post-165774","post","type-post","status-publish","format-standard","has-post-thumbnail","hentry","category-brasil","category-psg"],"yoast_head":"<!-- This site is optimized with the Yoast SEO Premium plugin v24.2 (Yoast SEO v26.9) - https:\/\/yoast.com\/product\/yoast-seo-premium-wordpress\/ -->\n<title>A declara\u00e7\u00e3o de Marquinhos ap\u00f3s a derrota do Brasil<\/title>\n<meta name=\"robots\" content=\"index, follow, max-snippet:-1, max-image-preview:large, max-video-preview:-1\" \/>\n<link rel=\"canonical\" href=\"https:\/\/www.gaveanews.com\/index.php\/2024\/09\/12\/a-declaracao-de-marquinhos-apos-a-derrota-do-brasil\/\" \/>\n<meta property=\"og:locale\" content=\"pt_BR\" \/>\n<meta property=\"og:type\" content=\"article\" \/>\n<meta property=\"og:title\" content=\"A declara\u00e7\u00e3o de Marquinhos ap\u00f3s a derrota do Brasil\" \/>\n<meta property=\"og:description\" content=\"Na \u00faltima ter\u00e7a-feira (10), em Assun\u00e7\u00e3o, capital do Paraguai, a Sele\u00e7\u00e3o Brasileira sofreu uma derrota por 1 a 0 diante dos paraguaios e atualmente ocupa o 5\u00b0 lugar das eliminat\u00f3rias para a Copa do Mundo. Assim, ap\u00f3s o rev\u00e9s, o zagueiro Marquinhos desabafou sobre o momento vivido pelo Brasil nos gramados. O defensor do PSG, [&hellip;]\" \/>\n<meta property=\"og:url\" content=\"https:\/\/www.gaveanews.com\/index.php\/2024\/09\/12\/a-declaracao-de-marquinhos-apos-a-derrota-do-brasil\/\" \/>\n<meta property=\"og:site_name\" content=\"G\u00e1vea News\" \/>\n<meta property=\"article:publisher\" content=\"https:\/\/facebook.com\/gaveaNews\/\" \/>\n<meta property=\"article:published_time\" content=\"2024-09-12T15:15:00+00:00\" \/>\n<meta property=\"og:image\" content=\"https:\/\/www.gaveanews.com\/wp-content\/uploads\/Marquinhos-durante-treinamento-do-Brasil.webp\" \/>\n\t<meta property=\"og:image:width\" content=\"910\" \/>\n\t<meta property=\"og:image:height\" content=\"607\" \/>\n\t<meta property=\"og:image:type\" content=\"image\/jpeg\" \/>\n<meta name=\"author\" content=\"Emilly Lima\" \/>\n<meta name=\"twitter:card\" content=\"summary_large_image\" \/>\n<meta name=\"twitter:label1\" content=\"Escrito por\" \/>\n\t<meta name=\"twitter:data1\" content=\"Emilly Lima\" \/>\n\t<meta name=\"twitter:label2\" content=\"Est. tempo de leitura\" \/>\n\t<meta name=\"twitter:data2\" content=\"4 minutos\" \/>\n<script type=\"application\/ld+json\" class=\"yoast-schema-graph\">{\"@context\":\"https:\/\/schema.org\",\"@graph\":[{\"@type\":\"NewsArticle\",\"@id\":\"https:\/\/www.gaveanews.com\/index.php\/2024\/09\/12\/a-declaracao-de-marquinhos-apos-a-derrota-do-brasil\/#article\",\"isPartOf\":{\"@id\":\"https:\/\/www.gaveanews.com\/index.php\/2024\/09\/12\/a-declaracao-de-marquinhos-apos-a-derrota-do-brasil\/\"},\"author\":{\"name\":\"Emilly Lima\",\"@id\":\"https:\/\/www.gaveanews.com\/#\/schema\/person\/8597dbe3f4d8513dd20048ce95a1895b\"},\"headline\":\"A declara\u00e7\u00e3o de Marquinhos ap\u00f3s a derrota do Brasil\",\"datePublished\":\"2024-09-12T15:15:00+00:00\",\"mainEntityOfPage\":{\"@id\":\"https:\/\/www.gaveanews.com\/index.php\/2024\/09\/12\/a-declaracao-de-marquinhos-apos-a-derrota-do-brasil\/\"},\"wordCount\":596,\"commentCount\":0,\"image\":{\"@id\":\"https:\/\/www.gaveanews.com\/index.php\/2024\/09\/12\/a-declaracao-de-marquinhos-apos-a-derrota-do-brasil\/#primaryimage\"},\"thumbnailUrl\":\"https:\/\/www.gaveanews.com\/wp-content\/uploads\/Marquinhos-durante-treinamento-do-Brasil.webp\",\"articleSection\":[\"Brasil\",\"PSG\"],\"inLanguage\":\"pt-BR\",\"potentialAction\":[{\"@type\":\"CommentAction\",\"name\":\"Comment\",\"target\":[\"https:\/\/www.gaveanews.com\/index.php\/2024\/09\/12\/a-declaracao-de-marquinhos-apos-a-derrota-do-brasil\/#respond\"]}],\"copyrightYear\":\"2024\",\"copyrightHolder\":{\"@id\":\"https:\/\/www.gaveanews.com\/#organization\"}},{\"@type\":\"WebPage\",\"@id\":\"https:\/\/www.gaveanews.com\/index.php\/2024\/09\/12\/a-declaracao-de-marquinhos-apos-a-derrota-do-brasil\/\",\"url\":\"https:\/\/www.gaveanews.com\/index.php\/2024\/09\/12\/a-declaracao-de-marquinhos-apos-a-derrota-do-brasil\/\",\"name\":\"A declara\u00e7\u00e3o de Marquinhos ap\u00f3s a derrota do Brasil\",\"isPartOf\":{\"@id\":\"https:\/\/www.gaveanews.com\/#website\"},\"primaryImageOfPage\":{\"@id\":\"https:\/\/www.gaveanews.com\/index.php\/2024\/09\/12\/a-declaracao-de-marquinhos-apos-a-derrota-do-brasil\/#primaryimage\"},\"image\":{\"@id\":\"https:\/\/www.gaveanews.com\/index.php\/2024\/09\/12\/a-declaracao-de-marquinhos-apos-a-derrota-do-brasil\/#primaryimage\"},\"thumbnailUrl\":\"https:\/\/www.gaveanews.com\/wp-content\/uploads\/Marquinhos-durante-treinamento-do-Brasil.webp\",\"datePublished\":\"2024-09-12T15:15:00+00:00\",\"author\":{\"@id\":\"https:\/\/www.gaveanews.com\/#\/schema\/person\/8597dbe3f4d8513dd20048ce95a1895b\"},\"breadcrumb\":{\"@id\":\"https:\/\/www.gaveanews.com\/index.php\/2024\/09\/12\/a-declaracao-de-marquinhos-apos-a-derrota-do-brasil\/#breadcrumb\"},\"inLanguage\":\"pt-BR\",\"potentialAction\":[{\"@type\":\"ReadAction\",\"target\":[\"https:\/\/www.gaveanews.com\/index.php\/2024\/09\/12\/a-declaracao-de-marquinhos-apos-a-derrota-do-brasil\/\"]}]},{\"@type\":\"ImageObject\",\"inLanguage\":\"pt-BR\",\"@id\":\"https:\/\/www.gaveanews.com\/index.php\/2024\/09\/12\/a-declaracao-de-marquinhos-apos-a-derrota-do-brasil\/#primaryimage\",\"url\":\"https:\/\/www.gaveanews.com\/wp-content\/uploads\/Marquinhos-durante-treinamento-do-Brasil.webp\",\"contentUrl\":\"https:\/\/www.gaveanews.com\/wp-content\/uploads\/Marquinhos-durante-treinamento-do-Brasil.webp\",\"width\":910,\"height\":607,\"caption\":\"Marquinhos durante treinamento do Brasil (Foto: Lucas Figueiredo\/CBF)\"},{\"@type\":\"BreadcrumbList\",\"@id\":\"https:\/\/www.gaveanews.com\/index.php\/2024\/09\/12\/a-declaracao-de-marquinhos-apos-a-derrota-do-brasil\/#breadcrumb\",\"itemListElement\":[{\"@type\":\"ListItem\",\"position\":1,\"name\":\"Home\",\"item\":\"https:\/\/www.gaveanews.com\/\"},{\"@type\":\"ListItem\",\"position\":2,\"name\":\"A declara\u00e7\u00e3o de Marquinhos ap\u00f3s a derrota do Brasil\"}]},{\"@type\":\"WebSite\",\"@id\":\"https:\/\/www.gaveanews.com\/#website\",\"url\":\"https:\/\/www.gaveanews.com\/\",\"name\":\"G\u00e1vea News\",\"description\":\"Veja todas as not\u00edcias sobre o Flamengo: Contrata\u00e7\u00f5es, categorias de base, resultados das partidas, tabela de classifica\u00e7\u00e3o, pr\u00f3ximos jogos!\",\"potentialAction\":[{\"@type\":\"SearchAction\",\"target\":{\"@type\":\"EntryPoint\",\"urlTemplate\":\"https:\/\/www.gaveanews.com\/?s={search_term_string}\"},\"query-input\":{\"@type\":\"PropertyValueSpecification\",\"valueRequired\":true,\"valueName\":\"search_term_string\"}}],\"inLanguage\":\"pt-BR\"},{\"@type\":\"Person\",\"@id\":\"https:\/\/www.gaveanews.com\/#\/schema\/person\/8597dbe3f4d8513dd20048ce95a1895b\",\"name\":\"Emilly Lima\",\"image\":{\"@type\":\"ImageObject\",\"inLanguage\":\"pt-BR\",\"@id\":\"https:\/\/www.gaveanews.com\/#\/schema\/person\/image\/\",\"url\":\"https:\/\/secure.gravatar.com\/avatar\/ddb4d0548bae01de3cb52e0fe30386754e9c41797565aa0a5bf4440ab4f7c0be?s=96&d=mm&r=g\",\"contentUrl\":\"https:\/\/secure.gravatar.com\/avatar\/ddb4d0548bae01de3cb52e0fe30386754e9c41797565aa0a5bf4440ab4f7c0be?s=96&d=mm&r=g\",\"caption\":\"Emilly Lima\"}}]}<\/script>\n<!-- \/ Yoast SEO Premium plugin. -->","yoast_head_json":{"title":"A declara\u00e7\u00e3o de Marquinhos ap\u00f3s a derrota do Brasil","robots":{"index":"index","follow":"follow","max-snippet":"max-snippet:-1","max-image-preview":"max-image-preview:large","max-video-preview":"max-video-preview:-1"},"canonical":"https:\/\/www.gaveanews.com\/index.php\/2024\/09\/12\/a-declaracao-de-marquinhos-apos-a-derrota-do-brasil\/","og_locale":"pt_BR","og_type":"article","og_title":"A declara\u00e7\u00e3o de Marquinhos ap\u00f3s a derrota do Brasil","og_description":"Na \u00faltima ter\u00e7a-feira (10), em Assun\u00e7\u00e3o, capital do Paraguai, a Sele\u00e7\u00e3o Brasileira sofreu uma derrota por 1 a 0 diante dos paraguaios e atualmente ocupa o 5\u00b0 lugar das eliminat\u00f3rias para a Copa do Mundo. Assim, ap\u00f3s o rev\u00e9s, o zagueiro Marquinhos desabafou sobre o momento vivido pelo Brasil nos gramados. O defensor do PSG, [&hellip;]","og_url":"https:\/\/www.gaveanews.com\/index.php\/2024\/09\/12\/a-declaracao-de-marquinhos-apos-a-derrota-do-brasil\/","og_site_name":"G\u00e1vea News","article_publisher":"https:\/\/facebook.com\/gaveaNews\/","article_published_time":"2024-09-12T15:15:00+00:00","og_image":[{"width":910,"height":607,"url":"https:\/\/www.gaveanews.com\/wp-content\/uploads\/Marquinhos-durante-treinamento-do-Brasil.webp","type":"image\/jpeg"}],"author":"Emilly Lima","twitter_card":"summary_large_image","twitter_misc":{"Escrito por":"Emilly Lima","Est. tempo de leitura":"4 minutos"},"schema":{"@context":"https:\/\/schema.org","@graph":[{"@type":"NewsArticle","@id":"https:\/\/www.gaveanews.com\/index.php\/2024\/09\/12\/a-declaracao-de-marquinhos-apos-a-derrota-do-brasil\/#article","isPartOf":{"@id":"https:\/\/www.gaveanews.com\/index.php\/2024\/09\/12\/a-declaracao-de-marquinhos-apos-a-derrota-do-brasil\/"},"author":{"name":"Emilly Lima","@id":"https:\/\/www.gaveanews.com\/#\/schema\/person\/8597dbe3f4d8513dd20048ce95a1895b"},"headline":"A declara\u00e7\u00e3o de Marquinhos ap\u00f3s a derrota do Brasil","datePublished":"2024-09-12T15:15:00+00:00","mainEntityOfPage":{"@id":"https:\/\/www.gaveanews.com\/index.php\/2024\/09\/12\/a-declaracao-de-marquinhos-apos-a-derrota-do-brasil\/"},"wordCount":596,"commentCount":0,"image":{"@id":"https:\/\/www.gaveanews.com\/index.php\/2024\/09\/12\/a-declaracao-de-marquinhos-apos-a-derrota-do-brasil\/#primaryimage"},"thumbnailUrl":"https:\/\/www.gaveanews.com\/wp-content\/uploads\/Marquinhos-durante-treinamento-do-Brasil.webp","articleSection":["Brasil","PSG"],"inLanguage":"pt-BR","potentialAction":[{"@type":"CommentAction","name":"Comment","target":["https:\/\/www.gaveanews.com\/index.php\/2024\/09\/12\/a-declaracao-de-marquinhos-apos-a-derrota-do-brasil\/#respond"]}],"copyrightYear":"2024","copyrightHolder":{"@id":"https:\/\/www.gaveanews.com\/#organization"}},{"@type":"WebPage","@id":"https:\/\/www.gaveanews.com\/index.php\/2024\/09\/12\/a-declaracao-de-marquinhos-apos-a-derrota-do-brasil\/","url":"https:\/\/www.gaveanews.com\/index.php\/2024\/09\/12\/a-declaracao-de-marquinhos-apos-a-derrota-do-brasil\/","name":"A declara\u00e7\u00e3o de Marquinhos ap\u00f3s a derrota do Brasil","isPartOf":{"@id":"https:\/\/www.gaveanews.com\/#website"},"primaryImageOfPage":{"@id":"https:\/\/www.gaveanews.com\/index.php\/2024\/09\/12\/a-declaracao-de-marquinhos-apos-a-derrota-do-brasil\/#primaryimage"},"image":{"@id":"https:\/\/www.gaveanews.com\/index.php\/2024\/09\/12\/a-declaracao-de-marquinhos-apos-a-derrota-do-brasil\/#primaryimage"},"thumbnailUrl":"https:\/\/www.gaveanews.com\/wp-content\/uploads\/Marquinhos-durante-treinamento-do-Brasil.webp","datePublished":"2024-09-12T15:15:00+00:00","author":{"@id":"https:\/\/www.gaveanews.com\/#\/schema\/person\/8597dbe3f4d8513dd20048ce95a1895b"},"breadcrumb":{"@id":"https:\/\/www.gaveanews.com\/index.php\/2024\/09\/12\/a-declaracao-de-marquinhos-apos-a-derrota-do-brasil\/#breadcrumb"},"inLanguage":"pt-BR","potentialAction":[{"@type":"ReadAction","target":["https:\/\/www.gaveanews.com\/index.php\/2024\/09\/12\/a-declaracao-de-marquinhos-apos-a-derrota-do-brasil\/"]}]},{"@type":"ImageObject","inLanguage":"pt-BR","@id":"https:\/\/www.gaveanews.com\/index.php\/2024\/09\/12\/a-declaracao-de-marquinhos-apos-a-derrota-do-brasil\/#primaryimage","url":"https:\/\/www.gaveanews.com\/wp-content\/uploads\/Marquinhos-durante-treinamento-do-Brasil.webp","contentUrl":"https:\/\/www.gaveanews.com\/wp-content\/uploads\/Marquinhos-durante-treinamento-do-Brasil.webp","width":910,"height":607,"caption":"Marquinhos durante treinamento do Brasil (Foto: Lucas Figueiredo\/CBF)"},{"@type":"BreadcrumbList","@id":"https:\/\/www.gaveanews.com\/index.php\/2024\/09\/12\/a-declaracao-de-marquinhos-apos-a-derrota-do-brasil\/#breadcrumb","itemListElement":[{"@type":"ListItem","position":1,"name":"Home","item":"https:\/\/www.gaveanews.com\/"},{"@type":"ListItem","position":2,"name":"A declara\u00e7\u00e3o de Marquinhos ap\u00f3s a derrota do Brasil"}]},{"@type":"WebSite","@id":"https:\/\/www.gaveanews.com\/#website","url":"https:\/\/www.gaveanews.com\/","name":"G\u00e1vea News","description":"Veja todas as not\u00edcias sobre o Flamengo: Contrata\u00e7\u00f5es, categorias de base, resultados das partidas, tabela de classifica\u00e7\u00e3o, pr\u00f3ximos jogos!","potentialAction":[{"@type":"SearchAction","target":{"@type":"EntryPoint","urlTemplate":"https:\/\/www.gaveanews.com\/?s={search_term_string}"},"query-input":{"@type":"PropertyValueSpecification","valueRequired":true,"valueName":"search_term_string"}}],"inLanguage":"pt-BR"},{"@type":"Person","@id":"https:\/\/www.gaveanews.com\/#\/schema\/person\/8597dbe3f4d8513dd20048ce95a1895b","name":"Emilly Lima","image":{"@type":"ImageObject","inLanguage":"pt-BR","@id":"https:\/\/www.gaveanews.com\/#\/schema\/person\/image\/","url":"https:\/\/secure.gravatar.com\/avatar\/ddb4d0548bae01de3cb52e0fe30386754e9c41797565aa0a5bf4440ab4f7c0be?s=96&d=mm&r=g","contentUrl":"https:\/\/secure.gravatar.com\/avatar\/ddb4d0548bae01de3cb52e0fe30386754e9c41797565aa0a5bf4440ab4f7c0be?s=96&d=mm&r=g","caption":"Emilly Lima"}}]}},"_links":{"self":[{"href":"https:\/\/www.gaveanews.com\/index.php\/wp-json\/wp\/v2\/posts\/165774","targetHints":{"allow":["GET"]}}],"collection":[{"href":"https:\/\/www.gaveanews.com\/index.php\/wp-json\/wp\/v2\/posts"}],"about":[{"href":"https:\/\/www.gaveanews.com\/index.php\/wp-json\/wp\/v2\/types\/post"}],"author":[{"embeddable":true,"href":"https:\/\/www.gaveanews.com\/index.php\/wp-json\/wp\/v2\/users\/22"}],"replies":[{"embeddable":true,"href":"https:\/\/www.gaveanews.com\/index.php\/wp-json\/wp\/v2\/comments?post=165774"}],"version-history":[{"count":5,"href":"https:\/\/www.gaveanews.com\/index.php\/wp-json\/wp\/v2\/posts\/165774\/revisions"}],"predecessor-version":[{"id":165900,"href":"https:\/\/www.gaveanews.com\/index.php\/wp-json\/wp\/v2\/posts\/165774\/revisions\/165900"}],"wp:featuredmedia":[{"embeddable":true,"href":"https:\/\/www.gaveanews.com\/index.php\/wp-json\/wp\/v2\/media\/29580"}],"wp:attachment":[{"href":"https:\/\/www.gaveanews.com\/index.php\/wp-json\/wp\/v2\/media?parent=165774"}],"wp:term":[{"taxonomy":"category","embeddable":true,"href":"https:\/\/www.gaveanews.com\/index.php\/wp-json\/wp\/v2\/categories?post=165774"},{"taxonomy":"post_tag","embeddable":true,"href":"https:\/\/www.gaveanews.com\/index.php\/wp-json\/wp\/v2\/tags?post=165774"}],"curies":[{"name":"wp","href":"https:\/\/api.w.org\/{rel}","templated":true}]}}