{"id":165921,"date":"2024-09-12T20:00:00","date_gmt":"2024-09-12T23:00:00","guid":{"rendered":"https:\/\/www.gaveanews.com\/?p=165921"},"modified":"2024-09-12T15:03:57","modified_gmt":"2024-09-12T18:03:57","slug":"a-declaracao-de-memphis-depay-sobre-a-torcida-do-corinthians","status":"publish","type":"post","link":"https:\/\/www.gaveanews.com\/index.php\/2024\/09\/12\/a-declaracao-de-memphis-depay-sobre-a-torcida-do-corinthians\/","title":{"rendered":"A declara\u00e7\u00e3o de Memphis Depay sobre a torcida do Corinthians"},"content":{"rendered":"\n<h2 class=\"wp-block-heading\" id=\"h-o-novo-atleta-do-timao-nao-poupou-elogios-a-torcida-alvinegra\">O novo atleta do Tim\u00e3o n\u00e3o poupou elogios a torcida Alvinegra<\/h2>\n\n\n\n<p>O novo camisa 7 do Corinthians fez sua primeira coletiva com a impressa na tarde desta sexta-feira (12), no Parque S\u00e3o Jorge. Depay estava presente na classifica\u00e7\u00e3o do Tim\u00e3o contra o Juventude na noite desta quinta-feira (11), e pode sentir de perto o que seria vivenciar uma partida na Neo Quimica Arena junto com os torcedores Alvinegros. <\/p>\n\n\n\n<p>O holand\u00eas ressaltou que a equipe possui habilidade para jogar partidas decisivas, e pode entender o que significa jogar no Corinthians.<\/p>\n\n\n\n<ul class=\"wp-block-list\">\n<li><a href=\"https:\/\/www.gaveanews.com\/index.php\/2024\/09\/12\/diretor-do-corinthians-e-questionado-sobre-a-chegada-de-sergio-ramos\/\">Diretor do Corinthians \u00e9 questionado sobre a chegada de Sergio Ramos<\/a><\/li>\n\n\n\n<li><a href=\"https:\/\/www.gaveanews.com\/index.php\/2024\/09\/12\/a-declaracao-de-gustavo-henrique-direcionada-a-torcida-do-corinthians\/\">A declara\u00e7\u00e3o de Gustavo Henrique direcionada a torcida do Corinthians<\/a><\/li>\n<\/ul>\n\n\n\n<p>&#8220;Sei da situa\u00e7\u00e3o, mas acredito que noites como as de ontem demonstram que a equipe tem a habilidade de lutar. \u00c9 um time de lutadores. No dia de ontem, por exemplo, olhando o jogo vi o que significa jogar pelo Corinthians. Embora eu n\u00e3o tenha colocado a camisa, eu senti a energia, o esp\u00edrito de luta. Ontem foi muito importante, vamos ter que construir e ganhar um jogo ap\u00f3s o outro. Em momentos dif\u00edceis, quando encontramos jogos dif\u00edceis, temos de lutar. Sei da situa\u00e7\u00e3o, mas temos que ganhar, lutar e competir&#8221;, disse.<\/p>\n\n\n\n<p>Sobre a recep\u00e7\u00e3o da torcida, Depay afirmou que foi uma experiencia incr\u00edvel e que n\u00e3o esperava, j\u00e1 que n\u00e3o havia expectativas de vir para o Brasil. <\/p>\n\n\n\n<p>&#8220;Foi uma experi\u00eancia incr\u00edvel. N\u00e3o esperava, n\u00e3o tinha expectativas em vir para c\u00e1. Foi algo \u00fanico para mim vir para a liga brasileira com 30 anos. Para um jogador como eu, isso n\u00e3o acontece sempre. Quando cheguei ao Brasil e vi os torcedores, aquilo aqueceu meu cora\u00e7\u00e3o. Compreendi o que significava para aquelas pessoas eu estar aqui. Mais uma vez, agrade\u00e7o ao Fabinho pelos esfor\u00e7os necess\u00e1rios. Quando cheguei, me senti em casa&#8221;, falou o jogador.<\/p>\n\n\n\n<p>&#8220;A cultura brasileira \u00e9 bastante conhecida, muito parecida com as culturas africanas. Meu pai \u00e9 de Gana e senti essa similaridade. Assim que entrei no est\u00e1dio, nunca tinha experimentado aquilo na vida, algo completamente diferente. Eu n\u00e3o tinha percebido, estou aqui tem 30 horas, est\u00e1 passando r\u00e1pido. Quero aproveitar, isso vai me levar adiante, quero colocar meu cora\u00e7\u00e3o nesse campo&#8221;, completou. <\/p>\n","protected":false},"excerpt":{"rendered":"<p>O novo atleta do Tim\u00e3o n\u00e3o poupou elogios a torcida Alvinegra O novo camisa 7 do Corinthians fez sua primeira coletiva com a impressa na tarde desta sexta-feira (12), no Parque S\u00e3o Jorge. Depay estava presente na classifica\u00e7\u00e3o do Tim\u00e3o contra o Juventude na noite desta quinta-feira (11), e pode sentir de perto o que [&hellip;]<\/p>\n","protected":false},"author":17,"featured_media":165404,"comment_status":"open","ping_status":"closed","sticky":false,"template":"","format":"standard","meta":{"footnotes":""},"categories":[141],"tags":[],"class_list":["post-165921","post","type-post","status-publish","format-standard","has-post-thumbnail","hentry","category-corinthians"],"yoast_head":"<!-- This site is optimized with the Yoast SEO Premium plugin v24.2 (Yoast SEO v26.9) - https:\/\/yoast.com\/product\/yoast-seo-premium-wordpress\/ -->\n<title>A declara\u00e7\u00e3o de Memphis Depay sobre a torcida do Corinthians<\/title>\n<meta name=\"robots\" content=\"index, follow, max-snippet:-1, max-image-preview:large, max-video-preview:-1\" \/>\n<link rel=\"canonical\" href=\"https:\/\/www.gaveanews.com\/index.php\/2024\/09\/12\/a-declaracao-de-memphis-depay-sobre-a-torcida-do-corinthians\/\" \/>\n<meta property=\"og:locale\" content=\"pt_BR\" \/>\n<meta property=\"og:type\" content=\"article\" \/>\n<meta property=\"og:title\" content=\"A declara\u00e7\u00e3o de Memphis Depay sobre a torcida do Corinthians\" \/>\n<meta property=\"og:description\" content=\"O novo atleta do Tim\u00e3o n\u00e3o poupou elogios a torcida Alvinegra O novo camisa 7 do Corinthians fez sua primeira coletiva com a impressa na tarde desta sexta-feira (12), no Parque S\u00e3o Jorge. Depay estava presente na classifica\u00e7\u00e3o do Tim\u00e3o contra o Juventude na noite desta quinta-feira (11), e pode sentir de perto o que [&hellip;]\" \/>\n<meta property=\"og:url\" content=\"https:\/\/www.gaveanews.com\/index.php\/2024\/09\/12\/a-declaracao-de-memphis-depay-sobre-a-torcida-do-corinthians\/\" \/>\n<meta property=\"og:site_name\" content=\"G\u00e1vea News\" \/>\n<meta property=\"article:publisher\" content=\"https:\/\/facebook.com\/gaveaNews\/\" \/>\n<meta property=\"article:published_time\" content=\"2024-09-12T23:00:00+00:00\" \/>\n<meta property=\"og:image\" content=\"https:\/\/www.gaveanews.com\/wp-content\/uploads\/Memphis-Depay-com-a-camisa-do-Corinthians-em-2024.webp\" \/>\n\t<meta property=\"og:image:width\" content=\"1064\" \/>\n\t<meta property=\"og:image:height\" content=\"709\" \/>\n\t<meta property=\"og:image:type\" content=\"image\/webp\" \/>\n<meta name=\"author\" content=\"Geovanna Thomaz\" \/>\n<meta name=\"twitter:card\" content=\"summary_large_image\" \/>\n<meta name=\"twitter:label1\" content=\"Escrito por\" \/>\n\t<meta name=\"twitter:data1\" content=\"Geovanna Thomaz\" \/>\n\t<meta name=\"twitter:label2\" content=\"Est. tempo de leitura\" \/>\n\t<meta name=\"twitter:data2\" content=\"3 minutos\" \/>\n<script type=\"application\/ld+json\" class=\"yoast-schema-graph\">{\"@context\":\"https:\/\/schema.org\",\"@graph\":[{\"@type\":\"NewsArticle\",\"@id\":\"https:\/\/www.gaveanews.com\/index.php\/2024\/09\/12\/a-declaracao-de-memphis-depay-sobre-a-torcida-do-corinthians\/#article\",\"isPartOf\":{\"@id\":\"https:\/\/www.gaveanews.com\/index.php\/2024\/09\/12\/a-declaracao-de-memphis-depay-sobre-a-torcida-do-corinthians\/\"},\"author\":{\"name\":\"Geovanna Thomaz\",\"@id\":\"https:\/\/www.gaveanews.com\/#\/schema\/person\/f42654babcd2b2014a1a65af82b081f1\"},\"headline\":\"A declara\u00e7\u00e3o de Memphis Depay sobre a torcida do Corinthians\",\"datePublished\":\"2024-09-12T23:00:00+00:00\",\"mainEntityOfPage\":{\"@id\":\"https:\/\/www.gaveanews.com\/index.php\/2024\/09\/12\/a-declaracao-de-memphis-depay-sobre-a-torcida-do-corinthians\/\"},\"wordCount\":397,\"commentCount\":0,\"image\":{\"@id\":\"https:\/\/www.gaveanews.com\/index.php\/2024\/09\/12\/a-declaracao-de-memphis-depay-sobre-a-torcida-do-corinthians\/#primaryimage\"},\"thumbnailUrl\":\"https:\/\/www.gaveanews.com\/wp-content\/uploads\/Memphis-Depay-com-a-camisa-do-Corinthians-em-2024.webp\",\"articleSection\":[\"Corinthians\"],\"inLanguage\":\"pt-BR\",\"potentialAction\":[{\"@type\":\"CommentAction\",\"name\":\"Comment\",\"target\":[\"https:\/\/www.gaveanews.com\/index.php\/2024\/09\/12\/a-declaracao-de-memphis-depay-sobre-a-torcida-do-corinthians\/#respond\"]}],\"copyrightYear\":\"2024\",\"copyrightHolder\":{\"@id\":\"https:\/\/www.gaveanews.com\/#organization\"}},{\"@type\":\"WebPage\",\"@id\":\"https:\/\/www.gaveanews.com\/index.php\/2024\/09\/12\/a-declaracao-de-memphis-depay-sobre-a-torcida-do-corinthians\/\",\"url\":\"https:\/\/www.gaveanews.com\/index.php\/2024\/09\/12\/a-declaracao-de-memphis-depay-sobre-a-torcida-do-corinthians\/\",\"name\":\"A declara\u00e7\u00e3o de Memphis Depay sobre a torcida do Corinthians\",\"isPartOf\":{\"@id\":\"https:\/\/www.gaveanews.com\/#website\"},\"primaryImageOfPage\":{\"@id\":\"https:\/\/www.gaveanews.com\/index.php\/2024\/09\/12\/a-declaracao-de-memphis-depay-sobre-a-torcida-do-corinthians\/#primaryimage\"},\"image\":{\"@id\":\"https:\/\/www.gaveanews.com\/index.php\/2024\/09\/12\/a-declaracao-de-memphis-depay-sobre-a-torcida-do-corinthians\/#primaryimage\"},\"thumbnailUrl\":\"https:\/\/www.gaveanews.com\/wp-content\/uploads\/Memphis-Depay-com-a-camisa-do-Corinthians-em-2024.webp\",\"datePublished\":\"2024-09-12T23:00:00+00:00\",\"author\":{\"@id\":\"https:\/\/www.gaveanews.com\/#\/schema\/person\/f42654babcd2b2014a1a65af82b081f1\"},\"breadcrumb\":{\"@id\":\"https:\/\/www.gaveanews.com\/index.php\/2024\/09\/12\/a-declaracao-de-memphis-depay-sobre-a-torcida-do-corinthians\/#breadcrumb\"},\"inLanguage\":\"pt-BR\",\"potentialAction\":[{\"@type\":\"ReadAction\",\"target\":[\"https:\/\/www.gaveanews.com\/index.php\/2024\/09\/12\/a-declaracao-de-memphis-depay-sobre-a-torcida-do-corinthians\/\"]}]},{\"@type\":\"ImageObject\",\"inLanguage\":\"pt-BR\",\"@id\":\"https:\/\/www.gaveanews.com\/index.php\/2024\/09\/12\/a-declaracao-de-memphis-depay-sobre-a-torcida-do-corinthians\/#primaryimage\",\"url\":\"https:\/\/www.gaveanews.com\/wp-content\/uploads\/Memphis-Depay-com-a-camisa-do-Corinthians-em-2024.webp\",\"contentUrl\":\"https:\/\/www.gaveanews.com\/wp-content\/uploads\/Memphis-Depay-com-a-camisa-do-Corinthians-em-2024.webp\",\"width\":1064,\"height\":709,\"caption\":\"Memphis Depay com a camisa do Corinthians em 2024 (Foto: Reprodu\u00e7\u00e3o\/Instagram)\"},{\"@type\":\"BreadcrumbList\",\"@id\":\"https:\/\/www.gaveanews.com\/index.php\/2024\/09\/12\/a-declaracao-de-memphis-depay-sobre-a-torcida-do-corinthians\/#breadcrumb\",\"itemListElement\":[{\"@type\":\"ListItem\",\"position\":1,\"name\":\"Home\",\"item\":\"https:\/\/www.gaveanews.com\/\"},{\"@type\":\"ListItem\",\"position\":2,\"name\":\"A declara\u00e7\u00e3o de Memphis Depay sobre a torcida do Corinthians\"}]},{\"@type\":\"WebSite\",\"@id\":\"https:\/\/www.gaveanews.com\/#website\",\"url\":\"https:\/\/www.gaveanews.com\/\",\"name\":\"G\u00e1vea News\",\"description\":\"Veja todas as not\u00edcias sobre o Flamengo: Contrata\u00e7\u00f5es, categorias de base, resultados das partidas, tabela de classifica\u00e7\u00e3o, pr\u00f3ximos jogos!\",\"potentialAction\":[{\"@type\":\"SearchAction\",\"target\":{\"@type\":\"EntryPoint\",\"urlTemplate\":\"https:\/\/www.gaveanews.com\/?s={search_term_string}\"},\"query-input\":{\"@type\":\"PropertyValueSpecification\",\"valueRequired\":true,\"valueName\":\"search_term_string\"}}],\"inLanguage\":\"pt-BR\"},{\"@type\":\"Person\",\"@id\":\"https:\/\/www.gaveanews.com\/#\/schema\/person\/f42654babcd2b2014a1a65af82b081f1\",\"name\":\"Geovanna Thomaz\",\"image\":{\"@type\":\"ImageObject\",\"inLanguage\":\"pt-BR\",\"@id\":\"https:\/\/www.gaveanews.com\/#\/schema\/person\/image\/\",\"url\":\"https:\/\/secure.gravatar.com\/avatar\/4092073255489533afb558984b49b64268c47198af8623cc82a925ae9fb7118a?s=96&d=mm&r=g\",\"contentUrl\":\"https:\/\/secure.gravatar.com\/avatar\/4092073255489533afb558984b49b64268c47198af8623cc82a925ae9fb7118a?s=96&d=mm&r=g\",\"caption\":\"Geovanna Thomaz\"}}]}<\/script>\n<!-- \/ Yoast SEO Premium plugin. -->","yoast_head_json":{"title":"A declara\u00e7\u00e3o de Memphis Depay sobre a torcida do Corinthians","robots":{"index":"index","follow":"follow","max-snippet":"max-snippet:-1","max-image-preview":"max-image-preview:large","max-video-preview":"max-video-preview:-1"},"canonical":"https:\/\/www.gaveanews.com\/index.php\/2024\/09\/12\/a-declaracao-de-memphis-depay-sobre-a-torcida-do-corinthians\/","og_locale":"pt_BR","og_type":"article","og_title":"A declara\u00e7\u00e3o de Memphis Depay sobre a torcida do Corinthians","og_description":"O novo atleta do Tim\u00e3o n\u00e3o poupou elogios a torcida Alvinegra O novo camisa 7 do Corinthians fez sua primeira coletiva com a impressa na tarde desta sexta-feira (12), no Parque S\u00e3o Jorge. Depay estava presente na classifica\u00e7\u00e3o do Tim\u00e3o contra o Juventude na noite desta quinta-feira (11), e pode sentir de perto o que [&hellip;]","og_url":"https:\/\/www.gaveanews.com\/index.php\/2024\/09\/12\/a-declaracao-de-memphis-depay-sobre-a-torcida-do-corinthians\/","og_site_name":"G\u00e1vea News","article_publisher":"https:\/\/facebook.com\/gaveaNews\/","article_published_time":"2024-09-12T23:00:00+00:00","og_image":[{"width":1064,"height":709,"url":"https:\/\/www.gaveanews.com\/wp-content\/uploads\/Memphis-Depay-com-a-camisa-do-Corinthians-em-2024.webp","type":"image\/webp"}],"author":"Geovanna Thomaz","twitter_card":"summary_large_image","twitter_misc":{"Escrito por":"Geovanna Thomaz","Est. tempo de leitura":"3 minutos"},"schema":{"@context":"https:\/\/schema.org","@graph":[{"@type":"NewsArticle","@id":"https:\/\/www.gaveanews.com\/index.php\/2024\/09\/12\/a-declaracao-de-memphis-depay-sobre-a-torcida-do-corinthians\/#article","isPartOf":{"@id":"https:\/\/www.gaveanews.com\/index.php\/2024\/09\/12\/a-declaracao-de-memphis-depay-sobre-a-torcida-do-corinthians\/"},"author":{"name":"Geovanna Thomaz","@id":"https:\/\/www.gaveanews.com\/#\/schema\/person\/f42654babcd2b2014a1a65af82b081f1"},"headline":"A declara\u00e7\u00e3o de Memphis Depay sobre a torcida do Corinthians","datePublished":"2024-09-12T23:00:00+00:00","mainEntityOfPage":{"@id":"https:\/\/www.gaveanews.com\/index.php\/2024\/09\/12\/a-declaracao-de-memphis-depay-sobre-a-torcida-do-corinthians\/"},"wordCount":397,"commentCount":0,"image":{"@id":"https:\/\/www.gaveanews.com\/index.php\/2024\/09\/12\/a-declaracao-de-memphis-depay-sobre-a-torcida-do-corinthians\/#primaryimage"},"thumbnailUrl":"https:\/\/www.gaveanews.com\/wp-content\/uploads\/Memphis-Depay-com-a-camisa-do-Corinthians-em-2024.webp","articleSection":["Corinthians"],"inLanguage":"pt-BR","potentialAction":[{"@type":"CommentAction","name":"Comment","target":["https:\/\/www.gaveanews.com\/index.php\/2024\/09\/12\/a-declaracao-de-memphis-depay-sobre-a-torcida-do-corinthians\/#respond"]}],"copyrightYear":"2024","copyrightHolder":{"@id":"https:\/\/www.gaveanews.com\/#organization"}},{"@type":"WebPage","@id":"https:\/\/www.gaveanews.com\/index.php\/2024\/09\/12\/a-declaracao-de-memphis-depay-sobre-a-torcida-do-corinthians\/","url":"https:\/\/www.gaveanews.com\/index.php\/2024\/09\/12\/a-declaracao-de-memphis-depay-sobre-a-torcida-do-corinthians\/","name":"A declara\u00e7\u00e3o de Memphis Depay sobre a torcida do Corinthians","isPartOf":{"@id":"https:\/\/www.gaveanews.com\/#website"},"primaryImageOfPage":{"@id":"https:\/\/www.gaveanews.com\/index.php\/2024\/09\/12\/a-declaracao-de-memphis-depay-sobre-a-torcida-do-corinthians\/#primaryimage"},"image":{"@id":"https:\/\/www.gaveanews.com\/index.php\/2024\/09\/12\/a-declaracao-de-memphis-depay-sobre-a-torcida-do-corinthians\/#primaryimage"},"thumbnailUrl":"https:\/\/www.gaveanews.com\/wp-content\/uploads\/Memphis-Depay-com-a-camisa-do-Corinthians-em-2024.webp","datePublished":"2024-09-12T23:00:00+00:00","author":{"@id":"https:\/\/www.gaveanews.com\/#\/schema\/person\/f42654babcd2b2014a1a65af82b081f1"},"breadcrumb":{"@id":"https:\/\/www.gaveanews.com\/index.php\/2024\/09\/12\/a-declaracao-de-memphis-depay-sobre-a-torcida-do-corinthians\/#breadcrumb"},"inLanguage":"pt-BR","potentialAction":[{"@type":"ReadAction","target":["https:\/\/www.gaveanews.com\/index.php\/2024\/09\/12\/a-declaracao-de-memphis-depay-sobre-a-torcida-do-corinthians\/"]}]},{"@type":"ImageObject","inLanguage":"pt-BR","@id":"https:\/\/www.gaveanews.com\/index.php\/2024\/09\/12\/a-declaracao-de-memphis-depay-sobre-a-torcida-do-corinthians\/#primaryimage","url":"https:\/\/www.gaveanews.com\/wp-content\/uploads\/Memphis-Depay-com-a-camisa-do-Corinthians-em-2024.webp","contentUrl":"https:\/\/www.gaveanews.com\/wp-content\/uploads\/Memphis-Depay-com-a-camisa-do-Corinthians-em-2024.webp","width":1064,"height":709,"caption":"Memphis Depay com a camisa do Corinthians em 2024 (Foto: Reprodu\u00e7\u00e3o\/Instagram)"},{"@type":"BreadcrumbList","@id":"https:\/\/www.gaveanews.com\/index.php\/2024\/09\/12\/a-declaracao-de-memphis-depay-sobre-a-torcida-do-corinthians\/#breadcrumb","itemListElement":[{"@type":"ListItem","position":1,"name":"Home","item":"https:\/\/www.gaveanews.com\/"},{"@type":"ListItem","position":2,"name":"A declara\u00e7\u00e3o de Memphis Depay sobre a torcida do Corinthians"}]},{"@type":"WebSite","@id":"https:\/\/www.gaveanews.com\/#website","url":"https:\/\/www.gaveanews.com\/","name":"G\u00e1vea News","description":"Veja todas as not\u00edcias sobre o Flamengo: Contrata\u00e7\u00f5es, categorias de base, resultados das partidas, tabela de classifica\u00e7\u00e3o, pr\u00f3ximos jogos!","potentialAction":[{"@type":"SearchAction","target":{"@type":"EntryPoint","urlTemplate":"https:\/\/www.gaveanews.com\/?s={search_term_string}"},"query-input":{"@type":"PropertyValueSpecification","valueRequired":true,"valueName":"search_term_string"}}],"inLanguage":"pt-BR"},{"@type":"Person","@id":"https:\/\/www.gaveanews.com\/#\/schema\/person\/f42654babcd2b2014a1a65af82b081f1","name":"Geovanna Thomaz","image":{"@type":"ImageObject","inLanguage":"pt-BR","@id":"https:\/\/www.gaveanews.com\/#\/schema\/person\/image\/","url":"https:\/\/secure.gravatar.com\/avatar\/4092073255489533afb558984b49b64268c47198af8623cc82a925ae9fb7118a?s=96&d=mm&r=g","contentUrl":"https:\/\/secure.gravatar.com\/avatar\/4092073255489533afb558984b49b64268c47198af8623cc82a925ae9fb7118a?s=96&d=mm&r=g","caption":"Geovanna Thomaz"}}]}},"_links":{"self":[{"href":"https:\/\/www.gaveanews.com\/index.php\/wp-json\/wp\/v2\/posts\/165921","targetHints":{"allow":["GET"]}}],"collection":[{"href":"https:\/\/www.gaveanews.com\/index.php\/wp-json\/wp\/v2\/posts"}],"about":[{"href":"https:\/\/www.gaveanews.com\/index.php\/wp-json\/wp\/v2\/types\/post"}],"author":[{"embeddable":true,"href":"https:\/\/www.gaveanews.com\/index.php\/wp-json\/wp\/v2\/users\/17"}],"replies":[{"embeddable":true,"href":"https:\/\/www.gaveanews.com\/index.php\/wp-json\/wp\/v2\/comments?post=165921"}],"version-history":[{"count":1,"href":"https:\/\/www.gaveanews.com\/index.php\/wp-json\/wp\/v2\/posts\/165921\/revisions"}],"predecessor-version":[{"id":165922,"href":"https:\/\/www.gaveanews.com\/index.php\/wp-json\/wp\/v2\/posts\/165921\/revisions\/165922"}],"wp:featuredmedia":[{"embeddable":true,"href":"https:\/\/www.gaveanews.com\/index.php\/wp-json\/wp\/v2\/media\/165404"}],"wp:attachment":[{"href":"https:\/\/www.gaveanews.com\/index.php\/wp-json\/wp\/v2\/media?parent=165921"}],"wp:term":[{"taxonomy":"category","embeddable":true,"href":"https:\/\/www.gaveanews.com\/index.php\/wp-json\/wp\/v2\/categories?post=165921"},{"taxonomy":"post_tag","embeddable":true,"href":"https:\/\/www.gaveanews.com\/index.php\/wp-json\/wp\/v2\/tags?post=165921"}],"curies":[{"name":"wp","href":"https:\/\/api.w.org\/{rel}","templated":true}]}}