{"id":166115,"date":"2024-09-12T22:15:00","date_gmt":"2024-09-13T01:15:00","guid":{"rendered":"https:\/\/www.gaveanews.com\/?p=166115"},"modified":"2024-09-12T21:06:46","modified_gmt":"2024-09-13T00:06:46","slug":"cbf-se-recusa-a-atender-pedido-do-corinthians","status":"publish","type":"post","link":"https:\/\/www.gaveanews.com\/index.php\/2024\/09\/12\/cbf-se-recusa-a-atender-pedido-do-corinthians\/","title":{"rendered":"CBF se recusa a atender pedido do Corinthians"},"content":{"rendered":"\n<h2 class=\"wp-block-heading\" id=\"h-corinthians-enfrenta-obstaculos-para-regularizar-memphis-depay-jogador-sera-desfalque-na-copa-do-brasil\">Corinthians enfrenta obst\u00e1culos para regularizar Memphis Depay; jogador ser\u00e1 desfalque na Copa do Brasil<\/h2>\n\n\n\n<p>O Corinthians est\u00e1 enfrentando dificuldades para regularizar o atacante holand\u00eas Memphis Depay, contratado recentemente pelo clube. Embora o jogador tenha sido registrado no BID (Boletim Informativo Di\u00e1rio) da CBF ap\u00f3s o encerramento do prazo, o clube n\u00e3o conseguiu inscrev\u00ea-lo a tempo para os jogos decisivos da Copa do Brasil. <\/p>\n\n\n\n<ul class=\"wp-block-list\">\n<li><a href=\"https:\/\/www.gaveanews.com\/index.php\/2024\/09\/12\/a-declaracao-de-memphis-depay-sobre-a-torcida-do-corinthians\/\">A declara\u00e7\u00e3o de Memphis Depay sobre a torcida do Corinthians<\/a><\/li>\n\n\n\n<li><a href=\"https:\/\/www.gaveanews.com\/index.php\/2024\/09\/12\/neymar-ajudou-o-corinthians-a-fechar-com-seu-novo-reforco\/\">Neymar ajudou o Corinthians a fechar com seu novo refor\u00e7o<\/a><\/li>\n<\/ul>\n\n\n\n<p>No entendimento da CBF, abrir uma exce\u00e7\u00e3o ao Corinthians comprometeria a igualdade entre os clubes na competi\u00e7\u00e3o, impossibilitando o holand\u00eas de disputar as semifinais e uma poss\u00edvel final.<\/p>\n\n\n\n<p>O problema ocorreu devido \u00e0 demora na entrega de um documento essencial, que deveria ter sido fornecido pela Real Federa\u00e7\u00e3o Espanhola de Futebol. Apesar do clube paulista ter cumprido com o envio de todos os outros documentos necess\u00e1rios dentro do prazo, a aus\u00eancia desse \u00fanico item impediu a regulariza\u00e7\u00e3o completa de Memphis at\u00e9 a data-limite.<\/p>\n\n\n\n<p>Para o torneio continental, no entanto, o Corinthians ainda tem at\u00e9 sexta-feira para inscrever o jogador para a Copa Sul-Americana. J\u00e1 no Brasileir\u00e3o, a data final para a inscri\u00e7\u00e3o de novos atletas \u00e9 20 de setembro, o que oferece uma janela extra para o atacante poder disputar as competi\u00e7\u00f5es nacionais.<\/p>\n\n\n\n<p>Al\u00e9m de Memphis, o meia peruano Andr\u00e9 Carrillo, contratado no mesmo per\u00edodo, foi inscrito a tempo e j\u00e1 est\u00e1 \u00e0 disposi\u00e7\u00e3o do t\u00e9cnico Ramon D\u00edaz. Carrillo e Depay fazem parte das 20 contrata\u00e7\u00f5es do Corinthians para a temporada, sendo nove realizadas na janela de transfer\u00eancias do meio do ano. Com esses dois refor\u00e7os, o clube encerra oficialmente sua busca por novos jogadores em 2024.<\/p>\n\n\n\n<p>O contrato de Memphis com o Corinthians \u00e9 v\u00e1lido at\u00e9 julho de 2026, com o custo total estimado em mais de R$ 70 milh\u00f5es, valor que inclui sal\u00e1rios, luvas e bonifica\u00e7\u00f5es, sendo parte desse montante coberto pelo patrocinador master, Esportes da Sorte.<\/p>\n","protected":false},"excerpt":{"rendered":"<p>Corinthians enfrenta obst\u00e1culos para regularizar Memphis Depay; jogador ser\u00e1 desfalque na Copa do Brasil O Corinthians est\u00e1 enfrentando dificuldades para regularizar o atacante holand\u00eas Memphis Depay, contratado recentemente pelo clube. Embora o jogador tenha sido registrado no BID (Boletim Informativo Di\u00e1rio) da CBF ap\u00f3s o encerramento do prazo, o clube n\u00e3o conseguiu inscrev\u00ea-lo a tempo [&hellip;]<\/p>\n","protected":false},"author":17,"featured_media":158982,"comment_status":"open","ping_status":"closed","sticky":false,"template":"","format":"standard","meta":{"footnotes":""},"categories":[141],"tags":[],"class_list":["post-166115","post","type-post","status-publish","format-standard","has-post-thumbnail","hentry","category-corinthians"],"yoast_head":"<!-- This site is optimized with the Yoast SEO Premium plugin v24.2 (Yoast SEO v26.9) - https:\/\/yoast.com\/product\/yoast-seo-premium-wordpress\/ -->\n<title>CBF se recusa a atender pedido do Corinthians<\/title>\n<meta name=\"robots\" content=\"index, follow, max-snippet:-1, max-image-preview:large, max-video-preview:-1\" \/>\n<link rel=\"canonical\" href=\"https:\/\/www.gaveanews.com\/index.php\/2024\/09\/12\/cbf-se-recusa-a-atender-pedido-do-corinthians\/\" \/>\n<meta property=\"og:locale\" content=\"pt_BR\" \/>\n<meta property=\"og:type\" content=\"article\" \/>\n<meta property=\"og:title\" content=\"CBF se recusa a atender pedido do Corinthians\" \/>\n<meta property=\"og:description\" content=\"Corinthians enfrenta obst\u00e1culos para regularizar Memphis Depay; jogador ser\u00e1 desfalque na Copa do Brasil O Corinthians est\u00e1 enfrentando dificuldades para regularizar o atacante holand\u00eas Memphis Depay, contratado recentemente pelo clube. Embora o jogador tenha sido registrado no BID (Boletim Informativo Di\u00e1rio) da CBF ap\u00f3s o encerramento do prazo, o clube n\u00e3o conseguiu inscrev\u00ea-lo a tempo [&hellip;]\" \/>\n<meta property=\"og:url\" content=\"https:\/\/www.gaveanews.com\/index.php\/2024\/09\/12\/cbf-se-recusa-a-atender-pedido-do-corinthians\/\" \/>\n<meta property=\"og:site_name\" content=\"G\u00e1vea News\" \/>\n<meta property=\"article:publisher\" content=\"https:\/\/facebook.com\/gaveaNews\/\" \/>\n<meta property=\"article:published_time\" content=\"2024-09-13T01:15:00+00:00\" \/>\n<meta property=\"og:image\" content=\"https:\/\/www.gaveanews.com\/wp-content\/uploads\/2qgb52iuihz6ikmp2ky0yr6sn.webp\" \/>\n\t<meta property=\"og:image:width\" content=\"906\" \/>\n\t<meta property=\"og:image:height\" content=\"509\" \/>\n\t<meta property=\"og:image:type\" content=\"image\/webp\" \/>\n<meta name=\"author\" content=\"Geovanna Thomaz\" \/>\n<meta name=\"twitter:card\" content=\"summary_large_image\" \/>\n<meta name=\"twitter:label1\" content=\"Escrito por\" \/>\n\t<meta name=\"twitter:data1\" content=\"Geovanna Thomaz\" \/>\n\t<meta name=\"twitter:label2\" content=\"Est. tempo de leitura\" \/>\n\t<meta name=\"twitter:data2\" content=\"2 minutos\" \/>\n<script type=\"application\/ld+json\" class=\"yoast-schema-graph\">{\"@context\":\"https:\/\/schema.org\",\"@graph\":[{\"@type\":\"NewsArticle\",\"@id\":\"https:\/\/www.gaveanews.com\/index.php\/2024\/09\/12\/cbf-se-recusa-a-atender-pedido-do-corinthians\/#article\",\"isPartOf\":{\"@id\":\"https:\/\/www.gaveanews.com\/index.php\/2024\/09\/12\/cbf-se-recusa-a-atender-pedido-do-corinthians\/\"},\"author\":{\"name\":\"Geovanna Thomaz\",\"@id\":\"https:\/\/www.gaveanews.com\/#\/schema\/person\/f42654babcd2b2014a1a65af82b081f1\"},\"headline\":\"CBF se recusa a atender pedido do Corinthians\",\"datePublished\":\"2024-09-13T01:15:00+00:00\",\"mainEntityOfPage\":{\"@id\":\"https:\/\/www.gaveanews.com\/index.php\/2024\/09\/12\/cbf-se-recusa-a-atender-pedido-do-corinthians\/\"},\"wordCount\":352,\"commentCount\":0,\"image\":{\"@id\":\"https:\/\/www.gaveanews.com\/index.php\/2024\/09\/12\/cbf-se-recusa-a-atender-pedido-do-corinthians\/#primaryimage\"},\"thumbnailUrl\":\"https:\/\/www.gaveanews.com\/wp-content\/uploads\/2qgb52iuihz6ikmp2ky0yr6sn.webp\",\"articleSection\":[\"Corinthians\"],\"inLanguage\":\"pt-BR\",\"potentialAction\":[{\"@type\":\"CommentAction\",\"name\":\"Comment\",\"target\":[\"https:\/\/www.gaveanews.com\/index.php\/2024\/09\/12\/cbf-se-recusa-a-atender-pedido-do-corinthians\/#respond\"]}],\"copyrightYear\":\"2024\",\"copyrightHolder\":{\"@id\":\"https:\/\/www.gaveanews.com\/#organization\"}},{\"@type\":\"WebPage\",\"@id\":\"https:\/\/www.gaveanews.com\/index.php\/2024\/09\/12\/cbf-se-recusa-a-atender-pedido-do-corinthians\/\",\"url\":\"https:\/\/www.gaveanews.com\/index.php\/2024\/09\/12\/cbf-se-recusa-a-atender-pedido-do-corinthians\/\",\"name\":\"CBF se recusa a atender pedido do Corinthians\",\"isPartOf\":{\"@id\":\"https:\/\/www.gaveanews.com\/#website\"},\"primaryImageOfPage\":{\"@id\":\"https:\/\/www.gaveanews.com\/index.php\/2024\/09\/12\/cbf-se-recusa-a-atender-pedido-do-corinthians\/#primaryimage\"},\"image\":{\"@id\":\"https:\/\/www.gaveanews.com\/index.php\/2024\/09\/12\/cbf-se-recusa-a-atender-pedido-do-corinthians\/#primaryimage\"},\"thumbnailUrl\":\"https:\/\/www.gaveanews.com\/wp-content\/uploads\/2qgb52iuihz6ikmp2ky0yr6sn.webp\",\"datePublished\":\"2024-09-13T01:15:00+00:00\",\"author\":{\"@id\":\"https:\/\/www.gaveanews.com\/#\/schema\/person\/f42654babcd2b2014a1a65af82b081f1\"},\"breadcrumb\":{\"@id\":\"https:\/\/www.gaveanews.com\/index.php\/2024\/09\/12\/cbf-se-recusa-a-atender-pedido-do-corinthians\/#breadcrumb\"},\"inLanguage\":\"pt-BR\",\"potentialAction\":[{\"@type\":\"ReadAction\",\"target\":[\"https:\/\/www.gaveanews.com\/index.php\/2024\/09\/12\/cbf-se-recusa-a-atender-pedido-do-corinthians\/\"]}]},{\"@type\":\"ImageObject\",\"inLanguage\":\"pt-BR\",\"@id\":\"https:\/\/www.gaveanews.com\/index.php\/2024\/09\/12\/cbf-se-recusa-a-atender-pedido-do-corinthians\/#primaryimage\",\"url\":\"https:\/\/www.gaveanews.com\/wp-content\/uploads\/2qgb52iuihz6ikmp2ky0yr6sn.webp\",\"contentUrl\":\"https:\/\/www.gaveanews.com\/wp-content\/uploads\/2qgb52iuihz6ikmp2ky0yr6sn.webp\",\"width\":906,\"height\":509,\"caption\":\"Augusto Melo - Foto: Rodrigo Coca\/Ag\u00eancia Corinthians\"},{\"@type\":\"BreadcrumbList\",\"@id\":\"https:\/\/www.gaveanews.com\/index.php\/2024\/09\/12\/cbf-se-recusa-a-atender-pedido-do-corinthians\/#breadcrumb\",\"itemListElement\":[{\"@type\":\"ListItem\",\"position\":1,\"name\":\"Home\",\"item\":\"https:\/\/www.gaveanews.com\/\"},{\"@type\":\"ListItem\",\"position\":2,\"name\":\"CBF se recusa a atender pedido do Corinthians\"}]},{\"@type\":\"WebSite\",\"@id\":\"https:\/\/www.gaveanews.com\/#website\",\"url\":\"https:\/\/www.gaveanews.com\/\",\"name\":\"G\u00e1vea News\",\"description\":\"Veja todas as not\u00edcias sobre o Flamengo: Contrata\u00e7\u00f5es, categorias de base, resultados das partidas, tabela de classifica\u00e7\u00e3o, pr\u00f3ximos jogos!\",\"potentialAction\":[{\"@type\":\"SearchAction\",\"target\":{\"@type\":\"EntryPoint\",\"urlTemplate\":\"https:\/\/www.gaveanews.com\/?s={search_term_string}\"},\"query-input\":{\"@type\":\"PropertyValueSpecification\",\"valueRequired\":true,\"valueName\":\"search_term_string\"}}],\"inLanguage\":\"pt-BR\"},{\"@type\":\"Person\",\"@id\":\"https:\/\/www.gaveanews.com\/#\/schema\/person\/f42654babcd2b2014a1a65af82b081f1\",\"name\":\"Geovanna Thomaz\",\"image\":{\"@type\":\"ImageObject\",\"inLanguage\":\"pt-BR\",\"@id\":\"https:\/\/www.gaveanews.com\/#\/schema\/person\/image\/\",\"url\":\"https:\/\/secure.gravatar.com\/avatar\/4092073255489533afb558984b49b64268c47198af8623cc82a925ae9fb7118a?s=96&d=mm&r=g\",\"contentUrl\":\"https:\/\/secure.gravatar.com\/avatar\/4092073255489533afb558984b49b64268c47198af8623cc82a925ae9fb7118a?s=96&d=mm&r=g\",\"caption\":\"Geovanna Thomaz\"}}]}<\/script>\n<!-- \/ Yoast SEO Premium plugin. -->","yoast_head_json":{"title":"CBF se recusa a atender pedido do Corinthians","robots":{"index":"index","follow":"follow","max-snippet":"max-snippet:-1","max-image-preview":"max-image-preview:large","max-video-preview":"max-video-preview:-1"},"canonical":"https:\/\/www.gaveanews.com\/index.php\/2024\/09\/12\/cbf-se-recusa-a-atender-pedido-do-corinthians\/","og_locale":"pt_BR","og_type":"article","og_title":"CBF se recusa a atender pedido do Corinthians","og_description":"Corinthians enfrenta obst\u00e1culos para regularizar Memphis Depay; jogador ser\u00e1 desfalque na Copa do Brasil O Corinthians est\u00e1 enfrentando dificuldades para regularizar o atacante holand\u00eas Memphis Depay, contratado recentemente pelo clube. Embora o jogador tenha sido registrado no BID (Boletim Informativo Di\u00e1rio) da CBF ap\u00f3s o encerramento do prazo, o clube n\u00e3o conseguiu inscrev\u00ea-lo a tempo [&hellip;]","og_url":"https:\/\/www.gaveanews.com\/index.php\/2024\/09\/12\/cbf-se-recusa-a-atender-pedido-do-corinthians\/","og_site_name":"G\u00e1vea News","article_publisher":"https:\/\/facebook.com\/gaveaNews\/","article_published_time":"2024-09-13T01:15:00+00:00","og_image":[{"width":906,"height":509,"url":"https:\/\/www.gaveanews.com\/wp-content\/uploads\/2qgb52iuihz6ikmp2ky0yr6sn.webp","type":"image\/webp"}],"author":"Geovanna Thomaz","twitter_card":"summary_large_image","twitter_misc":{"Escrito por":"Geovanna Thomaz","Est. tempo de leitura":"2 minutos"},"schema":{"@context":"https:\/\/schema.org","@graph":[{"@type":"NewsArticle","@id":"https:\/\/www.gaveanews.com\/index.php\/2024\/09\/12\/cbf-se-recusa-a-atender-pedido-do-corinthians\/#article","isPartOf":{"@id":"https:\/\/www.gaveanews.com\/index.php\/2024\/09\/12\/cbf-se-recusa-a-atender-pedido-do-corinthians\/"},"author":{"name":"Geovanna Thomaz","@id":"https:\/\/www.gaveanews.com\/#\/schema\/person\/f42654babcd2b2014a1a65af82b081f1"},"headline":"CBF se recusa a atender pedido do Corinthians","datePublished":"2024-09-13T01:15:00+00:00","mainEntityOfPage":{"@id":"https:\/\/www.gaveanews.com\/index.php\/2024\/09\/12\/cbf-se-recusa-a-atender-pedido-do-corinthians\/"},"wordCount":352,"commentCount":0,"image":{"@id":"https:\/\/www.gaveanews.com\/index.php\/2024\/09\/12\/cbf-se-recusa-a-atender-pedido-do-corinthians\/#primaryimage"},"thumbnailUrl":"https:\/\/www.gaveanews.com\/wp-content\/uploads\/2qgb52iuihz6ikmp2ky0yr6sn.webp","articleSection":["Corinthians"],"inLanguage":"pt-BR","potentialAction":[{"@type":"CommentAction","name":"Comment","target":["https:\/\/www.gaveanews.com\/index.php\/2024\/09\/12\/cbf-se-recusa-a-atender-pedido-do-corinthians\/#respond"]}],"copyrightYear":"2024","copyrightHolder":{"@id":"https:\/\/www.gaveanews.com\/#organization"}},{"@type":"WebPage","@id":"https:\/\/www.gaveanews.com\/index.php\/2024\/09\/12\/cbf-se-recusa-a-atender-pedido-do-corinthians\/","url":"https:\/\/www.gaveanews.com\/index.php\/2024\/09\/12\/cbf-se-recusa-a-atender-pedido-do-corinthians\/","name":"CBF se recusa a atender pedido do Corinthians","isPartOf":{"@id":"https:\/\/www.gaveanews.com\/#website"},"primaryImageOfPage":{"@id":"https:\/\/www.gaveanews.com\/index.php\/2024\/09\/12\/cbf-se-recusa-a-atender-pedido-do-corinthians\/#primaryimage"},"image":{"@id":"https:\/\/www.gaveanews.com\/index.php\/2024\/09\/12\/cbf-se-recusa-a-atender-pedido-do-corinthians\/#primaryimage"},"thumbnailUrl":"https:\/\/www.gaveanews.com\/wp-content\/uploads\/2qgb52iuihz6ikmp2ky0yr6sn.webp","datePublished":"2024-09-13T01:15:00+00:00","author":{"@id":"https:\/\/www.gaveanews.com\/#\/schema\/person\/f42654babcd2b2014a1a65af82b081f1"},"breadcrumb":{"@id":"https:\/\/www.gaveanews.com\/index.php\/2024\/09\/12\/cbf-se-recusa-a-atender-pedido-do-corinthians\/#breadcrumb"},"inLanguage":"pt-BR","potentialAction":[{"@type":"ReadAction","target":["https:\/\/www.gaveanews.com\/index.php\/2024\/09\/12\/cbf-se-recusa-a-atender-pedido-do-corinthians\/"]}]},{"@type":"ImageObject","inLanguage":"pt-BR","@id":"https:\/\/www.gaveanews.com\/index.php\/2024\/09\/12\/cbf-se-recusa-a-atender-pedido-do-corinthians\/#primaryimage","url":"https:\/\/www.gaveanews.com\/wp-content\/uploads\/2qgb52iuihz6ikmp2ky0yr6sn.webp","contentUrl":"https:\/\/www.gaveanews.com\/wp-content\/uploads\/2qgb52iuihz6ikmp2ky0yr6sn.webp","width":906,"height":509,"caption":"Augusto Melo - Foto: Rodrigo Coca\/Ag\u00eancia Corinthians"},{"@type":"BreadcrumbList","@id":"https:\/\/www.gaveanews.com\/index.php\/2024\/09\/12\/cbf-se-recusa-a-atender-pedido-do-corinthians\/#breadcrumb","itemListElement":[{"@type":"ListItem","position":1,"name":"Home","item":"https:\/\/www.gaveanews.com\/"},{"@type":"ListItem","position":2,"name":"CBF se recusa a atender pedido do Corinthians"}]},{"@type":"WebSite","@id":"https:\/\/www.gaveanews.com\/#website","url":"https:\/\/www.gaveanews.com\/","name":"G\u00e1vea News","description":"Veja todas as not\u00edcias sobre o Flamengo: Contrata\u00e7\u00f5es, categorias de base, resultados das partidas, tabela de classifica\u00e7\u00e3o, pr\u00f3ximos jogos!","potentialAction":[{"@type":"SearchAction","target":{"@type":"EntryPoint","urlTemplate":"https:\/\/www.gaveanews.com\/?s={search_term_string}"},"query-input":{"@type":"PropertyValueSpecification","valueRequired":true,"valueName":"search_term_string"}}],"inLanguage":"pt-BR"},{"@type":"Person","@id":"https:\/\/www.gaveanews.com\/#\/schema\/person\/f42654babcd2b2014a1a65af82b081f1","name":"Geovanna Thomaz","image":{"@type":"ImageObject","inLanguage":"pt-BR","@id":"https:\/\/www.gaveanews.com\/#\/schema\/person\/image\/","url":"https:\/\/secure.gravatar.com\/avatar\/4092073255489533afb558984b49b64268c47198af8623cc82a925ae9fb7118a?s=96&d=mm&r=g","contentUrl":"https:\/\/secure.gravatar.com\/avatar\/4092073255489533afb558984b49b64268c47198af8623cc82a925ae9fb7118a?s=96&d=mm&r=g","caption":"Geovanna Thomaz"}}]}},"_links":{"self":[{"href":"https:\/\/www.gaveanews.com\/index.php\/wp-json\/wp\/v2\/posts\/166115","targetHints":{"allow":["GET"]}}],"collection":[{"href":"https:\/\/www.gaveanews.com\/index.php\/wp-json\/wp\/v2\/posts"}],"about":[{"href":"https:\/\/www.gaveanews.com\/index.php\/wp-json\/wp\/v2\/types\/post"}],"author":[{"embeddable":true,"href":"https:\/\/www.gaveanews.com\/index.php\/wp-json\/wp\/v2\/users\/17"}],"replies":[{"embeddable":true,"href":"https:\/\/www.gaveanews.com\/index.php\/wp-json\/wp\/v2\/comments?post=166115"}],"version-history":[{"count":1,"href":"https:\/\/www.gaveanews.com\/index.php\/wp-json\/wp\/v2\/posts\/166115\/revisions"}],"predecessor-version":[{"id":166117,"href":"https:\/\/www.gaveanews.com\/index.php\/wp-json\/wp\/v2\/posts\/166115\/revisions\/166117"}],"wp:featuredmedia":[{"embeddable":true,"href":"https:\/\/www.gaveanews.com\/index.php\/wp-json\/wp\/v2\/media\/158982"}],"wp:attachment":[{"href":"https:\/\/www.gaveanews.com\/index.php\/wp-json\/wp\/v2\/media?parent=166115"}],"wp:term":[{"taxonomy":"category","embeddable":true,"href":"https:\/\/www.gaveanews.com\/index.php\/wp-json\/wp\/v2\/categories?post=166115"},{"taxonomy":"post_tag","embeddable":true,"href":"https:\/\/www.gaveanews.com\/index.php\/wp-json\/wp\/v2\/tags?post=166115"}],"curies":[{"name":"wp","href":"https:\/\/api.w.org\/{rel}","templated":true}]}}