{"id":166217,"date":"2024-09-13T12:30:00","date_gmt":"2024-09-13T15:30:00","guid":{"rendered":"https:\/\/www.gaveanews.com\/?p=166217"},"modified":"2024-09-13T11:13:02","modified_gmt":"2024-09-13T14:13:02","slug":"a-declaracao-de-tite-sobre-quem-vai-substituir-pedro","status":"publish","type":"post","link":"https:\/\/www.gaveanews.com\/index.php\/2024\/09\/13\/a-declaracao-de-tite-sobre-quem-vai-substituir-pedro\/","title":{"rendered":"A declara\u00e7\u00e3o de Tite sobre quem vai substituir Pedro"},"content":{"rendered":"\n<h2 class=\"wp-block-heading\" id=\"h-semifinais-da-copa-do-brasil-definidas\">Semifinais da Copa do Brasil definidas<\/h2>\n\n\n\n<p>O Flamengo est\u00e1 entre os quatro melhores times da Copa do Brasil, pela quarta vez seguida! Na noite da \u00faltima quinta-feira (12), a equipe garantiu sua classifica\u00e7\u00e3o e vai disputar o t\u00edtulo com Corinthians, Vasco e Atl\u00e9tico-MG. O primeiro ser\u00e1 o advers\u00e1rio nas semifinais.<\/p>\n\n\n\n<ul class=\"wp-block-yoast-seo-related-links yoast-seo-related-links\">\n<li><a href=\"https:\/\/www.gaveanews.com\/index.php\/2024\/09\/13\/a-declaracao-de-everton-ribeiro-apos-a-derrota-do-bahia-para-o-flamengo\/\">A declara\u00e7\u00e3o de Everton Ribeiro ap\u00f3s a derrota do Bahia para o Flamengo<\/a><\/li>\n\n\n\n<li><a href=\"https:\/\/www.gaveanews.com\/index.php\/2024\/09\/13\/a-declaracao-de-rogerio-ceni-apos-a-eliminacao-do-bahia-para-o-flamengo\/\">A declara\u00e7\u00e3o de Rog\u00e9rio Ceni ap\u00f3s a elimina\u00e7\u00e3o do Bahia para o Flamengo<\/a><\/li>\n<\/ul>\n\n\n\n<p>Tudo isso porque o Meng\u00e3o venceu mais uma vez o Bahia por 1 a 0. Assim como foi em Salvador, o Maracan\u00e3 foi palco do triunfo pelo placar m\u00ednimo que contou com gol de Arrascaeta, terminando 2 a 0 no agregado.<\/p>\n\n\n\n<p>Curiosamente, o time comandado por Tite \u00e9 o \u00fanico brasileiro que est\u00e1 brigando no Brasileir\u00e3o, Libertadores e Copa do Brasil. O Corinthians tamb\u00e9m est\u00e1 em tr\u00eas competi\u00e7\u00f5es, mas disputa a Copa Sul-Americana e n\u00e3o a Libertadores.<\/p>\n\n\n\n<h2 class=\"wp-block-heading\" id=\"h-preocupacao-para-substituir-pedro\">Preocupa\u00e7\u00e3o para substituir Pedro<\/h2>\n\n\n\n<p>Em meio a isso, os flamenguistas receberam uma p\u00e9ssima not\u00edcia recente. O centroavante Pedro sofreu uma ruptura do ligamento cruzado do joelho esquerdo durante treino com a Sele\u00e7\u00e3o Brasileira e foi cortado por Dorival J\u00fanior dos compromissos pelo Brasil.<\/p>\n\n\n\n<p>Com isso, o camisa 9 n\u00e3o joga mais em 2024 e os cariocas chegaram a pensar em alternativas no mercado da bola. O franc\u00eas Anthony Martial e o argentino Mauro Icardi foram avaliados.<\/p>\n\n\n\n<blockquote class=\"bluesky-embed\" data-bluesky-uri=\"at:\/\/did:plc:dyjfvudotvbeuqpfaxgeovud\/app.bsky.feed.post\/3l3vwvgg4oc2q\" data-bluesky-cid=\"bafyreihao6nhh53mqf54lg47hbbwr7wn2sw5i3ceplnqzzto2oskpdkbfq\"><p lang=\"pt\">\ud83d\udea8 Pedro realizar\u00e1 cirurgia de reconstru\u00e7\u00e3o do ligamento cruzado anterior do joelho esquerdo, nesta sexta-feira. \n\nA cirurgia ser\u00e1 realizada pelo mesmo m\u00e9dico de 2018. Pedro ser\u00e1 acompanhado por M\u00e1rcio Tannure, m\u00e9dico do Flamengo.\n\nBOA RECUPERA\u00c7\u00c3O, \u00cdDOLO! TE AGUARDAMOS DE VOLTA\u2764\ufe0f\ud83d\udda4<br><br><a href=\"https:\/\/bsky.app\/profile\/did:plc:dyjfvudotvbeuqpfaxgeovud\/post\/3l3vwvgg4oc2q?ref_src=embed\">[image or embed]<\/a><\/p>&mdash; Central do Flamengo (<a href=\"https:\/\/bsky.app\/profile\/did:plc:dyjfvudotvbeuqpfaxgeovud?ref_src=embed\">@centralflanacao.com<\/a>) <a href=\"https:\/\/bsky.app\/profile\/did:plc:dyjfvudotvbeuqpfaxgeovud\/post\/3l3vwvgg4oc2q?ref_src=embed\">September 11, 2024 at 7:07 PM<\/a><\/blockquote><script async src=\"https:\/\/embed.bsky.app\/static\/embed.js\" charset=\"utf-8\"><\/script>\n\n\n\n<p>No entanto, a grande possibilidade \u00e9 que os cariocas utilizem jogadores de seu elenco. Gabigol e Bruno Henrique s\u00e3o os favoritos para jogar no setor. O \u00faltimo foi o escolhido para come\u00e7ar o jogo contra o Bahia. Vale lembrar que Tite ainda tem Carlinhos como op\u00e7\u00e3o na posi\u00e7\u00e3o.<\/p>\n\n\n\n<h2 class=\"wp-block-heading\" id=\"h-tite-se-manifesta\">Tite se manifesta<\/h2>\n\n\n\n<p>O treinador do Flamengo acabou falando sobre a situa\u00e7\u00e3o ap\u00f3s a classifica\u00e7\u00e3o flamenguista na Copa do Brasil. Ele discorreu sobre as op\u00e7\u00f5es que tem para substituir Pedro: \u201c<em>N\u00f3s n\u00e3o fizemos proje\u00e7\u00e3o para o restante da competi\u00e7\u00e3o sem o Pedro. A gente fortalece quem est\u00e1, e o campo vai falar. \u00c9 adapta\u00e7\u00e3o, sim<\/em>\u201d, iniciou.<\/p>\n\n\n\n<p>Tite continuou: \u201c<em>Como aciona caracter\u00edsticas diferentes. O BH \u00e9 de atacar o espa\u00e7o. No primeiro tempo os dois marcadores estavam marcando bola de profundidade, no intervalo falamos: \u201cPega a bola no p\u00e9\u201d. Jogadores que t\u00eam essas caracter\u00edsticas\u2026 Fora o cabeceio que ele tem. Quando o jogo \u00e9 pensado, por vezes essa adapta\u00e7\u00e3o \u00e9 necess\u00e1ria. O jogo vai exigir, e o campo vai falar\u201c<\/em>, completou.<\/p>\n","protected":false},"excerpt":{"rendered":"<p>Semifinais da Copa do Brasil definidas O Flamengo est\u00e1 entre os quatro melhores times da Copa do Brasil, pela quarta vez seguida! Na noite da \u00faltima quinta-feira (12), a equipe garantiu sua classifica\u00e7\u00e3o e vai disputar o t\u00edtulo com Corinthians, Vasco e Atl\u00e9tico-MG. O primeiro ser\u00e1 o advers\u00e1rio nas semifinais. Tudo isso porque o Meng\u00e3o [&hellip;]<\/p>\n","protected":false},"author":26,"featured_media":143375,"comment_status":"open","ping_status":"closed","sticky":false,"template":"","format":"standard","meta":{"footnotes":""},"categories":[1],"tags":[],"class_list":["post-166217","post","type-post","status-publish","format-standard","has-post-thumbnail","hentry","category-flamengo"],"yoast_head":"<!-- This site is optimized with the Yoast SEO Premium plugin v24.2 (Yoast SEO v26.9) - https:\/\/yoast.com\/product\/yoast-seo-premium-wordpress\/ -->\n<title>A declara\u00e7\u00e3o de Tite sobre quem vai substituir Pedro<\/title>\n<meta name=\"description\" content=\"Treinador perdeu o centroavante para essa temporada e a diretoria cogitou fazer contrata\u00e7\u00f5es para suprir sua aus\u00eancia\" \/>\n<meta name=\"robots\" content=\"index, follow, max-snippet:-1, max-image-preview:large, max-video-preview:-1\" \/>\n<link rel=\"canonical\" href=\"https:\/\/www.gaveanews.com\/index.php\/2024\/09\/13\/a-declaracao-de-tite-sobre-quem-vai-substituir-pedro\/\" \/>\n<meta property=\"og:locale\" content=\"pt_BR\" \/>\n<meta property=\"og:type\" content=\"article\" \/>\n<meta property=\"og:title\" content=\"A declara\u00e7\u00e3o de Tite sobre quem vai substituir Pedro\" \/>\n<meta property=\"og:description\" content=\"Treinador perdeu o centroavante para essa temporada e a diretoria cogitou fazer contrata\u00e7\u00f5es para suprir sua aus\u00eancia\" \/>\n<meta property=\"og:url\" content=\"https:\/\/www.gaveanews.com\/index.php\/2024\/09\/13\/a-declaracao-de-tite-sobre-quem-vai-substituir-pedro\/\" \/>\n<meta property=\"og:site_name\" content=\"G\u00e1vea News\" \/>\n<meta property=\"article:publisher\" content=\"https:\/\/facebook.com\/gaveaNews\/\" \/>\n<meta property=\"article:published_time\" content=\"2024-09-13T15:30:00+00:00\" \/>\n<meta property=\"og:image\" content=\"https:\/\/www.gaveanews.com\/wp-content\/uploads\/tite-1.webp\" \/>\n\t<meta property=\"og:image:width\" content=\"640\" \/>\n\t<meta property=\"og:image:height\" content=\"400\" \/>\n\t<meta property=\"og:image:type\" content=\"image\/jpeg\" \/>\n<meta name=\"author\" content=\"Thomas Lagoa\" \/>\n<meta name=\"twitter:card\" content=\"summary_large_image\" \/>\n<meta name=\"twitter:label1\" content=\"Escrito por\" \/>\n\t<meta name=\"twitter:data1\" content=\"Thomas Lagoa\" \/>\n\t<meta name=\"twitter:label2\" content=\"Est. tempo de leitura\" \/>\n\t<meta name=\"twitter:data2\" content=\"3 minutos\" \/>\n<script type=\"application\/ld+json\" class=\"yoast-schema-graph\">{\"@context\":\"https:\/\/schema.org\",\"@graph\":[{\"@type\":\"NewsArticle\",\"@id\":\"https:\/\/www.gaveanews.com\/index.php\/2024\/09\/13\/a-declaracao-de-tite-sobre-quem-vai-substituir-pedro\/#article\",\"isPartOf\":{\"@id\":\"https:\/\/www.gaveanews.com\/index.php\/2024\/09\/13\/a-declaracao-de-tite-sobre-quem-vai-substituir-pedro\/\"},\"author\":{\"name\":\"Thomas Lagoa\",\"@id\":\"https:\/\/www.gaveanews.com\/#\/schema\/person\/94f72788a9abec954fe62594ba04ff40\"},\"headline\":\"A declara\u00e7\u00e3o de Tite sobre quem vai substituir Pedro\",\"datePublished\":\"2024-09-13T15:30:00+00:00\",\"mainEntityOfPage\":{\"@id\":\"https:\/\/www.gaveanews.com\/index.php\/2024\/09\/13\/a-declaracao-de-tite-sobre-quem-vai-substituir-pedro\/\"},\"wordCount\":492,\"commentCount\":0,\"image\":{\"@id\":\"https:\/\/www.gaveanews.com\/index.php\/2024\/09\/13\/a-declaracao-de-tite-sobre-quem-vai-substituir-pedro\/#primaryimage\"},\"thumbnailUrl\":\"https:\/\/www.gaveanews.com\/wp-content\/uploads\/tite-1.webp\",\"articleSection\":[\"Flamengo\"],\"inLanguage\":\"pt-BR\",\"potentialAction\":[{\"@type\":\"CommentAction\",\"name\":\"Comment\",\"target\":[\"https:\/\/www.gaveanews.com\/index.php\/2024\/09\/13\/a-declaracao-de-tite-sobre-quem-vai-substituir-pedro\/#respond\"]}],\"copyrightYear\":\"2024\",\"copyrightHolder\":{\"@id\":\"https:\/\/www.gaveanews.com\/#organization\"}},{\"@type\":\"WebPage\",\"@id\":\"https:\/\/www.gaveanews.com\/index.php\/2024\/09\/13\/a-declaracao-de-tite-sobre-quem-vai-substituir-pedro\/\",\"url\":\"https:\/\/www.gaveanews.com\/index.php\/2024\/09\/13\/a-declaracao-de-tite-sobre-quem-vai-substituir-pedro\/\",\"name\":\"A declara\u00e7\u00e3o de Tite sobre quem vai substituir Pedro\",\"isPartOf\":{\"@id\":\"https:\/\/www.gaveanews.com\/#website\"},\"primaryImageOfPage\":{\"@id\":\"https:\/\/www.gaveanews.com\/index.php\/2024\/09\/13\/a-declaracao-de-tite-sobre-quem-vai-substituir-pedro\/#primaryimage\"},\"image\":{\"@id\":\"https:\/\/www.gaveanews.com\/index.php\/2024\/09\/13\/a-declaracao-de-tite-sobre-quem-vai-substituir-pedro\/#primaryimage\"},\"thumbnailUrl\":\"https:\/\/www.gaveanews.com\/wp-content\/uploads\/tite-1.webp\",\"datePublished\":\"2024-09-13T15:30:00+00:00\",\"author\":{\"@id\":\"https:\/\/www.gaveanews.com\/#\/schema\/person\/94f72788a9abec954fe62594ba04ff40\"},\"description\":\"Treinador perdeu o centroavante para essa temporada e a diretoria cogitou fazer contrata\u00e7\u00f5es para suprir sua aus\u00eancia\",\"breadcrumb\":{\"@id\":\"https:\/\/www.gaveanews.com\/index.php\/2024\/09\/13\/a-declaracao-de-tite-sobre-quem-vai-substituir-pedro\/#breadcrumb\"},\"inLanguage\":\"pt-BR\",\"potentialAction\":[{\"@type\":\"ReadAction\",\"target\":[\"https:\/\/www.gaveanews.com\/index.php\/2024\/09\/13\/a-declaracao-de-tite-sobre-quem-vai-substituir-pedro\/\"]}]},{\"@type\":\"ImageObject\",\"inLanguage\":\"pt-BR\",\"@id\":\"https:\/\/www.gaveanews.com\/index.php\/2024\/09\/13\/a-declaracao-de-tite-sobre-quem-vai-substituir-pedro\/#primaryimage\",\"url\":\"https:\/\/www.gaveanews.com\/wp-content\/uploads\/tite-1.webp\",\"contentUrl\":\"https:\/\/www.gaveanews.com\/wp-content\/uploads\/tite-1.webp\",\"width\":640,\"height\":400,\"caption\":\"Foto: Reprodu\u00e7\u00e3o\/FlaTV\"},{\"@type\":\"BreadcrumbList\",\"@id\":\"https:\/\/www.gaveanews.com\/index.php\/2024\/09\/13\/a-declaracao-de-tite-sobre-quem-vai-substituir-pedro\/#breadcrumb\",\"itemListElement\":[{\"@type\":\"ListItem\",\"position\":1,\"name\":\"Home\",\"item\":\"https:\/\/www.gaveanews.com\/\"},{\"@type\":\"ListItem\",\"position\":2,\"name\":\"A declara\u00e7\u00e3o de Tite sobre quem vai substituir Pedro\"}]},{\"@type\":\"WebSite\",\"@id\":\"https:\/\/www.gaveanews.com\/#website\",\"url\":\"https:\/\/www.gaveanews.com\/\",\"name\":\"G\u00e1vea News\",\"description\":\"Veja todas as not\u00edcias sobre o Flamengo: Contrata\u00e7\u00f5es, categorias de base, resultados das partidas, tabela de classifica\u00e7\u00e3o, pr\u00f3ximos jogos!\",\"potentialAction\":[{\"@type\":\"SearchAction\",\"target\":{\"@type\":\"EntryPoint\",\"urlTemplate\":\"https:\/\/www.gaveanews.com\/?s={search_term_string}\"},\"query-input\":{\"@type\":\"PropertyValueSpecification\",\"valueRequired\":true,\"valueName\":\"search_term_string\"}}],\"inLanguage\":\"pt-BR\"},{\"@type\":\"Person\",\"@id\":\"https:\/\/www.gaveanews.com\/#\/schema\/person\/94f72788a9abec954fe62594ba04ff40\",\"name\":\"Thomas Lagoa\",\"image\":{\"@type\":\"ImageObject\",\"inLanguage\":\"pt-BR\",\"@id\":\"https:\/\/www.gaveanews.com\/#\/schema\/person\/image\/\",\"url\":\"https:\/\/secure.gravatar.com\/avatar\/65b40a047623a8007d4c7eb1bd0fa5753fc73b74a3bea0092a01bbd0428fe135?s=96&d=mm&r=g\",\"contentUrl\":\"https:\/\/secure.gravatar.com\/avatar\/65b40a047623a8007d4c7eb1bd0fa5753fc73b74a3bea0092a01bbd0428fe135?s=96&d=mm&r=g\",\"caption\":\"Thomas Lagoa\"}}]}<\/script>\n<!-- \/ Yoast SEO Premium plugin. -->","yoast_head_json":{"title":"A declara\u00e7\u00e3o de Tite sobre quem vai substituir Pedro","description":"Treinador perdeu o centroavante para essa temporada e a diretoria cogitou fazer contrata\u00e7\u00f5es para suprir sua aus\u00eancia","robots":{"index":"index","follow":"follow","max-snippet":"max-snippet:-1","max-image-preview":"max-image-preview:large","max-video-preview":"max-video-preview:-1"},"canonical":"https:\/\/www.gaveanews.com\/index.php\/2024\/09\/13\/a-declaracao-de-tite-sobre-quem-vai-substituir-pedro\/","og_locale":"pt_BR","og_type":"article","og_title":"A declara\u00e7\u00e3o de Tite sobre quem vai substituir Pedro","og_description":"Treinador perdeu o centroavante para essa temporada e a diretoria cogitou fazer contrata\u00e7\u00f5es para suprir sua aus\u00eancia","og_url":"https:\/\/www.gaveanews.com\/index.php\/2024\/09\/13\/a-declaracao-de-tite-sobre-quem-vai-substituir-pedro\/","og_site_name":"G\u00e1vea News","article_publisher":"https:\/\/facebook.com\/gaveaNews\/","article_published_time":"2024-09-13T15:30:00+00:00","og_image":[{"width":640,"height":400,"url":"https:\/\/www.gaveanews.com\/wp-content\/uploads\/tite-1.webp","type":"image\/jpeg"}],"author":"Thomas Lagoa","twitter_card":"summary_large_image","twitter_misc":{"Escrito por":"Thomas Lagoa","Est. tempo de leitura":"3 minutos"},"schema":{"@context":"https:\/\/schema.org","@graph":[{"@type":"NewsArticle","@id":"https:\/\/www.gaveanews.com\/index.php\/2024\/09\/13\/a-declaracao-de-tite-sobre-quem-vai-substituir-pedro\/#article","isPartOf":{"@id":"https:\/\/www.gaveanews.com\/index.php\/2024\/09\/13\/a-declaracao-de-tite-sobre-quem-vai-substituir-pedro\/"},"author":{"name":"Thomas Lagoa","@id":"https:\/\/www.gaveanews.com\/#\/schema\/person\/94f72788a9abec954fe62594ba04ff40"},"headline":"A declara\u00e7\u00e3o de Tite sobre quem vai substituir Pedro","datePublished":"2024-09-13T15:30:00+00:00","mainEntityOfPage":{"@id":"https:\/\/www.gaveanews.com\/index.php\/2024\/09\/13\/a-declaracao-de-tite-sobre-quem-vai-substituir-pedro\/"},"wordCount":492,"commentCount":0,"image":{"@id":"https:\/\/www.gaveanews.com\/index.php\/2024\/09\/13\/a-declaracao-de-tite-sobre-quem-vai-substituir-pedro\/#primaryimage"},"thumbnailUrl":"https:\/\/www.gaveanews.com\/wp-content\/uploads\/tite-1.webp","articleSection":["Flamengo"],"inLanguage":"pt-BR","potentialAction":[{"@type":"CommentAction","name":"Comment","target":["https:\/\/www.gaveanews.com\/index.php\/2024\/09\/13\/a-declaracao-de-tite-sobre-quem-vai-substituir-pedro\/#respond"]}],"copyrightYear":"2024","copyrightHolder":{"@id":"https:\/\/www.gaveanews.com\/#organization"}},{"@type":"WebPage","@id":"https:\/\/www.gaveanews.com\/index.php\/2024\/09\/13\/a-declaracao-de-tite-sobre-quem-vai-substituir-pedro\/","url":"https:\/\/www.gaveanews.com\/index.php\/2024\/09\/13\/a-declaracao-de-tite-sobre-quem-vai-substituir-pedro\/","name":"A declara\u00e7\u00e3o de Tite sobre quem vai substituir Pedro","isPartOf":{"@id":"https:\/\/www.gaveanews.com\/#website"},"primaryImageOfPage":{"@id":"https:\/\/www.gaveanews.com\/index.php\/2024\/09\/13\/a-declaracao-de-tite-sobre-quem-vai-substituir-pedro\/#primaryimage"},"image":{"@id":"https:\/\/www.gaveanews.com\/index.php\/2024\/09\/13\/a-declaracao-de-tite-sobre-quem-vai-substituir-pedro\/#primaryimage"},"thumbnailUrl":"https:\/\/www.gaveanews.com\/wp-content\/uploads\/tite-1.webp","datePublished":"2024-09-13T15:30:00+00:00","author":{"@id":"https:\/\/www.gaveanews.com\/#\/schema\/person\/94f72788a9abec954fe62594ba04ff40"},"description":"Treinador perdeu o centroavante para essa temporada e a diretoria cogitou fazer contrata\u00e7\u00f5es para suprir sua aus\u00eancia","breadcrumb":{"@id":"https:\/\/www.gaveanews.com\/index.php\/2024\/09\/13\/a-declaracao-de-tite-sobre-quem-vai-substituir-pedro\/#breadcrumb"},"inLanguage":"pt-BR","potentialAction":[{"@type":"ReadAction","target":["https:\/\/www.gaveanews.com\/index.php\/2024\/09\/13\/a-declaracao-de-tite-sobre-quem-vai-substituir-pedro\/"]}]},{"@type":"ImageObject","inLanguage":"pt-BR","@id":"https:\/\/www.gaveanews.com\/index.php\/2024\/09\/13\/a-declaracao-de-tite-sobre-quem-vai-substituir-pedro\/#primaryimage","url":"https:\/\/www.gaveanews.com\/wp-content\/uploads\/tite-1.webp","contentUrl":"https:\/\/www.gaveanews.com\/wp-content\/uploads\/tite-1.webp","width":640,"height":400,"caption":"Foto: Reprodu\u00e7\u00e3o\/FlaTV"},{"@type":"BreadcrumbList","@id":"https:\/\/www.gaveanews.com\/index.php\/2024\/09\/13\/a-declaracao-de-tite-sobre-quem-vai-substituir-pedro\/#breadcrumb","itemListElement":[{"@type":"ListItem","position":1,"name":"Home","item":"https:\/\/www.gaveanews.com\/"},{"@type":"ListItem","position":2,"name":"A declara\u00e7\u00e3o de Tite sobre quem vai substituir Pedro"}]},{"@type":"WebSite","@id":"https:\/\/www.gaveanews.com\/#website","url":"https:\/\/www.gaveanews.com\/","name":"G\u00e1vea News","description":"Veja todas as not\u00edcias sobre o Flamengo: Contrata\u00e7\u00f5es, categorias de base, resultados das partidas, tabela de classifica\u00e7\u00e3o, pr\u00f3ximos jogos!","potentialAction":[{"@type":"SearchAction","target":{"@type":"EntryPoint","urlTemplate":"https:\/\/www.gaveanews.com\/?s={search_term_string}"},"query-input":{"@type":"PropertyValueSpecification","valueRequired":true,"valueName":"search_term_string"}}],"inLanguage":"pt-BR"},{"@type":"Person","@id":"https:\/\/www.gaveanews.com\/#\/schema\/person\/94f72788a9abec954fe62594ba04ff40","name":"Thomas Lagoa","image":{"@type":"ImageObject","inLanguage":"pt-BR","@id":"https:\/\/www.gaveanews.com\/#\/schema\/person\/image\/","url":"https:\/\/secure.gravatar.com\/avatar\/65b40a047623a8007d4c7eb1bd0fa5753fc73b74a3bea0092a01bbd0428fe135?s=96&d=mm&r=g","contentUrl":"https:\/\/secure.gravatar.com\/avatar\/65b40a047623a8007d4c7eb1bd0fa5753fc73b74a3bea0092a01bbd0428fe135?s=96&d=mm&r=g","caption":"Thomas Lagoa"}}]}},"_links":{"self":[{"href":"https:\/\/www.gaveanews.com\/index.php\/wp-json\/wp\/v2\/posts\/166217","targetHints":{"allow":["GET"]}}],"collection":[{"href":"https:\/\/www.gaveanews.com\/index.php\/wp-json\/wp\/v2\/posts"}],"about":[{"href":"https:\/\/www.gaveanews.com\/index.php\/wp-json\/wp\/v2\/types\/post"}],"author":[{"embeddable":true,"href":"https:\/\/www.gaveanews.com\/index.php\/wp-json\/wp\/v2\/users\/26"}],"replies":[{"embeddable":true,"href":"https:\/\/www.gaveanews.com\/index.php\/wp-json\/wp\/v2\/comments?post=166217"}],"version-history":[{"count":2,"href":"https:\/\/www.gaveanews.com\/index.php\/wp-json\/wp\/v2\/posts\/166217\/revisions"}],"predecessor-version":[{"id":166241,"href":"https:\/\/www.gaveanews.com\/index.php\/wp-json\/wp\/v2\/posts\/166217\/revisions\/166241"}],"wp:featuredmedia":[{"embeddable":true,"href":"https:\/\/www.gaveanews.com\/index.php\/wp-json\/wp\/v2\/media\/143375"}],"wp:attachment":[{"href":"https:\/\/www.gaveanews.com\/index.php\/wp-json\/wp\/v2\/media?parent=166217"}],"wp:term":[{"taxonomy":"category","embeddable":true,"href":"https:\/\/www.gaveanews.com\/index.php\/wp-json\/wp\/v2\/categories?post=166217"},{"taxonomy":"post_tag","embeddable":true,"href":"https:\/\/www.gaveanews.com\/index.php\/wp-json\/wp\/v2\/tags?post=166217"}],"curies":[{"name":"wp","href":"https:\/\/api.w.org\/{rel}","templated":true}]}}