{"id":166238,"date":"2024-09-13T16:45:00","date_gmt":"2024-09-13T19:45:00","guid":{"rendered":"https:\/\/www.gaveanews.com\/?p=166238"},"modified":"2024-09-13T14:33:35","modified_gmt":"2024-09-13T17:33:35","slug":"a-declaracao-de-calleri-sobre-a-arbitragem-entre-atletico-mineiro-x-sao-paulo","status":"publish","type":"post","link":"https:\/\/www.gaveanews.com\/index.php\/2024\/09\/13\/a-declaracao-de-calleri-sobre-a-arbitragem-entre-atletico-mineiro-x-sao-paulo\/","title":{"rendered":"A declara\u00e7\u00e3o de Calleri sobre a arbitragem entre Atl\u00e9tico Mineiro x S\u00e3o Paulo"},"content":{"rendered":"\n<h2 class=\"wp-block-heading\" id=\"h-o-jogador-desabafou-apos-eliminacao-do-tricolor-paulista-e-projeta-reacao-na-libertadores\">O jogador desabafou ap\u00f3s elimina\u00e7\u00e3o do Tricolor Paulista e projeta rea\u00e7\u00e3o na Libertadores<\/h2>\n\n\n\n<p>O atacante Jonathan Calleri expressou sua frustra\u00e7\u00e3o ap\u00f3s a elimina\u00e7\u00e3o do S\u00e3o Paulo nas quartas de final da Copa do Brasil diante do Atl\u00e9tico Mineiro. Em sua avalia\u00e7\u00e3o, os dois confrontos foram decididos por pequenos detalhes, e o Tricolor Paulista deixou escapar a classifica\u00e7\u00e3o devido a uma desaten\u00e7\u00e3o crucial em uma bola parada no jogo do Morumbi.<\/p>\n\n\n\n<ul class=\"wp-block-list\">\n<li><a href=\"https:\/\/www.gaveanews.com\/index.php\/2024\/09\/13\/a-declaracao-de-luis-zubeldia-apos-a-eliminacao-do-sao-paulo-na-copa-do-brasil\/\">A declara\u00e7\u00e3o de Luis Zubeld\u00eda ap\u00f3s a elimina\u00e7\u00e3o do S\u00e3o Paulo na Copa do Brasil<\/a><\/li>\n\n\n\n<li><a href=\"https:\/\/www.gaveanews.com\/index.php\/2024\/09\/13\/fora-dos-planos-de-zubeldia-sao-paulo-estuda-a-rescisao-de-2-jogadores\/\">Fora dos planos de Zubeld\u00eda, S\u00e3o Paulo estuda a rescis\u00e3o de 2 jogadores<\/a><\/li>\n<\/ul>\n\n\n\n<p>&#8220;Acho que os dois jogos com o Atl\u00e9tico foram muito t\u00e1ticos, treinadores que se conhecem bem. Ningu\u00e9m levou vantagem. A gente se desconcentrou numa bola parada no Morumbi. N\u00e3o tivemos grandes chances de fazer gol, eles tiveram duas chances. S\u00e3o pequenos detalhes que fazem o Atl\u00e9tico semifinalista&#8221;, avaliou Calleri.<\/p>\n\n\n\n<p>O atacante tamb\u00e9m admitiu que o S\u00e3o Paulo precisa evoluir e que o pr\u00f3ximo jogo, especialmente na Libertadores, \u00e9  ainda mais importante para a temporada. O jogador reconheceu que o time n\u00e3o est\u00e1 no seu melhor momento e que h\u00e1 espa\u00e7o para melhorias em v\u00e1rios aspectos do jogo.<\/p>\n\n\n\n<p>&#8220;N\u00f3s temos que melhorar, e vem coisa mais importante pela frente, a Libertadores, que \u00e9 nosso principal objetivo. O jogo do Botafogo passa a ser fundamental para n\u00f3s. Se a gente passa, vai ser um bom ano; se n\u00e3o passa, a temporada termina. Temos que fazer um jogo perfeito. Eu tenho que melhorar, o time tem que melhorar&#8221;, destacou.<\/p>\n\n\n\n<p>Calleri ainda comentou a fase de seca ofensiva que o S\u00e3o Paulo vem enfrentando, j\u00e1 que o time n\u00e3o marca gols h\u00e1 tr\u00eas partidas. Para o atacante, essa queda de rendimento \u00e9 uma quest\u00e3o que precisa ser resolvida rapidamente para que a equipe volte a ser competitiva nas competi\u00e7\u00f5es em que ainda est\u00e1 viva.<\/p>\n\n\n\n<p>&#8220;N\u00e3o estamos tendo a melhor performance, \u00e9 uma coisa nossa, temos que melhorar muito. Faz tr\u00eas jogos que n\u00e3o fazemos gol, n\u00e3o estamos jogando nada&#8221;, admitiu Calleri.<\/p>\n\n\n\n<p>Al\u00e9m disso, o jogador n\u00e3o escondeu sua insatisfa\u00e7\u00e3o com a arbitragem e o VAR, destacando um lance pol\u00eamico no final da partida contra o Atl\u00e9tico Mineiro, no qual ele sofreu uma cotovelada de Battaglia que, segundo ele, n\u00e3o foi devidamente punida.<\/p>\n\n\n\n<p>&#8220;\u00c9 chato, muito repetitivo. O cara me deu cotovelada, tenho dois pontos na cara. N\u00e3o \u00e9 poss\u00edvel que o VAR n\u00e3o veja. Ultimamente, n\u00e3o estamos dando sorte com arbitragens. N\u00e3o deveria falar, sou jogador. Mas n\u00e3o estamos tendo sorte com juiz e VAR&#8221;, desabafou o atacante.<\/p>\n\n\n\n<p>Agora, o S\u00e3o Paulo precisa se concentrar nos pr\u00f3ximos desafios, come\u00e7ando pelo confronto contra o Botafogo, que, segundo Calleri, pode definir o rumo da temporada.<\/p>\n","protected":false},"excerpt":{"rendered":"<p>O jogador desabafou ap\u00f3s elimina\u00e7\u00e3o do Tricolor Paulista e projeta rea\u00e7\u00e3o na Libertadores O atacante Jonathan Calleri expressou sua frustra\u00e7\u00e3o ap\u00f3s a elimina\u00e7\u00e3o do S\u00e3o Paulo nas quartas de final da Copa do Brasil diante do Atl\u00e9tico Mineiro. Em sua avalia\u00e7\u00e3o, os dois confrontos foram decididos por pequenos detalhes, e o Tricolor Paulista deixou escapar [&hellip;]<\/p>\n","protected":false},"author":17,"featured_media":148324,"comment_status":"open","ping_status":"closed","sticky":false,"template":"","format":"standard","meta":{"footnotes":""},"categories":[160,151],"tags":[],"class_list":["post-166238","post","type-post","status-publish","format-standard","has-post-thumbnail","hentry","category-america-mg","category-sao-paulo"],"yoast_head":"<!-- This site is optimized with the Yoast SEO Premium plugin v24.2 (Yoast SEO v26.9) - https:\/\/yoast.com\/product\/yoast-seo-premium-wordpress\/ -->\n<title>A declara\u00e7\u00e3o de Calleri sobre a arbitragem entre Atl\u00e9tico Mineiro x S\u00e3o Paulo<\/title>\n<meta name=\"robots\" content=\"index, follow, max-snippet:-1, max-image-preview:large, max-video-preview:-1\" \/>\n<link rel=\"canonical\" href=\"https:\/\/www.gaveanews.com\/index.php\/2024\/09\/13\/a-declaracao-de-calleri-sobre-a-arbitragem-entre-atletico-mineiro-x-sao-paulo\/\" \/>\n<meta property=\"og:locale\" content=\"pt_BR\" \/>\n<meta property=\"og:type\" content=\"article\" \/>\n<meta property=\"og:title\" content=\"A declara\u00e7\u00e3o de Calleri sobre a arbitragem entre Atl\u00e9tico Mineiro x S\u00e3o Paulo\" \/>\n<meta property=\"og:description\" content=\"O jogador desabafou ap\u00f3s elimina\u00e7\u00e3o do Tricolor Paulista e projeta rea\u00e7\u00e3o na Libertadores O atacante Jonathan Calleri expressou sua frustra\u00e7\u00e3o ap\u00f3s a elimina\u00e7\u00e3o do S\u00e3o Paulo nas quartas de final da Copa do Brasil diante do Atl\u00e9tico Mineiro. Em sua avalia\u00e7\u00e3o, os dois confrontos foram decididos por pequenos detalhes, e o Tricolor Paulista deixou escapar [&hellip;]\" \/>\n<meta property=\"og:url\" content=\"https:\/\/www.gaveanews.com\/index.php\/2024\/09\/13\/a-declaracao-de-calleri-sobre-a-arbitragem-entre-atletico-mineiro-x-sao-paulo\/\" \/>\n<meta property=\"og:site_name\" content=\"G\u00e1vea News\" \/>\n<meta property=\"article:publisher\" content=\"https:\/\/facebook.com\/gaveaNews\/\" \/>\n<meta property=\"article:published_time\" content=\"2024-09-13T19:45:00+00:00\" \/>\n<meta property=\"og:image\" content=\"https:\/\/www.gaveanews.com\/wp-content\/uploads\/Jonathan-Calleri-em-acao-pelo-Sao-Paulo.webp\" \/>\n\t<meta property=\"og:image:width\" content=\"1080\" \/>\n\t<meta property=\"og:image:height\" content=\"1346\" \/>\n\t<meta property=\"og:image:type\" content=\"image\/jpeg\" \/>\n<meta name=\"author\" content=\"Geovanna Thomaz\" \/>\n<meta name=\"twitter:card\" content=\"summary_large_image\" \/>\n<meta name=\"twitter:label1\" content=\"Escrito por\" \/>\n\t<meta name=\"twitter:data1\" content=\"Geovanna Thomaz\" \/>\n\t<meta name=\"twitter:label2\" content=\"Est. tempo de leitura\" \/>\n\t<meta name=\"twitter:data2\" content=\"3 minutos\" \/>\n<script type=\"application\/ld+json\" class=\"yoast-schema-graph\">{\"@context\":\"https:\/\/schema.org\",\"@graph\":[{\"@type\":\"NewsArticle\",\"@id\":\"https:\/\/www.gaveanews.com\/index.php\/2024\/09\/13\/a-declaracao-de-calleri-sobre-a-arbitragem-entre-atletico-mineiro-x-sao-paulo\/#article\",\"isPartOf\":{\"@id\":\"https:\/\/www.gaveanews.com\/index.php\/2024\/09\/13\/a-declaracao-de-calleri-sobre-a-arbitragem-entre-atletico-mineiro-x-sao-paulo\/\"},\"author\":{\"name\":\"Geovanna Thomaz\",\"@id\":\"https:\/\/www.gaveanews.com\/#\/schema\/person\/f42654babcd2b2014a1a65af82b081f1\"},\"headline\":\"A declara\u00e7\u00e3o de Calleri sobre a arbitragem entre Atl\u00e9tico Mineiro x S\u00e3o Paulo\",\"datePublished\":\"2024-09-13T19:45:00+00:00\",\"mainEntityOfPage\":{\"@id\":\"https:\/\/www.gaveanews.com\/index.php\/2024\/09\/13\/a-declaracao-de-calleri-sobre-a-arbitragem-entre-atletico-mineiro-x-sao-paulo\/\"},\"wordCount\":514,\"commentCount\":0,\"image\":{\"@id\":\"https:\/\/www.gaveanews.com\/index.php\/2024\/09\/13\/a-declaracao-de-calleri-sobre-a-arbitragem-entre-atletico-mineiro-x-sao-paulo\/#primaryimage\"},\"thumbnailUrl\":\"https:\/\/www.gaveanews.com\/wp-content\/uploads\/Jonathan-Calleri-em-acao-pelo-Sao-Paulo.webp\",\"articleSection\":[\"Am\u00e9rica-MG\",\"S\u00e3o Paulo\"],\"inLanguage\":\"pt-BR\",\"potentialAction\":[{\"@type\":\"CommentAction\",\"name\":\"Comment\",\"target\":[\"https:\/\/www.gaveanews.com\/index.php\/2024\/09\/13\/a-declaracao-de-calleri-sobre-a-arbitragem-entre-atletico-mineiro-x-sao-paulo\/#respond\"]}],\"copyrightYear\":\"2024\",\"copyrightHolder\":{\"@id\":\"https:\/\/www.gaveanews.com\/#organization\"}},{\"@type\":\"WebPage\",\"@id\":\"https:\/\/www.gaveanews.com\/index.php\/2024\/09\/13\/a-declaracao-de-calleri-sobre-a-arbitragem-entre-atletico-mineiro-x-sao-paulo\/\",\"url\":\"https:\/\/www.gaveanews.com\/index.php\/2024\/09\/13\/a-declaracao-de-calleri-sobre-a-arbitragem-entre-atletico-mineiro-x-sao-paulo\/\",\"name\":\"A declara\u00e7\u00e3o de Calleri sobre a arbitragem entre Atl\u00e9tico Mineiro x S\u00e3o Paulo\",\"isPartOf\":{\"@id\":\"https:\/\/www.gaveanews.com\/#website\"},\"primaryImageOfPage\":{\"@id\":\"https:\/\/www.gaveanews.com\/index.php\/2024\/09\/13\/a-declaracao-de-calleri-sobre-a-arbitragem-entre-atletico-mineiro-x-sao-paulo\/#primaryimage\"},\"image\":{\"@id\":\"https:\/\/www.gaveanews.com\/index.php\/2024\/09\/13\/a-declaracao-de-calleri-sobre-a-arbitragem-entre-atletico-mineiro-x-sao-paulo\/#primaryimage\"},\"thumbnailUrl\":\"https:\/\/www.gaveanews.com\/wp-content\/uploads\/Jonathan-Calleri-em-acao-pelo-Sao-Paulo.webp\",\"datePublished\":\"2024-09-13T19:45:00+00:00\",\"author\":{\"@id\":\"https:\/\/www.gaveanews.com\/#\/schema\/person\/f42654babcd2b2014a1a65af82b081f1\"},\"breadcrumb\":{\"@id\":\"https:\/\/www.gaveanews.com\/index.php\/2024\/09\/13\/a-declaracao-de-calleri-sobre-a-arbitragem-entre-atletico-mineiro-x-sao-paulo\/#breadcrumb\"},\"inLanguage\":\"pt-BR\",\"potentialAction\":[{\"@type\":\"ReadAction\",\"target\":[\"https:\/\/www.gaveanews.com\/index.php\/2024\/09\/13\/a-declaracao-de-calleri-sobre-a-arbitragem-entre-atletico-mineiro-x-sao-paulo\/\"]}]},{\"@type\":\"ImageObject\",\"inLanguage\":\"pt-BR\",\"@id\":\"https:\/\/www.gaveanews.com\/index.php\/2024\/09\/13\/a-declaracao-de-calleri-sobre-a-arbitragem-entre-atletico-mineiro-x-sao-paulo\/#primaryimage\",\"url\":\"https:\/\/www.gaveanews.com\/wp-content\/uploads\/Jonathan-Calleri-em-acao-pelo-Sao-Paulo.webp\",\"contentUrl\":\"https:\/\/www.gaveanews.com\/wp-content\/uploads\/Jonathan-Calleri-em-acao-pelo-Sao-Paulo.webp\",\"width\":1080,\"height\":1346,\"caption\":\"Jonathan Calleri em a\u00e7\u00e3o pelo S\u00e3o Paulo (Foto: Reprodu\u00e7\u00e3o\/Instagram)\"},{\"@type\":\"BreadcrumbList\",\"@id\":\"https:\/\/www.gaveanews.com\/index.php\/2024\/09\/13\/a-declaracao-de-calleri-sobre-a-arbitragem-entre-atletico-mineiro-x-sao-paulo\/#breadcrumb\",\"itemListElement\":[{\"@type\":\"ListItem\",\"position\":1,\"name\":\"Home\",\"item\":\"https:\/\/www.gaveanews.com\/\"},{\"@type\":\"ListItem\",\"position\":2,\"name\":\"A declara\u00e7\u00e3o de Calleri sobre a arbitragem entre Atl\u00e9tico Mineiro x S\u00e3o Paulo\"}]},{\"@type\":\"WebSite\",\"@id\":\"https:\/\/www.gaveanews.com\/#website\",\"url\":\"https:\/\/www.gaveanews.com\/\",\"name\":\"G\u00e1vea News\",\"description\":\"Veja todas as not\u00edcias sobre o Flamengo: Contrata\u00e7\u00f5es, categorias de base, resultados das partidas, tabela de classifica\u00e7\u00e3o, pr\u00f3ximos jogos!\",\"potentialAction\":[{\"@type\":\"SearchAction\",\"target\":{\"@type\":\"EntryPoint\",\"urlTemplate\":\"https:\/\/www.gaveanews.com\/?s={search_term_string}\"},\"query-input\":{\"@type\":\"PropertyValueSpecification\",\"valueRequired\":true,\"valueName\":\"search_term_string\"}}],\"inLanguage\":\"pt-BR\"},{\"@type\":\"Person\",\"@id\":\"https:\/\/www.gaveanews.com\/#\/schema\/person\/f42654babcd2b2014a1a65af82b081f1\",\"name\":\"Geovanna Thomaz\",\"image\":{\"@type\":\"ImageObject\",\"inLanguage\":\"pt-BR\",\"@id\":\"https:\/\/www.gaveanews.com\/#\/schema\/person\/image\/\",\"url\":\"https:\/\/secure.gravatar.com\/avatar\/4092073255489533afb558984b49b64268c47198af8623cc82a925ae9fb7118a?s=96&d=mm&r=g\",\"contentUrl\":\"https:\/\/secure.gravatar.com\/avatar\/4092073255489533afb558984b49b64268c47198af8623cc82a925ae9fb7118a?s=96&d=mm&r=g\",\"caption\":\"Geovanna Thomaz\"}}]}<\/script>\n<!-- \/ Yoast SEO Premium plugin. -->","yoast_head_json":{"title":"A declara\u00e7\u00e3o de Calleri sobre a arbitragem entre Atl\u00e9tico Mineiro x S\u00e3o Paulo","robots":{"index":"index","follow":"follow","max-snippet":"max-snippet:-1","max-image-preview":"max-image-preview:large","max-video-preview":"max-video-preview:-1"},"canonical":"https:\/\/www.gaveanews.com\/index.php\/2024\/09\/13\/a-declaracao-de-calleri-sobre-a-arbitragem-entre-atletico-mineiro-x-sao-paulo\/","og_locale":"pt_BR","og_type":"article","og_title":"A declara\u00e7\u00e3o de Calleri sobre a arbitragem entre Atl\u00e9tico Mineiro x S\u00e3o Paulo","og_description":"O jogador desabafou ap\u00f3s elimina\u00e7\u00e3o do Tricolor Paulista e projeta rea\u00e7\u00e3o na Libertadores O atacante Jonathan Calleri expressou sua frustra\u00e7\u00e3o ap\u00f3s a elimina\u00e7\u00e3o do S\u00e3o Paulo nas quartas de final da Copa do Brasil diante do Atl\u00e9tico Mineiro. Em sua avalia\u00e7\u00e3o, os dois confrontos foram decididos por pequenos detalhes, e o Tricolor Paulista deixou escapar [&hellip;]","og_url":"https:\/\/www.gaveanews.com\/index.php\/2024\/09\/13\/a-declaracao-de-calleri-sobre-a-arbitragem-entre-atletico-mineiro-x-sao-paulo\/","og_site_name":"G\u00e1vea News","article_publisher":"https:\/\/facebook.com\/gaveaNews\/","article_published_time":"2024-09-13T19:45:00+00:00","og_image":[{"width":1080,"height":1346,"url":"https:\/\/www.gaveanews.com\/wp-content\/uploads\/Jonathan-Calleri-em-acao-pelo-Sao-Paulo.webp","type":"image\/jpeg"}],"author":"Geovanna Thomaz","twitter_card":"summary_large_image","twitter_misc":{"Escrito por":"Geovanna Thomaz","Est. tempo de leitura":"3 minutos"},"schema":{"@context":"https:\/\/schema.org","@graph":[{"@type":"NewsArticle","@id":"https:\/\/www.gaveanews.com\/index.php\/2024\/09\/13\/a-declaracao-de-calleri-sobre-a-arbitragem-entre-atletico-mineiro-x-sao-paulo\/#article","isPartOf":{"@id":"https:\/\/www.gaveanews.com\/index.php\/2024\/09\/13\/a-declaracao-de-calleri-sobre-a-arbitragem-entre-atletico-mineiro-x-sao-paulo\/"},"author":{"name":"Geovanna Thomaz","@id":"https:\/\/www.gaveanews.com\/#\/schema\/person\/f42654babcd2b2014a1a65af82b081f1"},"headline":"A declara\u00e7\u00e3o de Calleri sobre a arbitragem entre Atl\u00e9tico Mineiro x S\u00e3o Paulo","datePublished":"2024-09-13T19:45:00+00:00","mainEntityOfPage":{"@id":"https:\/\/www.gaveanews.com\/index.php\/2024\/09\/13\/a-declaracao-de-calleri-sobre-a-arbitragem-entre-atletico-mineiro-x-sao-paulo\/"},"wordCount":514,"commentCount":0,"image":{"@id":"https:\/\/www.gaveanews.com\/index.php\/2024\/09\/13\/a-declaracao-de-calleri-sobre-a-arbitragem-entre-atletico-mineiro-x-sao-paulo\/#primaryimage"},"thumbnailUrl":"https:\/\/www.gaveanews.com\/wp-content\/uploads\/Jonathan-Calleri-em-acao-pelo-Sao-Paulo.webp","articleSection":["Am\u00e9rica-MG","S\u00e3o Paulo"],"inLanguage":"pt-BR","potentialAction":[{"@type":"CommentAction","name":"Comment","target":["https:\/\/www.gaveanews.com\/index.php\/2024\/09\/13\/a-declaracao-de-calleri-sobre-a-arbitragem-entre-atletico-mineiro-x-sao-paulo\/#respond"]}],"copyrightYear":"2024","copyrightHolder":{"@id":"https:\/\/www.gaveanews.com\/#organization"}},{"@type":"WebPage","@id":"https:\/\/www.gaveanews.com\/index.php\/2024\/09\/13\/a-declaracao-de-calleri-sobre-a-arbitragem-entre-atletico-mineiro-x-sao-paulo\/","url":"https:\/\/www.gaveanews.com\/index.php\/2024\/09\/13\/a-declaracao-de-calleri-sobre-a-arbitragem-entre-atletico-mineiro-x-sao-paulo\/","name":"A declara\u00e7\u00e3o de Calleri sobre a arbitragem entre Atl\u00e9tico Mineiro x S\u00e3o Paulo","isPartOf":{"@id":"https:\/\/www.gaveanews.com\/#website"},"primaryImageOfPage":{"@id":"https:\/\/www.gaveanews.com\/index.php\/2024\/09\/13\/a-declaracao-de-calleri-sobre-a-arbitragem-entre-atletico-mineiro-x-sao-paulo\/#primaryimage"},"image":{"@id":"https:\/\/www.gaveanews.com\/index.php\/2024\/09\/13\/a-declaracao-de-calleri-sobre-a-arbitragem-entre-atletico-mineiro-x-sao-paulo\/#primaryimage"},"thumbnailUrl":"https:\/\/www.gaveanews.com\/wp-content\/uploads\/Jonathan-Calleri-em-acao-pelo-Sao-Paulo.webp","datePublished":"2024-09-13T19:45:00+00:00","author":{"@id":"https:\/\/www.gaveanews.com\/#\/schema\/person\/f42654babcd2b2014a1a65af82b081f1"},"breadcrumb":{"@id":"https:\/\/www.gaveanews.com\/index.php\/2024\/09\/13\/a-declaracao-de-calleri-sobre-a-arbitragem-entre-atletico-mineiro-x-sao-paulo\/#breadcrumb"},"inLanguage":"pt-BR","potentialAction":[{"@type":"ReadAction","target":["https:\/\/www.gaveanews.com\/index.php\/2024\/09\/13\/a-declaracao-de-calleri-sobre-a-arbitragem-entre-atletico-mineiro-x-sao-paulo\/"]}]},{"@type":"ImageObject","inLanguage":"pt-BR","@id":"https:\/\/www.gaveanews.com\/index.php\/2024\/09\/13\/a-declaracao-de-calleri-sobre-a-arbitragem-entre-atletico-mineiro-x-sao-paulo\/#primaryimage","url":"https:\/\/www.gaveanews.com\/wp-content\/uploads\/Jonathan-Calleri-em-acao-pelo-Sao-Paulo.webp","contentUrl":"https:\/\/www.gaveanews.com\/wp-content\/uploads\/Jonathan-Calleri-em-acao-pelo-Sao-Paulo.webp","width":1080,"height":1346,"caption":"Jonathan Calleri em a\u00e7\u00e3o pelo S\u00e3o Paulo (Foto: Reprodu\u00e7\u00e3o\/Instagram)"},{"@type":"BreadcrumbList","@id":"https:\/\/www.gaveanews.com\/index.php\/2024\/09\/13\/a-declaracao-de-calleri-sobre-a-arbitragem-entre-atletico-mineiro-x-sao-paulo\/#breadcrumb","itemListElement":[{"@type":"ListItem","position":1,"name":"Home","item":"https:\/\/www.gaveanews.com\/"},{"@type":"ListItem","position":2,"name":"A declara\u00e7\u00e3o de Calleri sobre a arbitragem entre Atl\u00e9tico Mineiro x S\u00e3o Paulo"}]},{"@type":"WebSite","@id":"https:\/\/www.gaveanews.com\/#website","url":"https:\/\/www.gaveanews.com\/","name":"G\u00e1vea News","description":"Veja todas as not\u00edcias sobre o Flamengo: Contrata\u00e7\u00f5es, categorias de base, resultados das partidas, tabela de classifica\u00e7\u00e3o, pr\u00f3ximos jogos!","potentialAction":[{"@type":"SearchAction","target":{"@type":"EntryPoint","urlTemplate":"https:\/\/www.gaveanews.com\/?s={search_term_string}"},"query-input":{"@type":"PropertyValueSpecification","valueRequired":true,"valueName":"search_term_string"}}],"inLanguage":"pt-BR"},{"@type":"Person","@id":"https:\/\/www.gaveanews.com\/#\/schema\/person\/f42654babcd2b2014a1a65af82b081f1","name":"Geovanna Thomaz","image":{"@type":"ImageObject","inLanguage":"pt-BR","@id":"https:\/\/www.gaveanews.com\/#\/schema\/person\/image\/","url":"https:\/\/secure.gravatar.com\/avatar\/4092073255489533afb558984b49b64268c47198af8623cc82a925ae9fb7118a?s=96&d=mm&r=g","contentUrl":"https:\/\/secure.gravatar.com\/avatar\/4092073255489533afb558984b49b64268c47198af8623cc82a925ae9fb7118a?s=96&d=mm&r=g","caption":"Geovanna Thomaz"}}]}},"_links":{"self":[{"href":"https:\/\/www.gaveanews.com\/index.php\/wp-json\/wp\/v2\/posts\/166238","targetHints":{"allow":["GET"]}}],"collection":[{"href":"https:\/\/www.gaveanews.com\/index.php\/wp-json\/wp\/v2\/posts"}],"about":[{"href":"https:\/\/www.gaveanews.com\/index.php\/wp-json\/wp\/v2\/types\/post"}],"author":[{"embeddable":true,"href":"https:\/\/www.gaveanews.com\/index.php\/wp-json\/wp\/v2\/users\/17"}],"replies":[{"embeddable":true,"href":"https:\/\/www.gaveanews.com\/index.php\/wp-json\/wp\/v2\/comments?post=166238"}],"version-history":[{"count":1,"href":"https:\/\/www.gaveanews.com\/index.php\/wp-json\/wp\/v2\/posts\/166238\/revisions"}],"predecessor-version":[{"id":166239,"href":"https:\/\/www.gaveanews.com\/index.php\/wp-json\/wp\/v2\/posts\/166238\/revisions\/166239"}],"wp:featuredmedia":[{"embeddable":true,"href":"https:\/\/www.gaveanews.com\/index.php\/wp-json\/wp\/v2\/media\/148324"}],"wp:attachment":[{"href":"https:\/\/www.gaveanews.com\/index.php\/wp-json\/wp\/v2\/media?parent=166238"}],"wp:term":[{"taxonomy":"category","embeddable":true,"href":"https:\/\/www.gaveanews.com\/index.php\/wp-json\/wp\/v2\/categories?post=166238"},{"taxonomy":"post_tag","embeddable":true,"href":"https:\/\/www.gaveanews.com\/index.php\/wp-json\/wp\/v2\/tags?post=166238"}],"curies":[{"name":"wp","href":"https:\/\/api.w.org\/{rel}","templated":true}]}}