{"id":166253,"date":"2024-09-13T15:30:00","date_gmt":"2024-09-13T18:30:00","guid":{"rendered":"https:\/\/www.gaveanews.com\/?p=166253"},"modified":"2024-09-13T14:18:38","modified_gmt":"2024-09-13T17:18:38","slug":"flamengo-emite-nota-oficial-direcionada-a-pedro","status":"publish","type":"post","link":"https:\/\/www.gaveanews.com\/index.php\/2024\/09\/13\/flamengo-emite-nota-oficial-direcionada-a-pedro\/","title":{"rendered":"Flamengo emite nota oficial direcionada a Pedro"},"content":{"rendered":"\n<p>H\u00e1 uma semana, Pedro, o Flamengo e os torcedores do clube carioca recebiam a pior not\u00edcia poss\u00edvel: a les\u00e3o do Ligamento Cruzado Anterior do centro avante oficializando o fim dessa temporada na carreira dele.<\/p>\n\n\n\n<p>Hoje, mais um cap\u00edtulo foi escrito dentro da hist\u00f3ria da recupera\u00e7\u00e3o de Pedro. O Flamengo emitiu uma nota informando que a cirurgia no joelho do jogador foi conclu\u00edda com sucesso.<\/p>\n\n\n\n<ul class=\"wp-block-list\">\n<li><a href=\"https:\/\/www.gaveanews.com\/index.php\/2024\/09\/13\/flamengo-atinge-feito-jamais-alcancado-por-outro-clube-no-brasil\/\">Flamengo atinge feito jamais alcan\u00e7ado por outro clube no Brasil<\/a><\/li>\n\n\n\n<li><a href=\"https:\/\/www.gaveanews.com\/index.php\/2024\/09\/13\/numeracao-das-camisas-dos-jogadores-do-flamengo-sofre-alteracao\/\">Numera\u00e7\u00e3o das camisas dos jogadores do Flamengo sofre altera\u00e7\u00e3o<\/a><\/li>\n<\/ul>\n\n\n\n<p>A cirurgia no joelho do Pedro foi realizada pelo cirurgi\u00e3o Luiz Ant\u00f4nio Vilela, em um dia Pedro deve ser liberado do hospital. Essas foram as \u00fanicas informa\u00e7\u00f5es entregues pela diretoria rubro negra que, se prontificou a informar sobre a recupera\u00e7\u00e3o do jogador aos poucos.<\/p>\n\n\n\n<p>&#8220;O Clube de Regatas do Flamengo informa que a cirurgia do atleta Pedro foi realizada com sucesso. A alta hospitalar est\u00e1 prevista para amanh\u00e3. Divulgaremos nos pr\u00f3ximos dias os passos da recupera\u00e7\u00e3o.&#8221;, diz a nota.<\/p>\n\n\n\n<p>Pedro rompeu o LCA em treino da Sele\u00e7\u00e3o Brasileira na semana passada antes de enfrentar o Equador, ele sequer chegou a participar dos jogos. Pedro j\u00e1 havia sofrido com les\u00f5es nessa temporada, a \u00faltima foi no jogo contra o Bol\u00edvar no Maracan\u00e3 quando sentiu uma les\u00e3o na posterior da coxa.<\/p>\n\n\n\n<h2 class=\"wp-block-heading\" id=\"h-qual-a-proxima-partida-do-flamengo\">Qual a pr\u00f3xima partida do Flamengo?<\/h2>\n\n\n\n<p>&nbsp;O Flamengo enfrenta o Vasco, domingo, 15\/09, Campeonato Brasileiro, pela 26\u00aa rodada. Os times v\u00e3o a campo no gramado do Maracan\u00e3 a partir de 18:30h.<\/p>\n\n\n\n<p>O Flamengo chega para essa partida com 3 vit\u00f3rias e 2 derrotas nos \u00faltimos cinco jogos. Do outro lado, o Vasco vem de uma s\u00e9rie de 4 vit\u00f3rias e 1 empate.<\/p>\n","protected":false},"excerpt":{"rendered":"<p>H\u00e1 uma semana, Pedro, o Flamengo e os torcedores do clube carioca recebiam a pior not\u00edcia poss\u00edvel: a les\u00e3o do Ligamento Cruzado Anterior do centro avante oficializando o fim dessa temporada na carreira dele. Hoje, mais um cap\u00edtulo foi escrito dentro da hist\u00f3ria da recupera\u00e7\u00e3o de Pedro. O Flamengo emitiu uma nota informando que a [&hellip;]<\/p>\n","protected":false},"author":19,"featured_media":164423,"comment_status":"open","ping_status":"closed","sticky":false,"template":"","format":"standard","meta":{"footnotes":""},"categories":[1],"tags":[],"class_list":["post-166253","post","type-post","status-publish","format-standard","has-post-thumbnail","hentry","category-flamengo"],"yoast_head":"<!-- This site is optimized with the Yoast SEO Premium plugin v24.2 (Yoast SEO v26.9) - https:\/\/yoast.com\/product\/yoast-seo-premium-wordpress\/ -->\n<title>Flamengo emite nota oficial direcionada a Pedro<\/title>\n<meta name=\"robots\" content=\"index, follow, max-snippet:-1, max-image-preview:large, max-video-preview:-1\" \/>\n<link rel=\"canonical\" href=\"https:\/\/www.gaveanews.com\/index.php\/2024\/09\/13\/flamengo-emite-nota-oficial-direcionada-a-pedro\/\" \/>\n<meta property=\"og:locale\" content=\"pt_BR\" \/>\n<meta property=\"og:type\" content=\"article\" \/>\n<meta property=\"og:title\" content=\"Flamengo emite nota oficial direcionada a Pedro\" \/>\n<meta property=\"og:description\" content=\"H\u00e1 uma semana, Pedro, o Flamengo e os torcedores do clube carioca recebiam a pior not\u00edcia poss\u00edvel: a les\u00e3o do Ligamento Cruzado Anterior do centro avante oficializando o fim dessa temporada na carreira dele. Hoje, mais um cap\u00edtulo foi escrito dentro da hist\u00f3ria da recupera\u00e7\u00e3o de Pedro. O Flamengo emitiu uma nota informando que a [&hellip;]\" \/>\n<meta property=\"og:url\" content=\"https:\/\/www.gaveanews.com\/index.php\/2024\/09\/13\/flamengo-emite-nota-oficial-direcionada-a-pedro\/\" \/>\n<meta property=\"og:site_name\" content=\"G\u00e1vea News\" \/>\n<meta property=\"article:publisher\" content=\"https:\/\/facebook.com\/gaveaNews\/\" \/>\n<meta property=\"article:published_time\" content=\"2024-09-13T18:30:00+00:00\" \/>\n<meta property=\"og:image\" content=\"https:\/\/www.gaveanews.com\/wp-content\/uploads\/Pedro-em-acao-pelo-Flamengo-durante-jogo-no-Maracana.webp\" \/>\n\t<meta property=\"og:image:width\" content=\"485\" \/>\n\t<meta property=\"og:image:height\" content=\"622\" \/>\n\t<meta property=\"og:image:type\" content=\"image\/jpeg\" \/>\n<meta name=\"author\" content=\"Bruno Zanchetta\" \/>\n<meta name=\"twitter:card\" content=\"summary_large_image\" \/>\n<meta name=\"twitter:label1\" content=\"Escrito por\" \/>\n\t<meta name=\"twitter:data1\" content=\"Bruno Zanchetta\" \/>\n\t<meta name=\"twitter:label2\" content=\"Est. tempo de leitura\" \/>\n\t<meta name=\"twitter:data2\" content=\"2 minutos\" \/>\n<script type=\"application\/ld+json\" class=\"yoast-schema-graph\">{\"@context\":\"https:\/\/schema.org\",\"@graph\":[{\"@type\":\"NewsArticle\",\"@id\":\"https:\/\/www.gaveanews.com\/index.php\/2024\/09\/13\/flamengo-emite-nota-oficial-direcionada-a-pedro\/#article\",\"isPartOf\":{\"@id\":\"https:\/\/www.gaveanews.com\/index.php\/2024\/09\/13\/flamengo-emite-nota-oficial-direcionada-a-pedro\/\"},\"author\":{\"name\":\"Bruno Zanchetta\",\"@id\":\"https:\/\/www.gaveanews.com\/#\/schema\/person\/32fddefab25b466689f181be346cd98c\"},\"headline\":\"Flamengo emite nota oficial direcionada a Pedro\",\"datePublished\":\"2024-09-13T18:30:00+00:00\",\"mainEntityOfPage\":{\"@id\":\"https:\/\/www.gaveanews.com\/index.php\/2024\/09\/13\/flamengo-emite-nota-oficial-direcionada-a-pedro\/\"},\"wordCount\":301,\"commentCount\":0,\"image\":{\"@id\":\"https:\/\/www.gaveanews.com\/index.php\/2024\/09\/13\/flamengo-emite-nota-oficial-direcionada-a-pedro\/#primaryimage\"},\"thumbnailUrl\":\"https:\/\/www.gaveanews.com\/wp-content\/uploads\/Pedro-em-acao-pelo-Flamengo-durante-jogo-no-Maracana.webp\",\"articleSection\":[\"Flamengo\"],\"inLanguage\":\"pt-BR\",\"potentialAction\":[{\"@type\":\"CommentAction\",\"name\":\"Comment\",\"target\":[\"https:\/\/www.gaveanews.com\/index.php\/2024\/09\/13\/flamengo-emite-nota-oficial-direcionada-a-pedro\/#respond\"]}],\"copyrightYear\":\"2024\",\"copyrightHolder\":{\"@id\":\"https:\/\/www.gaveanews.com\/#organization\"}},{\"@type\":\"WebPage\",\"@id\":\"https:\/\/www.gaveanews.com\/index.php\/2024\/09\/13\/flamengo-emite-nota-oficial-direcionada-a-pedro\/\",\"url\":\"https:\/\/www.gaveanews.com\/index.php\/2024\/09\/13\/flamengo-emite-nota-oficial-direcionada-a-pedro\/\",\"name\":\"Flamengo emite nota oficial direcionada a Pedro\",\"isPartOf\":{\"@id\":\"https:\/\/www.gaveanews.com\/#website\"},\"primaryImageOfPage\":{\"@id\":\"https:\/\/www.gaveanews.com\/index.php\/2024\/09\/13\/flamengo-emite-nota-oficial-direcionada-a-pedro\/#primaryimage\"},\"image\":{\"@id\":\"https:\/\/www.gaveanews.com\/index.php\/2024\/09\/13\/flamengo-emite-nota-oficial-direcionada-a-pedro\/#primaryimage\"},\"thumbnailUrl\":\"https:\/\/www.gaveanews.com\/wp-content\/uploads\/Pedro-em-acao-pelo-Flamengo-durante-jogo-no-Maracana.webp\",\"datePublished\":\"2024-09-13T18:30:00+00:00\",\"author\":{\"@id\":\"https:\/\/www.gaveanews.com\/#\/schema\/person\/32fddefab25b466689f181be346cd98c\"},\"breadcrumb\":{\"@id\":\"https:\/\/www.gaveanews.com\/index.php\/2024\/09\/13\/flamengo-emite-nota-oficial-direcionada-a-pedro\/#breadcrumb\"},\"inLanguage\":\"pt-BR\",\"potentialAction\":[{\"@type\":\"ReadAction\",\"target\":[\"https:\/\/www.gaveanews.com\/index.php\/2024\/09\/13\/flamengo-emite-nota-oficial-direcionada-a-pedro\/\"]}]},{\"@type\":\"ImageObject\",\"inLanguage\":\"pt-BR\",\"@id\":\"https:\/\/www.gaveanews.com\/index.php\/2024\/09\/13\/flamengo-emite-nota-oficial-direcionada-a-pedro\/#primaryimage\",\"url\":\"https:\/\/www.gaveanews.com\/wp-content\/uploads\/Pedro-em-acao-pelo-Flamengo-durante-jogo-no-Maracana.webp\",\"contentUrl\":\"https:\/\/www.gaveanews.com\/wp-content\/uploads\/Pedro-em-acao-pelo-Flamengo-durante-jogo-no-Maracana.webp\",\"width\":485,\"height\":622,\"caption\":\"Pedro em a\u00e7\u00e3o pelo Flamengo, durante jogo no Maracan\u00e3 (Foto: Reprodu\u00e7\u00e3o\/Instagram Pedro)\"},{\"@type\":\"BreadcrumbList\",\"@id\":\"https:\/\/www.gaveanews.com\/index.php\/2024\/09\/13\/flamengo-emite-nota-oficial-direcionada-a-pedro\/#breadcrumb\",\"itemListElement\":[{\"@type\":\"ListItem\",\"position\":1,\"name\":\"Home\",\"item\":\"https:\/\/www.gaveanews.com\/\"},{\"@type\":\"ListItem\",\"position\":2,\"name\":\"Flamengo emite nota oficial direcionada a Pedro\"}]},{\"@type\":\"WebSite\",\"@id\":\"https:\/\/www.gaveanews.com\/#website\",\"url\":\"https:\/\/www.gaveanews.com\/\",\"name\":\"G\u00e1vea News\",\"description\":\"Veja todas as not\u00edcias sobre o Flamengo: Contrata\u00e7\u00f5es, categorias de base, resultados das partidas, tabela de classifica\u00e7\u00e3o, pr\u00f3ximos jogos!\",\"potentialAction\":[{\"@type\":\"SearchAction\",\"target\":{\"@type\":\"EntryPoint\",\"urlTemplate\":\"https:\/\/www.gaveanews.com\/?s={search_term_string}\"},\"query-input\":{\"@type\":\"PropertyValueSpecification\",\"valueRequired\":true,\"valueName\":\"search_term_string\"}}],\"inLanguage\":\"pt-BR\"},{\"@type\":\"Person\",\"@id\":\"https:\/\/www.gaveanews.com\/#\/schema\/person\/32fddefab25b466689f181be346cd98c\",\"name\":\"Bruno Zanchetta\",\"image\":{\"@type\":\"ImageObject\",\"inLanguage\":\"pt-BR\",\"@id\":\"https:\/\/www.gaveanews.com\/#\/schema\/person\/image\/\",\"url\":\"https:\/\/secure.gravatar.com\/avatar\/3ba2d39f8a912ad65276975a996d6ad8d9e3dd13448684be8dc4d7c17099d2ee?s=96&d=mm&r=g\",\"contentUrl\":\"https:\/\/secure.gravatar.com\/avatar\/3ba2d39f8a912ad65276975a996d6ad8d9e3dd13448684be8dc4d7c17099d2ee?s=96&d=mm&r=g\",\"caption\":\"Bruno Zanchetta\"}}]}<\/script>\n<!-- \/ Yoast SEO Premium plugin. -->","yoast_head_json":{"title":"Flamengo emite nota oficial direcionada a Pedro","robots":{"index":"index","follow":"follow","max-snippet":"max-snippet:-1","max-image-preview":"max-image-preview:large","max-video-preview":"max-video-preview:-1"},"canonical":"https:\/\/www.gaveanews.com\/index.php\/2024\/09\/13\/flamengo-emite-nota-oficial-direcionada-a-pedro\/","og_locale":"pt_BR","og_type":"article","og_title":"Flamengo emite nota oficial direcionada a Pedro","og_description":"H\u00e1 uma semana, Pedro, o Flamengo e os torcedores do clube carioca recebiam a pior not\u00edcia poss\u00edvel: a les\u00e3o do Ligamento Cruzado Anterior do centro avante oficializando o fim dessa temporada na carreira dele. Hoje, mais um cap\u00edtulo foi escrito dentro da hist\u00f3ria da recupera\u00e7\u00e3o de Pedro. O Flamengo emitiu uma nota informando que a [&hellip;]","og_url":"https:\/\/www.gaveanews.com\/index.php\/2024\/09\/13\/flamengo-emite-nota-oficial-direcionada-a-pedro\/","og_site_name":"G\u00e1vea News","article_publisher":"https:\/\/facebook.com\/gaveaNews\/","article_published_time":"2024-09-13T18:30:00+00:00","og_image":[{"width":485,"height":622,"url":"https:\/\/www.gaveanews.com\/wp-content\/uploads\/Pedro-em-acao-pelo-Flamengo-durante-jogo-no-Maracana.webp","type":"image\/jpeg"}],"author":"Bruno Zanchetta","twitter_card":"summary_large_image","twitter_misc":{"Escrito por":"Bruno Zanchetta","Est. tempo de leitura":"2 minutos"},"schema":{"@context":"https:\/\/schema.org","@graph":[{"@type":"NewsArticle","@id":"https:\/\/www.gaveanews.com\/index.php\/2024\/09\/13\/flamengo-emite-nota-oficial-direcionada-a-pedro\/#article","isPartOf":{"@id":"https:\/\/www.gaveanews.com\/index.php\/2024\/09\/13\/flamengo-emite-nota-oficial-direcionada-a-pedro\/"},"author":{"name":"Bruno Zanchetta","@id":"https:\/\/www.gaveanews.com\/#\/schema\/person\/32fddefab25b466689f181be346cd98c"},"headline":"Flamengo emite nota oficial direcionada a Pedro","datePublished":"2024-09-13T18:30:00+00:00","mainEntityOfPage":{"@id":"https:\/\/www.gaveanews.com\/index.php\/2024\/09\/13\/flamengo-emite-nota-oficial-direcionada-a-pedro\/"},"wordCount":301,"commentCount":0,"image":{"@id":"https:\/\/www.gaveanews.com\/index.php\/2024\/09\/13\/flamengo-emite-nota-oficial-direcionada-a-pedro\/#primaryimage"},"thumbnailUrl":"https:\/\/www.gaveanews.com\/wp-content\/uploads\/Pedro-em-acao-pelo-Flamengo-durante-jogo-no-Maracana.webp","articleSection":["Flamengo"],"inLanguage":"pt-BR","potentialAction":[{"@type":"CommentAction","name":"Comment","target":["https:\/\/www.gaveanews.com\/index.php\/2024\/09\/13\/flamengo-emite-nota-oficial-direcionada-a-pedro\/#respond"]}],"copyrightYear":"2024","copyrightHolder":{"@id":"https:\/\/www.gaveanews.com\/#organization"}},{"@type":"WebPage","@id":"https:\/\/www.gaveanews.com\/index.php\/2024\/09\/13\/flamengo-emite-nota-oficial-direcionada-a-pedro\/","url":"https:\/\/www.gaveanews.com\/index.php\/2024\/09\/13\/flamengo-emite-nota-oficial-direcionada-a-pedro\/","name":"Flamengo emite nota oficial direcionada a Pedro","isPartOf":{"@id":"https:\/\/www.gaveanews.com\/#website"},"primaryImageOfPage":{"@id":"https:\/\/www.gaveanews.com\/index.php\/2024\/09\/13\/flamengo-emite-nota-oficial-direcionada-a-pedro\/#primaryimage"},"image":{"@id":"https:\/\/www.gaveanews.com\/index.php\/2024\/09\/13\/flamengo-emite-nota-oficial-direcionada-a-pedro\/#primaryimage"},"thumbnailUrl":"https:\/\/www.gaveanews.com\/wp-content\/uploads\/Pedro-em-acao-pelo-Flamengo-durante-jogo-no-Maracana.webp","datePublished":"2024-09-13T18:30:00+00:00","author":{"@id":"https:\/\/www.gaveanews.com\/#\/schema\/person\/32fddefab25b466689f181be346cd98c"},"breadcrumb":{"@id":"https:\/\/www.gaveanews.com\/index.php\/2024\/09\/13\/flamengo-emite-nota-oficial-direcionada-a-pedro\/#breadcrumb"},"inLanguage":"pt-BR","potentialAction":[{"@type":"ReadAction","target":["https:\/\/www.gaveanews.com\/index.php\/2024\/09\/13\/flamengo-emite-nota-oficial-direcionada-a-pedro\/"]}]},{"@type":"ImageObject","inLanguage":"pt-BR","@id":"https:\/\/www.gaveanews.com\/index.php\/2024\/09\/13\/flamengo-emite-nota-oficial-direcionada-a-pedro\/#primaryimage","url":"https:\/\/www.gaveanews.com\/wp-content\/uploads\/Pedro-em-acao-pelo-Flamengo-durante-jogo-no-Maracana.webp","contentUrl":"https:\/\/www.gaveanews.com\/wp-content\/uploads\/Pedro-em-acao-pelo-Flamengo-durante-jogo-no-Maracana.webp","width":485,"height":622,"caption":"Pedro em a\u00e7\u00e3o pelo Flamengo, durante jogo no Maracan\u00e3 (Foto: Reprodu\u00e7\u00e3o\/Instagram Pedro)"},{"@type":"BreadcrumbList","@id":"https:\/\/www.gaveanews.com\/index.php\/2024\/09\/13\/flamengo-emite-nota-oficial-direcionada-a-pedro\/#breadcrumb","itemListElement":[{"@type":"ListItem","position":1,"name":"Home","item":"https:\/\/www.gaveanews.com\/"},{"@type":"ListItem","position":2,"name":"Flamengo emite nota oficial direcionada a Pedro"}]},{"@type":"WebSite","@id":"https:\/\/www.gaveanews.com\/#website","url":"https:\/\/www.gaveanews.com\/","name":"G\u00e1vea News","description":"Veja todas as not\u00edcias sobre o Flamengo: Contrata\u00e7\u00f5es, categorias de base, resultados das partidas, tabela de classifica\u00e7\u00e3o, pr\u00f3ximos jogos!","potentialAction":[{"@type":"SearchAction","target":{"@type":"EntryPoint","urlTemplate":"https:\/\/www.gaveanews.com\/?s={search_term_string}"},"query-input":{"@type":"PropertyValueSpecification","valueRequired":true,"valueName":"search_term_string"}}],"inLanguage":"pt-BR"},{"@type":"Person","@id":"https:\/\/www.gaveanews.com\/#\/schema\/person\/32fddefab25b466689f181be346cd98c","name":"Bruno Zanchetta","image":{"@type":"ImageObject","inLanguage":"pt-BR","@id":"https:\/\/www.gaveanews.com\/#\/schema\/person\/image\/","url":"https:\/\/secure.gravatar.com\/avatar\/3ba2d39f8a912ad65276975a996d6ad8d9e3dd13448684be8dc4d7c17099d2ee?s=96&d=mm&r=g","contentUrl":"https:\/\/secure.gravatar.com\/avatar\/3ba2d39f8a912ad65276975a996d6ad8d9e3dd13448684be8dc4d7c17099d2ee?s=96&d=mm&r=g","caption":"Bruno Zanchetta"}}]}},"_links":{"self":[{"href":"https:\/\/www.gaveanews.com\/index.php\/wp-json\/wp\/v2\/posts\/166253","targetHints":{"allow":["GET"]}}],"collection":[{"href":"https:\/\/www.gaveanews.com\/index.php\/wp-json\/wp\/v2\/posts"}],"about":[{"href":"https:\/\/www.gaveanews.com\/index.php\/wp-json\/wp\/v2\/types\/post"}],"author":[{"embeddable":true,"href":"https:\/\/www.gaveanews.com\/index.php\/wp-json\/wp\/v2\/users\/19"}],"replies":[{"embeddable":true,"href":"https:\/\/www.gaveanews.com\/index.php\/wp-json\/wp\/v2\/comments?post=166253"}],"version-history":[{"count":2,"href":"https:\/\/www.gaveanews.com\/index.php\/wp-json\/wp\/v2\/posts\/166253\/revisions"}],"predecessor-version":[{"id":166288,"href":"https:\/\/www.gaveanews.com\/index.php\/wp-json\/wp\/v2\/posts\/166253\/revisions\/166288"}],"wp:featuredmedia":[{"embeddable":true,"href":"https:\/\/www.gaveanews.com\/index.php\/wp-json\/wp\/v2\/media\/164423"}],"wp:attachment":[{"href":"https:\/\/www.gaveanews.com\/index.php\/wp-json\/wp\/v2\/media?parent=166253"}],"wp:term":[{"taxonomy":"category","embeddable":true,"href":"https:\/\/www.gaveanews.com\/index.php\/wp-json\/wp\/v2\/categories?post=166253"},{"taxonomy":"post_tag","embeddable":true,"href":"https:\/\/www.gaveanews.com\/index.php\/wp-json\/wp\/v2\/tags?post=166253"}],"curies":[{"name":"wp","href":"https:\/\/api.w.org\/{rel}","templated":true}]}}