{"id":166276,"date":"2024-09-13T16:30:00","date_gmt":"2024-09-13T19:30:00","guid":{"rendered":"https:\/\/www.gaveanews.com\/?p=166276"},"modified":"2024-09-13T14:40:19","modified_gmt":"2024-09-13T17:40:19","slug":"isso-foi-o-que-disse-ancelotti-sobre-a-ma-fase-de-vini-jr","status":"publish","type":"post","link":"https:\/\/www.gaveanews.com\/index.php\/2024\/09\/13\/isso-foi-o-que-disse-ancelotti-sobre-a-ma-fase-de-vini-jr\/","title":{"rendered":"Isso foi o que disse Ancelotti sobre a m\u00e1 fase de Vini Jr"},"content":{"rendered":"\n<p>Em entrevista coletiva, Ancelotti foi perguntado sobre a m\u00e1 fase que Vini Jr vive, principalmente na sele\u00e7\u00e3o brasileira. A torcida e a imprensa no Brasil questiona muito o fato de Vini Jr n\u00e3o conseguir aplicar, na sele\u00e7\u00e3o nacional, o mesmo futebol feito no Real Madrid, futebol esse que faz dele um dos favoritos a ser o melhor jogador do mundo desse ano.<\/p>\n\n\n\n<p>Para Ancelotti, \u00e9 importante que as pessoas tenham carinho com Vini Jr j\u00e1 que, n\u00e3o se pode esquecer que ele foi um dos principais nomes nas conquistas das \u00faltimas duas Champions League do Real Madrid.<\/p>\n\n\n\n<ul class=\"wp-block-list\">\n<li><a href=\"https:\/\/www.gaveanews.com\/index.php\/2024\/09\/12\/ex-real-madrid-e-psg-pode-fechar-com-o-gremio\/\">Ex-Real Madrid e PSG pode fechar com o Gr\u00eamio<\/a><\/li>\n\n\n\n<li><a href=\"https:\/\/www.gaveanews.com\/index.php\/2024\/09\/12\/vini-jr-aponta-principal-diferenca-de-jogar-no-brasil-e-no-real-madrid\/\">Vini Jr. aponta principal diferen\u00e7a de jogar no Brasil e no Real Madrid<\/a><\/li>\n<\/ul>\n\n\n\n<p>&#8220;Creio que o problema \u00e9 do Brasil e n\u00e3o quero entrar nesse tema. \u00c9 um problema mais geral, de uma equipe que est\u00e1 encontrando dificuldade para tirar sua melhor vers\u00e3o. N\u00e3o \u00e9 um problema de que Vinicius joga bem no Real, mal no Brasil, e por isso o Brasil n\u00e3o est\u00e1 jogando bem; \u00e9 um problema geral. Aqui estamos encantados com ele porque, mesmo que agora n\u00e3o esteja na sua melhor vers\u00e3o, ningu\u00e9m, e eu em primeiro lugar, pode esquecer que, com Vinicius, pudemos ganhar duas Champions. Mesmo que n\u00e3o esteja na sua melhor vers\u00e3o, temos que ter muito carinho com ele&#8221;<\/p>\n\n\n\n<p>Para Ancelotti, o que importa \u00e9 o que o Vini Jr pode produzir e n\u00e3o se um jogo ou outro ele acaba indo mal ou n\u00e3o marcando gols:<\/p>\n\n\n\n<p>&#8220;N\u00e3o est\u00e1 na sua melhor vers\u00e3o, mas segue sendo muito importante para n\u00f3s. N\u00e3o temos nenhuma pressa porque o time marcou e ele tem sido importante. A \u00faltima preocupa\u00e7\u00e3o para mim \u00e9 o estado de Vinicius. Sempre trabalha bem e \u00e9 s\u00f3 tempo para que chegue a seu melhor n\u00edvel. O importante \u00e9 o que pode dar&#8221;<\/p>\n\n\n\n<p>Ancelotti tamb\u00e9m diz que n\u00e3o se preocupa com o interesse da Ar\u00e1bia Saudita em ter Vini Jr como seu embaixador at\u00e9 a Copa do Mundo de 2030.<\/p>\n\n\n\n<p>&#8220;N\u00e3o sei se chegou essa oferta para ele. Converso diariamente n\u00e3o s\u00f3 com ele mas com todos, e nunca me falou desse assunto. Creio que Vinicius gosta tanto de jogar futebol que, qualquer coisa que aconte\u00e7a fora, n\u00e3o vai perder seu foco, que \u00e9 jogar futebol&#8221;.<\/p>\n\n\n\n<h2 class=\"wp-block-heading\" id=\"h-qual-a-proxima-partida-do-real-madrid\">Qual a pr\u00f3xima partida do Real Madrid?<\/h2>\n\n\n\n<p>O Real Madrid volta a campo nesse s\u00e1bado (14) para enfrentar a equipe da Real Sociedad em partida v\u00e1lida pelo Campeonato Espanhol.<\/p>\n","protected":false},"excerpt":{"rendered":"<p>Em entrevista coletiva, Ancelotti foi perguntado sobre a m\u00e1 fase que Vini Jr vive, principalmente na sele\u00e7\u00e3o brasileira. A torcida e a imprensa no Brasil questiona muito o fato de Vini Jr n\u00e3o conseguir aplicar, na sele\u00e7\u00e3o nacional, o mesmo futebol feito no Real Madrid, futebol esse que faz dele um dos favoritos a ser [&hellip;]<\/p>\n","protected":false},"author":19,"featured_media":158699,"comment_status":"open","ping_status":"closed","sticky":false,"template":"","format":"standard","meta":{"footnotes":""},"categories":[1,88],"tags":[],"class_list":["post-166276","post","type-post","status-publish","format-standard","has-post-thumbnail","hentry","category-flamengo","category-real-madrid"],"yoast_head":"<!-- This site is optimized with the Yoast SEO Premium plugin v24.2 (Yoast SEO v26.9) - https:\/\/yoast.com\/product\/yoast-seo-premium-wordpress\/ -->\n<title>Isso foi o que disse Ancelotti sobre a m\u00e1 fase de Vini Jr<\/title>\n<meta name=\"robots\" content=\"index, follow, max-snippet:-1, max-image-preview:large, max-video-preview:-1\" \/>\n<link rel=\"canonical\" href=\"https:\/\/www.gaveanews.com\/index.php\/2024\/09\/13\/isso-foi-o-que-disse-ancelotti-sobre-a-ma-fase-de-vini-jr\/\" \/>\n<meta property=\"og:locale\" content=\"pt_BR\" \/>\n<meta property=\"og:type\" content=\"article\" \/>\n<meta property=\"og:title\" content=\"Isso foi o que disse Ancelotti sobre a m\u00e1 fase de Vini Jr\" \/>\n<meta property=\"og:description\" content=\"Em entrevista coletiva, Ancelotti foi perguntado sobre a m\u00e1 fase que Vini Jr vive, principalmente na sele\u00e7\u00e3o brasileira. A torcida e a imprensa no Brasil questiona muito o fato de Vini Jr n\u00e3o conseguir aplicar, na sele\u00e7\u00e3o nacional, o mesmo futebol feito no Real Madrid, futebol esse que faz dele um dos favoritos a ser [&hellip;]\" \/>\n<meta property=\"og:url\" content=\"https:\/\/www.gaveanews.com\/index.php\/2024\/09\/13\/isso-foi-o-que-disse-ancelotti-sobre-a-ma-fase-de-vini-jr\/\" \/>\n<meta property=\"og:site_name\" content=\"G\u00e1vea News\" \/>\n<meta property=\"article:publisher\" content=\"https:\/\/facebook.com\/gaveaNews\/\" \/>\n<meta property=\"article:published_time\" content=\"2024-09-13T19:30:00+00:00\" \/>\n<meta property=\"og:image\" content=\"https:\/\/www.gaveanews.com\/wp-content\/uploads\/Vini-Jr-posa-para-foto-apos-ser-campeao-da-Supercopa-da-Uefa-2024.webp\" \/>\n\t<meta property=\"og:image:width\" content=\"1242\" \/>\n\t<meta property=\"og:image:height\" content=\"1540\" \/>\n\t<meta property=\"og:image:type\" content=\"image\/jpeg\" \/>\n<meta name=\"author\" content=\"Bruno Zanchetta\" \/>\n<meta name=\"twitter:card\" content=\"summary_large_image\" \/>\n<meta name=\"twitter:label1\" content=\"Escrito por\" \/>\n\t<meta name=\"twitter:data1\" content=\"Bruno Zanchetta\" \/>\n\t<meta name=\"twitter:label2\" content=\"Est. tempo de leitura\" \/>\n\t<meta name=\"twitter:data2\" content=\"3 minutos\" \/>\n<script type=\"application\/ld+json\" class=\"yoast-schema-graph\">{\"@context\":\"https:\/\/schema.org\",\"@graph\":[{\"@type\":\"NewsArticle\",\"@id\":\"https:\/\/www.gaveanews.com\/index.php\/2024\/09\/13\/isso-foi-o-que-disse-ancelotti-sobre-a-ma-fase-de-vini-jr\/#article\",\"isPartOf\":{\"@id\":\"https:\/\/www.gaveanews.com\/index.php\/2024\/09\/13\/isso-foi-o-que-disse-ancelotti-sobre-a-ma-fase-de-vini-jr\/\"},\"author\":{\"name\":\"Bruno Zanchetta\",\"@id\":\"https:\/\/www.gaveanews.com\/#\/schema\/person\/32fddefab25b466689f181be346cd98c\"},\"headline\":\"Isso foi o que disse Ancelotti sobre a m\u00e1 fase de Vini Jr\",\"datePublished\":\"2024-09-13T19:30:00+00:00\",\"mainEntityOfPage\":{\"@id\":\"https:\/\/www.gaveanews.com\/index.php\/2024\/09\/13\/isso-foi-o-que-disse-ancelotti-sobre-a-ma-fase-de-vini-jr\/\"},\"wordCount\":442,\"commentCount\":0,\"image\":{\"@id\":\"https:\/\/www.gaveanews.com\/index.php\/2024\/09\/13\/isso-foi-o-que-disse-ancelotti-sobre-a-ma-fase-de-vini-jr\/#primaryimage\"},\"thumbnailUrl\":\"https:\/\/www.gaveanews.com\/wp-content\/uploads\/Vini-Jr-posa-para-foto-apos-ser-campeao-da-Supercopa-da-Uefa-2024.webp\",\"articleSection\":[\"Flamengo\",\"Real Madrid\"],\"inLanguage\":\"pt-BR\",\"potentialAction\":[{\"@type\":\"CommentAction\",\"name\":\"Comment\",\"target\":[\"https:\/\/www.gaveanews.com\/index.php\/2024\/09\/13\/isso-foi-o-que-disse-ancelotti-sobre-a-ma-fase-de-vini-jr\/#respond\"]}],\"copyrightYear\":\"2024\",\"copyrightHolder\":{\"@id\":\"https:\/\/www.gaveanews.com\/#organization\"}},{\"@type\":\"WebPage\",\"@id\":\"https:\/\/www.gaveanews.com\/index.php\/2024\/09\/13\/isso-foi-o-que-disse-ancelotti-sobre-a-ma-fase-de-vini-jr\/\",\"url\":\"https:\/\/www.gaveanews.com\/index.php\/2024\/09\/13\/isso-foi-o-que-disse-ancelotti-sobre-a-ma-fase-de-vini-jr\/\",\"name\":\"Isso foi o que disse Ancelotti sobre a m\u00e1 fase de Vini Jr\",\"isPartOf\":{\"@id\":\"https:\/\/www.gaveanews.com\/#website\"},\"primaryImageOfPage\":{\"@id\":\"https:\/\/www.gaveanews.com\/index.php\/2024\/09\/13\/isso-foi-o-que-disse-ancelotti-sobre-a-ma-fase-de-vini-jr\/#primaryimage\"},\"image\":{\"@id\":\"https:\/\/www.gaveanews.com\/index.php\/2024\/09\/13\/isso-foi-o-que-disse-ancelotti-sobre-a-ma-fase-de-vini-jr\/#primaryimage\"},\"thumbnailUrl\":\"https:\/\/www.gaveanews.com\/wp-content\/uploads\/Vini-Jr-posa-para-foto-apos-ser-campeao-da-Supercopa-da-Uefa-2024.webp\",\"datePublished\":\"2024-09-13T19:30:00+00:00\",\"author\":{\"@id\":\"https:\/\/www.gaveanews.com\/#\/schema\/person\/32fddefab25b466689f181be346cd98c\"},\"breadcrumb\":{\"@id\":\"https:\/\/www.gaveanews.com\/index.php\/2024\/09\/13\/isso-foi-o-que-disse-ancelotti-sobre-a-ma-fase-de-vini-jr\/#breadcrumb\"},\"inLanguage\":\"pt-BR\",\"potentialAction\":[{\"@type\":\"ReadAction\",\"target\":[\"https:\/\/www.gaveanews.com\/index.php\/2024\/09\/13\/isso-foi-o-que-disse-ancelotti-sobre-a-ma-fase-de-vini-jr\/\"]}]},{\"@type\":\"ImageObject\",\"inLanguage\":\"pt-BR\",\"@id\":\"https:\/\/www.gaveanews.com\/index.php\/2024\/09\/13\/isso-foi-o-que-disse-ancelotti-sobre-a-ma-fase-de-vini-jr\/#primaryimage\",\"url\":\"https:\/\/www.gaveanews.com\/wp-content\/uploads\/Vini-Jr-posa-para-foto-apos-ser-campeao-da-Supercopa-da-Uefa-2024.webp\",\"contentUrl\":\"https:\/\/www.gaveanews.com\/wp-content\/uploads\/Vini-Jr-posa-para-foto-apos-ser-campeao-da-Supercopa-da-Uefa-2024.webp\",\"width\":1242,\"height\":1540,\"caption\":\"Vini Jr posa para foto ap\u00f3s ser campe\u00e3o da Supercopa da Uefa 2024 (Foto: Reprodu\u00e7\u00e3o\/Instagram)\"},{\"@type\":\"BreadcrumbList\",\"@id\":\"https:\/\/www.gaveanews.com\/index.php\/2024\/09\/13\/isso-foi-o-que-disse-ancelotti-sobre-a-ma-fase-de-vini-jr\/#breadcrumb\",\"itemListElement\":[{\"@type\":\"ListItem\",\"position\":1,\"name\":\"Home\",\"item\":\"https:\/\/www.gaveanews.com\/\"},{\"@type\":\"ListItem\",\"position\":2,\"name\":\"Isso foi o que disse Ancelotti sobre a m\u00e1 fase de Vini Jr\"}]},{\"@type\":\"WebSite\",\"@id\":\"https:\/\/www.gaveanews.com\/#website\",\"url\":\"https:\/\/www.gaveanews.com\/\",\"name\":\"G\u00e1vea News\",\"description\":\"Veja todas as not\u00edcias sobre o Flamengo: Contrata\u00e7\u00f5es, categorias de base, resultados das partidas, tabela de classifica\u00e7\u00e3o, pr\u00f3ximos jogos!\",\"potentialAction\":[{\"@type\":\"SearchAction\",\"target\":{\"@type\":\"EntryPoint\",\"urlTemplate\":\"https:\/\/www.gaveanews.com\/?s={search_term_string}\"},\"query-input\":{\"@type\":\"PropertyValueSpecification\",\"valueRequired\":true,\"valueName\":\"search_term_string\"}}],\"inLanguage\":\"pt-BR\"},{\"@type\":\"Person\",\"@id\":\"https:\/\/www.gaveanews.com\/#\/schema\/person\/32fddefab25b466689f181be346cd98c\",\"name\":\"Bruno Zanchetta\",\"image\":{\"@type\":\"ImageObject\",\"inLanguage\":\"pt-BR\",\"@id\":\"https:\/\/www.gaveanews.com\/#\/schema\/person\/image\/\",\"url\":\"https:\/\/secure.gravatar.com\/avatar\/3ba2d39f8a912ad65276975a996d6ad8d9e3dd13448684be8dc4d7c17099d2ee?s=96&d=mm&r=g\",\"contentUrl\":\"https:\/\/secure.gravatar.com\/avatar\/3ba2d39f8a912ad65276975a996d6ad8d9e3dd13448684be8dc4d7c17099d2ee?s=96&d=mm&r=g\",\"caption\":\"Bruno Zanchetta\"}}]}<\/script>\n<!-- \/ Yoast SEO Premium plugin. -->","yoast_head_json":{"title":"Isso foi o que disse Ancelotti sobre a m\u00e1 fase de Vini Jr","robots":{"index":"index","follow":"follow","max-snippet":"max-snippet:-1","max-image-preview":"max-image-preview:large","max-video-preview":"max-video-preview:-1"},"canonical":"https:\/\/www.gaveanews.com\/index.php\/2024\/09\/13\/isso-foi-o-que-disse-ancelotti-sobre-a-ma-fase-de-vini-jr\/","og_locale":"pt_BR","og_type":"article","og_title":"Isso foi o que disse Ancelotti sobre a m\u00e1 fase de Vini Jr","og_description":"Em entrevista coletiva, Ancelotti foi perguntado sobre a m\u00e1 fase que Vini Jr vive, principalmente na sele\u00e7\u00e3o brasileira. A torcida e a imprensa no Brasil questiona muito o fato de Vini Jr n\u00e3o conseguir aplicar, na sele\u00e7\u00e3o nacional, o mesmo futebol feito no Real Madrid, futebol esse que faz dele um dos favoritos a ser [&hellip;]","og_url":"https:\/\/www.gaveanews.com\/index.php\/2024\/09\/13\/isso-foi-o-que-disse-ancelotti-sobre-a-ma-fase-de-vini-jr\/","og_site_name":"G\u00e1vea News","article_publisher":"https:\/\/facebook.com\/gaveaNews\/","article_published_time":"2024-09-13T19:30:00+00:00","og_image":[{"width":1242,"height":1540,"url":"https:\/\/www.gaveanews.com\/wp-content\/uploads\/Vini-Jr-posa-para-foto-apos-ser-campeao-da-Supercopa-da-Uefa-2024.webp","type":"image\/jpeg"}],"author":"Bruno Zanchetta","twitter_card":"summary_large_image","twitter_misc":{"Escrito por":"Bruno Zanchetta","Est. tempo de leitura":"3 minutos"},"schema":{"@context":"https:\/\/schema.org","@graph":[{"@type":"NewsArticle","@id":"https:\/\/www.gaveanews.com\/index.php\/2024\/09\/13\/isso-foi-o-que-disse-ancelotti-sobre-a-ma-fase-de-vini-jr\/#article","isPartOf":{"@id":"https:\/\/www.gaveanews.com\/index.php\/2024\/09\/13\/isso-foi-o-que-disse-ancelotti-sobre-a-ma-fase-de-vini-jr\/"},"author":{"name":"Bruno Zanchetta","@id":"https:\/\/www.gaveanews.com\/#\/schema\/person\/32fddefab25b466689f181be346cd98c"},"headline":"Isso foi o que disse Ancelotti sobre a m\u00e1 fase de Vini Jr","datePublished":"2024-09-13T19:30:00+00:00","mainEntityOfPage":{"@id":"https:\/\/www.gaveanews.com\/index.php\/2024\/09\/13\/isso-foi-o-que-disse-ancelotti-sobre-a-ma-fase-de-vini-jr\/"},"wordCount":442,"commentCount":0,"image":{"@id":"https:\/\/www.gaveanews.com\/index.php\/2024\/09\/13\/isso-foi-o-que-disse-ancelotti-sobre-a-ma-fase-de-vini-jr\/#primaryimage"},"thumbnailUrl":"https:\/\/www.gaveanews.com\/wp-content\/uploads\/Vini-Jr-posa-para-foto-apos-ser-campeao-da-Supercopa-da-Uefa-2024.webp","articleSection":["Flamengo","Real Madrid"],"inLanguage":"pt-BR","potentialAction":[{"@type":"CommentAction","name":"Comment","target":["https:\/\/www.gaveanews.com\/index.php\/2024\/09\/13\/isso-foi-o-que-disse-ancelotti-sobre-a-ma-fase-de-vini-jr\/#respond"]}],"copyrightYear":"2024","copyrightHolder":{"@id":"https:\/\/www.gaveanews.com\/#organization"}},{"@type":"WebPage","@id":"https:\/\/www.gaveanews.com\/index.php\/2024\/09\/13\/isso-foi-o-que-disse-ancelotti-sobre-a-ma-fase-de-vini-jr\/","url":"https:\/\/www.gaveanews.com\/index.php\/2024\/09\/13\/isso-foi-o-que-disse-ancelotti-sobre-a-ma-fase-de-vini-jr\/","name":"Isso foi o que disse Ancelotti sobre a m\u00e1 fase de Vini Jr","isPartOf":{"@id":"https:\/\/www.gaveanews.com\/#website"},"primaryImageOfPage":{"@id":"https:\/\/www.gaveanews.com\/index.php\/2024\/09\/13\/isso-foi-o-que-disse-ancelotti-sobre-a-ma-fase-de-vini-jr\/#primaryimage"},"image":{"@id":"https:\/\/www.gaveanews.com\/index.php\/2024\/09\/13\/isso-foi-o-que-disse-ancelotti-sobre-a-ma-fase-de-vini-jr\/#primaryimage"},"thumbnailUrl":"https:\/\/www.gaveanews.com\/wp-content\/uploads\/Vini-Jr-posa-para-foto-apos-ser-campeao-da-Supercopa-da-Uefa-2024.webp","datePublished":"2024-09-13T19:30:00+00:00","author":{"@id":"https:\/\/www.gaveanews.com\/#\/schema\/person\/32fddefab25b466689f181be346cd98c"},"breadcrumb":{"@id":"https:\/\/www.gaveanews.com\/index.php\/2024\/09\/13\/isso-foi-o-que-disse-ancelotti-sobre-a-ma-fase-de-vini-jr\/#breadcrumb"},"inLanguage":"pt-BR","potentialAction":[{"@type":"ReadAction","target":["https:\/\/www.gaveanews.com\/index.php\/2024\/09\/13\/isso-foi-o-que-disse-ancelotti-sobre-a-ma-fase-de-vini-jr\/"]}]},{"@type":"ImageObject","inLanguage":"pt-BR","@id":"https:\/\/www.gaveanews.com\/index.php\/2024\/09\/13\/isso-foi-o-que-disse-ancelotti-sobre-a-ma-fase-de-vini-jr\/#primaryimage","url":"https:\/\/www.gaveanews.com\/wp-content\/uploads\/Vini-Jr-posa-para-foto-apos-ser-campeao-da-Supercopa-da-Uefa-2024.webp","contentUrl":"https:\/\/www.gaveanews.com\/wp-content\/uploads\/Vini-Jr-posa-para-foto-apos-ser-campeao-da-Supercopa-da-Uefa-2024.webp","width":1242,"height":1540,"caption":"Vini Jr posa para foto ap\u00f3s ser campe\u00e3o da Supercopa da Uefa 2024 (Foto: Reprodu\u00e7\u00e3o\/Instagram)"},{"@type":"BreadcrumbList","@id":"https:\/\/www.gaveanews.com\/index.php\/2024\/09\/13\/isso-foi-o-que-disse-ancelotti-sobre-a-ma-fase-de-vini-jr\/#breadcrumb","itemListElement":[{"@type":"ListItem","position":1,"name":"Home","item":"https:\/\/www.gaveanews.com\/"},{"@type":"ListItem","position":2,"name":"Isso foi o que disse Ancelotti sobre a m\u00e1 fase de Vini Jr"}]},{"@type":"WebSite","@id":"https:\/\/www.gaveanews.com\/#website","url":"https:\/\/www.gaveanews.com\/","name":"G\u00e1vea News","description":"Veja todas as not\u00edcias sobre o Flamengo: Contrata\u00e7\u00f5es, categorias de base, resultados das partidas, tabela de classifica\u00e7\u00e3o, pr\u00f3ximos jogos!","potentialAction":[{"@type":"SearchAction","target":{"@type":"EntryPoint","urlTemplate":"https:\/\/www.gaveanews.com\/?s={search_term_string}"},"query-input":{"@type":"PropertyValueSpecification","valueRequired":true,"valueName":"search_term_string"}}],"inLanguage":"pt-BR"},{"@type":"Person","@id":"https:\/\/www.gaveanews.com\/#\/schema\/person\/32fddefab25b466689f181be346cd98c","name":"Bruno Zanchetta","image":{"@type":"ImageObject","inLanguage":"pt-BR","@id":"https:\/\/www.gaveanews.com\/#\/schema\/person\/image\/","url":"https:\/\/secure.gravatar.com\/avatar\/3ba2d39f8a912ad65276975a996d6ad8d9e3dd13448684be8dc4d7c17099d2ee?s=96&d=mm&r=g","contentUrl":"https:\/\/secure.gravatar.com\/avatar\/3ba2d39f8a912ad65276975a996d6ad8d9e3dd13448684be8dc4d7c17099d2ee?s=96&d=mm&r=g","caption":"Bruno Zanchetta"}}]}},"_links":{"self":[{"href":"https:\/\/www.gaveanews.com\/index.php\/wp-json\/wp\/v2\/posts\/166276","targetHints":{"allow":["GET"]}}],"collection":[{"href":"https:\/\/www.gaveanews.com\/index.php\/wp-json\/wp\/v2\/posts"}],"about":[{"href":"https:\/\/www.gaveanews.com\/index.php\/wp-json\/wp\/v2\/types\/post"}],"author":[{"embeddable":true,"href":"https:\/\/www.gaveanews.com\/index.php\/wp-json\/wp\/v2\/users\/19"}],"replies":[{"embeddable":true,"href":"https:\/\/www.gaveanews.com\/index.php\/wp-json\/wp\/v2\/comments?post=166276"}],"version-history":[{"count":1,"href":"https:\/\/www.gaveanews.com\/index.php\/wp-json\/wp\/v2\/posts\/166276\/revisions"}],"predecessor-version":[{"id":166277,"href":"https:\/\/www.gaveanews.com\/index.php\/wp-json\/wp\/v2\/posts\/166276\/revisions\/166277"}],"wp:featuredmedia":[{"embeddable":true,"href":"https:\/\/www.gaveanews.com\/index.php\/wp-json\/wp\/v2\/media\/158699"}],"wp:attachment":[{"href":"https:\/\/www.gaveanews.com\/index.php\/wp-json\/wp\/v2\/media?parent=166276"}],"wp:term":[{"taxonomy":"category","embeddable":true,"href":"https:\/\/www.gaveanews.com\/index.php\/wp-json\/wp\/v2\/categories?post=166276"},{"taxonomy":"post_tag","embeddable":true,"href":"https:\/\/www.gaveanews.com\/index.php\/wp-json\/wp\/v2\/tags?post=166276"}],"curies":[{"name":"wp","href":"https:\/\/api.w.org\/{rel}","templated":true}]}}