{"id":166290,"date":"2024-09-13T17:00:00","date_gmt":"2024-09-13T20:00:00","guid":{"rendered":"https:\/\/www.gaveanews.com\/?p=166290"},"modified":"2024-09-13T16:02:44","modified_gmt":"2024-09-13T19:02:44","slug":"flamengo-x-vasco-tera-estreia-de-reforco","status":"publish","type":"post","link":"https:\/\/www.gaveanews.com\/index.php\/2024\/09\/13\/flamengo-x-vasco-tera-estreia-de-reforco\/","title":{"rendered":"Flamengo x Vasco ter\u00e1 estreia de refor\u00e7o"},"content":{"rendered":"\n<h2 class=\"wp-block-heading\" id=\"h-flamengo-prepara-estreia-de-alex-sandro\">Flamengo prepara estreia de Alex Sandro\u00a0<\/h2>\n\n\n\n<p>A comiss\u00e3o t\u00e9cnica do Flamengo j\u00e1 decidiu que Alex Sandro ser\u00e1 escalado para o confronto de domingo (15) contra o Vasco, v\u00e1lido pelo Brasileir\u00e3o. Essa ser\u00e1 a primeira partida do lateral-esquerdo de 33 anos, que foi recentemente contratado pelo clube.<\/p>\n\n\n\n<ul class=\"wp-block-list\">\n<li><a href=\"https:\/\/www.gaveanews.com\/index.php\/2024\/09\/13\/flamengo-atinge-feito-jamais-alcancado-por-outro-clube-no-brasil\/\">Flamengo atinge feito jamais alcan\u00e7ado por outro clube no Brasil<\/a><\/li>\n\n\n\n<li><a href=\"https:\/\/www.gaveanews.com\/index.php\/2024\/09\/13\/a-declaracao-do-tecnico-do-vasco-antes-do-jogo-contra-o-flamengo\/\">A declara\u00e7\u00e3o do t\u00e9cnico do Vasco antes do jogo contra o Flamengo<br><\/a><\/li>\n<\/ul>\n\n\n\n<p>A situa\u00e7\u00e3o se tornou favor\u00e1vel, especialmente pela necessidade da equipe: Ayrton Lucas est\u00e1 suspenso ap\u00f3s acumular tr\u00eas cart\u00f5es amarelos, o \u00faltimo recebido no jogo contra o Corinthians. Alex Sandro tem treinado normalmente desde sua chegada ao Flamengo e manteve a forma f\u00edsica mesmo durante sua aus\u00eancia de um clube.<\/p>\n\n\n\n<p>Auxiliar-t\u00e9cnico de Tite, Cl\u00e9ber Xaviver revelou que o lateral-esquerdo estar\u00e1 em campo no domingo no cl\u00e1ssico pelo Brasileir\u00e3o.<\/p>\n\n\n\n<figure class=\"wp-block-image size-full\"><img loading=\"lazy\" decoding=\"async\" width=\"860\" height=\"484\" src=\"https:\/\/www.gaveanews.com\/wp-content\/uploads\/alex-sandro-flamengo-860x484-1.webp\" alt=\"\" class=\"wp-image-162608\" srcset=\"https:\/\/www.gaveanews.com\/wp-content\/uploads\/alex-sandro-flamengo-860x484-1.webp 860w, https:\/\/www.gaveanews.com\/wp-content\/uploads\/alex-sandro-flamengo-860x484-1-300x169.webp 300w, https:\/\/www.gaveanews.com\/wp-content\/uploads\/alex-sandro-flamengo-860x484-1-768x432.webp 768w, https:\/\/www.gaveanews.com\/wp-content\/uploads\/alex-sandro-flamengo-860x484-1-746x420.webp 746w, https:\/\/www.gaveanews.com\/wp-content\/uploads\/alex-sandro-flamengo-860x484-1-640x360.webp 640w, https:\/\/www.gaveanews.com\/wp-content\/uploads\/alex-sandro-flamengo-860x484-1-681x383.webp 681w, https:\/\/www.gaveanews.com\/wp-content\/uploads\/alex-sandro-flamengo-860x484-1-100x56.webp 100w\" sizes=\"auto, (max-width: 860px) 100vw, 860px\" \/><figcaption class=\"wp-element-caption\">Foto: Reprodu\u00e7\u00e3o<\/figcaption><\/figure>\n\n\n\n<p><em>-O Ayrton est\u00e1 suspenso. O Alex Sandro est\u00e1 treinando e j\u00e1 est\u00e1 em condi\u00e7\u00f5es de jogar. Amanh\u00e3 recuperar os atletas e no s\u00e1bado, no \u00fanico treino que temos para o jogo de domingo, fazer a estrat\u00e9gia do jogo e definir, mas deve ser o Alex Sandro, revelou o auxiliar Cl\u00e9ber Xavier.<\/em><\/p>\n\n\n\n<p>Ayrton Lucas deixou o jogo contra o Bahia sentindo c\u00e3ibras, evidenciando o desgaste que tem enfrentado ao longo da temporada. Como n\u00e3o contava com Alex Sandro dispon\u00edvel, Tite decidiu escalar Varela, atuando na posi\u00e7\u00e3o invertida. O uruguaio n\u00e3o comprometeu e conseguiu manter a solidez da equipe.<\/p>\n\n\n\n<p>A chegada de Alex Sandro \u00e9 fundamental para proporcionar um rod\u00edzio na lateral-esquerda. Tite j\u00e1 havia utilizado L\u00e9o Pereira nesse setor devido \u00e0 aus\u00eancia prolongada de Vi\u00f1a, que sofreu uma ruptura de ligamento no joelho e s\u00f3 deve retornar em 2025.<\/p>\n\n\n\n<p><\/p>\n","protected":false},"excerpt":{"rendered":"<p>Flamengo x Vasco ter\u00e1 estreia de refor\u00e7o<\/p>\n","protected":false},"author":16,"featured_media":122174,"comment_status":"open","ping_status":"closed","sticky":false,"template":"","format":"standard","meta":{"footnotes":""},"categories":[1,152],"tags":[],"class_list":["post-166290","post","type-post","status-publish","format-standard","has-post-thumbnail","hentry","category-flamengo","category-vasco"],"yoast_head":"<!-- This site is optimized with the Yoast SEO Premium plugin v24.2 (Yoast SEO v26.9) - https:\/\/yoast.com\/product\/yoast-seo-premium-wordpress\/ -->\n<title>Flamengo x Vasco ter\u00e1 estreia de refor\u00e7o<\/title>\n<meta name=\"robots\" content=\"index, follow, max-snippet:-1, max-image-preview:large, max-video-preview:-1\" \/>\n<link rel=\"canonical\" href=\"https:\/\/www.gaveanews.com\/index.php\/2024\/09\/13\/flamengo-x-vasco-tera-estreia-de-reforco\/\" \/>\n<meta property=\"og:locale\" content=\"pt_BR\" \/>\n<meta property=\"og:type\" content=\"article\" \/>\n<meta property=\"og:title\" content=\"Flamengo x Vasco ter\u00e1 estreia de refor\u00e7o\" \/>\n<meta property=\"og:description\" content=\"Flamengo x Vasco ter\u00e1 estreia de refor\u00e7o\" \/>\n<meta property=\"og:url\" content=\"https:\/\/www.gaveanews.com\/index.php\/2024\/09\/13\/flamengo-x-vasco-tera-estreia-de-reforco\/\" \/>\n<meta property=\"og:site_name\" content=\"G\u00e1vea News\" \/>\n<meta property=\"article:publisher\" content=\"https:\/\/facebook.com\/gaveaNews\/\" \/>\n<meta property=\"article:published_time\" content=\"2024-09-13T20:00:00+00:00\" \/>\n<meta property=\"og:image\" content=\"https:\/\/www.gaveanews.com\/wp-content\/uploads\/ninhodourubu.webp\" \/>\n\t<meta property=\"og:image:width\" content=\"1218\" \/>\n\t<meta property=\"og:image:height\" content=\"812\" \/>\n\t<meta property=\"og:image:type\" content=\"image\/webp\" \/>\n<meta name=\"author\" content=\"D\u00e9bora Figueiredo\" \/>\n<meta name=\"twitter:card\" content=\"summary_large_image\" \/>\n<meta name=\"twitter:label1\" content=\"Escrito por\" \/>\n\t<meta name=\"twitter:data1\" content=\"D\u00e9bora Figueiredo\" \/>\n\t<meta name=\"twitter:label2\" content=\"Est. tempo de leitura\" \/>\n\t<meta name=\"twitter:data2\" content=\"2 minutos\" \/>\n<script type=\"application\/ld+json\" class=\"yoast-schema-graph\">{\"@context\":\"https:\/\/schema.org\",\"@graph\":[{\"@type\":\"NewsArticle\",\"@id\":\"https:\/\/www.gaveanews.com\/index.php\/2024\/09\/13\/flamengo-x-vasco-tera-estreia-de-reforco\/#article\",\"isPartOf\":{\"@id\":\"https:\/\/www.gaveanews.com\/index.php\/2024\/09\/13\/flamengo-x-vasco-tera-estreia-de-reforco\/\"},\"author\":{\"name\":\"D\u00e9bora Figueiredo\",\"@id\":\"https:\/\/www.gaveanews.com\/#\/schema\/person\/37122681a8575a5c8db05a56f099a5e4\"},\"headline\":\"Flamengo x Vasco ter\u00e1 estreia de refor\u00e7o\",\"datePublished\":\"2024-09-13T20:00:00+00:00\",\"mainEntityOfPage\":{\"@id\":\"https:\/\/www.gaveanews.com\/index.php\/2024\/09\/13\/flamengo-x-vasco-tera-estreia-de-reforco\/\"},\"wordCount\":310,\"commentCount\":0,\"image\":{\"@id\":\"https:\/\/www.gaveanews.com\/index.php\/2024\/09\/13\/flamengo-x-vasco-tera-estreia-de-reforco\/#primaryimage\"},\"thumbnailUrl\":\"https:\/\/www.gaveanews.com\/wp-content\/uploads\/ninhodourubu.webp\",\"articleSection\":[\"Flamengo\",\"Vasco\"],\"inLanguage\":\"pt-BR\",\"potentialAction\":[{\"@type\":\"CommentAction\",\"name\":\"Comment\",\"target\":[\"https:\/\/www.gaveanews.com\/index.php\/2024\/09\/13\/flamengo-x-vasco-tera-estreia-de-reforco\/#respond\"]}],\"copyrightYear\":\"2024\",\"copyrightHolder\":{\"@id\":\"https:\/\/www.gaveanews.com\/#organization\"}},{\"@type\":\"WebPage\",\"@id\":\"https:\/\/www.gaveanews.com\/index.php\/2024\/09\/13\/flamengo-x-vasco-tera-estreia-de-reforco\/\",\"url\":\"https:\/\/www.gaveanews.com\/index.php\/2024\/09\/13\/flamengo-x-vasco-tera-estreia-de-reforco\/\",\"name\":\"Flamengo x Vasco ter\u00e1 estreia de refor\u00e7o\",\"isPartOf\":{\"@id\":\"https:\/\/www.gaveanews.com\/#website\"},\"primaryImageOfPage\":{\"@id\":\"https:\/\/www.gaveanews.com\/index.php\/2024\/09\/13\/flamengo-x-vasco-tera-estreia-de-reforco\/#primaryimage\"},\"image\":{\"@id\":\"https:\/\/www.gaveanews.com\/index.php\/2024\/09\/13\/flamengo-x-vasco-tera-estreia-de-reforco\/#primaryimage\"},\"thumbnailUrl\":\"https:\/\/www.gaveanews.com\/wp-content\/uploads\/ninhodourubu.webp\",\"datePublished\":\"2024-09-13T20:00:00+00:00\",\"author\":{\"@id\":\"https:\/\/www.gaveanews.com\/#\/schema\/person\/37122681a8575a5c8db05a56f099a5e4\"},\"breadcrumb\":{\"@id\":\"https:\/\/www.gaveanews.com\/index.php\/2024\/09\/13\/flamengo-x-vasco-tera-estreia-de-reforco\/#breadcrumb\"},\"inLanguage\":\"pt-BR\",\"potentialAction\":[{\"@type\":\"ReadAction\",\"target\":[\"https:\/\/www.gaveanews.com\/index.php\/2024\/09\/13\/flamengo-x-vasco-tera-estreia-de-reforco\/\"]}]},{\"@type\":\"ImageObject\",\"inLanguage\":\"pt-BR\",\"@id\":\"https:\/\/www.gaveanews.com\/index.php\/2024\/09\/13\/flamengo-x-vasco-tera-estreia-de-reforco\/#primaryimage\",\"url\":\"https:\/\/www.gaveanews.com\/wp-content\/uploads\/ninhodourubu.webp\",\"contentUrl\":\"https:\/\/www.gaveanews.com\/wp-content\/uploads\/ninhodourubu.webp\",\"width\":1218,\"height\":812,\"caption\":\"Centro de treinamento do Flamengo (Foto: Reprodu\u00e7\u00e3o)\"},{\"@type\":\"BreadcrumbList\",\"@id\":\"https:\/\/www.gaveanews.com\/index.php\/2024\/09\/13\/flamengo-x-vasco-tera-estreia-de-reforco\/#breadcrumb\",\"itemListElement\":[{\"@type\":\"ListItem\",\"position\":1,\"name\":\"Home\",\"item\":\"https:\/\/www.gaveanews.com\/\"},{\"@type\":\"ListItem\",\"position\":2,\"name\":\"Flamengo x Vasco ter\u00e1 estreia de refor\u00e7o\"}]},{\"@type\":\"WebSite\",\"@id\":\"https:\/\/www.gaveanews.com\/#website\",\"url\":\"https:\/\/www.gaveanews.com\/\",\"name\":\"G\u00e1vea News\",\"description\":\"Veja todas as not\u00edcias sobre o Flamengo: Contrata\u00e7\u00f5es, categorias de base, resultados das partidas, tabela de classifica\u00e7\u00e3o, pr\u00f3ximos jogos!\",\"potentialAction\":[{\"@type\":\"SearchAction\",\"target\":{\"@type\":\"EntryPoint\",\"urlTemplate\":\"https:\/\/www.gaveanews.com\/?s={search_term_string}\"},\"query-input\":{\"@type\":\"PropertyValueSpecification\",\"valueRequired\":true,\"valueName\":\"search_term_string\"}}],\"inLanguage\":\"pt-BR\"},{\"@type\":\"Person\",\"@id\":\"https:\/\/www.gaveanews.com\/#\/schema\/person\/37122681a8575a5c8db05a56f099a5e4\",\"name\":\"D\u00e9bora Figueiredo\",\"image\":{\"@type\":\"ImageObject\",\"inLanguage\":\"pt-BR\",\"@id\":\"https:\/\/www.gaveanews.com\/#\/schema\/person\/image\/\",\"url\":\"https:\/\/secure.gravatar.com\/avatar\/1f44802859351588499d26f52aed1d15796ce17e67602895b72837c08018868d?s=96&d=mm&r=g\",\"contentUrl\":\"https:\/\/secure.gravatar.com\/avatar\/1f44802859351588499d26f52aed1d15796ce17e67602895b72837c08018868d?s=96&d=mm&r=g\",\"caption\":\"D\u00e9bora Figueiredo\"}}]}<\/script>\n<!-- \/ Yoast SEO Premium plugin. -->","yoast_head_json":{"title":"Flamengo x Vasco ter\u00e1 estreia de refor\u00e7o","robots":{"index":"index","follow":"follow","max-snippet":"max-snippet:-1","max-image-preview":"max-image-preview:large","max-video-preview":"max-video-preview:-1"},"canonical":"https:\/\/www.gaveanews.com\/index.php\/2024\/09\/13\/flamengo-x-vasco-tera-estreia-de-reforco\/","og_locale":"pt_BR","og_type":"article","og_title":"Flamengo x Vasco ter\u00e1 estreia de refor\u00e7o","og_description":"Flamengo x Vasco ter\u00e1 estreia de refor\u00e7o","og_url":"https:\/\/www.gaveanews.com\/index.php\/2024\/09\/13\/flamengo-x-vasco-tera-estreia-de-reforco\/","og_site_name":"G\u00e1vea News","article_publisher":"https:\/\/facebook.com\/gaveaNews\/","article_published_time":"2024-09-13T20:00:00+00:00","og_image":[{"width":1218,"height":812,"url":"https:\/\/www.gaveanews.com\/wp-content\/uploads\/ninhodourubu.webp","type":"image\/webp"}],"author":"D\u00e9bora Figueiredo","twitter_card":"summary_large_image","twitter_misc":{"Escrito por":"D\u00e9bora Figueiredo","Est. tempo de leitura":"2 minutos"},"schema":{"@context":"https:\/\/schema.org","@graph":[{"@type":"NewsArticle","@id":"https:\/\/www.gaveanews.com\/index.php\/2024\/09\/13\/flamengo-x-vasco-tera-estreia-de-reforco\/#article","isPartOf":{"@id":"https:\/\/www.gaveanews.com\/index.php\/2024\/09\/13\/flamengo-x-vasco-tera-estreia-de-reforco\/"},"author":{"name":"D\u00e9bora Figueiredo","@id":"https:\/\/www.gaveanews.com\/#\/schema\/person\/37122681a8575a5c8db05a56f099a5e4"},"headline":"Flamengo x Vasco ter\u00e1 estreia de refor\u00e7o","datePublished":"2024-09-13T20:00:00+00:00","mainEntityOfPage":{"@id":"https:\/\/www.gaveanews.com\/index.php\/2024\/09\/13\/flamengo-x-vasco-tera-estreia-de-reforco\/"},"wordCount":310,"commentCount":0,"image":{"@id":"https:\/\/www.gaveanews.com\/index.php\/2024\/09\/13\/flamengo-x-vasco-tera-estreia-de-reforco\/#primaryimage"},"thumbnailUrl":"https:\/\/www.gaveanews.com\/wp-content\/uploads\/ninhodourubu.webp","articleSection":["Flamengo","Vasco"],"inLanguage":"pt-BR","potentialAction":[{"@type":"CommentAction","name":"Comment","target":["https:\/\/www.gaveanews.com\/index.php\/2024\/09\/13\/flamengo-x-vasco-tera-estreia-de-reforco\/#respond"]}],"copyrightYear":"2024","copyrightHolder":{"@id":"https:\/\/www.gaveanews.com\/#organization"}},{"@type":"WebPage","@id":"https:\/\/www.gaveanews.com\/index.php\/2024\/09\/13\/flamengo-x-vasco-tera-estreia-de-reforco\/","url":"https:\/\/www.gaveanews.com\/index.php\/2024\/09\/13\/flamengo-x-vasco-tera-estreia-de-reforco\/","name":"Flamengo x Vasco ter\u00e1 estreia de refor\u00e7o","isPartOf":{"@id":"https:\/\/www.gaveanews.com\/#website"},"primaryImageOfPage":{"@id":"https:\/\/www.gaveanews.com\/index.php\/2024\/09\/13\/flamengo-x-vasco-tera-estreia-de-reforco\/#primaryimage"},"image":{"@id":"https:\/\/www.gaveanews.com\/index.php\/2024\/09\/13\/flamengo-x-vasco-tera-estreia-de-reforco\/#primaryimage"},"thumbnailUrl":"https:\/\/www.gaveanews.com\/wp-content\/uploads\/ninhodourubu.webp","datePublished":"2024-09-13T20:00:00+00:00","author":{"@id":"https:\/\/www.gaveanews.com\/#\/schema\/person\/37122681a8575a5c8db05a56f099a5e4"},"breadcrumb":{"@id":"https:\/\/www.gaveanews.com\/index.php\/2024\/09\/13\/flamengo-x-vasco-tera-estreia-de-reforco\/#breadcrumb"},"inLanguage":"pt-BR","potentialAction":[{"@type":"ReadAction","target":["https:\/\/www.gaveanews.com\/index.php\/2024\/09\/13\/flamengo-x-vasco-tera-estreia-de-reforco\/"]}]},{"@type":"ImageObject","inLanguage":"pt-BR","@id":"https:\/\/www.gaveanews.com\/index.php\/2024\/09\/13\/flamengo-x-vasco-tera-estreia-de-reforco\/#primaryimage","url":"https:\/\/www.gaveanews.com\/wp-content\/uploads\/ninhodourubu.webp","contentUrl":"https:\/\/www.gaveanews.com\/wp-content\/uploads\/ninhodourubu.webp","width":1218,"height":812,"caption":"Centro de treinamento do Flamengo (Foto: Reprodu\u00e7\u00e3o)"},{"@type":"BreadcrumbList","@id":"https:\/\/www.gaveanews.com\/index.php\/2024\/09\/13\/flamengo-x-vasco-tera-estreia-de-reforco\/#breadcrumb","itemListElement":[{"@type":"ListItem","position":1,"name":"Home","item":"https:\/\/www.gaveanews.com\/"},{"@type":"ListItem","position":2,"name":"Flamengo x Vasco ter\u00e1 estreia de refor\u00e7o"}]},{"@type":"WebSite","@id":"https:\/\/www.gaveanews.com\/#website","url":"https:\/\/www.gaveanews.com\/","name":"G\u00e1vea News","description":"Veja todas as not\u00edcias sobre o Flamengo: Contrata\u00e7\u00f5es, categorias de base, resultados das partidas, tabela de classifica\u00e7\u00e3o, pr\u00f3ximos jogos!","potentialAction":[{"@type":"SearchAction","target":{"@type":"EntryPoint","urlTemplate":"https:\/\/www.gaveanews.com\/?s={search_term_string}"},"query-input":{"@type":"PropertyValueSpecification","valueRequired":true,"valueName":"search_term_string"}}],"inLanguage":"pt-BR"},{"@type":"Person","@id":"https:\/\/www.gaveanews.com\/#\/schema\/person\/37122681a8575a5c8db05a56f099a5e4","name":"D\u00e9bora Figueiredo","image":{"@type":"ImageObject","inLanguage":"pt-BR","@id":"https:\/\/www.gaveanews.com\/#\/schema\/person\/image\/","url":"https:\/\/secure.gravatar.com\/avatar\/1f44802859351588499d26f52aed1d15796ce17e67602895b72837c08018868d?s=96&d=mm&r=g","contentUrl":"https:\/\/secure.gravatar.com\/avatar\/1f44802859351588499d26f52aed1d15796ce17e67602895b72837c08018868d?s=96&d=mm&r=g","caption":"D\u00e9bora Figueiredo"}}]}},"_links":{"self":[{"href":"https:\/\/www.gaveanews.com\/index.php\/wp-json\/wp\/v2\/posts\/166290","targetHints":{"allow":["GET"]}}],"collection":[{"href":"https:\/\/www.gaveanews.com\/index.php\/wp-json\/wp\/v2\/posts"}],"about":[{"href":"https:\/\/www.gaveanews.com\/index.php\/wp-json\/wp\/v2\/types\/post"}],"author":[{"embeddable":true,"href":"https:\/\/www.gaveanews.com\/index.php\/wp-json\/wp\/v2\/users\/16"}],"replies":[{"embeddable":true,"href":"https:\/\/www.gaveanews.com\/index.php\/wp-json\/wp\/v2\/comments?post=166290"}],"version-history":[{"count":1,"href":"https:\/\/www.gaveanews.com\/index.php\/wp-json\/wp\/v2\/posts\/166290\/revisions"}],"predecessor-version":[{"id":166304,"href":"https:\/\/www.gaveanews.com\/index.php\/wp-json\/wp\/v2\/posts\/166290\/revisions\/166304"}],"wp:featuredmedia":[{"embeddable":true,"href":"https:\/\/www.gaveanews.com\/index.php\/wp-json\/wp\/v2\/media\/122174"}],"wp:attachment":[{"href":"https:\/\/www.gaveanews.com\/index.php\/wp-json\/wp\/v2\/media?parent=166290"}],"wp:term":[{"taxonomy":"category","embeddable":true,"href":"https:\/\/www.gaveanews.com\/index.php\/wp-json\/wp\/v2\/categories?post=166290"},{"taxonomy":"post_tag","embeddable":true,"href":"https:\/\/www.gaveanews.com\/index.php\/wp-json\/wp\/v2\/tags?post=166290"}],"curies":[{"name":"wp","href":"https:\/\/api.w.org\/{rel}","templated":true}]}}