{"id":166487,"date":"2024-09-14T10:30:00","date_gmt":"2024-09-14T13:30:00","guid":{"rendered":"https:\/\/www.gaveanews.com\/?p=166487"},"modified":"2024-09-14T09:57:13","modified_gmt":"2024-09-14T12:57:13","slug":"gremio-recebe-transferencia-milionaria-da-cbf","status":"publish","type":"post","link":"https:\/\/www.gaveanews.com\/index.php\/2024\/09\/14\/gremio-recebe-transferencia-milionaria-da-cbf\/","title":{"rendered":"Gr\u00eamio recebe transfer\u00eancia milion\u00e1ria da CBF"},"content":{"rendered":"\n<h2 class=\"wp-block-heading\" id=\"h-valores-sao-referentes-as-enchentes-no-rio-grande-do-sul\">Valores s\u00e3o referentes as enchentes no Rio Grande do Sul<\/h2>\n\n\n\n<p>Alguns meses atr\u00e1s, o Rio Grande do Sul sofreu com enchentes e o Gr\u00eamio foi bastante prejudicado. Al\u00e9m do preju\u00edzo de sua Arena, que ficou inundada, o time precisou realizar diversas viagens para mandar seus jogos, j\u00e1 que seu est\u00e1dio estava sem condi\u00e7\u00f5es de jogo. Devido a essa situa\u00e7\u00e3o, a CBF prometeu ajuda financeira ao Imortal. <\/p>\n\n\n\n<ul class=\"wp-block-list\">\n<li><a href=\"https:\/\/www.gaveanews.com\/index.php\/2024\/09\/12\/ex-real-madrid-e-psg-pode-fechar-com-o-gremio\/\">Ex-Real Madrid e PSG pode fechar com o Gr\u00eamio<\/a><\/li>\n\n\n\n<li><a href=\"https:\/\/www.gaveanews.com\/index.php\/2024\/09\/10\/stjd-podera-afetar-diretamente-na-escalacao-do-gremio\/\">STJD poder\u00e1 afetar diretamente na escala\u00e7\u00e3o do Gr\u00eamio<\/a><\/li>\n<\/ul>\n\n\n\n<p>Na \u00faltima sexta-feira (13), a CBF realizou o primeiro pagamento prometido pela ajuda de custos de log\u00edstica do time. De primeiro momento, o Gr\u00eamio recebeu cerca de R$ 2 milh\u00f5es, mas ainda tem aproximadamente mais R$ 5 milh\u00f5es para receber da entidade. <\/p>\n\n\n\n<p>No entanto, o pr\u00f3ximo pagamento ser\u00e1 realizado apenas ap\u00f3s uma reuni\u00e3o com Ednaldo Rodrigues, presidente da CBF, para detalhar todas as despesas que o Imortal teve no per\u00edodo. Al\u00e9m da Arena, o clube teve tr\u00eas centro de treinamentos afetados pelas enchentes, mas as despesas do est\u00e1dio ficar\u00e3o sob responsabilidade da empresa gestora.<\/p>\n\n\n\n<p>Essa ajuda de custos foi uma promessa feita pelo presidente da CBF, Ednaldo Rodrigues, logo ap\u00f3s a retomada do Brasileir\u00e3o. Os times do Sul foram obrigados a irem para outros lugares para realizar seus treinamentos e jogos, assim, ficando um grande per\u00edodo fora da Regi\u00e3o Sul.<\/p>\n\n\n\n<p>Com o fim da Data Fifa, o Gr\u00eamio volta a campo neste domingo (15), quando viaja para Bragan\u00e7a Paulista enfrentar o Bragantino, no Nabi Abi Chedid. A bola rola \u00e0s 16h (de Bras\u00edlia). <\/p>\n\n\n\n<p>No momento, o Gr\u00eamio luta para se distanciar cada vez mais da zona de rebaixamento do Brasileir\u00e3o. O Imortal ocupa a 15\u00b0 coloca\u00e7\u00e3o com 27 pontos, apenas dois a mais que o Corinthians, que est\u00e1 em 17\u00b0 lugar. <\/p>\n","protected":false},"excerpt":{"rendered":"<p>Valores s\u00e3o referentes as enchentes no Rio Grande do Sul Alguns meses atr\u00e1s, o Rio Grande do Sul sofreu com enchentes e o Gr\u00eamio foi bastante prejudicado. Al\u00e9m do preju\u00edzo de sua Arena, que ficou inundada, o time precisou realizar diversas viagens para mandar seus jogos, j\u00e1 que seu est\u00e1dio estava sem condi\u00e7\u00f5es de jogo. [&hellip;]<\/p>\n","protected":false},"author":21,"featured_media":165925,"comment_status":"open","ping_status":"closed","sticky":false,"template":"","format":"standard","meta":{"footnotes":""},"categories":[147],"tags":[],"class_list":["post-166487","post","type-post","status-publish","format-standard","has-post-thumbnail","hentry","category-gremio"],"yoast_head":"<!-- This site is optimized with the Yoast SEO Premium plugin v24.2 (Yoast SEO v26.9) - https:\/\/yoast.com\/product\/yoast-seo-premium-wordpress\/ -->\n<title>Gr\u00eamio recebe transfer\u00eancia milion\u00e1ria da CBF<\/title>\n<meta name=\"description\" content=\"O pr\u00f3ximo pagamento ser\u00e1 realizado apenas ap\u00f3s uma reuni\u00e3o entre os dirigentes do Gr\u00eamio e Ednaldo Rodrigues, presidente da CBF.\" \/>\n<meta name=\"robots\" content=\"index, follow, max-snippet:-1, max-image-preview:large, max-video-preview:-1\" \/>\n<link rel=\"canonical\" href=\"https:\/\/www.gaveanews.com\/index.php\/2024\/09\/14\/gremio-recebe-transferencia-milionaria-da-cbf\/\" \/>\n<meta property=\"og:locale\" content=\"pt_BR\" \/>\n<meta property=\"og:type\" content=\"article\" \/>\n<meta property=\"og:title\" content=\"Gr\u00eamio recebe transfer\u00eancia milion\u00e1ria da CBF\" \/>\n<meta property=\"og:description\" content=\"O pr\u00f3ximo pagamento ser\u00e1 realizado apenas ap\u00f3s uma reuni\u00e3o entre os dirigentes do Gr\u00eamio e Ednaldo Rodrigues, presidente da CBF.\" \/>\n<meta property=\"og:url\" content=\"https:\/\/www.gaveanews.com\/index.php\/2024\/09\/14\/gremio-recebe-transferencia-milionaria-da-cbf\/\" \/>\n<meta property=\"og:site_name\" content=\"G\u00e1vea News\" \/>\n<meta property=\"article:publisher\" content=\"https:\/\/facebook.com\/gaveaNews\/\" \/>\n<meta property=\"article:published_time\" content=\"2024-09-14T13:30:00+00:00\" \/>\n<meta property=\"og:image\" content=\"https:\/\/www.gaveanews.com\/wp-content\/uploads\/Bandeira-do-Gremio.webp\" \/>\n\t<meta property=\"og:image:width\" content=\"1043\" \/>\n\t<meta property=\"og:image:height\" content=\"695\" \/>\n\t<meta property=\"og:image:type\" content=\"image\/webp\" \/>\n<meta name=\"author\" content=\"Andr\u00e9 Serra\" \/>\n<meta name=\"twitter:card\" content=\"summary_large_image\" \/>\n<meta name=\"twitter:label1\" content=\"Escrito por\" \/>\n\t<meta name=\"twitter:data1\" content=\"Andr\u00e9 Serra\" \/>\n\t<meta name=\"twitter:label2\" content=\"Est. tempo de leitura\" \/>\n\t<meta name=\"twitter:data2\" content=\"2 minutos\" \/>\n<script type=\"application\/ld+json\" class=\"yoast-schema-graph\">{\"@context\":\"https:\/\/schema.org\",\"@graph\":[{\"@type\":\"NewsArticle\",\"@id\":\"https:\/\/www.gaveanews.com\/index.php\/2024\/09\/14\/gremio-recebe-transferencia-milionaria-da-cbf\/#article\",\"isPartOf\":{\"@id\":\"https:\/\/www.gaveanews.com\/index.php\/2024\/09\/14\/gremio-recebe-transferencia-milionaria-da-cbf\/\"},\"author\":{\"name\":\"Andr\u00e9 Serra\",\"@id\":\"https:\/\/www.gaveanews.com\/#\/schema\/person\/0277a79a1289c451c281ec0411d84f0c\"},\"headline\":\"Gr\u00eamio recebe transfer\u00eancia milion\u00e1ria da CBF\",\"datePublished\":\"2024-09-14T13:30:00+00:00\",\"mainEntityOfPage\":{\"@id\":\"https:\/\/www.gaveanews.com\/index.php\/2024\/09\/14\/gremio-recebe-transferencia-milionaria-da-cbf\/\"},\"wordCount\":329,\"commentCount\":0,\"image\":{\"@id\":\"https:\/\/www.gaveanews.com\/index.php\/2024\/09\/14\/gremio-recebe-transferencia-milionaria-da-cbf\/#primaryimage\"},\"thumbnailUrl\":\"https:\/\/www.gaveanews.com\/wp-content\/uploads\/Bandeira-do-Gremio.webp\",\"articleSection\":[\"Gr\u00eamio\"],\"inLanguage\":\"pt-BR\",\"potentialAction\":[{\"@type\":\"CommentAction\",\"name\":\"Comment\",\"target\":[\"https:\/\/www.gaveanews.com\/index.php\/2024\/09\/14\/gremio-recebe-transferencia-milionaria-da-cbf\/#respond\"]}],\"copyrightYear\":\"2024\",\"copyrightHolder\":{\"@id\":\"https:\/\/www.gaveanews.com\/#organization\"}},{\"@type\":\"WebPage\",\"@id\":\"https:\/\/www.gaveanews.com\/index.php\/2024\/09\/14\/gremio-recebe-transferencia-milionaria-da-cbf\/\",\"url\":\"https:\/\/www.gaveanews.com\/index.php\/2024\/09\/14\/gremio-recebe-transferencia-milionaria-da-cbf\/\",\"name\":\"Gr\u00eamio recebe transfer\u00eancia milion\u00e1ria da CBF\",\"isPartOf\":{\"@id\":\"https:\/\/www.gaveanews.com\/#website\"},\"primaryImageOfPage\":{\"@id\":\"https:\/\/www.gaveanews.com\/index.php\/2024\/09\/14\/gremio-recebe-transferencia-milionaria-da-cbf\/#primaryimage\"},\"image\":{\"@id\":\"https:\/\/www.gaveanews.com\/index.php\/2024\/09\/14\/gremio-recebe-transferencia-milionaria-da-cbf\/#primaryimage\"},\"thumbnailUrl\":\"https:\/\/www.gaveanews.com\/wp-content\/uploads\/Bandeira-do-Gremio.webp\",\"datePublished\":\"2024-09-14T13:30:00+00:00\",\"author\":{\"@id\":\"https:\/\/www.gaveanews.com\/#\/schema\/person\/0277a79a1289c451c281ec0411d84f0c\"},\"description\":\"O pr\u00f3ximo pagamento ser\u00e1 realizado apenas ap\u00f3s uma reuni\u00e3o entre os dirigentes do Gr\u00eamio e Ednaldo Rodrigues, presidente da CBF.\",\"breadcrumb\":{\"@id\":\"https:\/\/www.gaveanews.com\/index.php\/2024\/09\/14\/gremio-recebe-transferencia-milionaria-da-cbf\/#breadcrumb\"},\"inLanguage\":\"pt-BR\",\"potentialAction\":[{\"@type\":\"ReadAction\",\"target\":[\"https:\/\/www.gaveanews.com\/index.php\/2024\/09\/14\/gremio-recebe-transferencia-milionaria-da-cbf\/\"]}]},{\"@type\":\"ImageObject\",\"inLanguage\":\"pt-BR\",\"@id\":\"https:\/\/www.gaveanews.com\/index.php\/2024\/09\/14\/gremio-recebe-transferencia-milionaria-da-cbf\/#primaryimage\",\"url\":\"https:\/\/www.gaveanews.com\/wp-content\/uploads\/Bandeira-do-Gremio.webp\",\"contentUrl\":\"https:\/\/www.gaveanews.com\/wp-content\/uploads\/Bandeira-do-Gremio.webp\",\"width\":1043,\"height\":695,\"caption\":\"Bandeira do Gr\u00eamio (Foto: Reprodu\u00e7\u00e3o\/Gr\u00eamio)\"},{\"@type\":\"BreadcrumbList\",\"@id\":\"https:\/\/www.gaveanews.com\/index.php\/2024\/09\/14\/gremio-recebe-transferencia-milionaria-da-cbf\/#breadcrumb\",\"itemListElement\":[{\"@type\":\"ListItem\",\"position\":1,\"name\":\"Home\",\"item\":\"https:\/\/www.gaveanews.com\/\"},{\"@type\":\"ListItem\",\"position\":2,\"name\":\"Gr\u00eamio recebe transfer\u00eancia milion\u00e1ria da CBF\"}]},{\"@type\":\"WebSite\",\"@id\":\"https:\/\/www.gaveanews.com\/#website\",\"url\":\"https:\/\/www.gaveanews.com\/\",\"name\":\"G\u00e1vea News\",\"description\":\"Veja todas as not\u00edcias sobre o Flamengo: Contrata\u00e7\u00f5es, categorias de base, resultados das partidas, tabela de classifica\u00e7\u00e3o, pr\u00f3ximos jogos!\",\"potentialAction\":[{\"@type\":\"SearchAction\",\"target\":{\"@type\":\"EntryPoint\",\"urlTemplate\":\"https:\/\/www.gaveanews.com\/?s={search_term_string}\"},\"query-input\":{\"@type\":\"PropertyValueSpecification\",\"valueRequired\":true,\"valueName\":\"search_term_string\"}}],\"inLanguage\":\"pt-BR\"},{\"@type\":\"Person\",\"@id\":\"https:\/\/www.gaveanews.com\/#\/schema\/person\/0277a79a1289c451c281ec0411d84f0c\",\"name\":\"Andr\u00e9 Serra\",\"image\":{\"@type\":\"ImageObject\",\"inLanguage\":\"pt-BR\",\"@id\":\"https:\/\/www.gaveanews.com\/#\/schema\/person\/image\/\",\"url\":\"https:\/\/secure.gravatar.com\/avatar\/d7231369fe48db93292b3e88eb2162dbd9a34a47a8437d9ef3bcaca2a86a83d7?s=96&d=mm&r=g\",\"contentUrl\":\"https:\/\/secure.gravatar.com\/avatar\/d7231369fe48db93292b3e88eb2162dbd9a34a47a8437d9ef3bcaca2a86a83d7?s=96&d=mm&r=g\",\"caption\":\"Andr\u00e9 Serra\"}}]}<\/script>\n<!-- \/ Yoast SEO Premium plugin. -->","yoast_head_json":{"title":"Gr\u00eamio recebe transfer\u00eancia milion\u00e1ria da CBF","description":"O pr\u00f3ximo pagamento ser\u00e1 realizado apenas ap\u00f3s uma reuni\u00e3o entre os dirigentes do Gr\u00eamio e Ednaldo Rodrigues, presidente da CBF.","robots":{"index":"index","follow":"follow","max-snippet":"max-snippet:-1","max-image-preview":"max-image-preview:large","max-video-preview":"max-video-preview:-1"},"canonical":"https:\/\/www.gaveanews.com\/index.php\/2024\/09\/14\/gremio-recebe-transferencia-milionaria-da-cbf\/","og_locale":"pt_BR","og_type":"article","og_title":"Gr\u00eamio recebe transfer\u00eancia milion\u00e1ria da CBF","og_description":"O pr\u00f3ximo pagamento ser\u00e1 realizado apenas ap\u00f3s uma reuni\u00e3o entre os dirigentes do Gr\u00eamio e Ednaldo Rodrigues, presidente da CBF.","og_url":"https:\/\/www.gaveanews.com\/index.php\/2024\/09\/14\/gremio-recebe-transferencia-milionaria-da-cbf\/","og_site_name":"G\u00e1vea News","article_publisher":"https:\/\/facebook.com\/gaveaNews\/","article_published_time":"2024-09-14T13:30:00+00:00","og_image":[{"width":1043,"height":695,"url":"https:\/\/www.gaveanews.com\/wp-content\/uploads\/Bandeira-do-Gremio.webp","type":"image\/webp"}],"author":"Andr\u00e9 Serra","twitter_card":"summary_large_image","twitter_misc":{"Escrito por":"Andr\u00e9 Serra","Est. tempo de leitura":"2 minutos"},"schema":{"@context":"https:\/\/schema.org","@graph":[{"@type":"NewsArticle","@id":"https:\/\/www.gaveanews.com\/index.php\/2024\/09\/14\/gremio-recebe-transferencia-milionaria-da-cbf\/#article","isPartOf":{"@id":"https:\/\/www.gaveanews.com\/index.php\/2024\/09\/14\/gremio-recebe-transferencia-milionaria-da-cbf\/"},"author":{"name":"Andr\u00e9 Serra","@id":"https:\/\/www.gaveanews.com\/#\/schema\/person\/0277a79a1289c451c281ec0411d84f0c"},"headline":"Gr\u00eamio recebe transfer\u00eancia milion\u00e1ria da CBF","datePublished":"2024-09-14T13:30:00+00:00","mainEntityOfPage":{"@id":"https:\/\/www.gaveanews.com\/index.php\/2024\/09\/14\/gremio-recebe-transferencia-milionaria-da-cbf\/"},"wordCount":329,"commentCount":0,"image":{"@id":"https:\/\/www.gaveanews.com\/index.php\/2024\/09\/14\/gremio-recebe-transferencia-milionaria-da-cbf\/#primaryimage"},"thumbnailUrl":"https:\/\/www.gaveanews.com\/wp-content\/uploads\/Bandeira-do-Gremio.webp","articleSection":["Gr\u00eamio"],"inLanguage":"pt-BR","potentialAction":[{"@type":"CommentAction","name":"Comment","target":["https:\/\/www.gaveanews.com\/index.php\/2024\/09\/14\/gremio-recebe-transferencia-milionaria-da-cbf\/#respond"]}],"copyrightYear":"2024","copyrightHolder":{"@id":"https:\/\/www.gaveanews.com\/#organization"}},{"@type":"WebPage","@id":"https:\/\/www.gaveanews.com\/index.php\/2024\/09\/14\/gremio-recebe-transferencia-milionaria-da-cbf\/","url":"https:\/\/www.gaveanews.com\/index.php\/2024\/09\/14\/gremio-recebe-transferencia-milionaria-da-cbf\/","name":"Gr\u00eamio recebe transfer\u00eancia milion\u00e1ria da CBF","isPartOf":{"@id":"https:\/\/www.gaveanews.com\/#website"},"primaryImageOfPage":{"@id":"https:\/\/www.gaveanews.com\/index.php\/2024\/09\/14\/gremio-recebe-transferencia-milionaria-da-cbf\/#primaryimage"},"image":{"@id":"https:\/\/www.gaveanews.com\/index.php\/2024\/09\/14\/gremio-recebe-transferencia-milionaria-da-cbf\/#primaryimage"},"thumbnailUrl":"https:\/\/www.gaveanews.com\/wp-content\/uploads\/Bandeira-do-Gremio.webp","datePublished":"2024-09-14T13:30:00+00:00","author":{"@id":"https:\/\/www.gaveanews.com\/#\/schema\/person\/0277a79a1289c451c281ec0411d84f0c"},"description":"O pr\u00f3ximo pagamento ser\u00e1 realizado apenas ap\u00f3s uma reuni\u00e3o entre os dirigentes do Gr\u00eamio e Ednaldo Rodrigues, presidente da CBF.","breadcrumb":{"@id":"https:\/\/www.gaveanews.com\/index.php\/2024\/09\/14\/gremio-recebe-transferencia-milionaria-da-cbf\/#breadcrumb"},"inLanguage":"pt-BR","potentialAction":[{"@type":"ReadAction","target":["https:\/\/www.gaveanews.com\/index.php\/2024\/09\/14\/gremio-recebe-transferencia-milionaria-da-cbf\/"]}]},{"@type":"ImageObject","inLanguage":"pt-BR","@id":"https:\/\/www.gaveanews.com\/index.php\/2024\/09\/14\/gremio-recebe-transferencia-milionaria-da-cbf\/#primaryimage","url":"https:\/\/www.gaveanews.com\/wp-content\/uploads\/Bandeira-do-Gremio.webp","contentUrl":"https:\/\/www.gaveanews.com\/wp-content\/uploads\/Bandeira-do-Gremio.webp","width":1043,"height":695,"caption":"Bandeira do Gr\u00eamio (Foto: Reprodu\u00e7\u00e3o\/Gr\u00eamio)"},{"@type":"BreadcrumbList","@id":"https:\/\/www.gaveanews.com\/index.php\/2024\/09\/14\/gremio-recebe-transferencia-milionaria-da-cbf\/#breadcrumb","itemListElement":[{"@type":"ListItem","position":1,"name":"Home","item":"https:\/\/www.gaveanews.com\/"},{"@type":"ListItem","position":2,"name":"Gr\u00eamio recebe transfer\u00eancia milion\u00e1ria da CBF"}]},{"@type":"WebSite","@id":"https:\/\/www.gaveanews.com\/#website","url":"https:\/\/www.gaveanews.com\/","name":"G\u00e1vea News","description":"Veja todas as not\u00edcias sobre o Flamengo: Contrata\u00e7\u00f5es, categorias de base, resultados das partidas, tabela de classifica\u00e7\u00e3o, pr\u00f3ximos jogos!","potentialAction":[{"@type":"SearchAction","target":{"@type":"EntryPoint","urlTemplate":"https:\/\/www.gaveanews.com\/?s={search_term_string}"},"query-input":{"@type":"PropertyValueSpecification","valueRequired":true,"valueName":"search_term_string"}}],"inLanguage":"pt-BR"},{"@type":"Person","@id":"https:\/\/www.gaveanews.com\/#\/schema\/person\/0277a79a1289c451c281ec0411d84f0c","name":"Andr\u00e9 Serra","image":{"@type":"ImageObject","inLanguage":"pt-BR","@id":"https:\/\/www.gaveanews.com\/#\/schema\/person\/image\/","url":"https:\/\/secure.gravatar.com\/avatar\/d7231369fe48db93292b3e88eb2162dbd9a34a47a8437d9ef3bcaca2a86a83d7?s=96&d=mm&r=g","contentUrl":"https:\/\/secure.gravatar.com\/avatar\/d7231369fe48db93292b3e88eb2162dbd9a34a47a8437d9ef3bcaca2a86a83d7?s=96&d=mm&r=g","caption":"Andr\u00e9 Serra"}}]}},"_links":{"self":[{"href":"https:\/\/www.gaveanews.com\/index.php\/wp-json\/wp\/v2\/posts\/166487","targetHints":{"allow":["GET"]}}],"collection":[{"href":"https:\/\/www.gaveanews.com\/index.php\/wp-json\/wp\/v2\/posts"}],"about":[{"href":"https:\/\/www.gaveanews.com\/index.php\/wp-json\/wp\/v2\/types\/post"}],"author":[{"embeddable":true,"href":"https:\/\/www.gaveanews.com\/index.php\/wp-json\/wp\/v2\/users\/21"}],"replies":[{"embeddable":true,"href":"https:\/\/www.gaveanews.com\/index.php\/wp-json\/wp\/v2\/comments?post=166487"}],"version-history":[{"count":1,"href":"https:\/\/www.gaveanews.com\/index.php\/wp-json\/wp\/v2\/posts\/166487\/revisions"}],"predecessor-version":[{"id":166488,"href":"https:\/\/www.gaveanews.com\/index.php\/wp-json\/wp\/v2\/posts\/166487\/revisions\/166488"}],"wp:featuredmedia":[{"embeddable":true,"href":"https:\/\/www.gaveanews.com\/index.php\/wp-json\/wp\/v2\/media\/165925"}],"wp:attachment":[{"href":"https:\/\/www.gaveanews.com\/index.php\/wp-json\/wp\/v2\/media?parent=166487"}],"wp:term":[{"taxonomy":"category","embeddable":true,"href":"https:\/\/www.gaveanews.com\/index.php\/wp-json\/wp\/v2\/categories?post=166487"},{"taxonomy":"post_tag","embeddable":true,"href":"https:\/\/www.gaveanews.com\/index.php\/wp-json\/wp\/v2\/tags?post=166487"}],"curies":[{"name":"wp","href":"https:\/\/api.w.org\/{rel}","templated":true}]}}