{"id":167027,"date":"2024-09-16T23:15:00","date_gmt":"2024-09-17T02:15:00","guid":{"rendered":"https:\/\/www.gaveanews.com\/?p=167027"},"modified":"2024-09-16T19:45:07","modified_gmt":"2024-09-16T22:45:07","slug":"problema-para-milito-titular-do-atletico-mg-fica-de-fora-do-treino","status":"publish","type":"post","link":"https:\/\/www.gaveanews.com\/index.php\/2024\/09\/16\/problema-para-milito-titular-do-atletico-mg-fica-de-fora-do-treino\/","title":{"rendered":"Problema para Milito: Titular do Atl\u00e9tico-MG fica de fora do treino"},"content":{"rendered":"\n<h2 class=\"wp-block-heading\" id=\"h-foco-na-decisao-contra-o-fluminense\">Foco na decis\u00e3o contra o Fluminense<\/h2>\n\n\n\n<p>No \u00faltimo domingo (15), o Atl\u00e9tico Mineiro acabou sendo goleado pelo Bahia, por 3 a 0, com gols de Luciano Rodr\u00edguez, Everton Ribeiro e Everaldo. Por\u00e9m, o treinador Gabriel Milito mandou um time alternativo para campo.<\/p>\n\n\n\n<ul class=\"wp-block-yoast-seo-related-links yoast-seo-related-links\">\n<li><a href=\"https:\/\/www.gaveanews.com\/index.php\/2024\/09\/16\/atletico-mg-x-fluminense-vao-disputar-premiacao-milionaria\/\">Atl\u00e9tico-MG x Fluminense v\u00e3o disputar premia\u00e7\u00e3o milion\u00e1ria<\/a><\/li>\n\n\n\n<li><a href=\"https:\/\/www.gaveanews.com\/index.php\/2024\/09\/16\/a-declaracao-de-everson-do-atletico-mg-direcionada-a-rossi-do-flamengo\/\">A declara\u00e7\u00e3o de Everson, do Atl\u00e9tico-MG direcionada a Rossi, do Flamengo<\/a><\/li>\n<\/ul>\n\n\n\n<p>Tudo isso porque o Galo tem um confronto decisivo nesta quarta-feira (18), quando a equipe mineira visita o Fluminense, no Maracan\u00e3, pelo jogo de ida das quartas de final da Copa Libertadores da Am\u00e9rica.<\/p>\n\n\n\n<p>Est\u00e1 bem claro que a competi\u00e7\u00e3o sul-americana \u00e9 o grande objetivo da equipe de Belo Horizonte nesta temporada. Embora esteja no Campeonato Brasileiro e na Copa do Brasil, em que \u00e9 semifinalista ap\u00f3s eliminar o S\u00e3o Paulo, \u00e9 a Libertadores o grande sonho.<\/p>\n\n\n\n<blockquote class=\"bluesky-embed\" data-bluesky-uri=\"at:\/\/did:plc:u2o5onxie3yg3t25oufxlhsz\/app.bsky.feed.post\/3l4bzfxkpfo26\" data-bluesky-cid=\"bafyreigbbqpwjqwe2nx3xpxe2n2tsd6zxnrs72gmv5zn5u7har2qa7dnxi\"><p lang=\"pt\">Reapresenta\u00e7\u00e3o com foco total no Fluminense! \ud83c\udfaf\ud83d\udc14\n\nSemana de Libertadores! \ud83c\udfc6<br><br><a href=\"https:\/\/bsky.app\/profile\/did:plc:u2o5onxie3yg3t25oufxlhsz\/post\/3l4bzfxkpfo26?ref_src=embed\">[image or embed]<\/a><\/p>&mdash; Atl\u00e9tico (<a href=\"https:\/\/bsky.app\/profile\/did:plc:u2o5onxie3yg3t25oufxlhsz?ref_src=embed\">@atletico.bsky.social<\/a>) <a href=\"https:\/\/bsky.app\/profile\/did:plc:u2o5onxie3yg3t25oufxlhsz\/post\/3l4bzfxkpfo26?ref_src=embed\">September 16, 2024 at 2:24 PM<\/a><\/blockquote><script async src=\"https:\/\/embed.bsky.app\/static\/embed.js\" charset=\"utf-8\"><\/script>\n\n\n\n<p>Por isso, Gabriel Milito deve ir com o que tiver de melhor para o confronto contra os cariocas, com o intuito de trazer um bom resultado do Rio de Janeiro para, assim, decidir em sua casa com uma certa vantagem.<\/p>\n\n\n\n<h2 class=\"wp-block-heading\" id=\"h-saravia-fica-fora-de-atividade\">Saravia fica fora de atividade<\/h2>\n\n\n\n<p>O lateral-direito Renzo Saravia foi utilizado por Milito no confronto contra o Bahia, entrando no lugar de Mariano no decorrer da partida. No entanto, uma not\u00edcia n\u00e3o muito boa acabou vindo \u00e0 tona nesta segunda-feira (16).<\/p>\n\n\n\n<p>Isso porque ele n\u00e3o participou do treinamento realizado na Cidade do Galo, h\u00e1 dois dias do jogo decisivo. Tudo porque ele acabou sentindo dores musculares, e foi desfalque nas atividades.<\/p>\n\n\n\n<p>Ainda n\u00e3o se sabe se ele ser\u00e1 desfalque contra o Fluminense, no confronto que est\u00e1 marcado para acontecer a partir das 19h. A defini\u00e7\u00e3o dever\u00e1 ser exposta at\u00e9 a pr\u00f3xima ter\u00e7a-feira (17).<\/p>\n\n\n\n<h2 class=\"wp-block-heading\" id=\"h-outros-desfalques\">Outros desfalques<\/h2>\n\n\n\n<p>Al\u00e9m de Saravia, jogadores como Alisson, Ot\u00e1vio, Zaracho e Eduardo Vargas est\u00e3o entregues ao departamento m\u00e9dico, realizando fisioterapia e focando em suas recupera\u00e7\u00f5es. Por\u00e9m, ainda n\u00e3o t\u00eam prazo para voltarem.<\/p>\n\n\n\n<p>Em contrapartida, Junior Alonso, Guilherme Arana, Alan Franco e Paulinho, que n\u00e3o viajaram a Salvador, treinaram normalmente na Cidade do Galo, nesta segunda-feira.<\/p>\n","protected":false},"excerpt":{"rendered":"<p>Foco na decis\u00e3o contra o Fluminense No \u00faltimo domingo (15), o Atl\u00e9tico Mineiro acabou sendo goleado pelo Bahia, por 3 a 0, com gols de Luciano Rodr\u00edguez, Everton Ribeiro e Everaldo. Por\u00e9m, o treinador Gabriel Milito mandou um time alternativo para campo. Tudo isso porque o Galo tem um confronto decisivo nesta quarta-feira (18), quando [&hellip;]<\/p>\n","protected":false},"author":26,"featured_media":149060,"comment_status":"open","ping_status":"closed","sticky":false,"template":"","format":"standard","meta":{"footnotes":""},"categories":[136,145],"tags":[],"class_list":["post-167027","post","type-post","status-publish","format-standard","has-post-thumbnail","hentry","category-atletico-mg","category-fluminense"],"yoast_head":"<!-- This site is optimized with the Yoast SEO Premium plugin v24.2 (Yoast SEO v26.9) - https:\/\/yoast.com\/product\/yoast-seo-premium-wordpress\/ -->\n<title>Problema para Milito: Titular do Atl\u00e9tico-MG fica de fora do treino<\/title>\n<meta name=\"description\" content=\"Galo est\u00e1 totalmente focado no confronto contra o Fluminense, pela Copa Libertadores da Am\u00e9rica\" \/>\n<meta name=\"robots\" content=\"index, follow, max-snippet:-1, max-image-preview:large, max-video-preview:-1\" \/>\n<link rel=\"canonical\" href=\"https:\/\/www.gaveanews.com\/index.php\/2024\/09\/16\/problema-para-milito-titular-do-atletico-mg-fica-de-fora-do-treino\/\" \/>\n<meta property=\"og:locale\" content=\"pt_BR\" \/>\n<meta property=\"og:type\" content=\"article\" \/>\n<meta property=\"og:title\" content=\"Problema para Milito: Titular do Atl\u00e9tico-MG fica de fora do treino\" \/>\n<meta property=\"og:description\" content=\"Galo est\u00e1 totalmente focado no confronto contra o Fluminense, pela Copa Libertadores da Am\u00e9rica\" \/>\n<meta property=\"og:url\" content=\"https:\/\/www.gaveanews.com\/index.php\/2024\/09\/16\/problema-para-milito-titular-do-atletico-mg-fica-de-fora-do-treino\/\" \/>\n<meta property=\"og:site_name\" content=\"G\u00e1vea News\" \/>\n<meta property=\"article:publisher\" content=\"https:\/\/facebook.com\/gaveaNews\/\" \/>\n<meta property=\"article:published_time\" content=\"2024-09-17T02:15:00+00:00\" \/>\n<meta property=\"og:image\" content=\"https:\/\/www.gaveanews.com\/wp-content\/uploads\/Gabriel-Milito-durante-a-partida-entre-Gremio-e-Atletico-MG-pelo-Brasileirao-2024.webp\" \/>\n\t<meta property=\"og:image:width\" content=\"799\" \/>\n\t<meta property=\"og:image:height\" content=\"533\" \/>\n\t<meta property=\"og:image:type\" content=\"image\/jpeg\" \/>\n<meta name=\"author\" content=\"Thomas Lagoa\" \/>\n<meta name=\"twitter:card\" content=\"summary_large_image\" \/>\n<meta name=\"twitter:label1\" content=\"Escrito por\" \/>\n\t<meta name=\"twitter:data1\" content=\"Thomas Lagoa\" \/>\n\t<meta name=\"twitter:label2\" content=\"Est. tempo de leitura\" \/>\n\t<meta name=\"twitter:data2\" content=\"3 minutos\" \/>\n<script type=\"application\/ld+json\" class=\"yoast-schema-graph\">{\"@context\":\"https:\/\/schema.org\",\"@graph\":[{\"@type\":\"NewsArticle\",\"@id\":\"https:\/\/www.gaveanews.com\/index.php\/2024\/09\/16\/problema-para-milito-titular-do-atletico-mg-fica-de-fora-do-treino\/#article\",\"isPartOf\":{\"@id\":\"https:\/\/www.gaveanews.com\/index.php\/2024\/09\/16\/problema-para-milito-titular-do-atletico-mg-fica-de-fora-do-treino\/\"},\"author\":{\"name\":\"Thomas Lagoa\",\"@id\":\"https:\/\/www.gaveanews.com\/#\/schema\/person\/94f72788a9abec954fe62594ba04ff40\"},\"headline\":\"Problema para Milito: Titular do Atl\u00e9tico-MG fica de fora do treino\",\"datePublished\":\"2024-09-17T02:15:00+00:00\",\"mainEntityOfPage\":{\"@id\":\"https:\/\/www.gaveanews.com\/index.php\/2024\/09\/16\/problema-para-milito-titular-do-atletico-mg-fica-de-fora-do-treino\/\"},\"wordCount\":389,\"commentCount\":0,\"image\":{\"@id\":\"https:\/\/www.gaveanews.com\/index.php\/2024\/09\/16\/problema-para-milito-titular-do-atletico-mg-fica-de-fora-do-treino\/#primaryimage\"},\"thumbnailUrl\":\"https:\/\/www.gaveanews.com\/wp-content\/uploads\/Gabriel-Milito-durante-a-partida-entre-Gremio-e-Atletico-MG-pelo-Brasileirao-2024.webp\",\"articleSection\":[\"Atl\u00e9tico-MG\",\"Fluminense\"],\"inLanguage\":\"pt-BR\",\"potentialAction\":[{\"@type\":\"CommentAction\",\"name\":\"Comment\",\"target\":[\"https:\/\/www.gaveanews.com\/index.php\/2024\/09\/16\/problema-para-milito-titular-do-atletico-mg-fica-de-fora-do-treino\/#respond\"]}],\"copyrightYear\":\"2024\",\"copyrightHolder\":{\"@id\":\"https:\/\/www.gaveanews.com\/#organization\"}},{\"@type\":\"WebPage\",\"@id\":\"https:\/\/www.gaveanews.com\/index.php\/2024\/09\/16\/problema-para-milito-titular-do-atletico-mg-fica-de-fora-do-treino\/\",\"url\":\"https:\/\/www.gaveanews.com\/index.php\/2024\/09\/16\/problema-para-milito-titular-do-atletico-mg-fica-de-fora-do-treino\/\",\"name\":\"Problema para Milito: Titular do Atl\u00e9tico-MG fica de fora do treino\",\"isPartOf\":{\"@id\":\"https:\/\/www.gaveanews.com\/#website\"},\"primaryImageOfPage\":{\"@id\":\"https:\/\/www.gaveanews.com\/index.php\/2024\/09\/16\/problema-para-milito-titular-do-atletico-mg-fica-de-fora-do-treino\/#primaryimage\"},\"image\":{\"@id\":\"https:\/\/www.gaveanews.com\/index.php\/2024\/09\/16\/problema-para-milito-titular-do-atletico-mg-fica-de-fora-do-treino\/#primaryimage\"},\"thumbnailUrl\":\"https:\/\/www.gaveanews.com\/wp-content\/uploads\/Gabriel-Milito-durante-a-partida-entre-Gremio-e-Atletico-MG-pelo-Brasileirao-2024.webp\",\"datePublished\":\"2024-09-17T02:15:00+00:00\",\"author\":{\"@id\":\"https:\/\/www.gaveanews.com\/#\/schema\/person\/94f72788a9abec954fe62594ba04ff40\"},\"description\":\"Galo est\u00e1 totalmente focado no confronto contra o Fluminense, pela Copa Libertadores da Am\u00e9rica\",\"breadcrumb\":{\"@id\":\"https:\/\/www.gaveanews.com\/index.php\/2024\/09\/16\/problema-para-milito-titular-do-atletico-mg-fica-de-fora-do-treino\/#breadcrumb\"},\"inLanguage\":\"pt-BR\",\"potentialAction\":[{\"@type\":\"ReadAction\",\"target\":[\"https:\/\/www.gaveanews.com\/index.php\/2024\/09\/16\/problema-para-milito-titular-do-atletico-mg-fica-de-fora-do-treino\/\"]}]},{\"@type\":\"ImageObject\",\"inLanguage\":\"pt-BR\",\"@id\":\"https:\/\/www.gaveanews.com\/index.php\/2024\/09\/16\/problema-para-milito-titular-do-atletico-mg-fica-de-fora-do-treino\/#primaryimage\",\"url\":\"https:\/\/www.gaveanews.com\/wp-content\/uploads\/Gabriel-Milito-durante-a-partida-entre-Gremio-e-Atletico-MG-pelo-Brasileirao-2024.webp\",\"contentUrl\":\"https:\/\/www.gaveanews.com\/wp-content\/uploads\/Gabriel-Milito-durante-a-partida-entre-Gremio-e-Atletico-MG-pelo-Brasileirao-2024.webp\",\"width\":799,\"height\":533,\"caption\":\"Gabriel Milito durante a partida entre Gr\u00eamio e Atl\u00e9tico-MG pelo Brasileir\u00e3o 2024 (Foto: Pedro Souza\/Atl\u00e9tico)\"},{\"@type\":\"BreadcrumbList\",\"@id\":\"https:\/\/www.gaveanews.com\/index.php\/2024\/09\/16\/problema-para-milito-titular-do-atletico-mg-fica-de-fora-do-treino\/#breadcrumb\",\"itemListElement\":[{\"@type\":\"ListItem\",\"position\":1,\"name\":\"Home\",\"item\":\"https:\/\/www.gaveanews.com\/\"},{\"@type\":\"ListItem\",\"position\":2,\"name\":\"Problema para Milito: Titular do Atl\u00e9tico-MG fica de fora do treino\"}]},{\"@type\":\"WebSite\",\"@id\":\"https:\/\/www.gaveanews.com\/#website\",\"url\":\"https:\/\/www.gaveanews.com\/\",\"name\":\"G\u00e1vea News\",\"description\":\"Veja todas as not\u00edcias sobre o Flamengo: Contrata\u00e7\u00f5es, categorias de base, resultados das partidas, tabela de classifica\u00e7\u00e3o, pr\u00f3ximos jogos!\",\"potentialAction\":[{\"@type\":\"SearchAction\",\"target\":{\"@type\":\"EntryPoint\",\"urlTemplate\":\"https:\/\/www.gaveanews.com\/?s={search_term_string}\"},\"query-input\":{\"@type\":\"PropertyValueSpecification\",\"valueRequired\":true,\"valueName\":\"search_term_string\"}}],\"inLanguage\":\"pt-BR\"},{\"@type\":\"Person\",\"@id\":\"https:\/\/www.gaveanews.com\/#\/schema\/person\/94f72788a9abec954fe62594ba04ff40\",\"name\":\"Thomas Lagoa\",\"image\":{\"@type\":\"ImageObject\",\"inLanguage\":\"pt-BR\",\"@id\":\"https:\/\/www.gaveanews.com\/#\/schema\/person\/image\/\",\"url\":\"https:\/\/secure.gravatar.com\/avatar\/65b40a047623a8007d4c7eb1bd0fa5753fc73b74a3bea0092a01bbd0428fe135?s=96&d=mm&r=g\",\"contentUrl\":\"https:\/\/secure.gravatar.com\/avatar\/65b40a047623a8007d4c7eb1bd0fa5753fc73b74a3bea0092a01bbd0428fe135?s=96&d=mm&r=g\",\"caption\":\"Thomas Lagoa\"}}]}<\/script>\n<!-- \/ Yoast SEO Premium plugin. -->","yoast_head_json":{"title":"Problema para Milito: Titular do Atl\u00e9tico-MG fica de fora do treino","description":"Galo est\u00e1 totalmente focado no confronto contra o Fluminense, pela Copa Libertadores da Am\u00e9rica","robots":{"index":"index","follow":"follow","max-snippet":"max-snippet:-1","max-image-preview":"max-image-preview:large","max-video-preview":"max-video-preview:-1"},"canonical":"https:\/\/www.gaveanews.com\/index.php\/2024\/09\/16\/problema-para-milito-titular-do-atletico-mg-fica-de-fora-do-treino\/","og_locale":"pt_BR","og_type":"article","og_title":"Problema para Milito: Titular do Atl\u00e9tico-MG fica de fora do treino","og_description":"Galo est\u00e1 totalmente focado no confronto contra o Fluminense, pela Copa Libertadores da Am\u00e9rica","og_url":"https:\/\/www.gaveanews.com\/index.php\/2024\/09\/16\/problema-para-milito-titular-do-atletico-mg-fica-de-fora-do-treino\/","og_site_name":"G\u00e1vea News","article_publisher":"https:\/\/facebook.com\/gaveaNews\/","article_published_time":"2024-09-17T02:15:00+00:00","og_image":[{"width":799,"height":533,"url":"https:\/\/www.gaveanews.com\/wp-content\/uploads\/Gabriel-Milito-durante-a-partida-entre-Gremio-e-Atletico-MG-pelo-Brasileirao-2024.webp","type":"image\/jpeg"}],"author":"Thomas Lagoa","twitter_card":"summary_large_image","twitter_misc":{"Escrito por":"Thomas Lagoa","Est. tempo de leitura":"3 minutos"},"schema":{"@context":"https:\/\/schema.org","@graph":[{"@type":"NewsArticle","@id":"https:\/\/www.gaveanews.com\/index.php\/2024\/09\/16\/problema-para-milito-titular-do-atletico-mg-fica-de-fora-do-treino\/#article","isPartOf":{"@id":"https:\/\/www.gaveanews.com\/index.php\/2024\/09\/16\/problema-para-milito-titular-do-atletico-mg-fica-de-fora-do-treino\/"},"author":{"name":"Thomas Lagoa","@id":"https:\/\/www.gaveanews.com\/#\/schema\/person\/94f72788a9abec954fe62594ba04ff40"},"headline":"Problema para Milito: Titular do Atl\u00e9tico-MG fica de fora do treino","datePublished":"2024-09-17T02:15:00+00:00","mainEntityOfPage":{"@id":"https:\/\/www.gaveanews.com\/index.php\/2024\/09\/16\/problema-para-milito-titular-do-atletico-mg-fica-de-fora-do-treino\/"},"wordCount":389,"commentCount":0,"image":{"@id":"https:\/\/www.gaveanews.com\/index.php\/2024\/09\/16\/problema-para-milito-titular-do-atletico-mg-fica-de-fora-do-treino\/#primaryimage"},"thumbnailUrl":"https:\/\/www.gaveanews.com\/wp-content\/uploads\/Gabriel-Milito-durante-a-partida-entre-Gremio-e-Atletico-MG-pelo-Brasileirao-2024.webp","articleSection":["Atl\u00e9tico-MG","Fluminense"],"inLanguage":"pt-BR","potentialAction":[{"@type":"CommentAction","name":"Comment","target":["https:\/\/www.gaveanews.com\/index.php\/2024\/09\/16\/problema-para-milito-titular-do-atletico-mg-fica-de-fora-do-treino\/#respond"]}],"copyrightYear":"2024","copyrightHolder":{"@id":"https:\/\/www.gaveanews.com\/#organization"}},{"@type":"WebPage","@id":"https:\/\/www.gaveanews.com\/index.php\/2024\/09\/16\/problema-para-milito-titular-do-atletico-mg-fica-de-fora-do-treino\/","url":"https:\/\/www.gaveanews.com\/index.php\/2024\/09\/16\/problema-para-milito-titular-do-atletico-mg-fica-de-fora-do-treino\/","name":"Problema para Milito: Titular do Atl\u00e9tico-MG fica de fora do treino","isPartOf":{"@id":"https:\/\/www.gaveanews.com\/#website"},"primaryImageOfPage":{"@id":"https:\/\/www.gaveanews.com\/index.php\/2024\/09\/16\/problema-para-milito-titular-do-atletico-mg-fica-de-fora-do-treino\/#primaryimage"},"image":{"@id":"https:\/\/www.gaveanews.com\/index.php\/2024\/09\/16\/problema-para-milito-titular-do-atletico-mg-fica-de-fora-do-treino\/#primaryimage"},"thumbnailUrl":"https:\/\/www.gaveanews.com\/wp-content\/uploads\/Gabriel-Milito-durante-a-partida-entre-Gremio-e-Atletico-MG-pelo-Brasileirao-2024.webp","datePublished":"2024-09-17T02:15:00+00:00","author":{"@id":"https:\/\/www.gaveanews.com\/#\/schema\/person\/94f72788a9abec954fe62594ba04ff40"},"description":"Galo est\u00e1 totalmente focado no confronto contra o Fluminense, pela Copa Libertadores da Am\u00e9rica","breadcrumb":{"@id":"https:\/\/www.gaveanews.com\/index.php\/2024\/09\/16\/problema-para-milito-titular-do-atletico-mg-fica-de-fora-do-treino\/#breadcrumb"},"inLanguage":"pt-BR","potentialAction":[{"@type":"ReadAction","target":["https:\/\/www.gaveanews.com\/index.php\/2024\/09\/16\/problema-para-milito-titular-do-atletico-mg-fica-de-fora-do-treino\/"]}]},{"@type":"ImageObject","inLanguage":"pt-BR","@id":"https:\/\/www.gaveanews.com\/index.php\/2024\/09\/16\/problema-para-milito-titular-do-atletico-mg-fica-de-fora-do-treino\/#primaryimage","url":"https:\/\/www.gaveanews.com\/wp-content\/uploads\/Gabriel-Milito-durante-a-partida-entre-Gremio-e-Atletico-MG-pelo-Brasileirao-2024.webp","contentUrl":"https:\/\/www.gaveanews.com\/wp-content\/uploads\/Gabriel-Milito-durante-a-partida-entre-Gremio-e-Atletico-MG-pelo-Brasileirao-2024.webp","width":799,"height":533,"caption":"Gabriel Milito durante a partida entre Gr\u00eamio e Atl\u00e9tico-MG pelo Brasileir\u00e3o 2024 (Foto: Pedro Souza\/Atl\u00e9tico)"},{"@type":"BreadcrumbList","@id":"https:\/\/www.gaveanews.com\/index.php\/2024\/09\/16\/problema-para-milito-titular-do-atletico-mg-fica-de-fora-do-treino\/#breadcrumb","itemListElement":[{"@type":"ListItem","position":1,"name":"Home","item":"https:\/\/www.gaveanews.com\/"},{"@type":"ListItem","position":2,"name":"Problema para Milito: Titular do Atl\u00e9tico-MG fica de fora do treino"}]},{"@type":"WebSite","@id":"https:\/\/www.gaveanews.com\/#website","url":"https:\/\/www.gaveanews.com\/","name":"G\u00e1vea News","description":"Veja todas as not\u00edcias sobre o Flamengo: Contrata\u00e7\u00f5es, categorias de base, resultados das partidas, tabela de classifica\u00e7\u00e3o, pr\u00f3ximos jogos!","potentialAction":[{"@type":"SearchAction","target":{"@type":"EntryPoint","urlTemplate":"https:\/\/www.gaveanews.com\/?s={search_term_string}"},"query-input":{"@type":"PropertyValueSpecification","valueRequired":true,"valueName":"search_term_string"}}],"inLanguage":"pt-BR"},{"@type":"Person","@id":"https:\/\/www.gaveanews.com\/#\/schema\/person\/94f72788a9abec954fe62594ba04ff40","name":"Thomas Lagoa","image":{"@type":"ImageObject","inLanguage":"pt-BR","@id":"https:\/\/www.gaveanews.com\/#\/schema\/person\/image\/","url":"https:\/\/secure.gravatar.com\/avatar\/65b40a047623a8007d4c7eb1bd0fa5753fc73b74a3bea0092a01bbd0428fe135?s=96&d=mm&r=g","contentUrl":"https:\/\/secure.gravatar.com\/avatar\/65b40a047623a8007d4c7eb1bd0fa5753fc73b74a3bea0092a01bbd0428fe135?s=96&d=mm&r=g","caption":"Thomas Lagoa"}}]}},"_links":{"self":[{"href":"https:\/\/www.gaveanews.com\/index.php\/wp-json\/wp\/v2\/posts\/167027","targetHints":{"allow":["GET"]}}],"collection":[{"href":"https:\/\/www.gaveanews.com\/index.php\/wp-json\/wp\/v2\/posts"}],"about":[{"href":"https:\/\/www.gaveanews.com\/index.php\/wp-json\/wp\/v2\/types\/post"}],"author":[{"embeddable":true,"href":"https:\/\/www.gaveanews.com\/index.php\/wp-json\/wp\/v2\/users\/26"}],"replies":[{"embeddable":true,"href":"https:\/\/www.gaveanews.com\/index.php\/wp-json\/wp\/v2\/comments?post=167027"}],"version-history":[{"count":2,"href":"https:\/\/www.gaveanews.com\/index.php\/wp-json\/wp\/v2\/posts\/167027\/revisions"}],"predecessor-version":[{"id":167041,"href":"https:\/\/www.gaveanews.com\/index.php\/wp-json\/wp\/v2\/posts\/167027\/revisions\/167041"}],"wp:featuredmedia":[{"embeddable":true,"href":"https:\/\/www.gaveanews.com\/index.php\/wp-json\/wp\/v2\/media\/149060"}],"wp:attachment":[{"href":"https:\/\/www.gaveanews.com\/index.php\/wp-json\/wp\/v2\/media?parent=167027"}],"wp:term":[{"taxonomy":"category","embeddable":true,"href":"https:\/\/www.gaveanews.com\/index.php\/wp-json\/wp\/v2\/categories?post=167027"},{"taxonomy":"post_tag","embeddable":true,"href":"https:\/\/www.gaveanews.com\/index.php\/wp-json\/wp\/v2\/tags?post=167027"}],"curies":[{"name":"wp","href":"https:\/\/api.w.org\/{rel}","templated":true}]}}