{"id":167094,"date":"2024-09-17T13:15:54","date_gmt":"2024-09-17T16:15:54","guid":{"rendered":"https:\/\/www.gaveanews.com\/?p=167094"},"modified":"2024-09-17T13:14:28","modified_gmt":"2024-09-17T16:14:28","slug":"nova-champions-league-comeca-nessa-terca-veja-confrontos-e-entenda-o-formato","status":"publish","type":"post","link":"https:\/\/www.gaveanews.com\/index.php\/2024\/09\/17\/nova-champions-league-comeca-nessa-terca-veja-confrontos-e-entenda-o-formato\/","title":{"rendered":"Nova Champions League come\u00e7a nessa ter\u00e7a; veja confrontos e entenda o formato"},"content":{"rendered":"\n<p>Hoje se inicia uma nova era na Champions League. Ap\u00f3s anos com o formato tradicional de fase de grupos e mata-mata, a partir de hoje (17), os f\u00e3s passar\u00e3o a acompanhar a competi\u00e7\u00e3o no formato de liga. Caso os f\u00e3s de futebol ainda estejam perdidos em como vai funcionar, explicaremos abaixo:<\/p>\n\n\n\n<ul class=\"wp-block-list\">\n<li><a href=\"https:\/\/www.gaveanews.com\/index.php\/2024\/09\/17\/real-madrid-x-stuttgart-pela-champions-league-palpites-odds-onde-assistir-e-escalacoes\/\">Real Madrid x Stuttgart pela Champions League: palpites, odds, onde assistir e escala\u00e7\u00f5es<\/a><\/li>\n\n\n\n<li><a href=\"https:\/\/www.gaveanews.com\/index.php\/2024\/08\/31\/a-declaracao-de-cristiano-ronaldo-sobre-jogar-a-champions-league-novamente\/\">A declara\u00e7\u00e3o de Cristiano Ronaldo sobre jogar a Champions League novamente<\/a><\/li>\n<\/ul>\n\n\n\n<p>Antes os 32 times se dividiam em grupos com 4 times cada. As duas melhores equipes de cada grupo conseguiam a classifica\u00e7\u00e3o direta para o mata mata onde eram divididos em duas chaves, as equipes faziam jogos de ida e volta nas fases oitavas, quartas e semifinal at\u00e9 chegar a final em jogo \u00fanico com campo neutro.<\/p>\n\n\n\n<p>Agora ser\u00e3o 36 equipes brigando por 24 vagas no mata-mata. Ser\u00e1 uma tabela \u00fanica, em formato de liga, do 1\u00ba ao 36\u00ba lugar, mas,<strong> <\/strong>cada um disputar\u00e1 apenas oito jogos (4 em casa e 4 fora) e quem somar mais pontos se classifica direto \u00e0s oitavas de final.<\/p>\n\n\n\n<p>Os confrontos de cada equipe foi definido no final de agosto, em sorteio realizado pela UEFA. Os oito clubes que tiverem as melhores campanhas nessa fase de liga garantir\u00e3o vaga direta nas oitavas de final da competi\u00e7\u00e3o. Enquanto do 9\u00ba ao 24\u00ba se enfrentam em uma \u201crepescagem\u201d para garantir os outros oito garantidos nas oitavas.&nbsp;<\/p>\n\n\n\n<p>A partir das oitavas de final, os 8 primeiros enfrentam os vencedores da repescagem, a partir da\u00ed ser\u00e1 como as edi\u00e7\u00f5es anteriores. O mata-mata come\u00e7a no dia 4 de mar\u00e7o do pr\u00f3ximo ano.<\/p>\n\n\n\n<p>Nesta ter\u00e7a-feira j\u00e1 tem confronto e dessa vez, os f\u00e3s da Champions League poder\u00e3o acompanhar a competi\u00e7\u00e3o nas ter\u00e7as, quartas e quintas, e n\u00e3o mais apenas nas ter\u00e7as e quartas.<\/p>\n\n\n\n<h2 class=\"wp-block-heading\" id=\"h-quais-serao-os-confrontos-da-champions-league\">Quais ser\u00e3o os confrontos da Champions League?<\/h2>\n\n\n\n<p>Hoje, ter\u00e7a-feira (17), amanh\u00e3, quarta-feira (18) e quinta-feira (19) teremos a primeira rodada recheada de grandes jogos.<\/p>\n\n\n\n<p><strong>Ter\u00e7a-feira (17\/09)<\/strong><\/p>\n\n\n\n<ul class=\"wp-block-list\">\n<li>Juventus x PSV (13h45, de Bras\u00edlia) &#8211; <strong>Transmiss\u00e3o: <\/strong>TNT, Max<\/li>\n\n\n\n<li>Young Boys x Aston Villa (13h45, de Bras\u00edlia) &#8211; <strong>Transmiss\u00e3o: <\/strong>Max, Space<\/li>\n\n\n\n<li>Bayern de Munique x D\u00ednamo Zagreb (16h, de Bras\u00edlia) &#8211; <strong>Transmiss\u00e3o: <\/strong>Max, Space<\/li>\n\n\n\n<li>Milan x Liverpool (16h, de Bras\u00edlia) &#8211; <strong>Transmiss\u00e3o: <\/strong>Max<\/li>\n\n\n\n<li>Sporting x Lille (16h, de Bras\u00edlia) &#8211; <strong>Transmiss\u00e3o: <\/strong>Max<\/li>\n\n\n\n<li>Real Madrid x Stuttgart (16h, de Bras\u00edlia) &#8211; <strong>Transmiss\u00e3o: <\/strong>TNT, Max<\/li>\n<\/ul>\n\n\n\n<p><strong>Quarta-feira (18\/09)<\/strong><\/p>\n\n\n\n<ul class=\"wp-block-list\">\n<li>Bologna x Shakhtar Donestk (13h45, de Bras\u00edlia) &#8211; <strong>Transmiss\u00e3o: <\/strong>TNT, Max<\/li>\n\n\n\n<li>Sparta Praga x RB Salzburg (13h45, de Bras\u00edlia) &#8211; <strong>Transmiss\u00e3o: <\/strong>Max, Space<\/li>\n\n\n\n<li>Celtic x Slovan Bratislava (16h, de Bras\u00edlia) &#8211; <strong>Transmiss\u00e3o: <\/strong>Max<\/li>\n\n\n\n<li>Club Brugge x Borussia Dortmund (16h, de Bras\u00edlia) &#8211; <strong>Transmiss\u00e3o: <\/strong>Max, Space<\/li>\n\n\n\n<li>Manchester City x Inter de Mil\u00e3o (16h, de Bras\u00edlia) &#8211; <strong>Transmiss\u00e3o: <\/strong>TNT, Max<\/li>\n\n\n\n<li>PSG x Girona (16h, de Bras\u00edlia) &#8211; <strong>Transmiss\u00e3o: <\/strong>Max<\/li>\n<\/ul>\n\n\n\n<p><strong>Quinta-feira (19\/09)<\/strong><\/p>\n\n\n\n<ul class=\"wp-block-list\">\n<li>Estrela Vermelha x Benfica (13h45, de Bras\u00edlia) &#8211; <strong>Transmiss\u00e3o: <\/strong>Max, Space<\/li>\n\n\n\n<li>Feyenoord x Bayer Leverkusen (13h45, de Bras\u00edlia) &#8211; <strong>Transmiss\u00e3o: <\/strong>TNT, Max<\/li>\n\n\n\n<li>Atalanta x Arsenal (16h, de Bras\u00edlia) &#8211; <strong>Transmiss\u00e3o: <\/strong> Max<\/li>\n\n\n\n<li>Atl\u00e9tico de Madrid x RB Leipzig (16h, de Bras\u00edlia) &#8211; <strong>Transmiss\u00e3o: <\/strong>Max, Space<\/li>\n\n\n\n<li>Brest x Sturm Graz (16h, de Bras\u00edlia) &#8211; <strong>Transmiss\u00e3o: <\/strong>Max<\/li>\n\n\n\n<li>Monaco x Barcelona (16h, de Bras\u00edlia) &#8211; <strong>Transmiss\u00e3o: <\/strong>TNT, Max<\/li>\n<\/ul>\n\n\n\n<p><strong>Se liga nas datas:<\/strong><\/p>\n\n\n\n<ul class=\"wp-block-list\">\n<li>Fase de liga: 17 de setembro de 2024 a 29 de janeiro de 2025<\/li>\n\n\n\n<li>Sorteio dos playoffs do mata-mata: 31 de janeiro de 2025<\/li>\n\n\n\n<li>Playoffs para o mata-mata: 11 a 19 de fevereiro de 2025<\/li>\n\n\n\n<li>Sorteio do mata-mata: 21 de fevereiro de 2025<\/li>\n\n\n\n<li>Oitavas de final: 4 a 12 de mar\u00e7o de 2025<\/li>\n\n\n\n<li>Quartas de final: 8 a 16 de abril de 2025<\/li>\n\n\n\n<li>Semifinais: 29\/30 de abril e 6\/7 de maio de 2025<\/li>\n\n\n\n<li>Final: 31 de maio de 2025<\/li>\n<\/ul>\n","protected":false},"excerpt":{"rendered":"<p>Hoje se inicia uma nova era na Champions League. Ap\u00f3s anos com o formato tradicional de fase de grupos e mata-mata, a partir de hoje (17), os f\u00e3s passar\u00e3o a acompanhar a competi\u00e7\u00e3o no formato de liga. Caso os f\u00e3s de futebol ainda estejam perdidos em como vai funcionar, explicaremos abaixo: Antes os 32 times [&hellip;]<\/p>\n","protected":false},"author":19,"featured_media":119541,"comment_status":"open","ping_status":"closed","sticky":false,"template":"","format":"standard","meta":{"footnotes":""},"categories":[88],"tags":[],"class_list":["post-167094","post","type-post","status-publish","format-standard","has-post-thumbnail","hentry","category-real-madrid"],"yoast_head":"<!-- This site is optimized with the Yoast SEO Premium plugin v24.2 (Yoast SEO v26.9) - https:\/\/yoast.com\/product\/yoast-seo-premium-wordpress\/ -->\n<title>Nova Champions League come\u00e7a nessa ter\u00e7a; veja confrontos e entenda o formato<\/title>\n<meta name=\"robots\" content=\"index, follow, max-snippet:-1, max-image-preview:large, max-video-preview:-1\" \/>\n<link rel=\"canonical\" href=\"https:\/\/www.gaveanews.com\/index.php\/2024\/09\/17\/nova-champions-league-comeca-nessa-terca-veja-confrontos-e-entenda-o-formato\/\" \/>\n<meta property=\"og:locale\" content=\"pt_BR\" \/>\n<meta property=\"og:type\" content=\"article\" \/>\n<meta property=\"og:title\" content=\"Nova Champions League come\u00e7a nessa ter\u00e7a; veja confrontos e entenda o formato\" \/>\n<meta property=\"og:description\" content=\"Hoje se inicia uma nova era na Champions League. Ap\u00f3s anos com o formato tradicional de fase de grupos e mata-mata, a partir de hoje (17), os f\u00e3s passar\u00e3o a acompanhar a competi\u00e7\u00e3o no formato de liga. Caso os f\u00e3s de futebol ainda estejam perdidos em como vai funcionar, explicaremos abaixo: Antes os 32 times [&hellip;]\" \/>\n<meta property=\"og:url\" content=\"https:\/\/www.gaveanews.com\/index.php\/2024\/09\/17\/nova-champions-league-comeca-nessa-terca-veja-confrontos-e-entenda-o-formato\/\" \/>\n<meta property=\"og:site_name\" content=\"G\u00e1vea News\" \/>\n<meta property=\"article:publisher\" content=\"https:\/\/facebook.com\/gaveaNews\/\" \/>\n<meta property=\"article:published_time\" content=\"2024-09-17T16:15:54+00:00\" \/>\n<meta property=\"og:image\" content=\"https:\/\/www.gaveanews.com\/wp-content\/uploads\/champions.webp\" \/>\n\t<meta property=\"og:image:width\" content=\"1000\" \/>\n\t<meta property=\"og:image:height\" content=\"763\" \/>\n\t<meta property=\"og:image:type\" content=\"image\/webp\" \/>\n<meta name=\"author\" content=\"Bruno Zanchetta\" \/>\n<meta name=\"twitter:card\" content=\"summary_large_image\" \/>\n<meta name=\"twitter:label1\" content=\"Escrito por\" \/>\n\t<meta name=\"twitter:data1\" content=\"Bruno Zanchetta\" \/>\n\t<meta name=\"twitter:label2\" content=\"Est. tempo de leitura\" \/>\n\t<meta name=\"twitter:data2\" content=\"4 minutos\" \/>\n<script type=\"application\/ld+json\" class=\"yoast-schema-graph\">{\"@context\":\"https:\/\/schema.org\",\"@graph\":[{\"@type\":\"NewsArticle\",\"@id\":\"https:\/\/www.gaveanews.com\/index.php\/2024\/09\/17\/nova-champions-league-comeca-nessa-terca-veja-confrontos-e-entenda-o-formato\/#article\",\"isPartOf\":{\"@id\":\"https:\/\/www.gaveanews.com\/index.php\/2024\/09\/17\/nova-champions-league-comeca-nessa-terca-veja-confrontos-e-entenda-o-formato\/\"},\"author\":{\"name\":\"Bruno Zanchetta\",\"@id\":\"https:\/\/www.gaveanews.com\/#\/schema\/person\/32fddefab25b466689f181be346cd98c\"},\"headline\":\"Nova Champions League come\u00e7a nessa ter\u00e7a; veja confrontos e entenda o formato\",\"datePublished\":\"2024-09-17T16:15:54+00:00\",\"mainEntityOfPage\":{\"@id\":\"https:\/\/www.gaveanews.com\/index.php\/2024\/09\/17\/nova-champions-league-comeca-nessa-terca-veja-confrontos-e-entenda-o-formato\/\"},\"wordCount\":645,\"commentCount\":0,\"image\":{\"@id\":\"https:\/\/www.gaveanews.com\/index.php\/2024\/09\/17\/nova-champions-league-comeca-nessa-terca-veja-confrontos-e-entenda-o-formato\/#primaryimage\"},\"thumbnailUrl\":\"https:\/\/www.gaveanews.com\/wp-content\/uploads\/champions.webp\",\"articleSection\":[\"Real Madrid\"],\"inLanguage\":\"pt-BR\",\"potentialAction\":[{\"@type\":\"CommentAction\",\"name\":\"Comment\",\"target\":[\"https:\/\/www.gaveanews.com\/index.php\/2024\/09\/17\/nova-champions-league-comeca-nessa-terca-veja-confrontos-e-entenda-o-formato\/#respond\"]}],\"copyrightYear\":\"2024\",\"copyrightHolder\":{\"@id\":\"https:\/\/www.gaveanews.com\/#organization\"}},{\"@type\":\"WebPage\",\"@id\":\"https:\/\/www.gaveanews.com\/index.php\/2024\/09\/17\/nova-champions-league-comeca-nessa-terca-veja-confrontos-e-entenda-o-formato\/\",\"url\":\"https:\/\/www.gaveanews.com\/index.php\/2024\/09\/17\/nova-champions-league-comeca-nessa-terca-veja-confrontos-e-entenda-o-formato\/\",\"name\":\"Nova Champions League come\u00e7a nessa ter\u00e7a; veja confrontos e entenda o formato\",\"isPartOf\":{\"@id\":\"https:\/\/www.gaveanews.com\/#website\"},\"primaryImageOfPage\":{\"@id\":\"https:\/\/www.gaveanews.com\/index.php\/2024\/09\/17\/nova-champions-league-comeca-nessa-terca-veja-confrontos-e-entenda-o-formato\/#primaryimage\"},\"image\":{\"@id\":\"https:\/\/www.gaveanews.com\/index.php\/2024\/09\/17\/nova-champions-league-comeca-nessa-terca-veja-confrontos-e-entenda-o-formato\/#primaryimage\"},\"thumbnailUrl\":\"https:\/\/www.gaveanews.com\/wp-content\/uploads\/champions.webp\",\"datePublished\":\"2024-09-17T16:15:54+00:00\",\"author\":{\"@id\":\"https:\/\/www.gaveanews.com\/#\/schema\/person\/32fddefab25b466689f181be346cd98c\"},\"breadcrumb\":{\"@id\":\"https:\/\/www.gaveanews.com\/index.php\/2024\/09\/17\/nova-champions-league-comeca-nessa-terca-veja-confrontos-e-entenda-o-formato\/#breadcrumb\"},\"inLanguage\":\"pt-BR\",\"potentialAction\":[{\"@type\":\"ReadAction\",\"target\":[\"https:\/\/www.gaveanews.com\/index.php\/2024\/09\/17\/nova-champions-league-comeca-nessa-terca-veja-confrontos-e-entenda-o-formato\/\"]}]},{\"@type\":\"ImageObject\",\"inLanguage\":\"pt-BR\",\"@id\":\"https:\/\/www.gaveanews.com\/index.php\/2024\/09\/17\/nova-champions-league-comeca-nessa-terca-veja-confrontos-e-entenda-o-formato\/#primaryimage\",\"url\":\"https:\/\/www.gaveanews.com\/wp-content\/uploads\/champions.webp\",\"contentUrl\":\"https:\/\/www.gaveanews.com\/wp-content\/uploads\/champions.webp\",\"width\":1000,\"height\":763,\"caption\":\"Trof\u00e9u da Champions League (Foto: Fabrice Coffrini\/AFP via Getty Images)\"},{\"@type\":\"BreadcrumbList\",\"@id\":\"https:\/\/www.gaveanews.com\/index.php\/2024\/09\/17\/nova-champions-league-comeca-nessa-terca-veja-confrontos-e-entenda-o-formato\/#breadcrumb\",\"itemListElement\":[{\"@type\":\"ListItem\",\"position\":1,\"name\":\"Home\",\"item\":\"https:\/\/www.gaveanews.com\/\"},{\"@type\":\"ListItem\",\"position\":2,\"name\":\"Nova Champions League come\u00e7a nessa ter\u00e7a; veja confrontos e entenda o formato\"}]},{\"@type\":\"WebSite\",\"@id\":\"https:\/\/www.gaveanews.com\/#website\",\"url\":\"https:\/\/www.gaveanews.com\/\",\"name\":\"G\u00e1vea News\",\"description\":\"Veja todas as not\u00edcias sobre o Flamengo: Contrata\u00e7\u00f5es, categorias de base, resultados das partidas, tabela de classifica\u00e7\u00e3o, pr\u00f3ximos jogos!\",\"potentialAction\":[{\"@type\":\"SearchAction\",\"target\":{\"@type\":\"EntryPoint\",\"urlTemplate\":\"https:\/\/www.gaveanews.com\/?s={search_term_string}\"},\"query-input\":{\"@type\":\"PropertyValueSpecification\",\"valueRequired\":true,\"valueName\":\"search_term_string\"}}],\"inLanguage\":\"pt-BR\"},{\"@type\":\"Person\",\"@id\":\"https:\/\/www.gaveanews.com\/#\/schema\/person\/32fddefab25b466689f181be346cd98c\",\"name\":\"Bruno Zanchetta\",\"image\":{\"@type\":\"ImageObject\",\"inLanguage\":\"pt-BR\",\"@id\":\"https:\/\/www.gaveanews.com\/#\/schema\/person\/image\/\",\"url\":\"https:\/\/secure.gravatar.com\/avatar\/3ba2d39f8a912ad65276975a996d6ad8d9e3dd13448684be8dc4d7c17099d2ee?s=96&d=mm&r=g\",\"contentUrl\":\"https:\/\/secure.gravatar.com\/avatar\/3ba2d39f8a912ad65276975a996d6ad8d9e3dd13448684be8dc4d7c17099d2ee?s=96&d=mm&r=g\",\"caption\":\"Bruno Zanchetta\"}}]}<\/script>\n<!-- \/ Yoast SEO Premium plugin. -->","yoast_head_json":{"title":"Nova Champions League come\u00e7a nessa ter\u00e7a; veja confrontos e entenda o formato","robots":{"index":"index","follow":"follow","max-snippet":"max-snippet:-1","max-image-preview":"max-image-preview:large","max-video-preview":"max-video-preview:-1"},"canonical":"https:\/\/www.gaveanews.com\/index.php\/2024\/09\/17\/nova-champions-league-comeca-nessa-terca-veja-confrontos-e-entenda-o-formato\/","og_locale":"pt_BR","og_type":"article","og_title":"Nova Champions League come\u00e7a nessa ter\u00e7a; veja confrontos e entenda o formato","og_description":"Hoje se inicia uma nova era na Champions League. Ap\u00f3s anos com o formato tradicional de fase de grupos e mata-mata, a partir de hoje (17), os f\u00e3s passar\u00e3o a acompanhar a competi\u00e7\u00e3o no formato de liga. Caso os f\u00e3s de futebol ainda estejam perdidos em como vai funcionar, explicaremos abaixo: Antes os 32 times [&hellip;]","og_url":"https:\/\/www.gaveanews.com\/index.php\/2024\/09\/17\/nova-champions-league-comeca-nessa-terca-veja-confrontos-e-entenda-o-formato\/","og_site_name":"G\u00e1vea News","article_publisher":"https:\/\/facebook.com\/gaveaNews\/","article_published_time":"2024-09-17T16:15:54+00:00","og_image":[{"width":1000,"height":763,"url":"https:\/\/www.gaveanews.com\/wp-content\/uploads\/champions.webp","type":"image\/webp"}],"author":"Bruno Zanchetta","twitter_card":"summary_large_image","twitter_misc":{"Escrito por":"Bruno Zanchetta","Est. tempo de leitura":"4 minutos"},"schema":{"@context":"https:\/\/schema.org","@graph":[{"@type":"NewsArticle","@id":"https:\/\/www.gaveanews.com\/index.php\/2024\/09\/17\/nova-champions-league-comeca-nessa-terca-veja-confrontos-e-entenda-o-formato\/#article","isPartOf":{"@id":"https:\/\/www.gaveanews.com\/index.php\/2024\/09\/17\/nova-champions-league-comeca-nessa-terca-veja-confrontos-e-entenda-o-formato\/"},"author":{"name":"Bruno Zanchetta","@id":"https:\/\/www.gaveanews.com\/#\/schema\/person\/32fddefab25b466689f181be346cd98c"},"headline":"Nova Champions League come\u00e7a nessa ter\u00e7a; veja confrontos e entenda o formato","datePublished":"2024-09-17T16:15:54+00:00","mainEntityOfPage":{"@id":"https:\/\/www.gaveanews.com\/index.php\/2024\/09\/17\/nova-champions-league-comeca-nessa-terca-veja-confrontos-e-entenda-o-formato\/"},"wordCount":645,"commentCount":0,"image":{"@id":"https:\/\/www.gaveanews.com\/index.php\/2024\/09\/17\/nova-champions-league-comeca-nessa-terca-veja-confrontos-e-entenda-o-formato\/#primaryimage"},"thumbnailUrl":"https:\/\/www.gaveanews.com\/wp-content\/uploads\/champions.webp","articleSection":["Real Madrid"],"inLanguage":"pt-BR","potentialAction":[{"@type":"CommentAction","name":"Comment","target":["https:\/\/www.gaveanews.com\/index.php\/2024\/09\/17\/nova-champions-league-comeca-nessa-terca-veja-confrontos-e-entenda-o-formato\/#respond"]}],"copyrightYear":"2024","copyrightHolder":{"@id":"https:\/\/www.gaveanews.com\/#organization"}},{"@type":"WebPage","@id":"https:\/\/www.gaveanews.com\/index.php\/2024\/09\/17\/nova-champions-league-comeca-nessa-terca-veja-confrontos-e-entenda-o-formato\/","url":"https:\/\/www.gaveanews.com\/index.php\/2024\/09\/17\/nova-champions-league-comeca-nessa-terca-veja-confrontos-e-entenda-o-formato\/","name":"Nova Champions League come\u00e7a nessa ter\u00e7a; veja confrontos e entenda o formato","isPartOf":{"@id":"https:\/\/www.gaveanews.com\/#website"},"primaryImageOfPage":{"@id":"https:\/\/www.gaveanews.com\/index.php\/2024\/09\/17\/nova-champions-league-comeca-nessa-terca-veja-confrontos-e-entenda-o-formato\/#primaryimage"},"image":{"@id":"https:\/\/www.gaveanews.com\/index.php\/2024\/09\/17\/nova-champions-league-comeca-nessa-terca-veja-confrontos-e-entenda-o-formato\/#primaryimage"},"thumbnailUrl":"https:\/\/www.gaveanews.com\/wp-content\/uploads\/champions.webp","datePublished":"2024-09-17T16:15:54+00:00","author":{"@id":"https:\/\/www.gaveanews.com\/#\/schema\/person\/32fddefab25b466689f181be346cd98c"},"breadcrumb":{"@id":"https:\/\/www.gaveanews.com\/index.php\/2024\/09\/17\/nova-champions-league-comeca-nessa-terca-veja-confrontos-e-entenda-o-formato\/#breadcrumb"},"inLanguage":"pt-BR","potentialAction":[{"@type":"ReadAction","target":["https:\/\/www.gaveanews.com\/index.php\/2024\/09\/17\/nova-champions-league-comeca-nessa-terca-veja-confrontos-e-entenda-o-formato\/"]}]},{"@type":"ImageObject","inLanguage":"pt-BR","@id":"https:\/\/www.gaveanews.com\/index.php\/2024\/09\/17\/nova-champions-league-comeca-nessa-terca-veja-confrontos-e-entenda-o-formato\/#primaryimage","url":"https:\/\/www.gaveanews.com\/wp-content\/uploads\/champions.webp","contentUrl":"https:\/\/www.gaveanews.com\/wp-content\/uploads\/champions.webp","width":1000,"height":763,"caption":"Trof\u00e9u da Champions League (Foto: Fabrice Coffrini\/AFP via Getty Images)"},{"@type":"BreadcrumbList","@id":"https:\/\/www.gaveanews.com\/index.php\/2024\/09\/17\/nova-champions-league-comeca-nessa-terca-veja-confrontos-e-entenda-o-formato\/#breadcrumb","itemListElement":[{"@type":"ListItem","position":1,"name":"Home","item":"https:\/\/www.gaveanews.com\/"},{"@type":"ListItem","position":2,"name":"Nova Champions League come\u00e7a nessa ter\u00e7a; veja confrontos e entenda o formato"}]},{"@type":"WebSite","@id":"https:\/\/www.gaveanews.com\/#website","url":"https:\/\/www.gaveanews.com\/","name":"G\u00e1vea News","description":"Veja todas as not\u00edcias sobre o Flamengo: Contrata\u00e7\u00f5es, categorias de base, resultados das partidas, tabela de classifica\u00e7\u00e3o, pr\u00f3ximos jogos!","potentialAction":[{"@type":"SearchAction","target":{"@type":"EntryPoint","urlTemplate":"https:\/\/www.gaveanews.com\/?s={search_term_string}"},"query-input":{"@type":"PropertyValueSpecification","valueRequired":true,"valueName":"search_term_string"}}],"inLanguage":"pt-BR"},{"@type":"Person","@id":"https:\/\/www.gaveanews.com\/#\/schema\/person\/32fddefab25b466689f181be346cd98c","name":"Bruno Zanchetta","image":{"@type":"ImageObject","inLanguage":"pt-BR","@id":"https:\/\/www.gaveanews.com\/#\/schema\/person\/image\/","url":"https:\/\/secure.gravatar.com\/avatar\/3ba2d39f8a912ad65276975a996d6ad8d9e3dd13448684be8dc4d7c17099d2ee?s=96&d=mm&r=g","contentUrl":"https:\/\/secure.gravatar.com\/avatar\/3ba2d39f8a912ad65276975a996d6ad8d9e3dd13448684be8dc4d7c17099d2ee?s=96&d=mm&r=g","caption":"Bruno Zanchetta"}}]}},"_links":{"self":[{"href":"https:\/\/www.gaveanews.com\/index.php\/wp-json\/wp\/v2\/posts\/167094","targetHints":{"allow":["GET"]}}],"collection":[{"href":"https:\/\/www.gaveanews.com\/index.php\/wp-json\/wp\/v2\/posts"}],"about":[{"href":"https:\/\/www.gaveanews.com\/index.php\/wp-json\/wp\/v2\/types\/post"}],"author":[{"embeddable":true,"href":"https:\/\/www.gaveanews.com\/index.php\/wp-json\/wp\/v2\/users\/19"}],"replies":[{"embeddable":true,"href":"https:\/\/www.gaveanews.com\/index.php\/wp-json\/wp\/v2\/comments?post=167094"}],"version-history":[{"count":2,"href":"https:\/\/www.gaveanews.com\/index.php\/wp-json\/wp\/v2\/posts\/167094\/revisions"}],"predecessor-version":[{"id":167177,"href":"https:\/\/www.gaveanews.com\/index.php\/wp-json\/wp\/v2\/posts\/167094\/revisions\/167177"}],"wp:featuredmedia":[{"embeddable":true,"href":"https:\/\/www.gaveanews.com\/index.php\/wp-json\/wp\/v2\/media\/119541"}],"wp:attachment":[{"href":"https:\/\/www.gaveanews.com\/index.php\/wp-json\/wp\/v2\/media?parent=167094"}],"wp:term":[{"taxonomy":"category","embeddable":true,"href":"https:\/\/www.gaveanews.com\/index.php\/wp-json\/wp\/v2\/categories?post=167094"},{"taxonomy":"post_tag","embeddable":true,"href":"https:\/\/www.gaveanews.com\/index.php\/wp-json\/wp\/v2\/tags?post=167094"}],"curies":[{"name":"wp","href":"https:\/\/api.w.org\/{rel}","templated":true}]}}