{"id":167207,"date":"2024-09-17T19:15:00","date_gmt":"2024-09-17T22:15:00","guid":{"rendered":"https:\/\/www.gaveanews.com\/?p=167207"},"modified":"2024-09-17T15:24:05","modified_gmt":"2024-09-17T18:24:05","slug":"a-provavel-escalacao-do-sao-paulo-para-o-jogo-contra-o-botafogo","status":"publish","type":"post","link":"https:\/\/www.gaveanews.com\/index.php\/2024\/09\/17\/a-provavel-escalacao-do-sao-paulo-para-o-jogo-contra-o-botafogo\/","title":{"rendered":"A prov\u00e1vel escala\u00e7\u00e3o do S\u00e3o Paulo para o jogo contra o Botafogo"},"content":{"rendered":"\n<h2 class=\"wp-block-heading\" id=\"h-botafogo-e-sao-paulo-se-enfrentam-nas-quartas-de-final-da-libertadores\">Botafogo e S\u00e3o Paulo se enfrentam nas quartas de final da Libertadores<\/h2>\n\n\n\n<p>Nesta quarta-feira, \u00e0s 21h30 (hor\u00e1rio de Bras\u00edlia), Botafogo e S\u00e3o Paulo iniciam o duelo v\u00e1lido pelas quartas de final da Copa Libertadores, no est\u00e1dio Nilton Santos, no Rio de Janeiro. O confronto promete ser de grande intensidade, com o Fog\u00e3o em excelente fase e o Tricolor Paulista apostando suas fichas na competi\u00e7\u00e3o continental.<\/p>\n\n\n\n<ul class=\"wp-block-list\">\n<li><a href=\"https:\/\/www.gaveanews.com\/index.php\/2024\/09\/17\/gatito-fernandez-pablo-bastos-alex-telles-marcal-rafael-allan-gregore-tche-tche-oscar-romero-eduardo-tiquinho-soares-elenco-do-botafogo-tem-12-jogadores-com-pelo-menos-30-anos\/\">Gatito Fern\u00e1ndez, Pablo, Bastos, Alex Telles, Mar\u00e7al, Rafael, Allan, Gregore, Tch\u00ea Tch\u00ea, \u00d3scar Romero, Eduardo, Tiquinho Soares: elenco do Botafogo tem 12 jogadores com pelo menos 30 anos<\/a><\/li>\n\n\n\n<li><a href=\"https:\/\/www.gaveanews.com\/index.php\/2024\/09\/17\/a-probabilidade-do-botafogo-ser-campeao-do-brasileirao\/\">A probabilidade do Botafogo ser campe\u00e3o do Brasileir\u00e3o<\/a><\/li>\n<\/ul>\n\n\n\n<p>L\u00edder isolado do Campeonato Brasileiro com 53 pontos, o Botafogo chega embalado para o confronto. A equipe carioca n\u00e3o perde h\u00e1 seis partidas e venceu o Corinthians por 2 a 1 na \u00faltima rodada do Brasileir\u00e3o, com gols de Luiz Henrique e Thiago Almada. Al\u00e9m do desempenho em casa, o clube vive a expectativa de conquistar sua primeira Copa Libertadores, o que adiciona ainda mais motiva\u00e7\u00e3o para esse confronto. <\/p>\n\n\n\n<p>Do outro lado, o S\u00e3o Paulo, eliminado da Copa do Brasil pelo Atl\u00e9tico-MG, v\u00ea na Libertadores a principal chance de t\u00edtulo nesta temporada. O Tricolor Paulista, que corre por fora na disputa pelo Brasileir\u00e3o, venceu o Cruzeiro por 1 a 0 no \u00faltimo domingo, com gol de William Gomes, mas entrou em campo com uma equipe reserva, subindo para a quinta coloca\u00e7\u00e3o, com a distancia de nove pontos do l\u00edder da competi\u00e7\u00e3o. O t\u00e9cnico Luis Zubeldia tem priorizado o torneio continental, e o tetracampeonato \u00e9 o grande objetivo do clube.<\/p>\n\n\n\n<p>O S\u00e3o Paulo deve entrar em campo sem os meio-campistas Rodrigo Nestor e Liziero, ambos lesionados. Nestor trata uma tor\u00e7\u00e3o no tornozelo direito, enquanto Liziero lida com dores no m\u00fasculo adutor da coxa esquerda.<\/p>\n\n\n\n<p> Com isso, a <strong>prov\u00e1vel escala\u00e7\u00e3o do S\u00e3o Paulo<\/strong> conta com: Rafael; Rafinha, Arboleda, Alan Franco e Welington; Luiz Gustavo, Bobadilla e Lucas Moura; Wellington Rato, Calleri e Luciano (William Gomes).<\/p>\n\n\n\n<p><strong>Prov\u00e1vel escala\u00e7\u00e3o do Botafogo<\/strong>: John, Vitinho, Bastos, Barboza e Alex Telles; Gregore e Marlon Freitas; Almada, Luiz Henrique, Savarino e Igor Jesus.<\/p>\n","protected":false},"excerpt":{"rendered":"<p>Botafogo e S\u00e3o Paulo se enfrentam nas quartas de final da Libertadores Nesta quarta-feira, \u00e0s 21h30 (hor\u00e1rio de Bras\u00edlia), Botafogo e S\u00e3o Paulo iniciam o duelo v\u00e1lido pelas quartas de final da Copa Libertadores, no est\u00e1dio Nilton Santos, no Rio de Janeiro. O confronto promete ser de grande intensidade, com o Fog\u00e3o em excelente fase [&hellip;]<\/p>\n","protected":false},"author":17,"featured_media":153396,"comment_status":"open","ping_status":"closed","sticky":false,"template":"","format":"standard","meta":{"footnotes":""},"categories":[138,151],"tags":[],"class_list":["post-167207","post","type-post","status-publish","format-standard","has-post-thumbnail","hentry","category-botafogo","category-sao-paulo"],"yoast_head":"<!-- This site is optimized with the Yoast SEO Premium plugin v24.2 (Yoast SEO v26.9) - https:\/\/yoast.com\/product\/yoast-seo-premium-wordpress\/ -->\n<title>A prov\u00e1vel escala\u00e7\u00e3o do S\u00e3o Paulo para o jogo contra o Botafogo<\/title>\n<meta name=\"robots\" content=\"index, follow, max-snippet:-1, max-image-preview:large, max-video-preview:-1\" \/>\n<link rel=\"canonical\" href=\"https:\/\/www.gaveanews.com\/index.php\/2024\/09\/17\/a-provavel-escalacao-do-sao-paulo-para-o-jogo-contra-o-botafogo\/\" \/>\n<meta property=\"og:locale\" content=\"pt_BR\" \/>\n<meta property=\"og:type\" content=\"article\" \/>\n<meta property=\"og:title\" content=\"A prov\u00e1vel escala\u00e7\u00e3o do S\u00e3o Paulo para o jogo contra o Botafogo\" \/>\n<meta property=\"og:description\" content=\"Botafogo e S\u00e3o Paulo se enfrentam nas quartas de final da Libertadores Nesta quarta-feira, \u00e0s 21h30 (hor\u00e1rio de Bras\u00edlia), Botafogo e S\u00e3o Paulo iniciam o duelo v\u00e1lido pelas quartas de final da Copa Libertadores, no est\u00e1dio Nilton Santos, no Rio de Janeiro. O confronto promete ser de grande intensidade, com o Fog\u00e3o em excelente fase [&hellip;]\" \/>\n<meta property=\"og:url\" content=\"https:\/\/www.gaveanews.com\/index.php\/2024\/09\/17\/a-provavel-escalacao-do-sao-paulo-para-o-jogo-contra-o-botafogo\/\" \/>\n<meta property=\"og:site_name\" content=\"G\u00e1vea News\" \/>\n<meta property=\"article:publisher\" content=\"https:\/\/facebook.com\/gaveaNews\/\" \/>\n<meta property=\"article:published_time\" content=\"2024-09-17T22:15:00+00:00\" \/>\n<meta property=\"og:image\" content=\"https:\/\/www.gaveanews.com\/wp-content\/uploads\/Rodrigo-Nestor-durante-o-jogo-entre-Sao-Paulo-x-Vasco-pelo-Brasileirao-2023-no-Morumbi.webp\" \/>\n\t<meta property=\"og:image:width\" content=\"799\" \/>\n\t<meta property=\"og:image:height\" content=\"533\" \/>\n\t<meta property=\"og:image:type\" content=\"image\/jpeg\" \/>\n<meta name=\"author\" content=\"Geovanna Thomaz\" \/>\n<meta name=\"twitter:card\" content=\"summary_large_image\" \/>\n<meta name=\"twitter:label1\" content=\"Escrito por\" \/>\n\t<meta name=\"twitter:data1\" content=\"Geovanna Thomaz\" \/>\n\t<meta name=\"twitter:label2\" content=\"Est. tempo de leitura\" \/>\n\t<meta name=\"twitter:data2\" content=\"3 minutos\" \/>\n<script type=\"application\/ld+json\" class=\"yoast-schema-graph\">{\"@context\":\"https:\/\/schema.org\",\"@graph\":[{\"@type\":\"NewsArticle\",\"@id\":\"https:\/\/www.gaveanews.com\/index.php\/2024\/09\/17\/a-provavel-escalacao-do-sao-paulo-para-o-jogo-contra-o-botafogo\/#article\",\"isPartOf\":{\"@id\":\"https:\/\/www.gaveanews.com\/index.php\/2024\/09\/17\/a-provavel-escalacao-do-sao-paulo-para-o-jogo-contra-o-botafogo\/\"},\"author\":{\"name\":\"Geovanna Thomaz\",\"@id\":\"https:\/\/www.gaveanews.com\/#\/schema\/person\/f42654babcd2b2014a1a65af82b081f1\"},\"headline\":\"A prov\u00e1vel escala\u00e7\u00e3o do S\u00e3o Paulo para o jogo contra o Botafogo\",\"datePublished\":\"2024-09-17T22:15:00+00:00\",\"mainEntityOfPage\":{\"@id\":\"https:\/\/www.gaveanews.com\/index.php\/2024\/09\/17\/a-provavel-escalacao-do-sao-paulo-para-o-jogo-contra-o-botafogo\/\"},\"wordCount\":386,\"commentCount\":0,\"image\":{\"@id\":\"https:\/\/www.gaveanews.com\/index.php\/2024\/09\/17\/a-provavel-escalacao-do-sao-paulo-para-o-jogo-contra-o-botafogo\/#primaryimage\"},\"thumbnailUrl\":\"https:\/\/www.gaveanews.com\/wp-content\/uploads\/Rodrigo-Nestor-durante-o-jogo-entre-Sao-Paulo-x-Vasco-pelo-Brasileirao-2023-no-Morumbi.webp\",\"articleSection\":[\"Botafogo\",\"S\u00e3o Paulo\"],\"inLanguage\":\"pt-BR\",\"potentialAction\":[{\"@type\":\"CommentAction\",\"name\":\"Comment\",\"target\":[\"https:\/\/www.gaveanews.com\/index.php\/2024\/09\/17\/a-provavel-escalacao-do-sao-paulo-para-o-jogo-contra-o-botafogo\/#respond\"]}],\"copyrightYear\":\"2024\",\"copyrightHolder\":{\"@id\":\"https:\/\/www.gaveanews.com\/#organization\"}},{\"@type\":\"WebPage\",\"@id\":\"https:\/\/www.gaveanews.com\/index.php\/2024\/09\/17\/a-provavel-escalacao-do-sao-paulo-para-o-jogo-contra-o-botafogo\/\",\"url\":\"https:\/\/www.gaveanews.com\/index.php\/2024\/09\/17\/a-provavel-escalacao-do-sao-paulo-para-o-jogo-contra-o-botafogo\/\",\"name\":\"A prov\u00e1vel escala\u00e7\u00e3o do S\u00e3o Paulo para o jogo contra o Botafogo\",\"isPartOf\":{\"@id\":\"https:\/\/www.gaveanews.com\/#website\"},\"primaryImageOfPage\":{\"@id\":\"https:\/\/www.gaveanews.com\/index.php\/2024\/09\/17\/a-provavel-escalacao-do-sao-paulo-para-o-jogo-contra-o-botafogo\/#primaryimage\"},\"image\":{\"@id\":\"https:\/\/www.gaveanews.com\/index.php\/2024\/09\/17\/a-provavel-escalacao-do-sao-paulo-para-o-jogo-contra-o-botafogo\/#primaryimage\"},\"thumbnailUrl\":\"https:\/\/www.gaveanews.com\/wp-content\/uploads\/Rodrigo-Nestor-durante-o-jogo-entre-Sao-Paulo-x-Vasco-pelo-Brasileirao-2023-no-Morumbi.webp\",\"datePublished\":\"2024-09-17T22:15:00+00:00\",\"author\":{\"@id\":\"https:\/\/www.gaveanews.com\/#\/schema\/person\/f42654babcd2b2014a1a65af82b081f1\"},\"breadcrumb\":{\"@id\":\"https:\/\/www.gaveanews.com\/index.php\/2024\/09\/17\/a-provavel-escalacao-do-sao-paulo-para-o-jogo-contra-o-botafogo\/#breadcrumb\"},\"inLanguage\":\"pt-BR\",\"potentialAction\":[{\"@type\":\"ReadAction\",\"target\":[\"https:\/\/www.gaveanews.com\/index.php\/2024\/09\/17\/a-provavel-escalacao-do-sao-paulo-para-o-jogo-contra-o-botafogo\/\"]}]},{\"@type\":\"ImageObject\",\"inLanguage\":\"pt-BR\",\"@id\":\"https:\/\/www.gaveanews.com\/index.php\/2024\/09\/17\/a-provavel-escalacao-do-sao-paulo-para-o-jogo-contra-o-botafogo\/#primaryimage\",\"url\":\"https:\/\/www.gaveanews.com\/wp-content\/uploads\/Rodrigo-Nestor-durante-o-jogo-entre-Sao-Paulo-x-Vasco-pelo-Brasileirao-2023-no-Morumbi.webp\",\"contentUrl\":\"https:\/\/www.gaveanews.com\/wp-content\/uploads\/Rodrigo-Nestor-durante-o-jogo-entre-Sao-Paulo-x-Vasco-pelo-Brasileirao-2023-no-Morumbi.webp\",\"width\":799,\"height\":533,\"caption\":\"Rodrigo Nestor durante o jogo entre S\u00e3o Paulo x Vasco pelo Brasileir\u00e3o 2023 no Morumbi (Foto: Rubens Chiri\/S\u00e3o Paulo)\"},{\"@type\":\"BreadcrumbList\",\"@id\":\"https:\/\/www.gaveanews.com\/index.php\/2024\/09\/17\/a-provavel-escalacao-do-sao-paulo-para-o-jogo-contra-o-botafogo\/#breadcrumb\",\"itemListElement\":[{\"@type\":\"ListItem\",\"position\":1,\"name\":\"Home\",\"item\":\"https:\/\/www.gaveanews.com\/\"},{\"@type\":\"ListItem\",\"position\":2,\"name\":\"A prov\u00e1vel escala\u00e7\u00e3o do S\u00e3o Paulo para o jogo contra o Botafogo\"}]},{\"@type\":\"WebSite\",\"@id\":\"https:\/\/www.gaveanews.com\/#website\",\"url\":\"https:\/\/www.gaveanews.com\/\",\"name\":\"G\u00e1vea News\",\"description\":\"Veja todas as not\u00edcias sobre o Flamengo: Contrata\u00e7\u00f5es, categorias de base, resultados das partidas, tabela de classifica\u00e7\u00e3o, pr\u00f3ximos jogos!\",\"potentialAction\":[{\"@type\":\"SearchAction\",\"target\":{\"@type\":\"EntryPoint\",\"urlTemplate\":\"https:\/\/www.gaveanews.com\/?s={search_term_string}\"},\"query-input\":{\"@type\":\"PropertyValueSpecification\",\"valueRequired\":true,\"valueName\":\"search_term_string\"}}],\"inLanguage\":\"pt-BR\"},{\"@type\":\"Person\",\"@id\":\"https:\/\/www.gaveanews.com\/#\/schema\/person\/f42654babcd2b2014a1a65af82b081f1\",\"name\":\"Geovanna Thomaz\",\"image\":{\"@type\":\"ImageObject\",\"inLanguage\":\"pt-BR\",\"@id\":\"https:\/\/www.gaveanews.com\/#\/schema\/person\/image\/\",\"url\":\"https:\/\/secure.gravatar.com\/avatar\/4092073255489533afb558984b49b64268c47198af8623cc82a925ae9fb7118a?s=96&d=mm&r=g\",\"contentUrl\":\"https:\/\/secure.gravatar.com\/avatar\/4092073255489533afb558984b49b64268c47198af8623cc82a925ae9fb7118a?s=96&d=mm&r=g\",\"caption\":\"Geovanna Thomaz\"}}]}<\/script>\n<!-- \/ Yoast SEO Premium plugin. -->","yoast_head_json":{"title":"A prov\u00e1vel escala\u00e7\u00e3o do S\u00e3o Paulo para o jogo contra o Botafogo","robots":{"index":"index","follow":"follow","max-snippet":"max-snippet:-1","max-image-preview":"max-image-preview:large","max-video-preview":"max-video-preview:-1"},"canonical":"https:\/\/www.gaveanews.com\/index.php\/2024\/09\/17\/a-provavel-escalacao-do-sao-paulo-para-o-jogo-contra-o-botafogo\/","og_locale":"pt_BR","og_type":"article","og_title":"A prov\u00e1vel escala\u00e7\u00e3o do S\u00e3o Paulo para o jogo contra o Botafogo","og_description":"Botafogo e S\u00e3o Paulo se enfrentam nas quartas de final da Libertadores Nesta quarta-feira, \u00e0s 21h30 (hor\u00e1rio de Bras\u00edlia), Botafogo e S\u00e3o Paulo iniciam o duelo v\u00e1lido pelas quartas de final da Copa Libertadores, no est\u00e1dio Nilton Santos, no Rio de Janeiro. O confronto promete ser de grande intensidade, com o Fog\u00e3o em excelente fase [&hellip;]","og_url":"https:\/\/www.gaveanews.com\/index.php\/2024\/09\/17\/a-provavel-escalacao-do-sao-paulo-para-o-jogo-contra-o-botafogo\/","og_site_name":"G\u00e1vea News","article_publisher":"https:\/\/facebook.com\/gaveaNews\/","article_published_time":"2024-09-17T22:15:00+00:00","og_image":[{"width":799,"height":533,"url":"https:\/\/www.gaveanews.com\/wp-content\/uploads\/Rodrigo-Nestor-durante-o-jogo-entre-Sao-Paulo-x-Vasco-pelo-Brasileirao-2023-no-Morumbi.webp","type":"image\/jpeg"}],"author":"Geovanna Thomaz","twitter_card":"summary_large_image","twitter_misc":{"Escrito por":"Geovanna Thomaz","Est. tempo de leitura":"3 minutos"},"schema":{"@context":"https:\/\/schema.org","@graph":[{"@type":"NewsArticle","@id":"https:\/\/www.gaveanews.com\/index.php\/2024\/09\/17\/a-provavel-escalacao-do-sao-paulo-para-o-jogo-contra-o-botafogo\/#article","isPartOf":{"@id":"https:\/\/www.gaveanews.com\/index.php\/2024\/09\/17\/a-provavel-escalacao-do-sao-paulo-para-o-jogo-contra-o-botafogo\/"},"author":{"name":"Geovanna Thomaz","@id":"https:\/\/www.gaveanews.com\/#\/schema\/person\/f42654babcd2b2014a1a65af82b081f1"},"headline":"A prov\u00e1vel escala\u00e7\u00e3o do S\u00e3o Paulo para o jogo contra o Botafogo","datePublished":"2024-09-17T22:15:00+00:00","mainEntityOfPage":{"@id":"https:\/\/www.gaveanews.com\/index.php\/2024\/09\/17\/a-provavel-escalacao-do-sao-paulo-para-o-jogo-contra-o-botafogo\/"},"wordCount":386,"commentCount":0,"image":{"@id":"https:\/\/www.gaveanews.com\/index.php\/2024\/09\/17\/a-provavel-escalacao-do-sao-paulo-para-o-jogo-contra-o-botafogo\/#primaryimage"},"thumbnailUrl":"https:\/\/www.gaveanews.com\/wp-content\/uploads\/Rodrigo-Nestor-durante-o-jogo-entre-Sao-Paulo-x-Vasco-pelo-Brasileirao-2023-no-Morumbi.webp","articleSection":["Botafogo","S\u00e3o Paulo"],"inLanguage":"pt-BR","potentialAction":[{"@type":"CommentAction","name":"Comment","target":["https:\/\/www.gaveanews.com\/index.php\/2024\/09\/17\/a-provavel-escalacao-do-sao-paulo-para-o-jogo-contra-o-botafogo\/#respond"]}],"copyrightYear":"2024","copyrightHolder":{"@id":"https:\/\/www.gaveanews.com\/#organization"}},{"@type":"WebPage","@id":"https:\/\/www.gaveanews.com\/index.php\/2024\/09\/17\/a-provavel-escalacao-do-sao-paulo-para-o-jogo-contra-o-botafogo\/","url":"https:\/\/www.gaveanews.com\/index.php\/2024\/09\/17\/a-provavel-escalacao-do-sao-paulo-para-o-jogo-contra-o-botafogo\/","name":"A prov\u00e1vel escala\u00e7\u00e3o do S\u00e3o Paulo para o jogo contra o Botafogo","isPartOf":{"@id":"https:\/\/www.gaveanews.com\/#website"},"primaryImageOfPage":{"@id":"https:\/\/www.gaveanews.com\/index.php\/2024\/09\/17\/a-provavel-escalacao-do-sao-paulo-para-o-jogo-contra-o-botafogo\/#primaryimage"},"image":{"@id":"https:\/\/www.gaveanews.com\/index.php\/2024\/09\/17\/a-provavel-escalacao-do-sao-paulo-para-o-jogo-contra-o-botafogo\/#primaryimage"},"thumbnailUrl":"https:\/\/www.gaveanews.com\/wp-content\/uploads\/Rodrigo-Nestor-durante-o-jogo-entre-Sao-Paulo-x-Vasco-pelo-Brasileirao-2023-no-Morumbi.webp","datePublished":"2024-09-17T22:15:00+00:00","author":{"@id":"https:\/\/www.gaveanews.com\/#\/schema\/person\/f42654babcd2b2014a1a65af82b081f1"},"breadcrumb":{"@id":"https:\/\/www.gaveanews.com\/index.php\/2024\/09\/17\/a-provavel-escalacao-do-sao-paulo-para-o-jogo-contra-o-botafogo\/#breadcrumb"},"inLanguage":"pt-BR","potentialAction":[{"@type":"ReadAction","target":["https:\/\/www.gaveanews.com\/index.php\/2024\/09\/17\/a-provavel-escalacao-do-sao-paulo-para-o-jogo-contra-o-botafogo\/"]}]},{"@type":"ImageObject","inLanguage":"pt-BR","@id":"https:\/\/www.gaveanews.com\/index.php\/2024\/09\/17\/a-provavel-escalacao-do-sao-paulo-para-o-jogo-contra-o-botafogo\/#primaryimage","url":"https:\/\/www.gaveanews.com\/wp-content\/uploads\/Rodrigo-Nestor-durante-o-jogo-entre-Sao-Paulo-x-Vasco-pelo-Brasileirao-2023-no-Morumbi.webp","contentUrl":"https:\/\/www.gaveanews.com\/wp-content\/uploads\/Rodrigo-Nestor-durante-o-jogo-entre-Sao-Paulo-x-Vasco-pelo-Brasileirao-2023-no-Morumbi.webp","width":799,"height":533,"caption":"Rodrigo Nestor durante o jogo entre S\u00e3o Paulo x Vasco pelo Brasileir\u00e3o 2023 no Morumbi (Foto: Rubens Chiri\/S\u00e3o Paulo)"},{"@type":"BreadcrumbList","@id":"https:\/\/www.gaveanews.com\/index.php\/2024\/09\/17\/a-provavel-escalacao-do-sao-paulo-para-o-jogo-contra-o-botafogo\/#breadcrumb","itemListElement":[{"@type":"ListItem","position":1,"name":"Home","item":"https:\/\/www.gaveanews.com\/"},{"@type":"ListItem","position":2,"name":"A prov\u00e1vel escala\u00e7\u00e3o do S\u00e3o Paulo para o jogo contra o Botafogo"}]},{"@type":"WebSite","@id":"https:\/\/www.gaveanews.com\/#website","url":"https:\/\/www.gaveanews.com\/","name":"G\u00e1vea News","description":"Veja todas as not\u00edcias sobre o Flamengo: Contrata\u00e7\u00f5es, categorias de base, resultados das partidas, tabela de classifica\u00e7\u00e3o, pr\u00f3ximos jogos!","potentialAction":[{"@type":"SearchAction","target":{"@type":"EntryPoint","urlTemplate":"https:\/\/www.gaveanews.com\/?s={search_term_string}"},"query-input":{"@type":"PropertyValueSpecification","valueRequired":true,"valueName":"search_term_string"}}],"inLanguage":"pt-BR"},{"@type":"Person","@id":"https:\/\/www.gaveanews.com\/#\/schema\/person\/f42654babcd2b2014a1a65af82b081f1","name":"Geovanna Thomaz","image":{"@type":"ImageObject","inLanguage":"pt-BR","@id":"https:\/\/www.gaveanews.com\/#\/schema\/person\/image\/","url":"https:\/\/secure.gravatar.com\/avatar\/4092073255489533afb558984b49b64268c47198af8623cc82a925ae9fb7118a?s=96&d=mm&r=g","contentUrl":"https:\/\/secure.gravatar.com\/avatar\/4092073255489533afb558984b49b64268c47198af8623cc82a925ae9fb7118a?s=96&d=mm&r=g","caption":"Geovanna Thomaz"}}]}},"_links":{"self":[{"href":"https:\/\/www.gaveanews.com\/index.php\/wp-json\/wp\/v2\/posts\/167207","targetHints":{"allow":["GET"]}}],"collection":[{"href":"https:\/\/www.gaveanews.com\/index.php\/wp-json\/wp\/v2\/posts"}],"about":[{"href":"https:\/\/www.gaveanews.com\/index.php\/wp-json\/wp\/v2\/types\/post"}],"author":[{"embeddable":true,"href":"https:\/\/www.gaveanews.com\/index.php\/wp-json\/wp\/v2\/users\/17"}],"replies":[{"embeddable":true,"href":"https:\/\/www.gaveanews.com\/index.php\/wp-json\/wp\/v2\/comments?post=167207"}],"version-history":[{"count":1,"href":"https:\/\/www.gaveanews.com\/index.php\/wp-json\/wp\/v2\/posts\/167207\/revisions"}],"predecessor-version":[{"id":167208,"href":"https:\/\/www.gaveanews.com\/index.php\/wp-json\/wp\/v2\/posts\/167207\/revisions\/167208"}],"wp:featuredmedia":[{"embeddable":true,"href":"https:\/\/www.gaveanews.com\/index.php\/wp-json\/wp\/v2\/media\/153396"}],"wp:attachment":[{"href":"https:\/\/www.gaveanews.com\/index.php\/wp-json\/wp\/v2\/media?parent=167207"}],"wp:term":[{"taxonomy":"category","embeddable":true,"href":"https:\/\/www.gaveanews.com\/index.php\/wp-json\/wp\/v2\/categories?post=167207"},{"taxonomy":"post_tag","embeddable":true,"href":"https:\/\/www.gaveanews.com\/index.php\/wp-json\/wp\/v2\/tags?post=167207"}],"curies":[{"name":"wp","href":"https:\/\/api.w.org\/{rel}","templated":true}]}}