{"id":167356,"date":"2024-09-18T17:15:00","date_gmt":"2024-09-18T20:15:00","guid":{"rendered":"https:\/\/www.gaveanews.com\/?p=167356"},"modified":"2024-09-18T13:41:26","modified_gmt":"2024-09-18T16:41:26","slug":"marquinhos-e-sincero-ao-falar-sobre-o-novo-calendario-da-champions-league","status":"publish","type":"post","link":"https:\/\/www.gaveanews.com\/index.php\/2024\/09\/18\/marquinhos-e-sincero-ao-falar-sobre-o-novo-calendario-da-champions-league\/","title":{"rendered":"Marquinhos \u00e9 sincero ao falar sobre o novo calend\u00e1rio da Champions League"},"content":{"rendered":"\n<p>O atual zagueiro titular do PSG e tamb\u00e9m da Sele\u00e7\u00e3o Brasileira, Marquinhos, elogiou o novo formato da Champions League que j\u00e1 come\u00e7a a ser colocada em pr\u00e1tica nesta ter\u00e7a-feira (17).<\/p>\n\n\n\n<ul class=\"wp-block-list\">\n<li><a href=\"https:\/\/www.gaveanews.com\/index.php\/2024\/09\/12\/a-declaracao-de-marquinhos-apos-a-derrota-do-brasil\/\">A declara\u00e7\u00e3o de Marquinhos ap\u00f3s a derrota do Brasil<\/a><\/li>\n\n\n\n<li><a href=\"https:\/\/www.gaveanews.com\/index.php\/2024\/09\/08\/marcelo-felipe-melo-diogo-barbosa-manoel-marquinhos-e-lucumi-fluminense-tem-seis-jogadores-em-final-de-contrato\/\">Marcelo, Felipe Melo, Diogo Barbosa, Manoel, Marquinhos e Lucum\u00ed: Fluminense tem seis jogadores em final de contrato<\/a><\/li>\n<\/ul>\n\n\n\n<p>\u201cAcho que para o espectador \u00e9 algo bom. Voc\u00ea tem boas partidas, boas equipes que v\u00e3o se enfrentar. Para os jogadores, \u00e9 uma agenda que combina com as competi\u00e7\u00f5es internacionais, com a Sele\u00e7\u00e3o, com as viagens, com o calend\u00e1rio aqui na Europa e com o campeonato. N\u00f3s n\u00e3o somos especialistas em calend\u00e1rios, mas \u00e9 importante saber o que o jogador pensa. Estamos aqui para jogar e ganhar pontos\u201d, disse durante entrevista coletiva.<\/p>\n\n\n\n<p>Com isso, o Paris Saint-Germain estreia na Champions contra o Girona, no Parc des Princes, em Paris, na casa do clube franc\u00eas. Assim, o jogo ocorrer\u00e1 \u00e0s 16h (hor\u00e1rio de Bras\u00edlia) e ser\u00e1 nesta quarta-feira (18).<\/p>\n\n\n\n<h2 class=\"wp-block-heading\" id=\"h-qual-sera-o-novo-formato\">Qual ser\u00e1 o novo formato?<\/h2>\n\n\n\n<p>Antes, o campeonato contava com 32 times, mas agora s\u00e3o 36 equipes na disputa da Champions League.<\/p>\n\n\n\n<p>Os times s\u00e3o divididos em quatro grupos, cada um contendo oito equipes, que se enfrentam duas vezes, totalizando quatro jogos em casa e quatro fora.<\/p>\n\n\n\n<p>\u00c9 importante destacar que times da mesma cidade n\u00e3o podem se enfrentar, mas \u00e9 permitido que at\u00e9 tr\u00eas equipes do mesmo pa\u00eds estejam em cada grupo.<\/p>\n\n\n\n<p>Ap\u00f3s as oito rodadas, os oito melhores clubes avan\u00e7am diretamente para as oitavas de final. Apenas o primeiro de cada grupo garante a vaga automaticamente.<\/p>\n\n\n\n<p>As equipes que terminarem entre o 9\u00ba e o 24\u00ba lugar disputar\u00e3o um playoff para definir os outros oito classificados para as oitavas.<\/p>\n\n\n\n<p>Os times que terminarem entre o 25\u00ba e o 36\u00ba lugar ser\u00e3o eliminados imediatamente, sem a chance de disputar a Europa League, como ocorria at\u00e9 a temporada 2023\/24.<\/p>\n\n\n\n<p>A partir das oitavas de final, o formato de disputa segue o mesmo que os clubes est\u00e3o acostumados, com jogos de ida e volta at\u00e9 as semifinais.<\/p>\n\n\n\n<p>A final da Champions League continua sendo realizada em jogo \u00fanico, disputado em campo neutro.<\/p>\n\n\n\n<h2 class=\"wp-block-heading\" id=\"h-proximos-jogos-do-paris-saint-germain\">Pr\u00f3ximos jogos do Paris Saint-Germain <\/h2>\n\n\n\n<ul class=\"wp-block-list\">\n<li>Girona (em casa) &#8211; 18\/09, 16h (hor\u00e1rio de Bras\u00edlia) &#8211;&nbsp;Champions League<\/li>\n\n\n\n<li>Reims&nbsp;(fora de casa) &#8211; 21\/09, 16h (hor\u00e1rio de Bras\u00edlia) &#8211; Ligue 1<\/li>\n\n\n\n<li>Rennes (em casa) &#8211; 27\/09, 16h (hor\u00e1rio de Bras\u00edlia) &#8211;&nbsp;Ligue 1<\/li>\n<\/ul>\n","protected":false},"excerpt":{"rendered":"<p>O atual zagueiro titular do PSG e tamb\u00e9m da Sele\u00e7\u00e3o Brasileira, Marquinhos, elogiou o novo formato da Champions League que j\u00e1 come\u00e7a a ser colocada em pr\u00e1tica nesta ter\u00e7a-feira (17). \u201cAcho que para o espectador \u00e9 algo bom. Voc\u00ea tem boas partidas, boas equipes que v\u00e3o se enfrentar. Para os jogadores, \u00e9 uma agenda que [&hellip;]<\/p>\n","protected":false},"author":22,"featured_media":29580,"comment_status":"open","ping_status":"closed","sticky":false,"template":"","format":"standard","meta":{"footnotes":""},"categories":[102],"tags":[],"class_list":["post-167356","post","type-post","status-publish","format-standard","has-post-thumbnail","hentry","category-psg"],"yoast_head":"<!-- This site is optimized with the Yoast SEO Premium plugin v24.2 (Yoast SEO v26.9) - https:\/\/yoast.com\/product\/yoast-seo-premium-wordpress\/ -->\n<title>Marquinhos \u00e9 sincero ao falar sobre o novo calend\u00e1rio da Champions League<\/title>\n<meta name=\"robots\" content=\"index, follow, max-snippet:-1, max-image-preview:large, max-video-preview:-1\" \/>\n<link rel=\"canonical\" href=\"https:\/\/www.gaveanews.com\/index.php\/2024\/09\/18\/marquinhos-e-sincero-ao-falar-sobre-o-novo-calendario-da-champions-league\/\" \/>\n<meta property=\"og:locale\" content=\"pt_BR\" \/>\n<meta property=\"og:type\" content=\"article\" \/>\n<meta property=\"og:title\" content=\"Marquinhos \u00e9 sincero ao falar sobre o novo calend\u00e1rio da Champions League\" \/>\n<meta property=\"og:description\" content=\"O atual zagueiro titular do PSG e tamb\u00e9m da Sele\u00e7\u00e3o Brasileira, Marquinhos, elogiou o novo formato da Champions League que j\u00e1 come\u00e7a a ser colocada em pr\u00e1tica nesta ter\u00e7a-feira (17). \u201cAcho que para o espectador \u00e9 algo bom. Voc\u00ea tem boas partidas, boas equipes que v\u00e3o se enfrentar. Para os jogadores, \u00e9 uma agenda que [&hellip;]\" \/>\n<meta property=\"og:url\" content=\"https:\/\/www.gaveanews.com\/index.php\/2024\/09\/18\/marquinhos-e-sincero-ao-falar-sobre-o-novo-calendario-da-champions-league\/\" \/>\n<meta property=\"og:site_name\" content=\"G\u00e1vea News\" \/>\n<meta property=\"article:publisher\" content=\"https:\/\/facebook.com\/gaveaNews\/\" \/>\n<meta property=\"article:published_time\" content=\"2024-09-18T20:15:00+00:00\" \/>\n<meta property=\"og:image\" content=\"https:\/\/www.gaveanews.com\/wp-content\/uploads\/Marquinhos-durante-treinamento-do-Brasil.webp\" \/>\n\t<meta property=\"og:image:width\" content=\"910\" \/>\n\t<meta property=\"og:image:height\" content=\"607\" \/>\n\t<meta property=\"og:image:type\" content=\"image\/jpeg\" \/>\n<meta name=\"author\" content=\"Emilly Lima\" \/>\n<meta name=\"twitter:card\" content=\"summary_large_image\" \/>\n<meta name=\"twitter:label1\" content=\"Escrito por\" \/>\n\t<meta name=\"twitter:data1\" content=\"Emilly Lima\" \/>\n\t<meta name=\"twitter:label2\" content=\"Est. tempo de leitura\" \/>\n\t<meta name=\"twitter:data2\" content=\"3 minutos\" \/>\n<script type=\"application\/ld+json\" class=\"yoast-schema-graph\">{\"@context\":\"https:\/\/schema.org\",\"@graph\":[{\"@type\":\"NewsArticle\",\"@id\":\"https:\/\/www.gaveanews.com\/index.php\/2024\/09\/18\/marquinhos-e-sincero-ao-falar-sobre-o-novo-calendario-da-champions-league\/#article\",\"isPartOf\":{\"@id\":\"https:\/\/www.gaveanews.com\/index.php\/2024\/09\/18\/marquinhos-e-sincero-ao-falar-sobre-o-novo-calendario-da-champions-league\/\"},\"author\":{\"name\":\"Emilly Lima\",\"@id\":\"https:\/\/www.gaveanews.com\/#\/schema\/person\/8597dbe3f4d8513dd20048ce95a1895b\"},\"headline\":\"Marquinhos \u00e9 sincero ao falar sobre o novo calend\u00e1rio da Champions League\",\"datePublished\":\"2024-09-18T20:15:00+00:00\",\"mainEntityOfPage\":{\"@id\":\"https:\/\/www.gaveanews.com\/index.php\/2024\/09\/18\/marquinhos-e-sincero-ao-falar-sobre-o-novo-calendario-da-champions-league\/\"},\"wordCount\":427,\"commentCount\":0,\"image\":{\"@id\":\"https:\/\/www.gaveanews.com\/index.php\/2024\/09\/18\/marquinhos-e-sincero-ao-falar-sobre-o-novo-calendario-da-champions-league\/#primaryimage\"},\"thumbnailUrl\":\"https:\/\/www.gaveanews.com\/wp-content\/uploads\/Marquinhos-durante-treinamento-do-Brasil.webp\",\"articleSection\":[\"PSG\"],\"inLanguage\":\"pt-BR\",\"potentialAction\":[{\"@type\":\"CommentAction\",\"name\":\"Comment\",\"target\":[\"https:\/\/www.gaveanews.com\/index.php\/2024\/09\/18\/marquinhos-e-sincero-ao-falar-sobre-o-novo-calendario-da-champions-league\/#respond\"]}],\"copyrightYear\":\"2024\",\"copyrightHolder\":{\"@id\":\"https:\/\/www.gaveanews.com\/#organization\"}},{\"@type\":\"WebPage\",\"@id\":\"https:\/\/www.gaveanews.com\/index.php\/2024\/09\/18\/marquinhos-e-sincero-ao-falar-sobre-o-novo-calendario-da-champions-league\/\",\"url\":\"https:\/\/www.gaveanews.com\/index.php\/2024\/09\/18\/marquinhos-e-sincero-ao-falar-sobre-o-novo-calendario-da-champions-league\/\",\"name\":\"Marquinhos \u00e9 sincero ao falar sobre o novo calend\u00e1rio da Champions League\",\"isPartOf\":{\"@id\":\"https:\/\/www.gaveanews.com\/#website\"},\"primaryImageOfPage\":{\"@id\":\"https:\/\/www.gaveanews.com\/index.php\/2024\/09\/18\/marquinhos-e-sincero-ao-falar-sobre-o-novo-calendario-da-champions-league\/#primaryimage\"},\"image\":{\"@id\":\"https:\/\/www.gaveanews.com\/index.php\/2024\/09\/18\/marquinhos-e-sincero-ao-falar-sobre-o-novo-calendario-da-champions-league\/#primaryimage\"},\"thumbnailUrl\":\"https:\/\/www.gaveanews.com\/wp-content\/uploads\/Marquinhos-durante-treinamento-do-Brasil.webp\",\"datePublished\":\"2024-09-18T20:15:00+00:00\",\"author\":{\"@id\":\"https:\/\/www.gaveanews.com\/#\/schema\/person\/8597dbe3f4d8513dd20048ce95a1895b\"},\"breadcrumb\":{\"@id\":\"https:\/\/www.gaveanews.com\/index.php\/2024\/09\/18\/marquinhos-e-sincero-ao-falar-sobre-o-novo-calendario-da-champions-league\/#breadcrumb\"},\"inLanguage\":\"pt-BR\",\"potentialAction\":[{\"@type\":\"ReadAction\",\"target\":[\"https:\/\/www.gaveanews.com\/index.php\/2024\/09\/18\/marquinhos-e-sincero-ao-falar-sobre-o-novo-calendario-da-champions-league\/\"]}]},{\"@type\":\"ImageObject\",\"inLanguage\":\"pt-BR\",\"@id\":\"https:\/\/www.gaveanews.com\/index.php\/2024\/09\/18\/marquinhos-e-sincero-ao-falar-sobre-o-novo-calendario-da-champions-league\/#primaryimage\",\"url\":\"https:\/\/www.gaveanews.com\/wp-content\/uploads\/Marquinhos-durante-treinamento-do-Brasil.webp\",\"contentUrl\":\"https:\/\/www.gaveanews.com\/wp-content\/uploads\/Marquinhos-durante-treinamento-do-Brasil.webp\",\"width\":910,\"height\":607,\"caption\":\"Marquinhos durante treinamento do Brasil (Foto: Lucas Figueiredo\/CBF)\"},{\"@type\":\"BreadcrumbList\",\"@id\":\"https:\/\/www.gaveanews.com\/index.php\/2024\/09\/18\/marquinhos-e-sincero-ao-falar-sobre-o-novo-calendario-da-champions-league\/#breadcrumb\",\"itemListElement\":[{\"@type\":\"ListItem\",\"position\":1,\"name\":\"Home\",\"item\":\"https:\/\/www.gaveanews.com\/\"},{\"@type\":\"ListItem\",\"position\":2,\"name\":\"Marquinhos \u00e9 sincero ao falar sobre o novo calend\u00e1rio da Champions League\"}]},{\"@type\":\"WebSite\",\"@id\":\"https:\/\/www.gaveanews.com\/#website\",\"url\":\"https:\/\/www.gaveanews.com\/\",\"name\":\"G\u00e1vea News\",\"description\":\"Veja todas as not\u00edcias sobre o Flamengo: Contrata\u00e7\u00f5es, categorias de base, resultados das partidas, tabela de classifica\u00e7\u00e3o, pr\u00f3ximos jogos!\",\"potentialAction\":[{\"@type\":\"SearchAction\",\"target\":{\"@type\":\"EntryPoint\",\"urlTemplate\":\"https:\/\/www.gaveanews.com\/?s={search_term_string}\"},\"query-input\":{\"@type\":\"PropertyValueSpecification\",\"valueRequired\":true,\"valueName\":\"search_term_string\"}}],\"inLanguage\":\"pt-BR\"},{\"@type\":\"Person\",\"@id\":\"https:\/\/www.gaveanews.com\/#\/schema\/person\/8597dbe3f4d8513dd20048ce95a1895b\",\"name\":\"Emilly Lima\",\"image\":{\"@type\":\"ImageObject\",\"inLanguage\":\"pt-BR\",\"@id\":\"https:\/\/www.gaveanews.com\/#\/schema\/person\/image\/\",\"url\":\"https:\/\/secure.gravatar.com\/avatar\/ddb4d0548bae01de3cb52e0fe30386754e9c41797565aa0a5bf4440ab4f7c0be?s=96&d=mm&r=g\",\"contentUrl\":\"https:\/\/secure.gravatar.com\/avatar\/ddb4d0548bae01de3cb52e0fe30386754e9c41797565aa0a5bf4440ab4f7c0be?s=96&d=mm&r=g\",\"caption\":\"Emilly Lima\"}}]}<\/script>\n<!-- \/ Yoast SEO Premium plugin. -->","yoast_head_json":{"title":"Marquinhos \u00e9 sincero ao falar sobre o novo calend\u00e1rio da Champions League","robots":{"index":"index","follow":"follow","max-snippet":"max-snippet:-1","max-image-preview":"max-image-preview:large","max-video-preview":"max-video-preview:-1"},"canonical":"https:\/\/www.gaveanews.com\/index.php\/2024\/09\/18\/marquinhos-e-sincero-ao-falar-sobre-o-novo-calendario-da-champions-league\/","og_locale":"pt_BR","og_type":"article","og_title":"Marquinhos \u00e9 sincero ao falar sobre o novo calend\u00e1rio da Champions League","og_description":"O atual zagueiro titular do PSG e tamb\u00e9m da Sele\u00e7\u00e3o Brasileira, Marquinhos, elogiou o novo formato da Champions League que j\u00e1 come\u00e7a a ser colocada em pr\u00e1tica nesta ter\u00e7a-feira (17). \u201cAcho que para o espectador \u00e9 algo bom. Voc\u00ea tem boas partidas, boas equipes que v\u00e3o se enfrentar. Para os jogadores, \u00e9 uma agenda que [&hellip;]","og_url":"https:\/\/www.gaveanews.com\/index.php\/2024\/09\/18\/marquinhos-e-sincero-ao-falar-sobre-o-novo-calendario-da-champions-league\/","og_site_name":"G\u00e1vea News","article_publisher":"https:\/\/facebook.com\/gaveaNews\/","article_published_time":"2024-09-18T20:15:00+00:00","og_image":[{"width":910,"height":607,"url":"https:\/\/www.gaveanews.com\/wp-content\/uploads\/Marquinhos-durante-treinamento-do-Brasil.webp","type":"image\/jpeg"}],"author":"Emilly Lima","twitter_card":"summary_large_image","twitter_misc":{"Escrito por":"Emilly Lima","Est. tempo de leitura":"3 minutos"},"schema":{"@context":"https:\/\/schema.org","@graph":[{"@type":"NewsArticle","@id":"https:\/\/www.gaveanews.com\/index.php\/2024\/09\/18\/marquinhos-e-sincero-ao-falar-sobre-o-novo-calendario-da-champions-league\/#article","isPartOf":{"@id":"https:\/\/www.gaveanews.com\/index.php\/2024\/09\/18\/marquinhos-e-sincero-ao-falar-sobre-o-novo-calendario-da-champions-league\/"},"author":{"name":"Emilly Lima","@id":"https:\/\/www.gaveanews.com\/#\/schema\/person\/8597dbe3f4d8513dd20048ce95a1895b"},"headline":"Marquinhos \u00e9 sincero ao falar sobre o novo calend\u00e1rio da Champions League","datePublished":"2024-09-18T20:15:00+00:00","mainEntityOfPage":{"@id":"https:\/\/www.gaveanews.com\/index.php\/2024\/09\/18\/marquinhos-e-sincero-ao-falar-sobre-o-novo-calendario-da-champions-league\/"},"wordCount":427,"commentCount":0,"image":{"@id":"https:\/\/www.gaveanews.com\/index.php\/2024\/09\/18\/marquinhos-e-sincero-ao-falar-sobre-o-novo-calendario-da-champions-league\/#primaryimage"},"thumbnailUrl":"https:\/\/www.gaveanews.com\/wp-content\/uploads\/Marquinhos-durante-treinamento-do-Brasil.webp","articleSection":["PSG"],"inLanguage":"pt-BR","potentialAction":[{"@type":"CommentAction","name":"Comment","target":["https:\/\/www.gaveanews.com\/index.php\/2024\/09\/18\/marquinhos-e-sincero-ao-falar-sobre-o-novo-calendario-da-champions-league\/#respond"]}],"copyrightYear":"2024","copyrightHolder":{"@id":"https:\/\/www.gaveanews.com\/#organization"}},{"@type":"WebPage","@id":"https:\/\/www.gaveanews.com\/index.php\/2024\/09\/18\/marquinhos-e-sincero-ao-falar-sobre-o-novo-calendario-da-champions-league\/","url":"https:\/\/www.gaveanews.com\/index.php\/2024\/09\/18\/marquinhos-e-sincero-ao-falar-sobre-o-novo-calendario-da-champions-league\/","name":"Marquinhos \u00e9 sincero ao falar sobre o novo calend\u00e1rio da Champions League","isPartOf":{"@id":"https:\/\/www.gaveanews.com\/#website"},"primaryImageOfPage":{"@id":"https:\/\/www.gaveanews.com\/index.php\/2024\/09\/18\/marquinhos-e-sincero-ao-falar-sobre-o-novo-calendario-da-champions-league\/#primaryimage"},"image":{"@id":"https:\/\/www.gaveanews.com\/index.php\/2024\/09\/18\/marquinhos-e-sincero-ao-falar-sobre-o-novo-calendario-da-champions-league\/#primaryimage"},"thumbnailUrl":"https:\/\/www.gaveanews.com\/wp-content\/uploads\/Marquinhos-durante-treinamento-do-Brasil.webp","datePublished":"2024-09-18T20:15:00+00:00","author":{"@id":"https:\/\/www.gaveanews.com\/#\/schema\/person\/8597dbe3f4d8513dd20048ce95a1895b"},"breadcrumb":{"@id":"https:\/\/www.gaveanews.com\/index.php\/2024\/09\/18\/marquinhos-e-sincero-ao-falar-sobre-o-novo-calendario-da-champions-league\/#breadcrumb"},"inLanguage":"pt-BR","potentialAction":[{"@type":"ReadAction","target":["https:\/\/www.gaveanews.com\/index.php\/2024\/09\/18\/marquinhos-e-sincero-ao-falar-sobre-o-novo-calendario-da-champions-league\/"]}]},{"@type":"ImageObject","inLanguage":"pt-BR","@id":"https:\/\/www.gaveanews.com\/index.php\/2024\/09\/18\/marquinhos-e-sincero-ao-falar-sobre-o-novo-calendario-da-champions-league\/#primaryimage","url":"https:\/\/www.gaveanews.com\/wp-content\/uploads\/Marquinhos-durante-treinamento-do-Brasil.webp","contentUrl":"https:\/\/www.gaveanews.com\/wp-content\/uploads\/Marquinhos-durante-treinamento-do-Brasil.webp","width":910,"height":607,"caption":"Marquinhos durante treinamento do Brasil (Foto: Lucas Figueiredo\/CBF)"},{"@type":"BreadcrumbList","@id":"https:\/\/www.gaveanews.com\/index.php\/2024\/09\/18\/marquinhos-e-sincero-ao-falar-sobre-o-novo-calendario-da-champions-league\/#breadcrumb","itemListElement":[{"@type":"ListItem","position":1,"name":"Home","item":"https:\/\/www.gaveanews.com\/"},{"@type":"ListItem","position":2,"name":"Marquinhos \u00e9 sincero ao falar sobre o novo calend\u00e1rio da Champions League"}]},{"@type":"WebSite","@id":"https:\/\/www.gaveanews.com\/#website","url":"https:\/\/www.gaveanews.com\/","name":"G\u00e1vea News","description":"Veja todas as not\u00edcias sobre o Flamengo: Contrata\u00e7\u00f5es, categorias de base, resultados das partidas, tabela de classifica\u00e7\u00e3o, pr\u00f3ximos jogos!","potentialAction":[{"@type":"SearchAction","target":{"@type":"EntryPoint","urlTemplate":"https:\/\/www.gaveanews.com\/?s={search_term_string}"},"query-input":{"@type":"PropertyValueSpecification","valueRequired":true,"valueName":"search_term_string"}}],"inLanguage":"pt-BR"},{"@type":"Person","@id":"https:\/\/www.gaveanews.com\/#\/schema\/person\/8597dbe3f4d8513dd20048ce95a1895b","name":"Emilly Lima","image":{"@type":"ImageObject","inLanguage":"pt-BR","@id":"https:\/\/www.gaveanews.com\/#\/schema\/person\/image\/","url":"https:\/\/secure.gravatar.com\/avatar\/ddb4d0548bae01de3cb52e0fe30386754e9c41797565aa0a5bf4440ab4f7c0be?s=96&d=mm&r=g","contentUrl":"https:\/\/secure.gravatar.com\/avatar\/ddb4d0548bae01de3cb52e0fe30386754e9c41797565aa0a5bf4440ab4f7c0be?s=96&d=mm&r=g","caption":"Emilly Lima"}}]}},"_links":{"self":[{"href":"https:\/\/www.gaveanews.com\/index.php\/wp-json\/wp\/v2\/posts\/167356","targetHints":{"allow":["GET"]}}],"collection":[{"href":"https:\/\/www.gaveanews.com\/index.php\/wp-json\/wp\/v2\/posts"}],"about":[{"href":"https:\/\/www.gaveanews.com\/index.php\/wp-json\/wp\/v2\/types\/post"}],"author":[{"embeddable":true,"href":"https:\/\/www.gaveanews.com\/index.php\/wp-json\/wp\/v2\/users\/22"}],"replies":[{"embeddable":true,"href":"https:\/\/www.gaveanews.com\/index.php\/wp-json\/wp\/v2\/comments?post=167356"}],"version-history":[{"count":2,"href":"https:\/\/www.gaveanews.com\/index.php\/wp-json\/wp\/v2\/posts\/167356\/revisions"}],"predecessor-version":[{"id":167471,"href":"https:\/\/www.gaveanews.com\/index.php\/wp-json\/wp\/v2\/posts\/167356\/revisions\/167471"}],"wp:featuredmedia":[{"embeddable":true,"href":"https:\/\/www.gaveanews.com\/index.php\/wp-json\/wp\/v2\/media\/29580"}],"wp:attachment":[{"href":"https:\/\/www.gaveanews.com\/index.php\/wp-json\/wp\/v2\/media?parent=167356"}],"wp:term":[{"taxonomy":"category","embeddable":true,"href":"https:\/\/www.gaveanews.com\/index.php\/wp-json\/wp\/v2\/categories?post=167356"},{"taxonomy":"post_tag","embeddable":true,"href":"https:\/\/www.gaveanews.com\/index.php\/wp-json\/wp\/v2\/tags?post=167356"}],"curies":[{"name":"wp","href":"https:\/\/api.w.org\/{rel}","templated":true}]}}