{"id":167427,"date":"2024-09-18T16:00:00","date_gmt":"2024-09-18T19:00:00","guid":{"rendered":"https:\/\/www.gaveanews.com\/?p=167427"},"modified":"2024-09-18T13:31:51","modified_gmt":"2024-09-18T16:31:51","slug":"goleiro-bruno-e-flagrado-em-nova-profissao","status":"publish","type":"post","link":"https:\/\/www.gaveanews.com\/index.php\/2024\/09\/18\/goleiro-bruno-e-flagrado-em-nova-profissao\/","title":{"rendered":"Goleiro Bruno \u00e9 flagrado em nova profiss\u00e3o"},"content":{"rendered":"\n<p>Condenado pela morte da modelo Eliza Samudio, o ex-goleiro Bruno Fernandes, que j\u00e1 defendeu clubes como Flamengo, Atl\u00e9tico Mineiro e Corinthians, est\u00e1 em liberdade condicional desde janeiro de 2023. Durante esse per\u00edodo, o ex-jogador tem trabalhado em uma nova profiss\u00e3o, longe dos gramados. Ele foi flagrado desempenhando fun\u00e7\u00f5es em uma loja de m\u00f3veis localizada na Regi\u00e3o dos Lagos, no Rio de Janeiro, atuando principalmente nas cidades de Rio das Ostras, Cabo Frio e Maca\u00e9.<\/p>\n\n\n\n<ul class=\"wp-block-list\">\n<li><a href=\"https:\/\/www.gaveanews.com\/index.php\/2024\/09\/18\/a-declaracao-de-andre-hernan-direcionada-a-gerson-do-flamengo\/\">A declara\u00e7\u00e3o de Andr\u00e9 Hernan direcionada a Gerson, do Flamengo<\/a><\/li>\n\n\n\n<li><a href=\"https:\/\/www.gaveanews.com\/index.php\/2024\/09\/18\/landim-aponta-quando-pedro-vai-voltar-a-jogar-pelo-flamengo\/\">Landim aponta quando Pedro vai voltar a jogar pelo Flamengo<\/a><\/li>\n<\/ul>\n\n\n\n<p>Al\u00e9m de carregar e descarregar m\u00f3veis, Bruno tem utilizado suas redes sociais para divulgar os produtos da loja, funcionando como uma esp\u00e9cie de influenciador digital. Ele compartilha fotos e v\u00eddeos dos itens dispon\u00edveis no estabelecimento, ajudando na promo\u00e7\u00e3o do neg\u00f3cio.<\/p>\n\n\n\n<h2 class=\"wp-block-heading\" id=\"h-a-trajetoria-de-bruno-nos-gramados\">A trajet\u00f3ria de Bruno nos gramados<\/h2>\n\n\n\n<p>Bruno iniciou sua carreira nas categorias de base do Tombense, em Minas Gerais, no ano de 2001. Posteriormente, transferiu-se para o Atl\u00e9tico Mineiro, onde deu seus primeiros passos como profissional entre 2002 e 2004. Ap\u00f3s uma breve passagem pelo Corinthians em 2006, Bruno foi contratado pelo Flamengo, clube onde teve seu maior destaque.<\/p>\n\n\n\n<p>No Flamengo, o goleiro atuou entre 2006 e 2010, conquistando diversos t\u00edtulos importantes. O mais not\u00e1vel foi o Campeonato Brasileiro de 2009, quando Bruno foi pe\u00e7a fundamental na campanha vitoriosa do time rubro-negro. Na \u00e9poca, ele era considerado um dos melhores goleiros do Brasil.<\/p>\n\n\n\n<h2 class=\"wp-block-heading\" id=\"h-nova-realidade-e-o-futuro-de-bruno\">Nova realidade e o futuro de Bruno<\/h2>\n\n\n\n<p>Com a sua vida drasticamente alterada ap\u00f3s a condena\u00e7\u00e3o, Bruno tem se afastado do futebol profissional e buscado se reintegrar \u00e0 sociedade por meio de trabalhos que, embora distantes da fama dos gramados, oferecem uma nova chance de recome\u00e7o. <\/p>\n\n\n\n<p>Mesmo sem o glamour de antigamente, ele parece estar tentando encontrar seu caminho em uma realidade muito diferente da que vivia durante os tempos de gl\u00f3ria nos est\u00e1dios. Atualmente, sua atua\u00e7\u00e3o como divulgador dos produtos da loja de m\u00f3veis tem gerado curiosidade nas redes sociais e reacendido debates sobre sua figura p\u00fablica.<\/p>\n","protected":false},"excerpt":{"rendered":"<p>Condenado pela morte da modelo Eliza Samudio, o ex-goleiro Bruno Fernandes, que j\u00e1 defendeu clubes como Flamengo, Atl\u00e9tico Mineiro e Corinthians, est\u00e1 em liberdade condicional desde janeiro de 2023. Durante esse per\u00edodo, o ex-jogador tem trabalhado em uma nova profiss\u00e3o, longe dos gramados. Ele foi flagrado desempenhando fun\u00e7\u00f5es em uma loja de m\u00f3veis localizada na [&hellip;]<\/p>\n","protected":false},"author":24,"featured_media":167502,"comment_status":"open","ping_status":"closed","sticky":false,"template":"","format":"standard","meta":{"footnotes":""},"categories":[136,141,1],"tags":[],"class_list":["post-167427","post","type-post","status-publish","format-standard","has-post-thumbnail","hentry","category-atletico-mg","category-corinthians","category-flamengo"],"yoast_head":"<!-- This site is optimized with the Yoast SEO Premium plugin v24.2 (Yoast SEO v26.9) - https:\/\/yoast.com\/product\/yoast-seo-premium-wordpress\/ -->\n<title>Goleiro Bruno \u00e9 flagrado em nova profiss\u00e3o<\/title>\n<meta name=\"robots\" content=\"index, follow, max-snippet:-1, max-image-preview:large, max-video-preview:-1\" \/>\n<link rel=\"canonical\" href=\"https:\/\/www.gaveanews.com\/index.php\/2024\/09\/18\/goleiro-bruno-e-flagrado-em-nova-profissao\/\" \/>\n<meta property=\"og:locale\" content=\"pt_BR\" \/>\n<meta property=\"og:type\" content=\"article\" \/>\n<meta property=\"og:title\" content=\"Goleiro Bruno \u00e9 flagrado em nova profiss\u00e3o\" \/>\n<meta property=\"og:description\" content=\"Condenado pela morte da modelo Eliza Samudio, o ex-goleiro Bruno Fernandes, que j\u00e1 defendeu clubes como Flamengo, Atl\u00e9tico Mineiro e Corinthians, est\u00e1 em liberdade condicional desde janeiro de 2023. Durante esse per\u00edodo, o ex-jogador tem trabalhado em uma nova profiss\u00e3o, longe dos gramados. Ele foi flagrado desempenhando fun\u00e7\u00f5es em uma loja de m\u00f3veis localizada na [&hellip;]\" \/>\n<meta property=\"og:url\" content=\"https:\/\/www.gaveanews.com\/index.php\/2024\/09\/18\/goleiro-bruno-e-flagrado-em-nova-profissao\/\" \/>\n<meta property=\"og:site_name\" content=\"G\u00e1vea News\" \/>\n<meta property=\"article:publisher\" content=\"https:\/\/facebook.com\/gaveaNews\/\" \/>\n<meta property=\"article:published_time\" content=\"2024-09-18T19:00:00+00:00\" \/>\n<meta property=\"og:image\" content=\"https:\/\/www.gaveanews.com\/wp-content\/uploads\/Goleiro-Bruno-ex-jogador-do-Flamengo.webp\" \/>\n\t<meta property=\"og:image:width\" content=\"793\" \/>\n\t<meta property=\"og:image:height\" content=\"529\" \/>\n\t<meta property=\"og:image:type\" content=\"image\/webp\" \/>\n<meta name=\"author\" content=\"Leandro Cardoso\" \/>\n<meta name=\"twitter:card\" content=\"summary_large_image\" \/>\n<meta name=\"twitter:label1\" content=\"Escrito por\" \/>\n\t<meta name=\"twitter:data1\" content=\"Leandro Cardoso\" \/>\n\t<meta name=\"twitter:label2\" content=\"Est. tempo de leitura\" \/>\n\t<meta name=\"twitter:data2\" content=\"3 minutos\" \/>\n<script type=\"application\/ld+json\" class=\"yoast-schema-graph\">{\"@context\":\"https:\/\/schema.org\",\"@graph\":[{\"@type\":\"NewsArticle\",\"@id\":\"https:\/\/www.gaveanews.com\/index.php\/2024\/09\/18\/goleiro-bruno-e-flagrado-em-nova-profissao\/#article\",\"isPartOf\":{\"@id\":\"https:\/\/www.gaveanews.com\/index.php\/2024\/09\/18\/goleiro-bruno-e-flagrado-em-nova-profissao\/\"},\"author\":{\"name\":\"Leandro Cardoso\",\"@id\":\"https:\/\/www.gaveanews.com\/#\/schema\/person\/2424ec6409bc3f068411fc5e4e9b6168\"},\"headline\":\"Goleiro Bruno \u00e9 flagrado em nova profiss\u00e3o\",\"datePublished\":\"2024-09-18T19:00:00+00:00\",\"mainEntityOfPage\":{\"@id\":\"https:\/\/www.gaveanews.com\/index.php\/2024\/09\/18\/goleiro-bruno-e-flagrado-em-nova-profissao\/\"},\"wordCount\":361,\"commentCount\":0,\"image\":{\"@id\":\"https:\/\/www.gaveanews.com\/index.php\/2024\/09\/18\/goleiro-bruno-e-flagrado-em-nova-profissao\/#primaryimage\"},\"thumbnailUrl\":\"https:\/\/www.gaveanews.com\/wp-content\/uploads\/Goleiro-Bruno-ex-jogador-do-Flamengo.webp\",\"articleSection\":[\"Atl\u00e9tico-MG\",\"Corinthians\",\"Flamengo\"],\"inLanguage\":\"pt-BR\",\"potentialAction\":[{\"@type\":\"CommentAction\",\"name\":\"Comment\",\"target\":[\"https:\/\/www.gaveanews.com\/index.php\/2024\/09\/18\/goleiro-bruno-e-flagrado-em-nova-profissao\/#respond\"]}],\"copyrightYear\":\"2024\",\"copyrightHolder\":{\"@id\":\"https:\/\/www.gaveanews.com\/#organization\"}},{\"@type\":\"WebPage\",\"@id\":\"https:\/\/www.gaveanews.com\/index.php\/2024\/09\/18\/goleiro-bruno-e-flagrado-em-nova-profissao\/\",\"url\":\"https:\/\/www.gaveanews.com\/index.php\/2024\/09\/18\/goleiro-bruno-e-flagrado-em-nova-profissao\/\",\"name\":\"Goleiro Bruno \u00e9 flagrado em nova profiss\u00e3o\",\"isPartOf\":{\"@id\":\"https:\/\/www.gaveanews.com\/#website\"},\"primaryImageOfPage\":{\"@id\":\"https:\/\/www.gaveanews.com\/index.php\/2024\/09\/18\/goleiro-bruno-e-flagrado-em-nova-profissao\/#primaryimage\"},\"image\":{\"@id\":\"https:\/\/www.gaveanews.com\/index.php\/2024\/09\/18\/goleiro-bruno-e-flagrado-em-nova-profissao\/#primaryimage\"},\"thumbnailUrl\":\"https:\/\/www.gaveanews.com\/wp-content\/uploads\/Goleiro-Bruno-ex-jogador-do-Flamengo.webp\",\"datePublished\":\"2024-09-18T19:00:00+00:00\",\"author\":{\"@id\":\"https:\/\/www.gaveanews.com\/#\/schema\/person\/2424ec6409bc3f068411fc5e4e9b6168\"},\"breadcrumb\":{\"@id\":\"https:\/\/www.gaveanews.com\/index.php\/2024\/09\/18\/goleiro-bruno-e-flagrado-em-nova-profissao\/#breadcrumb\"},\"inLanguage\":\"pt-BR\",\"potentialAction\":[{\"@type\":\"ReadAction\",\"target\":[\"https:\/\/www.gaveanews.com\/index.php\/2024\/09\/18\/goleiro-bruno-e-flagrado-em-nova-profissao\/\"]}]},{\"@type\":\"ImageObject\",\"inLanguage\":\"pt-BR\",\"@id\":\"https:\/\/www.gaveanews.com\/index.php\/2024\/09\/18\/goleiro-bruno-e-flagrado-em-nova-profissao\/#primaryimage\",\"url\":\"https:\/\/www.gaveanews.com\/wp-content\/uploads\/Goleiro-Bruno-ex-jogador-do-Flamengo.webp\",\"contentUrl\":\"https:\/\/www.gaveanews.com\/wp-content\/uploads\/Goleiro-Bruno-ex-jogador-do-Flamengo.webp\",\"width\":793,\"height\":529,\"caption\":\"Goleiro Bruno, ex-jogador do Flamengo (Foto: Reprodu\u00e7\u00e3o\/Instagram)\"},{\"@type\":\"BreadcrumbList\",\"@id\":\"https:\/\/www.gaveanews.com\/index.php\/2024\/09\/18\/goleiro-bruno-e-flagrado-em-nova-profissao\/#breadcrumb\",\"itemListElement\":[{\"@type\":\"ListItem\",\"position\":1,\"name\":\"Home\",\"item\":\"https:\/\/www.gaveanews.com\/\"},{\"@type\":\"ListItem\",\"position\":2,\"name\":\"Goleiro Bruno \u00e9 flagrado em nova profiss\u00e3o\"}]},{\"@type\":\"WebSite\",\"@id\":\"https:\/\/www.gaveanews.com\/#website\",\"url\":\"https:\/\/www.gaveanews.com\/\",\"name\":\"G\u00e1vea News\",\"description\":\"Veja todas as not\u00edcias sobre o Flamengo: Contrata\u00e7\u00f5es, categorias de base, resultados das partidas, tabela de classifica\u00e7\u00e3o, pr\u00f3ximos jogos!\",\"potentialAction\":[{\"@type\":\"SearchAction\",\"target\":{\"@type\":\"EntryPoint\",\"urlTemplate\":\"https:\/\/www.gaveanews.com\/?s={search_term_string}\"},\"query-input\":{\"@type\":\"PropertyValueSpecification\",\"valueRequired\":true,\"valueName\":\"search_term_string\"}}],\"inLanguage\":\"pt-BR\"},{\"@type\":\"Person\",\"@id\":\"https:\/\/www.gaveanews.com\/#\/schema\/person\/2424ec6409bc3f068411fc5e4e9b6168\",\"name\":\"Leandro Cardoso\",\"image\":{\"@type\":\"ImageObject\",\"inLanguage\":\"pt-BR\",\"@id\":\"https:\/\/www.gaveanews.com\/#\/schema\/person\/image\/\",\"url\":\"https:\/\/secure.gravatar.com\/avatar\/8ca179f9b55eefe9f376f5493ef25475bfa59fbc28ce937f6076ce20e523098f?s=96&d=mm&r=g\",\"contentUrl\":\"https:\/\/secure.gravatar.com\/avatar\/8ca179f9b55eefe9f376f5493ef25475bfa59fbc28ce937f6076ce20e523098f?s=96&d=mm&r=g\",\"caption\":\"Leandro Cardoso\"}}]}<\/script>\n<!-- \/ Yoast SEO Premium plugin. -->","yoast_head_json":{"title":"Goleiro Bruno \u00e9 flagrado em nova profiss\u00e3o","robots":{"index":"index","follow":"follow","max-snippet":"max-snippet:-1","max-image-preview":"max-image-preview:large","max-video-preview":"max-video-preview:-1"},"canonical":"https:\/\/www.gaveanews.com\/index.php\/2024\/09\/18\/goleiro-bruno-e-flagrado-em-nova-profissao\/","og_locale":"pt_BR","og_type":"article","og_title":"Goleiro Bruno \u00e9 flagrado em nova profiss\u00e3o","og_description":"Condenado pela morte da modelo Eliza Samudio, o ex-goleiro Bruno Fernandes, que j\u00e1 defendeu clubes como Flamengo, Atl\u00e9tico Mineiro e Corinthians, est\u00e1 em liberdade condicional desde janeiro de 2023. Durante esse per\u00edodo, o ex-jogador tem trabalhado em uma nova profiss\u00e3o, longe dos gramados. Ele foi flagrado desempenhando fun\u00e7\u00f5es em uma loja de m\u00f3veis localizada na [&hellip;]","og_url":"https:\/\/www.gaveanews.com\/index.php\/2024\/09\/18\/goleiro-bruno-e-flagrado-em-nova-profissao\/","og_site_name":"G\u00e1vea News","article_publisher":"https:\/\/facebook.com\/gaveaNews\/","article_published_time":"2024-09-18T19:00:00+00:00","og_image":[{"width":793,"height":529,"url":"https:\/\/www.gaveanews.com\/wp-content\/uploads\/Goleiro-Bruno-ex-jogador-do-Flamengo.webp","type":"image\/webp"}],"author":"Leandro Cardoso","twitter_card":"summary_large_image","twitter_misc":{"Escrito por":"Leandro Cardoso","Est. tempo de leitura":"3 minutos"},"schema":{"@context":"https:\/\/schema.org","@graph":[{"@type":"NewsArticle","@id":"https:\/\/www.gaveanews.com\/index.php\/2024\/09\/18\/goleiro-bruno-e-flagrado-em-nova-profissao\/#article","isPartOf":{"@id":"https:\/\/www.gaveanews.com\/index.php\/2024\/09\/18\/goleiro-bruno-e-flagrado-em-nova-profissao\/"},"author":{"name":"Leandro Cardoso","@id":"https:\/\/www.gaveanews.com\/#\/schema\/person\/2424ec6409bc3f068411fc5e4e9b6168"},"headline":"Goleiro Bruno \u00e9 flagrado em nova profiss\u00e3o","datePublished":"2024-09-18T19:00:00+00:00","mainEntityOfPage":{"@id":"https:\/\/www.gaveanews.com\/index.php\/2024\/09\/18\/goleiro-bruno-e-flagrado-em-nova-profissao\/"},"wordCount":361,"commentCount":0,"image":{"@id":"https:\/\/www.gaveanews.com\/index.php\/2024\/09\/18\/goleiro-bruno-e-flagrado-em-nova-profissao\/#primaryimage"},"thumbnailUrl":"https:\/\/www.gaveanews.com\/wp-content\/uploads\/Goleiro-Bruno-ex-jogador-do-Flamengo.webp","articleSection":["Atl\u00e9tico-MG","Corinthians","Flamengo"],"inLanguage":"pt-BR","potentialAction":[{"@type":"CommentAction","name":"Comment","target":["https:\/\/www.gaveanews.com\/index.php\/2024\/09\/18\/goleiro-bruno-e-flagrado-em-nova-profissao\/#respond"]}],"copyrightYear":"2024","copyrightHolder":{"@id":"https:\/\/www.gaveanews.com\/#organization"}},{"@type":"WebPage","@id":"https:\/\/www.gaveanews.com\/index.php\/2024\/09\/18\/goleiro-bruno-e-flagrado-em-nova-profissao\/","url":"https:\/\/www.gaveanews.com\/index.php\/2024\/09\/18\/goleiro-bruno-e-flagrado-em-nova-profissao\/","name":"Goleiro Bruno \u00e9 flagrado em nova profiss\u00e3o","isPartOf":{"@id":"https:\/\/www.gaveanews.com\/#website"},"primaryImageOfPage":{"@id":"https:\/\/www.gaveanews.com\/index.php\/2024\/09\/18\/goleiro-bruno-e-flagrado-em-nova-profissao\/#primaryimage"},"image":{"@id":"https:\/\/www.gaveanews.com\/index.php\/2024\/09\/18\/goleiro-bruno-e-flagrado-em-nova-profissao\/#primaryimage"},"thumbnailUrl":"https:\/\/www.gaveanews.com\/wp-content\/uploads\/Goleiro-Bruno-ex-jogador-do-Flamengo.webp","datePublished":"2024-09-18T19:00:00+00:00","author":{"@id":"https:\/\/www.gaveanews.com\/#\/schema\/person\/2424ec6409bc3f068411fc5e4e9b6168"},"breadcrumb":{"@id":"https:\/\/www.gaveanews.com\/index.php\/2024\/09\/18\/goleiro-bruno-e-flagrado-em-nova-profissao\/#breadcrumb"},"inLanguage":"pt-BR","potentialAction":[{"@type":"ReadAction","target":["https:\/\/www.gaveanews.com\/index.php\/2024\/09\/18\/goleiro-bruno-e-flagrado-em-nova-profissao\/"]}]},{"@type":"ImageObject","inLanguage":"pt-BR","@id":"https:\/\/www.gaveanews.com\/index.php\/2024\/09\/18\/goleiro-bruno-e-flagrado-em-nova-profissao\/#primaryimage","url":"https:\/\/www.gaveanews.com\/wp-content\/uploads\/Goleiro-Bruno-ex-jogador-do-Flamengo.webp","contentUrl":"https:\/\/www.gaveanews.com\/wp-content\/uploads\/Goleiro-Bruno-ex-jogador-do-Flamengo.webp","width":793,"height":529,"caption":"Goleiro Bruno, ex-jogador do Flamengo (Foto: Reprodu\u00e7\u00e3o\/Instagram)"},{"@type":"BreadcrumbList","@id":"https:\/\/www.gaveanews.com\/index.php\/2024\/09\/18\/goleiro-bruno-e-flagrado-em-nova-profissao\/#breadcrumb","itemListElement":[{"@type":"ListItem","position":1,"name":"Home","item":"https:\/\/www.gaveanews.com\/"},{"@type":"ListItem","position":2,"name":"Goleiro Bruno \u00e9 flagrado em nova profiss\u00e3o"}]},{"@type":"WebSite","@id":"https:\/\/www.gaveanews.com\/#website","url":"https:\/\/www.gaveanews.com\/","name":"G\u00e1vea News","description":"Veja todas as not\u00edcias sobre o Flamengo: Contrata\u00e7\u00f5es, categorias de base, resultados das partidas, tabela de classifica\u00e7\u00e3o, pr\u00f3ximos jogos!","potentialAction":[{"@type":"SearchAction","target":{"@type":"EntryPoint","urlTemplate":"https:\/\/www.gaveanews.com\/?s={search_term_string}"},"query-input":{"@type":"PropertyValueSpecification","valueRequired":true,"valueName":"search_term_string"}}],"inLanguage":"pt-BR"},{"@type":"Person","@id":"https:\/\/www.gaveanews.com\/#\/schema\/person\/2424ec6409bc3f068411fc5e4e9b6168","name":"Leandro Cardoso","image":{"@type":"ImageObject","inLanguage":"pt-BR","@id":"https:\/\/www.gaveanews.com\/#\/schema\/person\/image\/","url":"https:\/\/secure.gravatar.com\/avatar\/8ca179f9b55eefe9f376f5493ef25475bfa59fbc28ce937f6076ce20e523098f?s=96&d=mm&r=g","contentUrl":"https:\/\/secure.gravatar.com\/avatar\/8ca179f9b55eefe9f376f5493ef25475bfa59fbc28ce937f6076ce20e523098f?s=96&d=mm&r=g","caption":"Leandro Cardoso"}}]}},"_links":{"self":[{"href":"https:\/\/www.gaveanews.com\/index.php\/wp-json\/wp\/v2\/posts\/167427","targetHints":{"allow":["GET"]}}],"collection":[{"href":"https:\/\/www.gaveanews.com\/index.php\/wp-json\/wp\/v2\/posts"}],"about":[{"href":"https:\/\/www.gaveanews.com\/index.php\/wp-json\/wp\/v2\/types\/post"}],"author":[{"embeddable":true,"href":"https:\/\/www.gaveanews.com\/index.php\/wp-json\/wp\/v2\/users\/24"}],"replies":[{"embeddable":true,"href":"https:\/\/www.gaveanews.com\/index.php\/wp-json\/wp\/v2\/comments?post=167427"}],"version-history":[{"count":1,"href":"https:\/\/www.gaveanews.com\/index.php\/wp-json\/wp\/v2\/posts\/167427\/revisions"}],"predecessor-version":[{"id":167428,"href":"https:\/\/www.gaveanews.com\/index.php\/wp-json\/wp\/v2\/posts\/167427\/revisions\/167428"}],"wp:featuredmedia":[{"embeddable":true,"href":"https:\/\/www.gaveanews.com\/index.php\/wp-json\/wp\/v2\/media\/167502"}],"wp:attachment":[{"href":"https:\/\/www.gaveanews.com\/index.php\/wp-json\/wp\/v2\/media?parent=167427"}],"wp:term":[{"taxonomy":"category","embeddable":true,"href":"https:\/\/www.gaveanews.com\/index.php\/wp-json\/wp\/v2\/categories?post=167427"},{"taxonomy":"post_tag","embeddable":true,"href":"https:\/\/www.gaveanews.com\/index.php\/wp-json\/wp\/v2\/tags?post=167427"}],"curies":[{"name":"wp","href":"https:\/\/api.w.org\/{rel}","templated":true}]}}