{"id":167516,"date":"2024-09-18T17:30:00","date_gmt":"2024-09-18T20:30:00","guid":{"rendered":"https:\/\/www.gaveanews.com\/?p=167516"},"modified":"2024-09-18T14:17:13","modified_gmt":"2024-09-18T17:17:13","slug":"landim-e-sincero-ao-falar-sobre-o-motivo-da-lesao-de-pedro","status":"publish","type":"post","link":"https:\/\/www.gaveanews.com\/index.php\/2024\/09\/18\/landim-e-sincero-ao-falar-sobre-o-motivo-da-lesao-de-pedro\/","title":{"rendered":"Landim \u00e9 sincero ao falar sobre o motivo da les\u00e3o de Pedro"},"content":{"rendered":"\n<h2 class=\"wp-block-heading\" id=\"h-pedro-so-volta-em-2025-apos-lesao\">Pedro s\u00f3 volta em 2025 ap\u00f3s les\u00e3o<\/h2>\n\n\n\n<p>Nesta ter\u00e7a-feira (17), Rodolfo Landim, presidente do Flamengo, afirmou que a carga de treinos aplicada \u00e0 Sele\u00e7\u00e3o Brasileira foi superior ao recomendado para o estado f\u00edsico de Pedro. Dessa forma, a les\u00e3o do atacante pode ter sido causada pelo excesso de treinamento da equipe brasileira.<\/p>\n\n\n\n<ul class=\"wp-block-list\">\n<li><a href=\"https:\/\/www.gaveanews.com\/index.php\/2024\/09\/18\/landim-aponta-quando-pedro-vai-voltar-a-jogar-pelo-flamengo\/\">Landim aponta quando Pedro vai voltar a jogar pelo Flamengo<\/a><\/li>\n\n\n\n<li><a href=\"https:\/\/www.gaveanews.com\/index.php\/2024\/09\/17\/pedro-everton-cebolinha-luiz-araujo-e-michael-tite-ve-o-flamengo-ficar-com-o-ataque-desfigurado\/\">Pedro, Everton Cebolinha, Luiz Ara\u00fajo e Michael: Tite v\u00ea o Flamengo ficar com o ataque desfigurado<br><\/a><\/li>\n<\/ul>\n\n\n\n<p><em>-A gente libera ele para a sele\u00e7\u00e3o, ele vai, tem um dia de recupera\u00e7\u00e3o, depois ficamos sabendo que a carga que foi aplicara para ele, foi equivalente a uma carga de 4 a 5km\/h, que \u00e9 considerada muito forte, para quando voc\u00eas est\u00e1 voltando de les\u00e3o. Tem tamb\u00e9m esse processo de transi\u00e7\u00e3o, quando voc\u00ea sai de um tipo de treinamento no seu clube e vai para a sele\u00e7\u00e3o. J\u00e1 observamos isso no passado, notadamente para a Sele\u00e7\u00e3o Uruguaia, disse Landim, antes de completar.<\/em><\/p>\n\n\n\n<p><em>-Eles eram submetidos a uma carga muito forte e quando voltavam estavam lesionados. \u00c9 dif\u00edcil de gerenciar esse processo porque voc\u00ea entrega o jogador para um outro tipo de prepara\u00e7\u00e3o. Essa gest\u00e3o da interface, por mais que tenhamos feito da melhor forma poss\u00edvel, passar o m\u00e1ximo de informa\u00e7\u00f5es, as vezes, pelo time de tratamento que \u00e9 dado ao jogador fora do clube, acaba levando eles \u00e0s les\u00f5es.<\/em><\/p>\n\n\n\n<figure class=\"wp-block-image size-full\"><img loading=\"lazy\" decoding=\"async\" width=\"800\" height=\"530\" src=\"https:\/\/www.gaveanews.com\/wp-content\/uploads\/Pedro-durante-treino-da-Selecao-Brasileira-no-CT-do-Caju.webp\" alt=\"\" class=\"wp-image-163744\" srcset=\"https:\/\/www.gaveanews.com\/wp-content\/uploads\/Pedro-durante-treino-da-Selecao-Brasileira-no-CT-do-Caju.webp 800w, https:\/\/www.gaveanews.com\/wp-content\/uploads\/Pedro-durante-treino-da-Selecao-Brasileira-no-CT-do-Caju-300x199.webp 300w, https:\/\/www.gaveanews.com\/wp-content\/uploads\/Pedro-durante-treino-da-Selecao-Brasileira-no-CT-do-Caju-768x509.webp 768w, https:\/\/www.gaveanews.com\/wp-content\/uploads\/Pedro-durante-treino-da-Selecao-Brasileira-no-CT-do-Caju-634x420.webp 634w, https:\/\/www.gaveanews.com\/wp-content\/uploads\/Pedro-durante-treino-da-Selecao-Brasileira-no-CT-do-Caju-640x424.webp 640w, https:\/\/www.gaveanews.com\/wp-content\/uploads\/Pedro-durante-treino-da-Selecao-Brasileira-no-CT-do-Caju-681x451.webp 681w, https:\/\/www.gaveanews.com\/wp-content\/uploads\/Pedro-durante-treino-da-Selecao-Brasileira-no-CT-do-Caju-100x66.webp 100w\" sizes=\"auto, (max-width: 800px) 100vw, 800px\" \/><figcaption class=\"wp-element-caption\">Pedro durante treino da Sele\u00e7\u00e3o Brasileira no CT do Caju\n\n(Foto: Rafael Ribeiro\/CBF)\n\n <\/figcaption><\/figure>\n\n\n\n<p>Landim tamb\u00e9m comentou sobre a postura do Flamengo em rela\u00e7\u00e3o \u00e0s competi\u00e7\u00f5es. Segundo ele, a equipe n\u00e3o deve optar por priorizar um torneio em particular, pois cada partida tem import\u00e2ncia para as metas do time.<\/p>\n\n\n\n<p><em>-A gente entra para disputar todas as competi\u00e7\u00f5es. \u00c9 para isso que temos feito grandes investimentos. Infelizmente sofremos uma s\u00e9rie de les\u00f5es, mas ainda assim conseguimos avan\u00e7ar em todas essas competi\u00e7\u00f5es\u2026 todo jogo \u00e9 fundamental, todo campeonato \u00e9 importante. N\u00e3o d\u00e1 pra escolher, tem que ir com for\u00e7a m\u00e1xima em tudo, falou o dirigente.<\/em><\/p>\n\n\n\n<p>O dirigente Rubro-Negro ainda respondeu a perguntas sobre uma poss\u00edvel data para o retorno do jogador e se Pedro estaria apto a jogar no Super Mundial de Clubes, programado para 2025.<\/p>\n\n\n\n<p><em>-Para esse posi\u00e7\u00e3o do Pedro, a gente tem dois camisas 9 cl\u00e1ssicos, vamos dizer assim, que seria o Carlinhos e o Gabriel, e ainda o Bruno Henrique tem sido utilizado nessa fun\u00e7\u00e3o. Com rela\u00e7\u00e3o a recupera\u00e7\u00e3o do Pedro, n\u00f3s vamos ter o \u2018Super Mundial\u2019, ele come\u00e7a no dia 15 de junho e vai at\u00e9 o dia 13 de julho. Cada jogador tem um tempo de recupera\u00e7\u00e3o distinto, mas, a cirurgia do Pedro ocorreu muito bem, o nosso departamento m\u00e9dico acha que o jogador j\u00e1 vai estar em condi\u00e7\u00f5es de plenas para poder disputar esse Super Mundial, revelou o presidente do Flamengo.<\/em><\/p>\n","protected":false},"excerpt":{"rendered":"<p>Landim \u00e9 sincero ao falar sobre o motivo da les\u00e3o de Pedro<\/p>\n","protected":false},"author":16,"featured_media":15077,"comment_status":"open","ping_status":"closed","sticky":false,"template":"","format":"standard","meta":{"footnotes":""},"categories":[1],"tags":[],"class_list":["post-167516","post","type-post","status-publish","format-standard","has-post-thumbnail","hentry","category-flamengo"],"yoast_head":"<!-- This site is optimized with the Yoast SEO Premium plugin v24.2 (Yoast SEO v26.9) - https:\/\/yoast.com\/product\/yoast-seo-premium-wordpress\/ -->\n<title>Landim \u00e9 sincero ao falar sobre o motivo da les\u00e3o de Pedro<\/title>\n<meta name=\"description\" content=\"Landim \u00e9 sincero ao falar sobre o motivo da les\u00e3o de Pedro\" \/>\n<meta name=\"robots\" content=\"index, follow, max-snippet:-1, max-image-preview:large, max-video-preview:-1\" \/>\n<link rel=\"canonical\" href=\"https:\/\/www.gaveanews.com\/index.php\/2024\/09\/18\/landim-e-sincero-ao-falar-sobre-o-motivo-da-lesao-de-pedro\/\" \/>\n<meta property=\"og:locale\" content=\"pt_BR\" \/>\n<meta property=\"og:type\" content=\"article\" \/>\n<meta property=\"og:title\" content=\"Landim \u00e9 sincero ao falar sobre o motivo da les\u00e3o de Pedro\" \/>\n<meta property=\"og:description\" content=\"Landim \u00e9 sincero ao falar sobre o motivo da les\u00e3o de Pedro\" \/>\n<meta property=\"og:url\" content=\"https:\/\/www.gaveanews.com\/index.php\/2024\/09\/18\/landim-e-sincero-ao-falar-sobre-o-motivo-da-lesao-de-pedro\/\" \/>\n<meta property=\"og:site_name\" content=\"G\u00e1vea News\" \/>\n<meta property=\"article:publisher\" content=\"https:\/\/facebook.com\/gaveaNews\/\" \/>\n<meta property=\"article:published_time\" content=\"2024-09-18T20:30:00+00:00\" \/>\n<meta property=\"og:image\" content=\"https:\/\/www.gaveanews.com\/wp-content\/uploads\/2019\/03\/Rodolfo-Landim-durante-entrevista-coletiva-na-Gavea.webp\" \/>\n\t<meta property=\"og:image:width\" content=\"1\" \/>\n\t<meta property=\"og:image:height\" content=\"1\" \/>\n\t<meta property=\"og:image:type\" content=\"image\/jpeg\" \/>\n<meta name=\"author\" content=\"D\u00e9bora Figueiredo\" \/>\n<meta name=\"twitter:card\" content=\"summary_large_image\" \/>\n<meta name=\"twitter:label1\" content=\"Escrito por\" \/>\n\t<meta name=\"twitter:data1\" content=\"D\u00e9bora Figueiredo\" \/>\n\t<meta name=\"twitter:label2\" content=\"Est. tempo de leitura\" \/>\n\t<meta name=\"twitter:data2\" content=\"3 minutos\" \/>\n<script type=\"application\/ld+json\" class=\"yoast-schema-graph\">{\"@context\":\"https:\/\/schema.org\",\"@graph\":[{\"@type\":\"NewsArticle\",\"@id\":\"https:\/\/www.gaveanews.com\/index.php\/2024\/09\/18\/landim-e-sincero-ao-falar-sobre-o-motivo-da-lesao-de-pedro\/#article\",\"isPartOf\":{\"@id\":\"https:\/\/www.gaveanews.com\/index.php\/2024\/09\/18\/landim-e-sincero-ao-falar-sobre-o-motivo-da-lesao-de-pedro\/\"},\"author\":{\"name\":\"D\u00e9bora Figueiredo\",\"@id\":\"https:\/\/www.gaveanews.com\/#\/schema\/person\/37122681a8575a5c8db05a56f099a5e4\"},\"headline\":\"Landim \u00e9 sincero ao falar sobre o motivo da les\u00e3o de Pedro\",\"datePublished\":\"2024-09-18T20:30:00+00:00\",\"mainEntityOfPage\":{\"@id\":\"https:\/\/www.gaveanews.com\/index.php\/2024\/09\/18\/landim-e-sincero-ao-falar-sobre-o-motivo-da-lesao-de-pedro\/\"},\"wordCount\":509,\"commentCount\":0,\"image\":{\"@id\":\"https:\/\/www.gaveanews.com\/index.php\/2024\/09\/18\/landim-e-sincero-ao-falar-sobre-o-motivo-da-lesao-de-pedro\/#primaryimage\"},\"thumbnailUrl\":\"https:\/\/www.gaveanews.com\/wp-content\/uploads\/2019\/03\/Rodolfo-Landim-durante-entrevista-coletiva-na-Gavea.webp\",\"articleSection\":[\"Flamengo\"],\"inLanguage\":\"pt-BR\",\"potentialAction\":[{\"@type\":\"CommentAction\",\"name\":\"Comment\",\"target\":[\"https:\/\/www.gaveanews.com\/index.php\/2024\/09\/18\/landim-e-sincero-ao-falar-sobre-o-motivo-da-lesao-de-pedro\/#respond\"]}],\"copyrightYear\":\"2024\",\"copyrightHolder\":{\"@id\":\"https:\/\/www.gaveanews.com\/#organization\"}},{\"@type\":\"WebPage\",\"@id\":\"https:\/\/www.gaveanews.com\/index.php\/2024\/09\/18\/landim-e-sincero-ao-falar-sobre-o-motivo-da-lesao-de-pedro\/\",\"url\":\"https:\/\/www.gaveanews.com\/index.php\/2024\/09\/18\/landim-e-sincero-ao-falar-sobre-o-motivo-da-lesao-de-pedro\/\",\"name\":\"Landim \u00e9 sincero ao falar sobre o motivo da les\u00e3o de Pedro\",\"isPartOf\":{\"@id\":\"https:\/\/www.gaveanews.com\/#website\"},\"primaryImageOfPage\":{\"@id\":\"https:\/\/www.gaveanews.com\/index.php\/2024\/09\/18\/landim-e-sincero-ao-falar-sobre-o-motivo-da-lesao-de-pedro\/#primaryimage\"},\"image\":{\"@id\":\"https:\/\/www.gaveanews.com\/index.php\/2024\/09\/18\/landim-e-sincero-ao-falar-sobre-o-motivo-da-lesao-de-pedro\/#primaryimage\"},\"thumbnailUrl\":\"https:\/\/www.gaveanews.com\/wp-content\/uploads\/2019\/03\/Rodolfo-Landim-durante-entrevista-coletiva-na-Gavea.webp\",\"datePublished\":\"2024-09-18T20:30:00+00:00\",\"author\":{\"@id\":\"https:\/\/www.gaveanews.com\/#\/schema\/person\/37122681a8575a5c8db05a56f099a5e4\"},\"description\":\"Landim \u00e9 sincero ao falar sobre o motivo da les\u00e3o de Pedro\",\"breadcrumb\":{\"@id\":\"https:\/\/www.gaveanews.com\/index.php\/2024\/09\/18\/landim-e-sincero-ao-falar-sobre-o-motivo-da-lesao-de-pedro\/#breadcrumb\"},\"inLanguage\":\"pt-BR\",\"potentialAction\":[{\"@type\":\"ReadAction\",\"target\":[\"https:\/\/www.gaveanews.com\/index.php\/2024\/09\/18\/landim-e-sincero-ao-falar-sobre-o-motivo-da-lesao-de-pedro\/\"]}]},{\"@type\":\"ImageObject\",\"inLanguage\":\"pt-BR\",\"@id\":\"https:\/\/www.gaveanews.com\/index.php\/2024\/09\/18\/landim-e-sincero-ao-falar-sobre-o-motivo-da-lesao-de-pedro\/#primaryimage\",\"url\":\"https:\/\/www.gaveanews.com\/wp-content\/uploads\/2019\/03\/Rodolfo-Landim-durante-entrevista-coletiva-na-Gavea.webp\",\"contentUrl\":\"https:\/\/www.gaveanews.com\/wp-content\/uploads\/2019\/03\/Rodolfo-Landim-durante-entrevista-coletiva-na-Gavea.webp\",\"width\":900,\"height\":599,\"caption\":\"Rodolfo Landim durante entrevista coletiva na G\u00e1vea (Foto: Ag\u00eancia Foto BR)\"},{\"@type\":\"BreadcrumbList\",\"@id\":\"https:\/\/www.gaveanews.com\/index.php\/2024\/09\/18\/landim-e-sincero-ao-falar-sobre-o-motivo-da-lesao-de-pedro\/#breadcrumb\",\"itemListElement\":[{\"@type\":\"ListItem\",\"position\":1,\"name\":\"Home\",\"item\":\"https:\/\/www.gaveanews.com\/\"},{\"@type\":\"ListItem\",\"position\":2,\"name\":\"Landim \u00e9 sincero ao falar sobre o motivo da les\u00e3o de Pedro\"}]},{\"@type\":\"WebSite\",\"@id\":\"https:\/\/www.gaveanews.com\/#website\",\"url\":\"https:\/\/www.gaveanews.com\/\",\"name\":\"G\u00e1vea News\",\"description\":\"Veja todas as not\u00edcias sobre o Flamengo: Contrata\u00e7\u00f5es, categorias de base, resultados das partidas, tabela de classifica\u00e7\u00e3o, pr\u00f3ximos jogos!\",\"potentialAction\":[{\"@type\":\"SearchAction\",\"target\":{\"@type\":\"EntryPoint\",\"urlTemplate\":\"https:\/\/www.gaveanews.com\/?s={search_term_string}\"},\"query-input\":{\"@type\":\"PropertyValueSpecification\",\"valueRequired\":true,\"valueName\":\"search_term_string\"}}],\"inLanguage\":\"pt-BR\"},{\"@type\":\"Person\",\"@id\":\"https:\/\/www.gaveanews.com\/#\/schema\/person\/37122681a8575a5c8db05a56f099a5e4\",\"name\":\"D\u00e9bora Figueiredo\",\"image\":{\"@type\":\"ImageObject\",\"inLanguage\":\"pt-BR\",\"@id\":\"https:\/\/www.gaveanews.com\/#\/schema\/person\/image\/\",\"url\":\"https:\/\/secure.gravatar.com\/avatar\/1f44802859351588499d26f52aed1d15796ce17e67602895b72837c08018868d?s=96&d=mm&r=g\",\"contentUrl\":\"https:\/\/secure.gravatar.com\/avatar\/1f44802859351588499d26f52aed1d15796ce17e67602895b72837c08018868d?s=96&d=mm&r=g\",\"caption\":\"D\u00e9bora Figueiredo\"}}]}<\/script>\n<!-- \/ Yoast SEO Premium plugin. -->","yoast_head_json":{"title":"Landim \u00e9 sincero ao falar sobre o motivo da les\u00e3o de Pedro","description":"Landim \u00e9 sincero ao falar sobre o motivo da les\u00e3o de Pedro","robots":{"index":"index","follow":"follow","max-snippet":"max-snippet:-1","max-image-preview":"max-image-preview:large","max-video-preview":"max-video-preview:-1"},"canonical":"https:\/\/www.gaveanews.com\/index.php\/2024\/09\/18\/landim-e-sincero-ao-falar-sobre-o-motivo-da-lesao-de-pedro\/","og_locale":"pt_BR","og_type":"article","og_title":"Landim \u00e9 sincero ao falar sobre o motivo da les\u00e3o de Pedro","og_description":"Landim \u00e9 sincero ao falar sobre o motivo da les\u00e3o de Pedro","og_url":"https:\/\/www.gaveanews.com\/index.php\/2024\/09\/18\/landim-e-sincero-ao-falar-sobre-o-motivo-da-lesao-de-pedro\/","og_site_name":"G\u00e1vea News","article_publisher":"https:\/\/facebook.com\/gaveaNews\/","article_published_time":"2024-09-18T20:30:00+00:00","og_image":[{"url":"https:\/\/www.gaveanews.com\/wp-content\/uploads\/2019\/03\/Rodolfo-Landim-durante-entrevista-coletiva-na-Gavea.webp","width":1,"height":1,"type":"image\/jpeg"}],"author":"D\u00e9bora Figueiredo","twitter_card":"summary_large_image","twitter_misc":{"Escrito por":"D\u00e9bora Figueiredo","Est. tempo de leitura":"3 minutos"},"schema":{"@context":"https:\/\/schema.org","@graph":[{"@type":"NewsArticle","@id":"https:\/\/www.gaveanews.com\/index.php\/2024\/09\/18\/landim-e-sincero-ao-falar-sobre-o-motivo-da-lesao-de-pedro\/#article","isPartOf":{"@id":"https:\/\/www.gaveanews.com\/index.php\/2024\/09\/18\/landim-e-sincero-ao-falar-sobre-o-motivo-da-lesao-de-pedro\/"},"author":{"name":"D\u00e9bora Figueiredo","@id":"https:\/\/www.gaveanews.com\/#\/schema\/person\/37122681a8575a5c8db05a56f099a5e4"},"headline":"Landim \u00e9 sincero ao falar sobre o motivo da les\u00e3o de Pedro","datePublished":"2024-09-18T20:30:00+00:00","mainEntityOfPage":{"@id":"https:\/\/www.gaveanews.com\/index.php\/2024\/09\/18\/landim-e-sincero-ao-falar-sobre-o-motivo-da-lesao-de-pedro\/"},"wordCount":509,"commentCount":0,"image":{"@id":"https:\/\/www.gaveanews.com\/index.php\/2024\/09\/18\/landim-e-sincero-ao-falar-sobre-o-motivo-da-lesao-de-pedro\/#primaryimage"},"thumbnailUrl":"https:\/\/www.gaveanews.com\/wp-content\/uploads\/2019\/03\/Rodolfo-Landim-durante-entrevista-coletiva-na-Gavea.webp","articleSection":["Flamengo"],"inLanguage":"pt-BR","potentialAction":[{"@type":"CommentAction","name":"Comment","target":["https:\/\/www.gaveanews.com\/index.php\/2024\/09\/18\/landim-e-sincero-ao-falar-sobre-o-motivo-da-lesao-de-pedro\/#respond"]}],"copyrightYear":"2024","copyrightHolder":{"@id":"https:\/\/www.gaveanews.com\/#organization"}},{"@type":"WebPage","@id":"https:\/\/www.gaveanews.com\/index.php\/2024\/09\/18\/landim-e-sincero-ao-falar-sobre-o-motivo-da-lesao-de-pedro\/","url":"https:\/\/www.gaveanews.com\/index.php\/2024\/09\/18\/landim-e-sincero-ao-falar-sobre-o-motivo-da-lesao-de-pedro\/","name":"Landim \u00e9 sincero ao falar sobre o motivo da les\u00e3o de Pedro","isPartOf":{"@id":"https:\/\/www.gaveanews.com\/#website"},"primaryImageOfPage":{"@id":"https:\/\/www.gaveanews.com\/index.php\/2024\/09\/18\/landim-e-sincero-ao-falar-sobre-o-motivo-da-lesao-de-pedro\/#primaryimage"},"image":{"@id":"https:\/\/www.gaveanews.com\/index.php\/2024\/09\/18\/landim-e-sincero-ao-falar-sobre-o-motivo-da-lesao-de-pedro\/#primaryimage"},"thumbnailUrl":"https:\/\/www.gaveanews.com\/wp-content\/uploads\/2019\/03\/Rodolfo-Landim-durante-entrevista-coletiva-na-Gavea.webp","datePublished":"2024-09-18T20:30:00+00:00","author":{"@id":"https:\/\/www.gaveanews.com\/#\/schema\/person\/37122681a8575a5c8db05a56f099a5e4"},"description":"Landim \u00e9 sincero ao falar sobre o motivo da les\u00e3o de Pedro","breadcrumb":{"@id":"https:\/\/www.gaveanews.com\/index.php\/2024\/09\/18\/landim-e-sincero-ao-falar-sobre-o-motivo-da-lesao-de-pedro\/#breadcrumb"},"inLanguage":"pt-BR","potentialAction":[{"@type":"ReadAction","target":["https:\/\/www.gaveanews.com\/index.php\/2024\/09\/18\/landim-e-sincero-ao-falar-sobre-o-motivo-da-lesao-de-pedro\/"]}]},{"@type":"ImageObject","inLanguage":"pt-BR","@id":"https:\/\/www.gaveanews.com\/index.php\/2024\/09\/18\/landim-e-sincero-ao-falar-sobre-o-motivo-da-lesao-de-pedro\/#primaryimage","url":"https:\/\/www.gaveanews.com\/wp-content\/uploads\/2019\/03\/Rodolfo-Landim-durante-entrevista-coletiva-na-Gavea.webp","contentUrl":"https:\/\/www.gaveanews.com\/wp-content\/uploads\/2019\/03\/Rodolfo-Landim-durante-entrevista-coletiva-na-Gavea.webp","width":900,"height":599,"caption":"Rodolfo Landim durante entrevista coletiva na G\u00e1vea (Foto: Ag\u00eancia Foto BR)"},{"@type":"BreadcrumbList","@id":"https:\/\/www.gaveanews.com\/index.php\/2024\/09\/18\/landim-e-sincero-ao-falar-sobre-o-motivo-da-lesao-de-pedro\/#breadcrumb","itemListElement":[{"@type":"ListItem","position":1,"name":"Home","item":"https:\/\/www.gaveanews.com\/"},{"@type":"ListItem","position":2,"name":"Landim \u00e9 sincero ao falar sobre o motivo da les\u00e3o de Pedro"}]},{"@type":"WebSite","@id":"https:\/\/www.gaveanews.com\/#website","url":"https:\/\/www.gaveanews.com\/","name":"G\u00e1vea News","description":"Veja todas as not\u00edcias sobre o Flamengo: Contrata\u00e7\u00f5es, categorias de base, resultados das partidas, tabela de classifica\u00e7\u00e3o, pr\u00f3ximos jogos!","potentialAction":[{"@type":"SearchAction","target":{"@type":"EntryPoint","urlTemplate":"https:\/\/www.gaveanews.com\/?s={search_term_string}"},"query-input":{"@type":"PropertyValueSpecification","valueRequired":true,"valueName":"search_term_string"}}],"inLanguage":"pt-BR"},{"@type":"Person","@id":"https:\/\/www.gaveanews.com\/#\/schema\/person\/37122681a8575a5c8db05a56f099a5e4","name":"D\u00e9bora Figueiredo","image":{"@type":"ImageObject","inLanguage":"pt-BR","@id":"https:\/\/www.gaveanews.com\/#\/schema\/person\/image\/","url":"https:\/\/secure.gravatar.com\/avatar\/1f44802859351588499d26f52aed1d15796ce17e67602895b72837c08018868d?s=96&d=mm&r=g","contentUrl":"https:\/\/secure.gravatar.com\/avatar\/1f44802859351588499d26f52aed1d15796ce17e67602895b72837c08018868d?s=96&d=mm&r=g","caption":"D\u00e9bora Figueiredo"}}]}},"_links":{"self":[{"href":"https:\/\/www.gaveanews.com\/index.php\/wp-json\/wp\/v2\/posts\/167516","targetHints":{"allow":["GET"]}}],"collection":[{"href":"https:\/\/www.gaveanews.com\/index.php\/wp-json\/wp\/v2\/posts"}],"about":[{"href":"https:\/\/www.gaveanews.com\/index.php\/wp-json\/wp\/v2\/types\/post"}],"author":[{"embeddable":true,"href":"https:\/\/www.gaveanews.com\/index.php\/wp-json\/wp\/v2\/users\/16"}],"replies":[{"embeddable":true,"href":"https:\/\/www.gaveanews.com\/index.php\/wp-json\/wp\/v2\/comments?post=167516"}],"version-history":[{"count":1,"href":"https:\/\/www.gaveanews.com\/index.php\/wp-json\/wp\/v2\/posts\/167516\/revisions"}],"predecessor-version":[{"id":167517,"href":"https:\/\/www.gaveanews.com\/index.php\/wp-json\/wp\/v2\/posts\/167516\/revisions\/167517"}],"wp:featuredmedia":[{"embeddable":true,"href":"https:\/\/www.gaveanews.com\/index.php\/wp-json\/wp\/v2\/media\/15077"}],"wp:attachment":[{"href":"https:\/\/www.gaveanews.com\/index.php\/wp-json\/wp\/v2\/media?parent=167516"}],"wp:term":[{"taxonomy":"category","embeddable":true,"href":"https:\/\/www.gaveanews.com\/index.php\/wp-json\/wp\/v2\/categories?post=167516"},{"taxonomy":"post_tag","embeddable":true,"href":"https:\/\/www.gaveanews.com\/index.php\/wp-json\/wp\/v2\/tags?post=167516"}],"curies":[{"name":"wp","href":"https:\/\/api.w.org\/{rel}","templated":true}]}}