{"id":167614,"date":"2024-09-19T06:30:00","date_gmt":"2024-09-19T09:30:00","guid":{"rendered":"https:\/\/www.gaveanews.com\/?p=167614"},"modified":"2024-09-19T01:07:20","modified_gmt":"2024-09-19T04:07:20","slug":"flamengo-ja-sabe-quanto-vai-receber-na-cbf-por-conta-de-pedro","status":"publish","type":"post","link":"https:\/\/www.gaveanews.com\/index.php\/2024\/09\/19\/flamengo-ja-sabe-quanto-vai-receber-na-cbf-por-conta-de-pedro\/","title":{"rendered":"Flamengo j\u00e1 sabe quanto vai receber na CBF por conta de Pedro"},"content":{"rendered":"\n<p>Pedro, atacante do Flamengo, se encontrava em uma fase admir\u00e1vel nesta temporada. Como artilheiro do Meng\u00e3o e da Sele\u00e7\u00e3o, com o total de 30 gols em 43 partidas e a artilharia do Brasil garantida.<\/p>\n\n\n\n<ul class=\"wp-block-list\">\n<li><a href=\"https:\/\/www.gaveanews.com\/index.php\/2024\/09\/18\/ex-jogadoras-vencem-processo-milionario-contra-o-flamengo\/\">Ex-jogadoras vencem processo milion\u00e1rio contra o Flamengo<\/a><\/li>\n\n\n\n<li><a href=\"https:\/\/www.gaveanews.com\/index.php\/2024\/09\/18\/atitude-de-tite-irrita-gabigol-do-flamengo\/\">Atitude de Tite irrita Gabigol, do Flamengo<\/a><\/li>\n<\/ul>\n\n\n\n<p>Por\u00e9m, durante treino da Sele\u00e7\u00e3o Brasileira, o jogador se machucou e infelizmente n\u00e3o atua mais em 2024. Sendo assim, por ter se lesionado \u00e0 servi\u00e7o da CBF, Confedera\u00e7\u00e3o Brasileira de Futebol, a entidade ter\u00e1 que pagar ao Meng\u00e3o o valor correspondente a quase um sal\u00e1rio do atleta.<\/p>\n\n\n\n<p>Para que voc\u00ea entenda, a Confedera\u00e7\u00e3o Brasileira de Futebol \u00e9 respons\u00e1vel por arcar com qualquer preju\u00edzo do clube durante os primeiros os 28 dias da contus\u00e3o do atleta. Lembrando que, a les\u00e3o de Pedro aconteceu no dia 04 de setembro, h\u00e1 duas semanas atr\u00e1s.<\/p>\n\n\n\n<p>Sendo assim, o clube carioca dever\u00e1 cerca de R$ 1,1 milh\u00e3o mensais.<\/p>\n\n\n\n<h2 class=\"wp-block-heading\" id=\"h-flamendo-acionou-a-fifa\">Flamendo acionou a Fifa<\/h2>\n\n\n\n<p>Al\u00e9m da CBF, o Flamengo ir\u00e1 acionar tamb\u00e9m a FIFA, Federa\u00e7\u00e3o Internacional de Futebol Associado para conseguir tamb\u00e9m uma indeniza\u00e7\u00e3o ao clube pela les\u00e3o de Pedro que acabou prejudicando o clube carioca.<\/p>\n\n\n\n<p>Isso porque, a entidade m\u00e1xima do futebol mundial possui o Programa de Prote\u00e7\u00e3o dos Clubes. Com isso, as equipes recebem o valor proporcional anual do sal\u00e1rio do atleta que foi machucado na sele\u00e7\u00e3o.<\/p>\n\n\n\n<p>Contudo, h\u00e1 o limite no valor que o clube receber\u00e1, que \u00e9 de R$ 46,77 milh\u00f5es por ano e uma dura\u00e7\u00e3o m\u00e1xima de somente 365 dias. Diariamente, o teto \u00e9 de cerca de R$ 127 mil. Al\u00e9m disso, o Flamengo tem 28 dias para formalizar o pedido e garantir a compensa\u00e7\u00e3o pelo per\u00edodo em que Pedro ficar\u00e1 fora dos gramados para o clube.<\/p>\n\n\n\n<h2 class=\"wp-block-heading\" id=\"h-lesao-de-pedro\">Les\u00e3o de Pedro<\/h2>\n\n\n\n<p>Durante treino da Sele\u00e7\u00e3o Brasileira, no dia 04 de setembro deste ano, o jogador Pedro se machucou em um lance sozinho. Com isso foi confirmada que o atacante teve o rompimento do ligamento cruzado anterior do joelho esquerdo.<\/p>\n\n\n\n<p>Assim, o prazo para recupera\u00e7\u00e3o de les\u00f5es desse tipo \u00e9 de nove a 12 meses. Sendo assim, o artilheiro do Flamengo s\u00f3 retorna aos gramados em 2025.<\/p>\n\n\n\n<h2 class=\"wp-block-heading\">Pr\u00f3ximos jogos do Flamengo<\/h2>\n\n\n\n<ul class=\"wp-block-list\">\n<li>Pe\u00f1arol\u00a0(em casa): 19\/9, 19h (hor\u00e1rio de Bras\u00edlia) &#8211;\u00a0Libertadores<\/li>\n\n\n\n<li>Gr\u00eamio&nbsp;(fora de casa): 22\/9, 18h30 (hor\u00e1rio de Bras\u00edlia) &#8211; Brasileir\u00e3o<\/li>\n\n\n\n<li>Pe\u00f1arol\u00a0(fora de casa): 26\/09, 19h (hor\u00e1rio de Bras\u00edlia) &#8211;\u00a0Libertadores<\/li>\n<\/ul>\n","protected":false},"excerpt":{"rendered":"<p>Pedro, atacante do Flamengo, se encontrava em uma fase admir\u00e1vel nesta temporada. Como artilheiro do Meng\u00e3o e da Sele\u00e7\u00e3o, com o total de 30 gols em 43 partidas e a artilharia do Brasil garantida. Por\u00e9m, durante treino da Sele\u00e7\u00e3o Brasileira, o jogador se machucou e infelizmente n\u00e3o atua mais em 2024. Sendo assim, por ter [&hellip;]<\/p>\n","protected":false},"author":22,"featured_media":96447,"comment_status":"open","ping_status":"closed","sticky":false,"template":"","format":"standard","meta":{"footnotes":""},"categories":[1],"tags":[],"class_list":["post-167614","post","type-post","status-publish","format-standard","has-post-thumbnail","hentry","category-flamengo"],"yoast_head":"<!-- This site is optimized with the Yoast SEO Premium plugin v24.2 (Yoast SEO v26.9) - https:\/\/yoast.com\/product\/yoast-seo-premium-wordpress\/ -->\n<title>Flamengo j\u00e1 sabe quanto vai receber na CBF por conta de Pedro<\/title>\n<meta name=\"robots\" content=\"index, follow, max-snippet:-1, max-image-preview:large, max-video-preview:-1\" \/>\n<link rel=\"canonical\" href=\"https:\/\/www.gaveanews.com\/index.php\/2024\/09\/19\/flamengo-ja-sabe-quanto-vai-receber-na-cbf-por-conta-de-pedro\/\" \/>\n<meta property=\"og:locale\" content=\"pt_BR\" \/>\n<meta property=\"og:type\" content=\"article\" \/>\n<meta property=\"og:title\" content=\"Flamengo j\u00e1 sabe quanto vai receber na CBF por conta de Pedro\" \/>\n<meta property=\"og:description\" content=\"Pedro, atacante do Flamengo, se encontrava em uma fase admir\u00e1vel nesta temporada. Como artilheiro do Meng\u00e3o e da Sele\u00e7\u00e3o, com o total de 30 gols em 43 partidas e a artilharia do Brasil garantida. Por\u00e9m, durante treino da Sele\u00e7\u00e3o Brasileira, o jogador se machucou e infelizmente n\u00e3o atua mais em 2024. Sendo assim, por ter [&hellip;]\" \/>\n<meta property=\"og:url\" content=\"https:\/\/www.gaveanews.com\/index.php\/2024\/09\/19\/flamengo-ja-sabe-quanto-vai-receber-na-cbf-por-conta-de-pedro\/\" \/>\n<meta property=\"og:site_name\" content=\"G\u00e1vea News\" \/>\n<meta property=\"article:publisher\" content=\"https:\/\/facebook.com\/gaveaNews\/\" \/>\n<meta property=\"article:published_time\" content=\"2024-09-19T09:30:00+00:00\" \/>\n<meta property=\"og:image\" content=\"https:\/\/www.gaveanews.com\/wp-content\/uploads\/Pedro-exibe-o-escudo-do-Flamengo-apos-marcar-um-gol-pelo-time-carioca.webp\" \/>\n\t<meta property=\"og:image:width\" content=\"1080\" \/>\n\t<meta property=\"og:image:height\" content=\"1350\" \/>\n\t<meta property=\"og:image:type\" content=\"image\/jpeg\" \/>\n<meta name=\"author\" content=\"Emilly Lima\" \/>\n<meta name=\"twitter:card\" content=\"summary_large_image\" \/>\n<meta name=\"twitter:label1\" content=\"Escrito por\" \/>\n\t<meta name=\"twitter:data1\" content=\"Emilly Lima\" \/>\n\t<meta name=\"twitter:label2\" content=\"Est. tempo de leitura\" \/>\n\t<meta name=\"twitter:data2\" content=\"3 minutos\" \/>\n<script type=\"application\/ld+json\" class=\"yoast-schema-graph\">{\"@context\":\"https:\/\/schema.org\",\"@graph\":[{\"@type\":\"NewsArticle\",\"@id\":\"https:\/\/www.gaveanews.com\/index.php\/2024\/09\/19\/flamengo-ja-sabe-quanto-vai-receber-na-cbf-por-conta-de-pedro\/#article\",\"isPartOf\":{\"@id\":\"https:\/\/www.gaveanews.com\/index.php\/2024\/09\/19\/flamengo-ja-sabe-quanto-vai-receber-na-cbf-por-conta-de-pedro\/\"},\"author\":{\"name\":\"Emilly Lima\",\"@id\":\"https:\/\/www.gaveanews.com\/#\/schema\/person\/8597dbe3f4d8513dd20048ce95a1895b\"},\"headline\":\"Flamengo j\u00e1 sabe quanto vai receber na CBF por conta de Pedro\",\"datePublished\":\"2024-09-19T09:30:00+00:00\",\"mainEntityOfPage\":{\"@id\":\"https:\/\/www.gaveanews.com\/index.php\/2024\/09\/19\/flamengo-ja-sabe-quanto-vai-receber-na-cbf-por-conta-de-pedro\/\"},\"wordCount\":428,\"commentCount\":0,\"image\":{\"@id\":\"https:\/\/www.gaveanews.com\/index.php\/2024\/09\/19\/flamengo-ja-sabe-quanto-vai-receber-na-cbf-por-conta-de-pedro\/#primaryimage\"},\"thumbnailUrl\":\"https:\/\/www.gaveanews.com\/wp-content\/uploads\/Pedro-exibe-o-escudo-do-Flamengo-apos-marcar-um-gol-pelo-time-carioca.webp\",\"articleSection\":[\"Flamengo\"],\"inLanguage\":\"pt-BR\",\"potentialAction\":[{\"@type\":\"CommentAction\",\"name\":\"Comment\",\"target\":[\"https:\/\/www.gaveanews.com\/index.php\/2024\/09\/19\/flamengo-ja-sabe-quanto-vai-receber-na-cbf-por-conta-de-pedro\/#respond\"]}],\"copyrightYear\":\"2024\",\"copyrightHolder\":{\"@id\":\"https:\/\/www.gaveanews.com\/#organization\"}},{\"@type\":\"WebPage\",\"@id\":\"https:\/\/www.gaveanews.com\/index.php\/2024\/09\/19\/flamengo-ja-sabe-quanto-vai-receber-na-cbf-por-conta-de-pedro\/\",\"url\":\"https:\/\/www.gaveanews.com\/index.php\/2024\/09\/19\/flamengo-ja-sabe-quanto-vai-receber-na-cbf-por-conta-de-pedro\/\",\"name\":\"Flamengo j\u00e1 sabe quanto vai receber na CBF por conta de Pedro\",\"isPartOf\":{\"@id\":\"https:\/\/www.gaveanews.com\/#website\"},\"primaryImageOfPage\":{\"@id\":\"https:\/\/www.gaveanews.com\/index.php\/2024\/09\/19\/flamengo-ja-sabe-quanto-vai-receber-na-cbf-por-conta-de-pedro\/#primaryimage\"},\"image\":{\"@id\":\"https:\/\/www.gaveanews.com\/index.php\/2024\/09\/19\/flamengo-ja-sabe-quanto-vai-receber-na-cbf-por-conta-de-pedro\/#primaryimage\"},\"thumbnailUrl\":\"https:\/\/www.gaveanews.com\/wp-content\/uploads\/Pedro-exibe-o-escudo-do-Flamengo-apos-marcar-um-gol-pelo-time-carioca.webp\",\"datePublished\":\"2024-09-19T09:30:00+00:00\",\"author\":{\"@id\":\"https:\/\/www.gaveanews.com\/#\/schema\/person\/8597dbe3f4d8513dd20048ce95a1895b\"},\"breadcrumb\":{\"@id\":\"https:\/\/www.gaveanews.com\/index.php\/2024\/09\/19\/flamengo-ja-sabe-quanto-vai-receber-na-cbf-por-conta-de-pedro\/#breadcrumb\"},\"inLanguage\":\"pt-BR\",\"potentialAction\":[{\"@type\":\"ReadAction\",\"target\":[\"https:\/\/www.gaveanews.com\/index.php\/2024\/09\/19\/flamengo-ja-sabe-quanto-vai-receber-na-cbf-por-conta-de-pedro\/\"]}]},{\"@type\":\"ImageObject\",\"inLanguage\":\"pt-BR\",\"@id\":\"https:\/\/www.gaveanews.com\/index.php\/2024\/09\/19\/flamengo-ja-sabe-quanto-vai-receber-na-cbf-por-conta-de-pedro\/#primaryimage\",\"url\":\"https:\/\/www.gaveanews.com\/wp-content\/uploads\/Pedro-exibe-o-escudo-do-Flamengo-apos-marcar-um-gol-pelo-time-carioca.webp\",\"contentUrl\":\"https:\/\/www.gaveanews.com\/wp-content\/uploads\/Pedro-exibe-o-escudo-do-Flamengo-apos-marcar-um-gol-pelo-time-carioca.webp\",\"width\":1080,\"height\":1350,\"caption\":\"Pedro exibe o escudo do Flamengo ap\u00f3s marcar um gol pelo time carioca (Foto: Reprodu\u00e7\u00e3o\/Instagram)\"},{\"@type\":\"BreadcrumbList\",\"@id\":\"https:\/\/www.gaveanews.com\/index.php\/2024\/09\/19\/flamengo-ja-sabe-quanto-vai-receber-na-cbf-por-conta-de-pedro\/#breadcrumb\",\"itemListElement\":[{\"@type\":\"ListItem\",\"position\":1,\"name\":\"Home\",\"item\":\"https:\/\/www.gaveanews.com\/\"},{\"@type\":\"ListItem\",\"position\":2,\"name\":\"Flamengo j\u00e1 sabe quanto vai receber na CBF por conta de Pedro\"}]},{\"@type\":\"WebSite\",\"@id\":\"https:\/\/www.gaveanews.com\/#website\",\"url\":\"https:\/\/www.gaveanews.com\/\",\"name\":\"G\u00e1vea News\",\"description\":\"Veja todas as not\u00edcias sobre o Flamengo: Contrata\u00e7\u00f5es, categorias de base, resultados das partidas, tabela de classifica\u00e7\u00e3o, pr\u00f3ximos jogos!\",\"potentialAction\":[{\"@type\":\"SearchAction\",\"target\":{\"@type\":\"EntryPoint\",\"urlTemplate\":\"https:\/\/www.gaveanews.com\/?s={search_term_string}\"},\"query-input\":{\"@type\":\"PropertyValueSpecification\",\"valueRequired\":true,\"valueName\":\"search_term_string\"}}],\"inLanguage\":\"pt-BR\"},{\"@type\":\"Person\",\"@id\":\"https:\/\/www.gaveanews.com\/#\/schema\/person\/8597dbe3f4d8513dd20048ce95a1895b\",\"name\":\"Emilly Lima\",\"image\":{\"@type\":\"ImageObject\",\"inLanguage\":\"pt-BR\",\"@id\":\"https:\/\/www.gaveanews.com\/#\/schema\/person\/image\/\",\"url\":\"https:\/\/secure.gravatar.com\/avatar\/ddb4d0548bae01de3cb52e0fe30386754e9c41797565aa0a5bf4440ab4f7c0be?s=96&d=mm&r=g\",\"contentUrl\":\"https:\/\/secure.gravatar.com\/avatar\/ddb4d0548bae01de3cb52e0fe30386754e9c41797565aa0a5bf4440ab4f7c0be?s=96&d=mm&r=g\",\"caption\":\"Emilly Lima\"}}]}<\/script>\n<!-- \/ Yoast SEO Premium plugin. -->","yoast_head_json":{"title":"Flamengo j\u00e1 sabe quanto vai receber na CBF por conta de Pedro","robots":{"index":"index","follow":"follow","max-snippet":"max-snippet:-1","max-image-preview":"max-image-preview:large","max-video-preview":"max-video-preview:-1"},"canonical":"https:\/\/www.gaveanews.com\/index.php\/2024\/09\/19\/flamengo-ja-sabe-quanto-vai-receber-na-cbf-por-conta-de-pedro\/","og_locale":"pt_BR","og_type":"article","og_title":"Flamengo j\u00e1 sabe quanto vai receber na CBF por conta de Pedro","og_description":"Pedro, atacante do Flamengo, se encontrava em uma fase admir\u00e1vel nesta temporada. Como artilheiro do Meng\u00e3o e da Sele\u00e7\u00e3o, com o total de 30 gols em 43 partidas e a artilharia do Brasil garantida. Por\u00e9m, durante treino da Sele\u00e7\u00e3o Brasileira, o jogador se machucou e infelizmente n\u00e3o atua mais em 2024. Sendo assim, por ter [&hellip;]","og_url":"https:\/\/www.gaveanews.com\/index.php\/2024\/09\/19\/flamengo-ja-sabe-quanto-vai-receber-na-cbf-por-conta-de-pedro\/","og_site_name":"G\u00e1vea News","article_publisher":"https:\/\/facebook.com\/gaveaNews\/","article_published_time":"2024-09-19T09:30:00+00:00","og_image":[{"width":1080,"height":1350,"url":"https:\/\/www.gaveanews.com\/wp-content\/uploads\/Pedro-exibe-o-escudo-do-Flamengo-apos-marcar-um-gol-pelo-time-carioca.webp","type":"image\/jpeg"}],"author":"Emilly Lima","twitter_card":"summary_large_image","twitter_misc":{"Escrito por":"Emilly Lima","Est. tempo de leitura":"3 minutos"},"schema":{"@context":"https:\/\/schema.org","@graph":[{"@type":"NewsArticle","@id":"https:\/\/www.gaveanews.com\/index.php\/2024\/09\/19\/flamengo-ja-sabe-quanto-vai-receber-na-cbf-por-conta-de-pedro\/#article","isPartOf":{"@id":"https:\/\/www.gaveanews.com\/index.php\/2024\/09\/19\/flamengo-ja-sabe-quanto-vai-receber-na-cbf-por-conta-de-pedro\/"},"author":{"name":"Emilly Lima","@id":"https:\/\/www.gaveanews.com\/#\/schema\/person\/8597dbe3f4d8513dd20048ce95a1895b"},"headline":"Flamengo j\u00e1 sabe quanto vai receber na CBF por conta de Pedro","datePublished":"2024-09-19T09:30:00+00:00","mainEntityOfPage":{"@id":"https:\/\/www.gaveanews.com\/index.php\/2024\/09\/19\/flamengo-ja-sabe-quanto-vai-receber-na-cbf-por-conta-de-pedro\/"},"wordCount":428,"commentCount":0,"image":{"@id":"https:\/\/www.gaveanews.com\/index.php\/2024\/09\/19\/flamengo-ja-sabe-quanto-vai-receber-na-cbf-por-conta-de-pedro\/#primaryimage"},"thumbnailUrl":"https:\/\/www.gaveanews.com\/wp-content\/uploads\/Pedro-exibe-o-escudo-do-Flamengo-apos-marcar-um-gol-pelo-time-carioca.webp","articleSection":["Flamengo"],"inLanguage":"pt-BR","potentialAction":[{"@type":"CommentAction","name":"Comment","target":["https:\/\/www.gaveanews.com\/index.php\/2024\/09\/19\/flamengo-ja-sabe-quanto-vai-receber-na-cbf-por-conta-de-pedro\/#respond"]}],"copyrightYear":"2024","copyrightHolder":{"@id":"https:\/\/www.gaveanews.com\/#organization"}},{"@type":"WebPage","@id":"https:\/\/www.gaveanews.com\/index.php\/2024\/09\/19\/flamengo-ja-sabe-quanto-vai-receber-na-cbf-por-conta-de-pedro\/","url":"https:\/\/www.gaveanews.com\/index.php\/2024\/09\/19\/flamengo-ja-sabe-quanto-vai-receber-na-cbf-por-conta-de-pedro\/","name":"Flamengo j\u00e1 sabe quanto vai receber na CBF por conta de Pedro","isPartOf":{"@id":"https:\/\/www.gaveanews.com\/#website"},"primaryImageOfPage":{"@id":"https:\/\/www.gaveanews.com\/index.php\/2024\/09\/19\/flamengo-ja-sabe-quanto-vai-receber-na-cbf-por-conta-de-pedro\/#primaryimage"},"image":{"@id":"https:\/\/www.gaveanews.com\/index.php\/2024\/09\/19\/flamengo-ja-sabe-quanto-vai-receber-na-cbf-por-conta-de-pedro\/#primaryimage"},"thumbnailUrl":"https:\/\/www.gaveanews.com\/wp-content\/uploads\/Pedro-exibe-o-escudo-do-Flamengo-apos-marcar-um-gol-pelo-time-carioca.webp","datePublished":"2024-09-19T09:30:00+00:00","author":{"@id":"https:\/\/www.gaveanews.com\/#\/schema\/person\/8597dbe3f4d8513dd20048ce95a1895b"},"breadcrumb":{"@id":"https:\/\/www.gaveanews.com\/index.php\/2024\/09\/19\/flamengo-ja-sabe-quanto-vai-receber-na-cbf-por-conta-de-pedro\/#breadcrumb"},"inLanguage":"pt-BR","potentialAction":[{"@type":"ReadAction","target":["https:\/\/www.gaveanews.com\/index.php\/2024\/09\/19\/flamengo-ja-sabe-quanto-vai-receber-na-cbf-por-conta-de-pedro\/"]}]},{"@type":"ImageObject","inLanguage":"pt-BR","@id":"https:\/\/www.gaveanews.com\/index.php\/2024\/09\/19\/flamengo-ja-sabe-quanto-vai-receber-na-cbf-por-conta-de-pedro\/#primaryimage","url":"https:\/\/www.gaveanews.com\/wp-content\/uploads\/Pedro-exibe-o-escudo-do-Flamengo-apos-marcar-um-gol-pelo-time-carioca.webp","contentUrl":"https:\/\/www.gaveanews.com\/wp-content\/uploads\/Pedro-exibe-o-escudo-do-Flamengo-apos-marcar-um-gol-pelo-time-carioca.webp","width":1080,"height":1350,"caption":"Pedro exibe o escudo do Flamengo ap\u00f3s marcar um gol pelo time carioca (Foto: Reprodu\u00e7\u00e3o\/Instagram)"},{"@type":"BreadcrumbList","@id":"https:\/\/www.gaveanews.com\/index.php\/2024\/09\/19\/flamengo-ja-sabe-quanto-vai-receber-na-cbf-por-conta-de-pedro\/#breadcrumb","itemListElement":[{"@type":"ListItem","position":1,"name":"Home","item":"https:\/\/www.gaveanews.com\/"},{"@type":"ListItem","position":2,"name":"Flamengo j\u00e1 sabe quanto vai receber na CBF por conta de Pedro"}]},{"@type":"WebSite","@id":"https:\/\/www.gaveanews.com\/#website","url":"https:\/\/www.gaveanews.com\/","name":"G\u00e1vea News","description":"Veja todas as not\u00edcias sobre o Flamengo: Contrata\u00e7\u00f5es, categorias de base, resultados das partidas, tabela de classifica\u00e7\u00e3o, pr\u00f3ximos jogos!","potentialAction":[{"@type":"SearchAction","target":{"@type":"EntryPoint","urlTemplate":"https:\/\/www.gaveanews.com\/?s={search_term_string}"},"query-input":{"@type":"PropertyValueSpecification","valueRequired":true,"valueName":"search_term_string"}}],"inLanguage":"pt-BR"},{"@type":"Person","@id":"https:\/\/www.gaveanews.com\/#\/schema\/person\/8597dbe3f4d8513dd20048ce95a1895b","name":"Emilly Lima","image":{"@type":"ImageObject","inLanguage":"pt-BR","@id":"https:\/\/www.gaveanews.com\/#\/schema\/person\/image\/","url":"https:\/\/secure.gravatar.com\/avatar\/ddb4d0548bae01de3cb52e0fe30386754e9c41797565aa0a5bf4440ab4f7c0be?s=96&d=mm&r=g","contentUrl":"https:\/\/secure.gravatar.com\/avatar\/ddb4d0548bae01de3cb52e0fe30386754e9c41797565aa0a5bf4440ab4f7c0be?s=96&d=mm&r=g","caption":"Emilly Lima"}}]}},"_links":{"self":[{"href":"https:\/\/www.gaveanews.com\/index.php\/wp-json\/wp\/v2\/posts\/167614","targetHints":{"allow":["GET"]}}],"collection":[{"href":"https:\/\/www.gaveanews.com\/index.php\/wp-json\/wp\/v2\/posts"}],"about":[{"href":"https:\/\/www.gaveanews.com\/index.php\/wp-json\/wp\/v2\/types\/post"}],"author":[{"embeddable":true,"href":"https:\/\/www.gaveanews.com\/index.php\/wp-json\/wp\/v2\/users\/22"}],"replies":[{"embeddable":true,"href":"https:\/\/www.gaveanews.com\/index.php\/wp-json\/wp\/v2\/comments?post=167614"}],"version-history":[{"count":2,"href":"https:\/\/www.gaveanews.com\/index.php\/wp-json\/wp\/v2\/posts\/167614\/revisions"}],"predecessor-version":[{"id":167705,"href":"https:\/\/www.gaveanews.com\/index.php\/wp-json\/wp\/v2\/posts\/167614\/revisions\/167705"}],"wp:featuredmedia":[{"embeddable":true,"href":"https:\/\/www.gaveanews.com\/index.php\/wp-json\/wp\/v2\/media\/96447"}],"wp:attachment":[{"href":"https:\/\/www.gaveanews.com\/index.php\/wp-json\/wp\/v2\/media?parent=167614"}],"wp:term":[{"taxonomy":"category","embeddable":true,"href":"https:\/\/www.gaveanews.com\/index.php\/wp-json\/wp\/v2\/categories?post=167614"},{"taxonomy":"post_tag","embeddable":true,"href":"https:\/\/www.gaveanews.com\/index.php\/wp-json\/wp\/v2\/tags?post=167614"}],"curies":[{"name":"wp","href":"https:\/\/api.w.org\/{rel}","templated":true}]}}