{"id":167786,"date":"2024-09-19T17:17:40","date_gmt":"2024-09-19T20:17:40","guid":{"rendered":"https:\/\/www.gaveanews.com\/?p=167786"},"modified":"2024-09-19T17:17:41","modified_gmt":"2024-09-19T20:17:41","slug":"a-declaracao-de-arana-direcionada-ao-time-do-fluminense","status":"publish","type":"post","link":"https:\/\/www.gaveanews.com\/index.php\/2024\/09\/19\/a-declaracao-de-arana-direcionada-ao-time-do-fluminense\/","title":{"rendered":"A declara\u00e7\u00e3o de Arana direcionada ao time do Fluminense"},"content":{"rendered":"\n<p>Ap\u00f3s a derrota por 1 a 0 para o Fluminense, na \u00faltima quarta-feira (18\/9), no Maracan\u00e3, o lateral-esquerdo Guilherme Arana se mostrou confiante na possibilidade de o Atl\u00e9tico-MG reverter o resultado no confronto de volta das quartas de final da Copa Libertadores. Mesmo reconhecendo a for\u00e7a do advers\u00e1rio, o jogador destacou que o time tem condi\u00e7\u00f5es de buscar a classifica\u00e7\u00e3o para as semifinais do torneio.<\/p>\n\n\n\n<ul class=\"wp-block-list\">\n<li><strong><a href=\"https:\/\/www.gaveanews.com\/index.php\/2024\/09\/17\/comentarista-aponta-injustica-praticada-por-milito-no-atletico-mg\/?utm_source=terra_capa_parceiros&amp;utm_medium=referral\">Comentarista aponta injusti\u00e7a praticada por Milito no Atl\u00e9tico-MG<\/a><\/strong><\/li>\n\n\n\n<li><strong><a href=\"https:\/\/www.gaveanews.com\/index.php\/2024\/09\/17\/a-declaracao-de-lyanco-apos-a-derrota-do-atletico-mg\/?utm_source=terra_capa_parceiros&amp;utm_medium=referral\">A declara\u00e7\u00e3o de Lyanco ap\u00f3s a derrota do Atl\u00e9tico-MG<\/a><\/strong><\/li>\n<\/ul>\n\n\n\n<p>Em entrevista concedida \u00e0 Paramount, Arana exaltou o n\u00edvel da equipe carioca, atual campe\u00e3 da Libertadores, mas projetou um segundo jogo bastante disputado na Arena MRV. &#8220;\u00daltimo campe\u00e3o da Libertadores n\u00e3o \u00e9 \u00e0 toa. Tem uma equipe com muita qualidade. Jogando com o apoio da sua torcida tamb\u00e9m, tem uma press\u00e3o a mais. Eles t\u00eam que impor o ritmo deles ainda mais&#8221;, comentou o lateral, reconhecendo a dificuldade enfrentada no Maracan\u00e3.<\/p>\n\n\n\n<p>O segundo duelo entre Atl\u00e9tico e Fluminense est\u00e1 marcado para a pr\u00f3xima quarta-feira (25\/9), \u00e0s 19h, em Belo Horizonte. Arana acredita que, com o apoio da torcida, o Galo tem totais condi\u00e7\u00f5es de virar o placar e avan\u00e7ar no torneio continental. &#8220;Mas est\u00e1 em aberto ainda. Acredito que temos totais condi\u00e7\u00f5es de reverter esse placar. A nossa torcida vai estar do nosso lado. Assim como nos apoiou hoje, tenho certeza que na pr\u00f3xima semana v\u00e3o estar l\u00e1 nos apoiando e nos ajudando a buscar o resultado e a classifica\u00e7\u00e3o&#8221;, destacou.<\/p>\n\n\n\n<p>Arana \u00e9 um dos principais nomes do Atl\u00e9tico na temporada e tem sido pe\u00e7a-chave no esquema de Gabriel Milito. Em 2024, o lateral-esquerdo j\u00e1 marcou quatro gols e deu oito assist\u00eancias em 39 partidas, n\u00fameros que comprovam sua import\u00e2ncia tanto no setor defensivo quanto ofensivo da equipe.<\/p>\n\n\n\n<p>A derrota para o Fluminense deixou o Atl\u00e9tico em uma situa\u00e7\u00e3o complicada na Libertadores. Agora, o time alvinegro precisar\u00e1 vencer por dois gols de diferen\u00e7a no confronto de volta para garantir a vaga nas semifinais. Uma vit\u00f3ria por um gol leva a decis\u00e3o para os p\u00eanaltis, e qualquer outro resultado classifica o time carioca.<\/p>\n\n\n\n<p>Apesar do momento delicado, o Atl\u00e9tico-MG tem se mostrado forte jogando em casa. A equipe conta com o apoio da massa alvinegra na Arena MRV para tentar buscar a virada e manter o sonho do bicampeonato da Libertadores vivo. Na competi\u00e7\u00e3o, o Galo j\u00e1 superou desafios anteriores, e Arana acredita que a for\u00e7a do elenco e o apoio da torcida ser\u00e3o determinantes para mais uma virada hist\u00f3rica.<\/p>\n","protected":false},"excerpt":{"rendered":"<p>Ap\u00f3s a derrota por 1 a 0 para o Fluminense, na \u00faltima quarta-feira (18\/9), no Maracan\u00e3, o lateral-esquerdo Guilherme Arana se mostrou confiante na possibilidade de o Atl\u00e9tico-MG reverter o resultado no confronto de volta das quartas de final da Copa Libertadores. Mesmo reconhecendo a for\u00e7a do advers\u00e1rio, o jogador destacou que o time tem [&hellip;]<\/p>\n","protected":false},"author":23,"featured_media":157221,"comment_status":"open","ping_status":"closed","sticky":false,"template":"","format":"standard","meta":{"footnotes":""},"categories":[136],"tags":[],"class_list":["post-167786","post","type-post","status-publish","format-standard","has-post-thumbnail","hentry","category-atletico-mg"],"yoast_head":"<!-- This site is optimized with the Yoast SEO Premium plugin v24.2 (Yoast SEO v26.9) - https:\/\/yoast.com\/product\/yoast-seo-premium-wordpress\/ -->\n<title>A declara\u00e7\u00e3o de Arana direcionada ao time do Fluminense<\/title>\n<meta name=\"robots\" content=\"index, follow, max-snippet:-1, max-image-preview:large, max-video-preview:-1\" \/>\n<link rel=\"canonical\" href=\"https:\/\/www.gaveanews.com\/index.php\/2024\/09\/19\/a-declaracao-de-arana-direcionada-ao-time-do-fluminense\/\" \/>\n<meta property=\"og:locale\" content=\"pt_BR\" \/>\n<meta property=\"og:type\" content=\"article\" \/>\n<meta property=\"og:title\" content=\"A declara\u00e7\u00e3o de Arana direcionada ao time do Fluminense\" \/>\n<meta property=\"og:description\" content=\"Ap\u00f3s a derrota por 1 a 0 para o Fluminense, na \u00faltima quarta-feira (18\/9), no Maracan\u00e3, o lateral-esquerdo Guilherme Arana se mostrou confiante na possibilidade de o Atl\u00e9tico-MG reverter o resultado no confronto de volta das quartas de final da Copa Libertadores. Mesmo reconhecendo a for\u00e7a do advers\u00e1rio, o jogador destacou que o time tem [&hellip;]\" \/>\n<meta property=\"og:url\" content=\"https:\/\/www.gaveanews.com\/index.php\/2024\/09\/19\/a-declaracao-de-arana-direcionada-ao-time-do-fluminense\/\" \/>\n<meta property=\"og:site_name\" content=\"G\u00e1vea News\" \/>\n<meta property=\"article:publisher\" content=\"https:\/\/facebook.com\/gaveaNews\/\" \/>\n<meta property=\"article:published_time\" content=\"2024-09-19T20:17:40+00:00\" \/>\n<meta property=\"article:modified_time\" content=\"2024-09-19T20:17:41+00:00\" \/>\n<meta property=\"og:image\" content=\"https:\/\/www.gaveanews.com\/wp-content\/uploads\/Guilherme-Arana-em-acao-pelo-Atletico-MG-diante-do-America-no-Brasileirao-2023.webp\" \/>\n\t<meta property=\"og:image:width\" content=\"799\" \/>\n\t<meta property=\"og:image:height\" content=\"533\" \/>\n\t<meta property=\"og:image:type\" content=\"image\/jpeg\" \/>\n<meta name=\"author\" content=\"Leandro Azevedo\" \/>\n<meta name=\"twitter:card\" content=\"summary_large_image\" \/>\n<meta name=\"twitter:label1\" content=\"Escrito por\" \/>\n\t<meta name=\"twitter:data1\" content=\"Leandro Azevedo\" \/>\n\t<meta name=\"twitter:label2\" content=\"Est. tempo de leitura\" \/>\n\t<meta name=\"twitter:data2\" content=\"3 minutos\" \/>\n<script type=\"application\/ld+json\" class=\"yoast-schema-graph\">{\"@context\":\"https:\/\/schema.org\",\"@graph\":[{\"@type\":\"NewsArticle\",\"@id\":\"https:\/\/www.gaveanews.com\/index.php\/2024\/09\/19\/a-declaracao-de-arana-direcionada-ao-time-do-fluminense\/#article\",\"isPartOf\":{\"@id\":\"https:\/\/www.gaveanews.com\/index.php\/2024\/09\/19\/a-declaracao-de-arana-direcionada-ao-time-do-fluminense\/\"},\"author\":{\"name\":\"Leandro Azevedo\",\"@id\":\"https:\/\/www.gaveanews.com\/#\/schema\/person\/2877169f354c4596cf5aab74ea7c56a8\"},\"headline\":\"A declara\u00e7\u00e3o de Arana direcionada ao time do Fluminense\",\"datePublished\":\"2024-09-19T20:17:40+00:00\",\"dateModified\":\"2024-09-19T20:17:41+00:00\",\"mainEntityOfPage\":{\"@id\":\"https:\/\/www.gaveanews.com\/index.php\/2024\/09\/19\/a-declaracao-de-arana-direcionada-ao-time-do-fluminense\/\"},\"wordCount\":452,\"commentCount\":0,\"image\":{\"@id\":\"https:\/\/www.gaveanews.com\/index.php\/2024\/09\/19\/a-declaracao-de-arana-direcionada-ao-time-do-fluminense\/#primaryimage\"},\"thumbnailUrl\":\"https:\/\/www.gaveanews.com\/wp-content\/uploads\/Guilherme-Arana-em-acao-pelo-Atletico-MG-diante-do-America-no-Brasileirao-2023.webp\",\"articleSection\":[\"Atl\u00e9tico-MG\"],\"inLanguage\":\"pt-BR\",\"potentialAction\":[{\"@type\":\"CommentAction\",\"name\":\"Comment\",\"target\":[\"https:\/\/www.gaveanews.com\/index.php\/2024\/09\/19\/a-declaracao-de-arana-direcionada-ao-time-do-fluminense\/#respond\"]}],\"copyrightYear\":\"2024\",\"copyrightHolder\":{\"@id\":\"https:\/\/www.gaveanews.com\/#organization\"}},{\"@type\":\"WebPage\",\"@id\":\"https:\/\/www.gaveanews.com\/index.php\/2024\/09\/19\/a-declaracao-de-arana-direcionada-ao-time-do-fluminense\/\",\"url\":\"https:\/\/www.gaveanews.com\/index.php\/2024\/09\/19\/a-declaracao-de-arana-direcionada-ao-time-do-fluminense\/\",\"name\":\"A declara\u00e7\u00e3o de Arana direcionada ao time do Fluminense\",\"isPartOf\":{\"@id\":\"https:\/\/www.gaveanews.com\/#website\"},\"primaryImageOfPage\":{\"@id\":\"https:\/\/www.gaveanews.com\/index.php\/2024\/09\/19\/a-declaracao-de-arana-direcionada-ao-time-do-fluminense\/#primaryimage\"},\"image\":{\"@id\":\"https:\/\/www.gaveanews.com\/index.php\/2024\/09\/19\/a-declaracao-de-arana-direcionada-ao-time-do-fluminense\/#primaryimage\"},\"thumbnailUrl\":\"https:\/\/www.gaveanews.com\/wp-content\/uploads\/Guilherme-Arana-em-acao-pelo-Atletico-MG-diante-do-America-no-Brasileirao-2023.webp\",\"datePublished\":\"2024-09-19T20:17:40+00:00\",\"dateModified\":\"2024-09-19T20:17:41+00:00\",\"author\":{\"@id\":\"https:\/\/www.gaveanews.com\/#\/schema\/person\/2877169f354c4596cf5aab74ea7c56a8\"},\"breadcrumb\":{\"@id\":\"https:\/\/www.gaveanews.com\/index.php\/2024\/09\/19\/a-declaracao-de-arana-direcionada-ao-time-do-fluminense\/#breadcrumb\"},\"inLanguage\":\"pt-BR\",\"potentialAction\":[{\"@type\":\"ReadAction\",\"target\":[\"https:\/\/www.gaveanews.com\/index.php\/2024\/09\/19\/a-declaracao-de-arana-direcionada-ao-time-do-fluminense\/\"]}]},{\"@type\":\"ImageObject\",\"inLanguage\":\"pt-BR\",\"@id\":\"https:\/\/www.gaveanews.com\/index.php\/2024\/09\/19\/a-declaracao-de-arana-direcionada-ao-time-do-fluminense\/#primaryimage\",\"url\":\"https:\/\/www.gaveanews.com\/wp-content\/uploads\/Guilherme-Arana-em-acao-pelo-Atletico-MG-diante-do-America-no-Brasileirao-2023.webp\",\"contentUrl\":\"https:\/\/www.gaveanews.com\/wp-content\/uploads\/Guilherme-Arana-em-acao-pelo-Atletico-MG-diante-do-America-no-Brasileirao-2023.webp\",\"width\":799,\"height\":533,\"caption\":\"Guilherme Arana em a\u00e7\u00e3o pelo Atl\u00e9tico-MG diante do Am\u00e9rica no Brasileir\u00e3o 2023 (Foto: Pedro Souza\/Atl\u00e9tico)\"},{\"@type\":\"BreadcrumbList\",\"@id\":\"https:\/\/www.gaveanews.com\/index.php\/2024\/09\/19\/a-declaracao-de-arana-direcionada-ao-time-do-fluminense\/#breadcrumb\",\"itemListElement\":[{\"@type\":\"ListItem\",\"position\":1,\"name\":\"Home\",\"item\":\"https:\/\/www.gaveanews.com\/\"},{\"@type\":\"ListItem\",\"position\":2,\"name\":\"A declara\u00e7\u00e3o de Arana direcionada ao time do Fluminense\"}]},{\"@type\":\"WebSite\",\"@id\":\"https:\/\/www.gaveanews.com\/#website\",\"url\":\"https:\/\/www.gaveanews.com\/\",\"name\":\"G\u00e1vea News\",\"description\":\"Veja todas as not\u00edcias sobre o Flamengo: Contrata\u00e7\u00f5es, categorias de base, resultados das partidas, tabela de classifica\u00e7\u00e3o, pr\u00f3ximos jogos!\",\"potentialAction\":[{\"@type\":\"SearchAction\",\"target\":{\"@type\":\"EntryPoint\",\"urlTemplate\":\"https:\/\/www.gaveanews.com\/?s={search_term_string}\"},\"query-input\":{\"@type\":\"PropertyValueSpecification\",\"valueRequired\":true,\"valueName\":\"search_term_string\"}}],\"inLanguage\":\"pt-BR\"},{\"@type\":\"Person\",\"@id\":\"https:\/\/www.gaveanews.com\/#\/schema\/person\/2877169f354c4596cf5aab74ea7c56a8\",\"name\":\"Leandro Azevedo\",\"image\":{\"@type\":\"ImageObject\",\"inLanguage\":\"pt-BR\",\"@id\":\"https:\/\/www.gaveanews.com\/#\/schema\/person\/image\/\",\"url\":\"https:\/\/secure.gravatar.com\/avatar\/e2f72eb6d986a41d592a85e4e36a6c6170e9ea8a1f433dfc29d0011a8968f89c?s=96&d=mm&r=g\",\"contentUrl\":\"https:\/\/secure.gravatar.com\/avatar\/e2f72eb6d986a41d592a85e4e36a6c6170e9ea8a1f433dfc29d0011a8968f89c?s=96&d=mm&r=g\",\"caption\":\"Leandro Azevedo\"}}]}<\/script>\n<!-- \/ Yoast SEO Premium plugin. -->","yoast_head_json":{"title":"A declara\u00e7\u00e3o de Arana direcionada ao time do Fluminense","robots":{"index":"index","follow":"follow","max-snippet":"max-snippet:-1","max-image-preview":"max-image-preview:large","max-video-preview":"max-video-preview:-1"},"canonical":"https:\/\/www.gaveanews.com\/index.php\/2024\/09\/19\/a-declaracao-de-arana-direcionada-ao-time-do-fluminense\/","og_locale":"pt_BR","og_type":"article","og_title":"A declara\u00e7\u00e3o de Arana direcionada ao time do Fluminense","og_description":"Ap\u00f3s a derrota por 1 a 0 para o Fluminense, na \u00faltima quarta-feira (18\/9), no Maracan\u00e3, o lateral-esquerdo Guilherme Arana se mostrou confiante na possibilidade de o Atl\u00e9tico-MG reverter o resultado no confronto de volta das quartas de final da Copa Libertadores. Mesmo reconhecendo a for\u00e7a do advers\u00e1rio, o jogador destacou que o time tem [&hellip;]","og_url":"https:\/\/www.gaveanews.com\/index.php\/2024\/09\/19\/a-declaracao-de-arana-direcionada-ao-time-do-fluminense\/","og_site_name":"G\u00e1vea News","article_publisher":"https:\/\/facebook.com\/gaveaNews\/","article_published_time":"2024-09-19T20:17:40+00:00","article_modified_time":"2024-09-19T20:17:41+00:00","og_image":[{"width":799,"height":533,"url":"https:\/\/www.gaveanews.com\/wp-content\/uploads\/Guilherme-Arana-em-acao-pelo-Atletico-MG-diante-do-America-no-Brasileirao-2023.webp","type":"image\/jpeg"}],"author":"Leandro Azevedo","twitter_card":"summary_large_image","twitter_misc":{"Escrito por":"Leandro Azevedo","Est. tempo de leitura":"3 minutos"},"schema":{"@context":"https:\/\/schema.org","@graph":[{"@type":"NewsArticle","@id":"https:\/\/www.gaveanews.com\/index.php\/2024\/09\/19\/a-declaracao-de-arana-direcionada-ao-time-do-fluminense\/#article","isPartOf":{"@id":"https:\/\/www.gaveanews.com\/index.php\/2024\/09\/19\/a-declaracao-de-arana-direcionada-ao-time-do-fluminense\/"},"author":{"name":"Leandro Azevedo","@id":"https:\/\/www.gaveanews.com\/#\/schema\/person\/2877169f354c4596cf5aab74ea7c56a8"},"headline":"A declara\u00e7\u00e3o de Arana direcionada ao time do Fluminense","datePublished":"2024-09-19T20:17:40+00:00","dateModified":"2024-09-19T20:17:41+00:00","mainEntityOfPage":{"@id":"https:\/\/www.gaveanews.com\/index.php\/2024\/09\/19\/a-declaracao-de-arana-direcionada-ao-time-do-fluminense\/"},"wordCount":452,"commentCount":0,"image":{"@id":"https:\/\/www.gaveanews.com\/index.php\/2024\/09\/19\/a-declaracao-de-arana-direcionada-ao-time-do-fluminense\/#primaryimage"},"thumbnailUrl":"https:\/\/www.gaveanews.com\/wp-content\/uploads\/Guilherme-Arana-em-acao-pelo-Atletico-MG-diante-do-America-no-Brasileirao-2023.webp","articleSection":["Atl\u00e9tico-MG"],"inLanguage":"pt-BR","potentialAction":[{"@type":"CommentAction","name":"Comment","target":["https:\/\/www.gaveanews.com\/index.php\/2024\/09\/19\/a-declaracao-de-arana-direcionada-ao-time-do-fluminense\/#respond"]}],"copyrightYear":"2024","copyrightHolder":{"@id":"https:\/\/www.gaveanews.com\/#organization"}},{"@type":"WebPage","@id":"https:\/\/www.gaveanews.com\/index.php\/2024\/09\/19\/a-declaracao-de-arana-direcionada-ao-time-do-fluminense\/","url":"https:\/\/www.gaveanews.com\/index.php\/2024\/09\/19\/a-declaracao-de-arana-direcionada-ao-time-do-fluminense\/","name":"A declara\u00e7\u00e3o de Arana direcionada ao time do Fluminense","isPartOf":{"@id":"https:\/\/www.gaveanews.com\/#website"},"primaryImageOfPage":{"@id":"https:\/\/www.gaveanews.com\/index.php\/2024\/09\/19\/a-declaracao-de-arana-direcionada-ao-time-do-fluminense\/#primaryimage"},"image":{"@id":"https:\/\/www.gaveanews.com\/index.php\/2024\/09\/19\/a-declaracao-de-arana-direcionada-ao-time-do-fluminense\/#primaryimage"},"thumbnailUrl":"https:\/\/www.gaveanews.com\/wp-content\/uploads\/Guilherme-Arana-em-acao-pelo-Atletico-MG-diante-do-America-no-Brasileirao-2023.webp","datePublished":"2024-09-19T20:17:40+00:00","dateModified":"2024-09-19T20:17:41+00:00","author":{"@id":"https:\/\/www.gaveanews.com\/#\/schema\/person\/2877169f354c4596cf5aab74ea7c56a8"},"breadcrumb":{"@id":"https:\/\/www.gaveanews.com\/index.php\/2024\/09\/19\/a-declaracao-de-arana-direcionada-ao-time-do-fluminense\/#breadcrumb"},"inLanguage":"pt-BR","potentialAction":[{"@type":"ReadAction","target":["https:\/\/www.gaveanews.com\/index.php\/2024\/09\/19\/a-declaracao-de-arana-direcionada-ao-time-do-fluminense\/"]}]},{"@type":"ImageObject","inLanguage":"pt-BR","@id":"https:\/\/www.gaveanews.com\/index.php\/2024\/09\/19\/a-declaracao-de-arana-direcionada-ao-time-do-fluminense\/#primaryimage","url":"https:\/\/www.gaveanews.com\/wp-content\/uploads\/Guilherme-Arana-em-acao-pelo-Atletico-MG-diante-do-America-no-Brasileirao-2023.webp","contentUrl":"https:\/\/www.gaveanews.com\/wp-content\/uploads\/Guilherme-Arana-em-acao-pelo-Atletico-MG-diante-do-America-no-Brasileirao-2023.webp","width":799,"height":533,"caption":"Guilherme Arana em a\u00e7\u00e3o pelo Atl\u00e9tico-MG diante do Am\u00e9rica no Brasileir\u00e3o 2023 (Foto: Pedro Souza\/Atl\u00e9tico)"},{"@type":"BreadcrumbList","@id":"https:\/\/www.gaveanews.com\/index.php\/2024\/09\/19\/a-declaracao-de-arana-direcionada-ao-time-do-fluminense\/#breadcrumb","itemListElement":[{"@type":"ListItem","position":1,"name":"Home","item":"https:\/\/www.gaveanews.com\/"},{"@type":"ListItem","position":2,"name":"A declara\u00e7\u00e3o de Arana direcionada ao time do Fluminense"}]},{"@type":"WebSite","@id":"https:\/\/www.gaveanews.com\/#website","url":"https:\/\/www.gaveanews.com\/","name":"G\u00e1vea News","description":"Veja todas as not\u00edcias sobre o Flamengo: Contrata\u00e7\u00f5es, categorias de base, resultados das partidas, tabela de classifica\u00e7\u00e3o, pr\u00f3ximos jogos!","potentialAction":[{"@type":"SearchAction","target":{"@type":"EntryPoint","urlTemplate":"https:\/\/www.gaveanews.com\/?s={search_term_string}"},"query-input":{"@type":"PropertyValueSpecification","valueRequired":true,"valueName":"search_term_string"}}],"inLanguage":"pt-BR"},{"@type":"Person","@id":"https:\/\/www.gaveanews.com\/#\/schema\/person\/2877169f354c4596cf5aab74ea7c56a8","name":"Leandro Azevedo","image":{"@type":"ImageObject","inLanguage":"pt-BR","@id":"https:\/\/www.gaveanews.com\/#\/schema\/person\/image\/","url":"https:\/\/secure.gravatar.com\/avatar\/e2f72eb6d986a41d592a85e4e36a6c6170e9ea8a1f433dfc29d0011a8968f89c?s=96&d=mm&r=g","contentUrl":"https:\/\/secure.gravatar.com\/avatar\/e2f72eb6d986a41d592a85e4e36a6c6170e9ea8a1f433dfc29d0011a8968f89c?s=96&d=mm&r=g","caption":"Leandro Azevedo"}}]}},"_links":{"self":[{"href":"https:\/\/www.gaveanews.com\/index.php\/wp-json\/wp\/v2\/posts\/167786","targetHints":{"allow":["GET"]}}],"collection":[{"href":"https:\/\/www.gaveanews.com\/index.php\/wp-json\/wp\/v2\/posts"}],"about":[{"href":"https:\/\/www.gaveanews.com\/index.php\/wp-json\/wp\/v2\/types\/post"}],"author":[{"embeddable":true,"href":"https:\/\/www.gaveanews.com\/index.php\/wp-json\/wp\/v2\/users\/23"}],"replies":[{"embeddable":true,"href":"https:\/\/www.gaveanews.com\/index.php\/wp-json\/wp\/v2\/comments?post=167786"}],"version-history":[{"count":1,"href":"https:\/\/www.gaveanews.com\/index.php\/wp-json\/wp\/v2\/posts\/167786\/revisions"}],"predecessor-version":[{"id":167787,"href":"https:\/\/www.gaveanews.com\/index.php\/wp-json\/wp\/v2\/posts\/167786\/revisions\/167787"}],"wp:featuredmedia":[{"embeddable":true,"href":"https:\/\/www.gaveanews.com\/index.php\/wp-json\/wp\/v2\/media\/157221"}],"wp:attachment":[{"href":"https:\/\/www.gaveanews.com\/index.php\/wp-json\/wp\/v2\/media?parent=167786"}],"wp:term":[{"taxonomy":"category","embeddable":true,"href":"https:\/\/www.gaveanews.com\/index.php\/wp-json\/wp\/v2\/categories?post=167786"},{"taxonomy":"post_tag","embeddable":true,"href":"https:\/\/www.gaveanews.com\/index.php\/wp-json\/wp\/v2\/tags?post=167786"}],"curies":[{"name":"wp","href":"https:\/\/api.w.org\/{rel}","templated":true}]}}