{"id":167873,"date":"2024-09-20T10:00:00","date_gmt":"2024-09-20T13:00:00","guid":{"rendered":"https:\/\/www.gaveanews.com\/?p=167873"},"modified":"2024-09-20T09:48:23","modified_gmt":"2024-09-20T12:48:23","slug":"a-declaracao-de-german-cano-direcionada-ao-atletico-mg","status":"publish","type":"post","link":"https:\/\/www.gaveanews.com\/index.php\/2024\/09\/20\/a-declaracao-de-german-cano-direcionada-ao-atletico-mg\/","title":{"rendered":"A declara\u00e7\u00e3o de Germ\u00e1n Cano direcionada ao Atl\u00e9tico-MG"},"content":{"rendered":"\n<p>O Fluminense venceu o Atl\u00e9tico Mineiro por 1 a 0 na noite de quarta-feira (18), no Maracan\u00e3, pelo jogo de ida das quartas de final da Libertadores. O confronto foi marcado pelo retorno do centroavante Germ\u00e1n Cano, que estava afastado h\u00e1 56 dias devido a uma les\u00e3o muscular na coxa esquerda. Cano comemorou o resultado positivo, mas j\u00e1 alertou sobre o desafio que ser\u00e1 enfrentar o Atl\u00e9tico-MG na Arena MRV, na partida de volta, na pr\u00f3xima semana.<\/p>\n\n\n\n<ul class=\"wp-block-list\">\n<li><a href=\"https:\/\/www.gaveanews.com\/index.php\/2024\/09\/17\/a-declaracao-de-lyanco-apos-a-derrota-do-atletico-mg\/\">A declara\u00e7\u00e3o de Lyanco ap\u00f3s a derrota do Atl\u00e9tico-MG<\/a><\/li>\n\n\n\n<li><a href=\"https:\/\/www.gaveanews.com\/index.php\/2024\/09\/19\/a-declaracao-de-arana-direcionada-ao-time-do-fluminense\/\">A declara\u00e7\u00e3o de Arana direcionada ao time do Fluminense<\/a><\/li>\n<\/ul>\n\n\n\n<h2 class=\"wp-block-heading\" id=\"h-desafio-na-arena-mrv\">Desafio na Arena MRV<\/h2>\n\n\n\n<p>Em sua declara\u00e7\u00e3o ap\u00f3s a vit\u00f3ria, Cano destacou a dificuldade do pr\u00f3ximo duelo em Belo Horizonte, ressaltando a for\u00e7a do advers\u00e1rio jogando em casa. \u201cSer\u00e1 um jogo dif\u00edcil, na casa deles. Todo mundo sabe o que representa o Atl\u00e9tico na Arena MRV. Ent\u00e3o, a gente vai se preparar muito bem para esse jogo e continuar fazendo hist\u00f3ria aqui\u201d, afirmou o atacante argentino.<\/p>\n\n\n\n<p>Apesar das dificuldades esperadas, o \u00eddolo tricolor demonstrou confian\u00e7a na prepara\u00e7\u00e3o da equipe e no desejo de continuar avan\u00e7ando na competi\u00e7\u00e3o, onde o Fluminense defende o t\u00edtulo de atual campe\u00e3o da Libertadores.<\/p>\n\n\n\n<h2 class=\"wp-block-heading\" id=\"h-gol-da-vitoria-e-retorno-de-cano\">Gol da vit\u00f3ria e retorno de Cano<\/h2>\n\n\n\n<p>O \u00fanico gol da partida foi marcado por Lima, de cabe\u00e7a, ap\u00f3s um belo cruzamento de Keno, garantindo uma vantagem importante para o Fluminense no confronto. Na sa\u00edda de campo, Cano tamb\u00e9m expressou sua felicidade pelo retorno ap\u00f3s o per\u00edodo de recupera\u00e7\u00e3o e pela oportunidade de ajudar o time em um momento decisivo da temporada.<\/p>\n\n\n\n<p>\u201cMe sinto muito feliz por voltar e poder contribuir para esse resultado positivo na Libertadores\u201d, declarou o atacante em entrevista \u00e0 Paramount+.<\/p>\n\n\n\n<h2 class=\"wp-block-heading\" id=\"h-cenario-do-jogo-de-volta\">Cen\u00e1rio do jogo de volta<\/h2>\n\n\n\n<p>Agora, o Fluminense enfrentar\u00e1 o Atl\u00e9tico-MG na pr\u00f3xima quarta-feira (25), na Arena MRV, pela partida de volta das quartas de final. O time carioca precisa apenas de um empate para garantir a vaga na semifinal e seguir sonhando com o bicampeonato da competi\u00e7\u00e3o.<\/p>\n\n\n\n<p>Se o Atl\u00e9tico vencer por um gol de diferen\u00e7a, a decis\u00e3o ser\u00e1 nos p\u00eanaltis. Por\u00e9m, se o Galo ganhar por dois ou mais gols de vantagem, ser\u00e1 o time mineiro que avan\u00e7ar\u00e1 \u00e0 pr\u00f3xima fase.<\/p>\n","protected":false},"excerpt":{"rendered":"<p>O Fluminense venceu o Atl\u00e9tico Mineiro por 1 a 0 na noite de quarta-feira (18), no Maracan\u00e3, pelo jogo de ida das quartas de final da Libertadores. O confronto foi marcado pelo retorno do centroavante Germ\u00e1n Cano, que estava afastado h\u00e1 56 dias devido a uma les\u00e3o muscular na coxa esquerda. Cano comemorou o resultado [&hellip;]<\/p>\n","protected":false},"author":24,"featured_media":152557,"comment_status":"open","ping_status":"closed","sticky":false,"template":"","format":"standard","meta":{"footnotes":""},"categories":[136,145],"tags":[],"class_list":["post-167873","post","type-post","status-publish","format-standard","has-post-thumbnail","hentry","category-atletico-mg","category-fluminense"],"yoast_head":"<!-- This site is optimized with the Yoast SEO Premium plugin v24.2 (Yoast SEO v26.9) - https:\/\/yoast.com\/product\/yoast-seo-premium-wordpress\/ -->\n<title>A declara\u00e7\u00e3o de Germ\u00e1n Cano direcionada ao Atl\u00e9tico-MG<\/title>\n<meta name=\"robots\" content=\"index, follow, max-snippet:-1, max-image-preview:large, max-video-preview:-1\" \/>\n<link rel=\"canonical\" href=\"https:\/\/www.gaveanews.com\/index.php\/2024\/09\/20\/a-declaracao-de-german-cano-direcionada-ao-atletico-mg\/\" \/>\n<meta property=\"og:locale\" content=\"pt_BR\" \/>\n<meta property=\"og:type\" content=\"article\" \/>\n<meta property=\"og:title\" content=\"A declara\u00e7\u00e3o de Germ\u00e1n Cano direcionada ao Atl\u00e9tico-MG\" \/>\n<meta property=\"og:description\" content=\"O Fluminense venceu o Atl\u00e9tico Mineiro por 1 a 0 na noite de quarta-feira (18), no Maracan\u00e3, pelo jogo de ida das quartas de final da Libertadores. O confronto foi marcado pelo retorno do centroavante Germ\u00e1n Cano, que estava afastado h\u00e1 56 dias devido a uma les\u00e3o muscular na coxa esquerda. Cano comemorou o resultado [&hellip;]\" \/>\n<meta property=\"og:url\" content=\"https:\/\/www.gaveanews.com\/index.php\/2024\/09\/20\/a-declaracao-de-german-cano-direcionada-ao-atletico-mg\/\" \/>\n<meta property=\"og:site_name\" content=\"G\u00e1vea News\" \/>\n<meta property=\"article:publisher\" content=\"https:\/\/facebook.com\/gaveaNews\/\" \/>\n<meta property=\"article:published_time\" content=\"2024-09-20T13:00:00+00:00\" \/>\n<meta property=\"og:image\" content=\"https:\/\/www.gaveanews.com\/wp-content\/uploads\/Jogadores-do-Fluminense-em-2024.webp\" \/>\n\t<meta property=\"og:image:width\" content=\"1440\" \/>\n\t<meta property=\"og:image:height\" content=\"1080\" \/>\n\t<meta property=\"og:image:type\" content=\"image\/webp\" \/>\n<meta name=\"author\" content=\"Leandro Cardoso\" \/>\n<meta name=\"twitter:card\" content=\"summary_large_image\" \/>\n<meta name=\"twitter:label1\" content=\"Escrito por\" \/>\n\t<meta name=\"twitter:data1\" content=\"Leandro Cardoso\" \/>\n\t<meta name=\"twitter:label2\" content=\"Est. tempo de leitura\" \/>\n\t<meta name=\"twitter:data2\" content=\"3 minutos\" \/>\n<script type=\"application\/ld+json\" class=\"yoast-schema-graph\">{\"@context\":\"https:\/\/schema.org\",\"@graph\":[{\"@type\":\"NewsArticle\",\"@id\":\"https:\/\/www.gaveanews.com\/index.php\/2024\/09\/20\/a-declaracao-de-german-cano-direcionada-ao-atletico-mg\/#article\",\"isPartOf\":{\"@id\":\"https:\/\/www.gaveanews.com\/index.php\/2024\/09\/20\/a-declaracao-de-german-cano-direcionada-ao-atletico-mg\/\"},\"author\":{\"name\":\"Leandro Cardoso\",\"@id\":\"https:\/\/www.gaveanews.com\/#\/schema\/person\/2424ec6409bc3f068411fc5e4e9b6168\"},\"headline\":\"A declara\u00e7\u00e3o de Germ\u00e1n Cano direcionada ao Atl\u00e9tico-MG\",\"datePublished\":\"2024-09-20T13:00:00+00:00\",\"mainEntityOfPage\":{\"@id\":\"https:\/\/www.gaveanews.com\/index.php\/2024\/09\/20\/a-declaracao-de-german-cano-direcionada-ao-atletico-mg\/\"},\"wordCount\":408,\"commentCount\":0,\"image\":{\"@id\":\"https:\/\/www.gaveanews.com\/index.php\/2024\/09\/20\/a-declaracao-de-german-cano-direcionada-ao-atletico-mg\/#primaryimage\"},\"thumbnailUrl\":\"https:\/\/www.gaveanews.com\/wp-content\/uploads\/Jogadores-do-Fluminense-em-2024.webp\",\"articleSection\":[\"Atl\u00e9tico-MG\",\"Fluminense\"],\"inLanguage\":\"pt-BR\",\"potentialAction\":[{\"@type\":\"CommentAction\",\"name\":\"Comment\",\"target\":[\"https:\/\/www.gaveanews.com\/index.php\/2024\/09\/20\/a-declaracao-de-german-cano-direcionada-ao-atletico-mg\/#respond\"]}],\"copyrightYear\":\"2024\",\"copyrightHolder\":{\"@id\":\"https:\/\/www.gaveanews.com\/#organization\"}},{\"@type\":\"WebPage\",\"@id\":\"https:\/\/www.gaveanews.com\/index.php\/2024\/09\/20\/a-declaracao-de-german-cano-direcionada-ao-atletico-mg\/\",\"url\":\"https:\/\/www.gaveanews.com\/index.php\/2024\/09\/20\/a-declaracao-de-german-cano-direcionada-ao-atletico-mg\/\",\"name\":\"A declara\u00e7\u00e3o de Germ\u00e1n Cano direcionada ao Atl\u00e9tico-MG\",\"isPartOf\":{\"@id\":\"https:\/\/www.gaveanews.com\/#website\"},\"primaryImageOfPage\":{\"@id\":\"https:\/\/www.gaveanews.com\/index.php\/2024\/09\/20\/a-declaracao-de-german-cano-direcionada-ao-atletico-mg\/#primaryimage\"},\"image\":{\"@id\":\"https:\/\/www.gaveanews.com\/index.php\/2024\/09\/20\/a-declaracao-de-german-cano-direcionada-ao-atletico-mg\/#primaryimage\"},\"thumbnailUrl\":\"https:\/\/www.gaveanews.com\/wp-content\/uploads\/Jogadores-do-Fluminense-em-2024.webp\",\"datePublished\":\"2024-09-20T13:00:00+00:00\",\"author\":{\"@id\":\"https:\/\/www.gaveanews.com\/#\/schema\/person\/2424ec6409bc3f068411fc5e4e9b6168\"},\"breadcrumb\":{\"@id\":\"https:\/\/www.gaveanews.com\/index.php\/2024\/09\/20\/a-declaracao-de-german-cano-direcionada-ao-atletico-mg\/#breadcrumb\"},\"inLanguage\":\"pt-BR\",\"potentialAction\":[{\"@type\":\"ReadAction\",\"target\":[\"https:\/\/www.gaveanews.com\/index.php\/2024\/09\/20\/a-declaracao-de-german-cano-direcionada-ao-atletico-mg\/\"]}]},{\"@type\":\"ImageObject\",\"inLanguage\":\"pt-BR\",\"@id\":\"https:\/\/www.gaveanews.com\/index.php\/2024\/09\/20\/a-declaracao-de-german-cano-direcionada-ao-atletico-mg\/#primaryimage\",\"url\":\"https:\/\/www.gaveanews.com\/wp-content\/uploads\/Jogadores-do-Fluminense-em-2024.webp\",\"contentUrl\":\"https:\/\/www.gaveanews.com\/wp-content\/uploads\/Jogadores-do-Fluminense-em-2024.webp\",\"width\":1440,\"height\":1080,\"caption\":\"Jogadores do Fluminense em 2024 (Foto: Reprodu\u00e7\u00e3o\/Fluminense)\"},{\"@type\":\"BreadcrumbList\",\"@id\":\"https:\/\/www.gaveanews.com\/index.php\/2024\/09\/20\/a-declaracao-de-german-cano-direcionada-ao-atletico-mg\/#breadcrumb\",\"itemListElement\":[{\"@type\":\"ListItem\",\"position\":1,\"name\":\"Home\",\"item\":\"https:\/\/www.gaveanews.com\/\"},{\"@type\":\"ListItem\",\"position\":2,\"name\":\"A declara\u00e7\u00e3o de Germ\u00e1n Cano direcionada ao Atl\u00e9tico-MG\"}]},{\"@type\":\"WebSite\",\"@id\":\"https:\/\/www.gaveanews.com\/#website\",\"url\":\"https:\/\/www.gaveanews.com\/\",\"name\":\"G\u00e1vea News\",\"description\":\"Veja todas as not\u00edcias sobre o Flamengo: Contrata\u00e7\u00f5es, categorias de base, resultados das partidas, tabela de classifica\u00e7\u00e3o, pr\u00f3ximos jogos!\",\"potentialAction\":[{\"@type\":\"SearchAction\",\"target\":{\"@type\":\"EntryPoint\",\"urlTemplate\":\"https:\/\/www.gaveanews.com\/?s={search_term_string}\"},\"query-input\":{\"@type\":\"PropertyValueSpecification\",\"valueRequired\":true,\"valueName\":\"search_term_string\"}}],\"inLanguage\":\"pt-BR\"},{\"@type\":\"Person\",\"@id\":\"https:\/\/www.gaveanews.com\/#\/schema\/person\/2424ec6409bc3f068411fc5e4e9b6168\",\"name\":\"Leandro Cardoso\",\"image\":{\"@type\":\"ImageObject\",\"inLanguage\":\"pt-BR\",\"@id\":\"https:\/\/www.gaveanews.com\/#\/schema\/person\/image\/\",\"url\":\"https:\/\/secure.gravatar.com\/avatar\/8ca179f9b55eefe9f376f5493ef25475bfa59fbc28ce937f6076ce20e523098f?s=96&d=mm&r=g\",\"contentUrl\":\"https:\/\/secure.gravatar.com\/avatar\/8ca179f9b55eefe9f376f5493ef25475bfa59fbc28ce937f6076ce20e523098f?s=96&d=mm&r=g\",\"caption\":\"Leandro Cardoso\"}}]}<\/script>\n<!-- \/ Yoast SEO Premium plugin. -->","yoast_head_json":{"title":"A declara\u00e7\u00e3o de Germ\u00e1n Cano direcionada ao Atl\u00e9tico-MG","robots":{"index":"index","follow":"follow","max-snippet":"max-snippet:-1","max-image-preview":"max-image-preview:large","max-video-preview":"max-video-preview:-1"},"canonical":"https:\/\/www.gaveanews.com\/index.php\/2024\/09\/20\/a-declaracao-de-german-cano-direcionada-ao-atletico-mg\/","og_locale":"pt_BR","og_type":"article","og_title":"A declara\u00e7\u00e3o de Germ\u00e1n Cano direcionada ao Atl\u00e9tico-MG","og_description":"O Fluminense venceu o Atl\u00e9tico Mineiro por 1 a 0 na noite de quarta-feira (18), no Maracan\u00e3, pelo jogo de ida das quartas de final da Libertadores. O confronto foi marcado pelo retorno do centroavante Germ\u00e1n Cano, que estava afastado h\u00e1 56 dias devido a uma les\u00e3o muscular na coxa esquerda. Cano comemorou o resultado [&hellip;]","og_url":"https:\/\/www.gaveanews.com\/index.php\/2024\/09\/20\/a-declaracao-de-german-cano-direcionada-ao-atletico-mg\/","og_site_name":"G\u00e1vea News","article_publisher":"https:\/\/facebook.com\/gaveaNews\/","article_published_time":"2024-09-20T13:00:00+00:00","og_image":[{"width":1440,"height":1080,"url":"https:\/\/www.gaveanews.com\/wp-content\/uploads\/Jogadores-do-Fluminense-em-2024.webp","type":"image\/webp"}],"author":"Leandro Cardoso","twitter_card":"summary_large_image","twitter_misc":{"Escrito por":"Leandro Cardoso","Est. tempo de leitura":"3 minutos"},"schema":{"@context":"https:\/\/schema.org","@graph":[{"@type":"NewsArticle","@id":"https:\/\/www.gaveanews.com\/index.php\/2024\/09\/20\/a-declaracao-de-german-cano-direcionada-ao-atletico-mg\/#article","isPartOf":{"@id":"https:\/\/www.gaveanews.com\/index.php\/2024\/09\/20\/a-declaracao-de-german-cano-direcionada-ao-atletico-mg\/"},"author":{"name":"Leandro Cardoso","@id":"https:\/\/www.gaveanews.com\/#\/schema\/person\/2424ec6409bc3f068411fc5e4e9b6168"},"headline":"A declara\u00e7\u00e3o de Germ\u00e1n Cano direcionada ao Atl\u00e9tico-MG","datePublished":"2024-09-20T13:00:00+00:00","mainEntityOfPage":{"@id":"https:\/\/www.gaveanews.com\/index.php\/2024\/09\/20\/a-declaracao-de-german-cano-direcionada-ao-atletico-mg\/"},"wordCount":408,"commentCount":0,"image":{"@id":"https:\/\/www.gaveanews.com\/index.php\/2024\/09\/20\/a-declaracao-de-german-cano-direcionada-ao-atletico-mg\/#primaryimage"},"thumbnailUrl":"https:\/\/www.gaveanews.com\/wp-content\/uploads\/Jogadores-do-Fluminense-em-2024.webp","articleSection":["Atl\u00e9tico-MG","Fluminense"],"inLanguage":"pt-BR","potentialAction":[{"@type":"CommentAction","name":"Comment","target":["https:\/\/www.gaveanews.com\/index.php\/2024\/09\/20\/a-declaracao-de-german-cano-direcionada-ao-atletico-mg\/#respond"]}],"copyrightYear":"2024","copyrightHolder":{"@id":"https:\/\/www.gaveanews.com\/#organization"}},{"@type":"WebPage","@id":"https:\/\/www.gaveanews.com\/index.php\/2024\/09\/20\/a-declaracao-de-german-cano-direcionada-ao-atletico-mg\/","url":"https:\/\/www.gaveanews.com\/index.php\/2024\/09\/20\/a-declaracao-de-german-cano-direcionada-ao-atletico-mg\/","name":"A declara\u00e7\u00e3o de Germ\u00e1n Cano direcionada ao Atl\u00e9tico-MG","isPartOf":{"@id":"https:\/\/www.gaveanews.com\/#website"},"primaryImageOfPage":{"@id":"https:\/\/www.gaveanews.com\/index.php\/2024\/09\/20\/a-declaracao-de-german-cano-direcionada-ao-atletico-mg\/#primaryimage"},"image":{"@id":"https:\/\/www.gaveanews.com\/index.php\/2024\/09\/20\/a-declaracao-de-german-cano-direcionada-ao-atletico-mg\/#primaryimage"},"thumbnailUrl":"https:\/\/www.gaveanews.com\/wp-content\/uploads\/Jogadores-do-Fluminense-em-2024.webp","datePublished":"2024-09-20T13:00:00+00:00","author":{"@id":"https:\/\/www.gaveanews.com\/#\/schema\/person\/2424ec6409bc3f068411fc5e4e9b6168"},"breadcrumb":{"@id":"https:\/\/www.gaveanews.com\/index.php\/2024\/09\/20\/a-declaracao-de-german-cano-direcionada-ao-atletico-mg\/#breadcrumb"},"inLanguage":"pt-BR","potentialAction":[{"@type":"ReadAction","target":["https:\/\/www.gaveanews.com\/index.php\/2024\/09\/20\/a-declaracao-de-german-cano-direcionada-ao-atletico-mg\/"]}]},{"@type":"ImageObject","inLanguage":"pt-BR","@id":"https:\/\/www.gaveanews.com\/index.php\/2024\/09\/20\/a-declaracao-de-german-cano-direcionada-ao-atletico-mg\/#primaryimage","url":"https:\/\/www.gaveanews.com\/wp-content\/uploads\/Jogadores-do-Fluminense-em-2024.webp","contentUrl":"https:\/\/www.gaveanews.com\/wp-content\/uploads\/Jogadores-do-Fluminense-em-2024.webp","width":1440,"height":1080,"caption":"Jogadores do Fluminense em 2024 (Foto: Reprodu\u00e7\u00e3o\/Fluminense)"},{"@type":"BreadcrumbList","@id":"https:\/\/www.gaveanews.com\/index.php\/2024\/09\/20\/a-declaracao-de-german-cano-direcionada-ao-atletico-mg\/#breadcrumb","itemListElement":[{"@type":"ListItem","position":1,"name":"Home","item":"https:\/\/www.gaveanews.com\/"},{"@type":"ListItem","position":2,"name":"A declara\u00e7\u00e3o de Germ\u00e1n Cano direcionada ao Atl\u00e9tico-MG"}]},{"@type":"WebSite","@id":"https:\/\/www.gaveanews.com\/#website","url":"https:\/\/www.gaveanews.com\/","name":"G\u00e1vea News","description":"Veja todas as not\u00edcias sobre o Flamengo: Contrata\u00e7\u00f5es, categorias de base, resultados das partidas, tabela de classifica\u00e7\u00e3o, pr\u00f3ximos jogos!","potentialAction":[{"@type":"SearchAction","target":{"@type":"EntryPoint","urlTemplate":"https:\/\/www.gaveanews.com\/?s={search_term_string}"},"query-input":{"@type":"PropertyValueSpecification","valueRequired":true,"valueName":"search_term_string"}}],"inLanguage":"pt-BR"},{"@type":"Person","@id":"https:\/\/www.gaveanews.com\/#\/schema\/person\/2424ec6409bc3f068411fc5e4e9b6168","name":"Leandro Cardoso","image":{"@type":"ImageObject","inLanguage":"pt-BR","@id":"https:\/\/www.gaveanews.com\/#\/schema\/person\/image\/","url":"https:\/\/secure.gravatar.com\/avatar\/8ca179f9b55eefe9f376f5493ef25475bfa59fbc28ce937f6076ce20e523098f?s=96&d=mm&r=g","contentUrl":"https:\/\/secure.gravatar.com\/avatar\/8ca179f9b55eefe9f376f5493ef25475bfa59fbc28ce937f6076ce20e523098f?s=96&d=mm&r=g","caption":"Leandro Cardoso"}}]}},"_links":{"self":[{"href":"https:\/\/www.gaveanews.com\/index.php\/wp-json\/wp\/v2\/posts\/167873","targetHints":{"allow":["GET"]}}],"collection":[{"href":"https:\/\/www.gaveanews.com\/index.php\/wp-json\/wp\/v2\/posts"}],"about":[{"href":"https:\/\/www.gaveanews.com\/index.php\/wp-json\/wp\/v2\/types\/post"}],"author":[{"embeddable":true,"href":"https:\/\/www.gaveanews.com\/index.php\/wp-json\/wp\/v2\/users\/24"}],"replies":[{"embeddable":true,"href":"https:\/\/www.gaveanews.com\/index.php\/wp-json\/wp\/v2\/comments?post=167873"}],"version-history":[{"count":2,"href":"https:\/\/www.gaveanews.com\/index.php\/wp-json\/wp\/v2\/posts\/167873\/revisions"}],"predecessor-version":[{"id":167938,"href":"https:\/\/www.gaveanews.com\/index.php\/wp-json\/wp\/v2\/posts\/167873\/revisions\/167938"}],"wp:featuredmedia":[{"embeddable":true,"href":"https:\/\/www.gaveanews.com\/index.php\/wp-json\/wp\/v2\/media\/152557"}],"wp:attachment":[{"href":"https:\/\/www.gaveanews.com\/index.php\/wp-json\/wp\/v2\/media?parent=167873"}],"wp:term":[{"taxonomy":"category","embeddable":true,"href":"https:\/\/www.gaveanews.com\/index.php\/wp-json\/wp\/v2\/categories?post=167873"},{"taxonomy":"post_tag","embeddable":true,"href":"https:\/\/www.gaveanews.com\/index.php\/wp-json\/wp\/v2\/tags?post=167873"}],"curies":[{"name":"wp","href":"https:\/\/api.w.org\/{rel}","templated":true}]}}