{"id":167984,"date":"2024-09-20T18:15:00","date_gmt":"2024-09-20T21:15:00","guid":{"rendered":"https:\/\/www.gaveanews.com\/?p=167984"},"modified":"2024-09-20T14:10:53","modified_gmt":"2024-09-20T17:10:53","slug":"corinthians-ganha-reforco-para-o-proximo-jogo-do-brasileirao","status":"publish","type":"post","link":"https:\/\/www.gaveanews.com\/index.php\/2024\/09\/20\/corinthians-ganha-reforco-para-o-proximo-jogo-do-brasileirao\/","title":{"rendered":"Corinthians ganha refor\u00e7o para o pr\u00f3ximo jogo do Brasileir\u00e3o"},"content":{"rendered":"\n<h2 class=\"wp-block-heading\" id=\"h-jogo-decisivo\">Jogo decisivo<\/h2>\n\n\n\n<p>Ap\u00f3s conseguir abrir uma importante vantagem nas quartas de final da Copa Sul-Americana, ao vencer o Fortaleza por 2 a 0, na Arena Castel\u00e3o, o Corinthians volta suas aten\u00e7\u00f5es no Campeonato Brasileiro, em que vive situa\u00e7\u00e3o muito complicada.<\/p>\n\n\n\n<ul class=\"wp-block-yoast-seo-related-links yoast-seo-related-links\">\n<li><a href=\"https:\/\/www.gaveanews.com\/index.php\/2024\/09\/19\/mauro-cezar-cita-que-atitude-de-depay-gera-desconforto-no-corinthians\/\">Atitude de Depay gera desconforto no Corinthians<\/a><\/li>\n\n\n\n<li><a href=\"https:\/\/www.gaveanews.com\/index.php\/2024\/09\/18\/dedicacao-de-memphis-chama-a-atencao-no-corinthians\/\">Dedica\u00e7\u00e3o de Memphis chama a aten\u00e7\u00e3o no Corinthians<\/a><\/li>\n<\/ul>\n\n\n\n<p>Atualmente, o Tim\u00e3o est\u00e1 em 18\u00b0 lugar, com 25 pontos, e ter\u00e1 jogos decisivos com o objetivo de deixar a zona de rebaixamento da competi\u00e7\u00e3o. Para completar, Fluminense, Crici\u00fama e Gr\u00eamio, alguns dos concorrentes diretos na parte de baixo da tabela, t\u00eam jogos a menos.<\/p>\n\n\n\n<p>Por isso, a equipe comandada por Ram\u00f3n D\u00edaz precisa vencer o Atl\u00e9tico Goianiense, atual lanterna do certame nacional, com 18 pontos, em partida que ser\u00e1 realizada na Neo Qu\u00edmica Arena, neste s\u00e1bado (21), a partir das 16h (hor\u00e1rio de Bras\u00edlia).<\/p>\n\n\n\n<blockquote class=\"bluesky-embed\" data-bluesky-uri=\"at:\/\/did:plc:qppibbxye2rsq6fnm4tijdfj\/app.bsky.feed.post\/3l4lpzk46w22t\" data-bluesky-cid=\"bafyreigpm6pg26okfcl2jbo5zwninbawbs2wvbt5im336wvzyiwawdyvqu\"><p lang=\"pt\">Amanh\u00e3 a Neo Qu\u00edmica Arena estar\u00e1 lotada para mais um desafio pelo Brasileir\u00e3o! \ud83c\udfdf\ufe0f\n\nVAMOS JUNTOS, FIEL! \u26bd\n\n\ud83d\udcf8 Evander Portilho\n\n#NeoQu\u00edmicaArena\n#CasaDoPovo10Anos\n#VaiCorinthians<br><br><a href=\"https:\/\/bsky.app\/profile\/did:plc:qppibbxye2rsq6fnm4tijdfj\/post\/3l4lpzk46w22t?ref_src=embed\">[image or embed]<\/a><\/p>&mdash; Corinthians (<a href=\"https:\/\/bsky.app\/profile\/did:plc:qppibbxye2rsq6fnm4tijdfj?ref_src=embed\">@corinthians.com.br<\/a>) <a href=\"https:\/\/bsky.app\/profile\/did:plc:qppibbxye2rsq6fnm4tijdfj\/post\/3l4lpzk46w22t?ref_src=embed\">September 20, 2024 at 11:02 AM<\/a><\/blockquote><script async src=\"https:\/\/embed.bsky.app\/static\/embed.js\" charset=\"utf-8\"><\/script>\n\n\n\n<p>Pensando em sua situa\u00e7\u00e3o na competi\u00e7\u00e3o, a Fiel sabe bem que n\u00e3o h\u00e1 mais espa\u00e7o para vacilos e os jogos contra os times que est\u00e3o no Z-4, ou que v\u00eam brigando para n\u00e3o entrar l\u00e1, s\u00e3o considerados essenciais.<\/p>\n\n\n\n<h2 class=\"wp-block-heading\" id=\"h-reforco-para-a-partida\">Refor\u00e7o para a partida<\/h2>\n\n\n\n<p>Ram\u00f3n D\u00edaz dever\u00e1 ter a volta do lateral-esquerdo Matheus Bidu. O camisa 21, ficou fora do jogo contra o Fortaleza, na ter\u00e7a-feira (17), pela Sul-Americana, por desconforto no m\u00fasculo posterior da coxa direita.<\/p>\n\n\n\n<p>O defensor esteve nas atividades no campo do Alvinegro Paulista e deve ir para o jogo. Ele ganhou a vaga de Hugo na lateral-esquerda e vem sendo o titular do treinador corintiano nas \u00faltimas partidas.<\/p>\n\n\n\n<p>Em contrapartida, Raniele, com dores no adutor direito, correu no campo junto com Maycon, Diego Palacios, Alex Santana e Ruan Oliveira, que est\u00e3o se recuperando de les\u00f5es. Vale lembrar que o zagueiro Andr\u00e9 Ramalho est\u00e1 suspenso e n\u00e3o entrentar\u00e1 o Atl\u00e9tico Goianiense.<\/p>\n\n\n\n<h2 class=\"wp-block-heading\" id=\"h-memphis-joga\">Memphis joga?<\/h2>\n\n\n\n<p>A grande expectativa \u00e9 que o refor\u00e7o bomb\u00e1stico do Tim\u00e3o na temporada possa fazer sua estreia exatamente nesta partida. O holand\u00eas Memphis Depay pode aparecer entre os titulares ou entrar durante o confronto em quest\u00e3o.<\/p>\n\n\n\n<p>O pr\u00f3prio atacante de 30 anos deu a dica, em v\u00eddeo em suas redes sociais, que o momento de sua estreia est\u00e1 muito perto. Dessa forma, espera-se que ele apare\u00e7a no jogo decisivo.<\/p>\n\n\n\n<blockquote class=\"bluesky-embed\" data-bluesky-uri=\"at:\/\/did:plc:qppibbxye2rsq6fnm4tijdfj\/app.bsky.feed.post\/3l4jvcclvzw26\" data-bluesky-cid=\"bafyreicsur6wp7vdkracoriekwqgjhnu25g4bfxa6czuvesg2g37mncjlu\"><p lang=\"pt\">\ud835\udc0c\ud835\udc1e\ud835\udc26\ud835\udc29\ud835\udc21\ud835\udc22\ud835\udc2c \ud83c\uddf3\ud83c\uddf1\n\n\ud83d\udcf8 Rodrigo Coca\n\n#VaiCorinthians<br><br><a href=\"https:\/\/bsky.app\/profile\/did:plc:qppibbxye2rsq6fnm4tijdfj\/post\/3l4jvcclvzw26?ref_src=embed\">[image or embed]<\/a><\/p>&mdash; Corinthians (<a href=\"https:\/\/bsky.app\/profile\/did:plc:qppibbxye2rsq6fnm4tijdfj?ref_src=embed\">@corinthians.com.br<\/a>) <a href=\"https:\/\/bsky.app\/profile\/did:plc:qppibbxye2rsq6fnm4tijdfj\/post\/3l4jvcclvzw26?ref_src=embed\">September 19, 2024 at 5:31 PM<\/a><\/blockquote><script async src=\"https:\/\/embed.bsky.app\/static\/embed.js\" charset=\"utf-8\"><\/script>\n\n\n\n<p>Ali\u00e1s, Memphis vem se destacando nos treinamentos e teve uma conversa bem pr\u00f3xima, no treinamento desta quinta-feira (19), realizado no CT Joaquim Grava, com o treinador Ram\u00f3n D\u00edaz e com o auxiliar Emiliano D\u00edaz.<\/p>\n","protected":false},"excerpt":{"rendered":"<p>Jogo decisivo Ap\u00f3s conseguir abrir uma importante vantagem nas quartas de final da Copa Sul-Americana, ao vencer o Fortaleza por 2 a 0, na Arena Castel\u00e3o, o Corinthians volta suas aten\u00e7\u00f5es no Campeonato Brasileiro, em que vive situa\u00e7\u00e3o muito complicada. Atualmente, o Tim\u00e3o est\u00e1 em 18\u00b0 lugar, com 25 pontos, e ter\u00e1 jogos decisivos com [&hellip;]<\/p>\n","protected":false},"author":26,"featured_media":152536,"comment_status":"open","ping_status":"closed","sticky":false,"template":"","format":"standard","meta":{"footnotes":""},"categories":[141],"tags":[],"class_list":["post-167984","post","type-post","status-publish","format-standard","has-post-thumbnail","hentry","category-corinthians"],"yoast_head":"<!-- This site is optimized with the Yoast SEO Premium plugin v24.2 (Yoast SEO v26.9) - https:\/\/yoast.com\/product\/yoast-seo-premium-wordpress\/ -->\n<title>Corinthians ganha refor\u00e7o para o pr\u00f3ximo jogo do Brasileir\u00e3o<\/title>\n<meta name=\"description\" content=\"Tim\u00e3o entra em campo no pr\u00f3ximo s\u00e1bado (21), contra o Atl\u00e9tico Goianiense, precisando vencer de qualquer jeito\" \/>\n<meta name=\"robots\" content=\"index, follow, max-snippet:-1, max-image-preview:large, max-video-preview:-1\" \/>\n<link rel=\"canonical\" href=\"https:\/\/www.gaveanews.com\/index.php\/2024\/09\/20\/corinthians-ganha-reforco-para-o-proximo-jogo-do-brasileirao\/\" \/>\n<meta property=\"og:locale\" content=\"pt_BR\" \/>\n<meta property=\"og:type\" content=\"article\" \/>\n<meta property=\"og:title\" content=\"Corinthians ganha refor\u00e7o para o pr\u00f3ximo jogo do Brasileir\u00e3o\" \/>\n<meta property=\"og:description\" content=\"Tim\u00e3o entra em campo no pr\u00f3ximo s\u00e1bado (21), contra o Atl\u00e9tico Goianiense, precisando vencer de qualquer jeito\" \/>\n<meta property=\"og:url\" content=\"https:\/\/www.gaveanews.com\/index.php\/2024\/09\/20\/corinthians-ganha-reforco-para-o-proximo-jogo-do-brasileirao\/\" \/>\n<meta property=\"og:site_name\" content=\"G\u00e1vea News\" \/>\n<meta property=\"article:publisher\" content=\"https:\/\/facebook.com\/gaveaNews\/\" \/>\n<meta property=\"article:published_time\" content=\"2024-09-20T21:15:00+00:00\" \/>\n<meta property=\"og:image\" content=\"https:\/\/www.gaveanews.com\/wp-content\/uploads\/Ramon-Diaz-pelo-Corinthians-em-2024.webp\" \/>\n\t<meta property=\"og:image:width\" content=\"1346\" \/>\n\t<meta property=\"og:image:height\" content=\"1009\" \/>\n\t<meta property=\"og:image:type\" content=\"image\/webp\" \/>\n<meta name=\"author\" content=\"Thomas Lagoa\" \/>\n<meta name=\"twitter:card\" content=\"summary_large_image\" \/>\n<meta name=\"twitter:label1\" content=\"Escrito por\" \/>\n\t<meta name=\"twitter:data1\" content=\"Thomas Lagoa\" \/>\n\t<meta name=\"twitter:label2\" content=\"Est. tempo de leitura\" \/>\n\t<meta name=\"twitter:data2\" content=\"3 minutos\" \/>\n<script type=\"application\/ld+json\" class=\"yoast-schema-graph\">{\"@context\":\"https:\/\/schema.org\",\"@graph\":[{\"@type\":\"NewsArticle\",\"@id\":\"https:\/\/www.gaveanews.com\/index.php\/2024\/09\/20\/corinthians-ganha-reforco-para-o-proximo-jogo-do-brasileirao\/#article\",\"isPartOf\":{\"@id\":\"https:\/\/www.gaveanews.com\/index.php\/2024\/09\/20\/corinthians-ganha-reforco-para-o-proximo-jogo-do-brasileirao\/\"},\"author\":{\"name\":\"Thomas Lagoa\",\"@id\":\"https:\/\/www.gaveanews.com\/#\/schema\/person\/94f72788a9abec954fe62594ba04ff40\"},\"headline\":\"Corinthians ganha refor\u00e7o para o pr\u00f3ximo jogo do Brasileir\u00e3o\",\"datePublished\":\"2024-09-20T21:15:00+00:00\",\"mainEntityOfPage\":{\"@id\":\"https:\/\/www.gaveanews.com\/index.php\/2024\/09\/20\/corinthians-ganha-reforco-para-o-proximo-jogo-do-brasileirao\/\"},\"wordCount\":495,\"commentCount\":0,\"image\":{\"@id\":\"https:\/\/www.gaveanews.com\/index.php\/2024\/09\/20\/corinthians-ganha-reforco-para-o-proximo-jogo-do-brasileirao\/#primaryimage\"},\"thumbnailUrl\":\"https:\/\/www.gaveanews.com\/wp-content\/uploads\/Ramon-Diaz-pelo-Corinthians-em-2024.webp\",\"articleSection\":[\"Corinthians\"],\"inLanguage\":\"pt-BR\",\"potentialAction\":[{\"@type\":\"CommentAction\",\"name\":\"Comment\",\"target\":[\"https:\/\/www.gaveanews.com\/index.php\/2024\/09\/20\/corinthians-ganha-reforco-para-o-proximo-jogo-do-brasileirao\/#respond\"]}],\"copyrightYear\":\"2024\",\"copyrightHolder\":{\"@id\":\"https:\/\/www.gaveanews.com\/#organization\"}},{\"@type\":\"WebPage\",\"@id\":\"https:\/\/www.gaveanews.com\/index.php\/2024\/09\/20\/corinthians-ganha-reforco-para-o-proximo-jogo-do-brasileirao\/\",\"url\":\"https:\/\/www.gaveanews.com\/index.php\/2024\/09\/20\/corinthians-ganha-reforco-para-o-proximo-jogo-do-brasileirao\/\",\"name\":\"Corinthians ganha refor\u00e7o para o pr\u00f3ximo jogo do Brasileir\u00e3o\",\"isPartOf\":{\"@id\":\"https:\/\/www.gaveanews.com\/#website\"},\"primaryImageOfPage\":{\"@id\":\"https:\/\/www.gaveanews.com\/index.php\/2024\/09\/20\/corinthians-ganha-reforco-para-o-proximo-jogo-do-brasileirao\/#primaryimage\"},\"image\":{\"@id\":\"https:\/\/www.gaveanews.com\/index.php\/2024\/09\/20\/corinthians-ganha-reforco-para-o-proximo-jogo-do-brasileirao\/#primaryimage\"},\"thumbnailUrl\":\"https:\/\/www.gaveanews.com\/wp-content\/uploads\/Ramon-Diaz-pelo-Corinthians-em-2024.webp\",\"datePublished\":\"2024-09-20T21:15:00+00:00\",\"author\":{\"@id\":\"https:\/\/www.gaveanews.com\/#\/schema\/person\/94f72788a9abec954fe62594ba04ff40\"},\"description\":\"Tim\u00e3o entra em campo no pr\u00f3ximo s\u00e1bado (21), contra o Atl\u00e9tico Goianiense, precisando vencer de qualquer jeito\",\"breadcrumb\":{\"@id\":\"https:\/\/www.gaveanews.com\/index.php\/2024\/09\/20\/corinthians-ganha-reforco-para-o-proximo-jogo-do-brasileirao\/#breadcrumb\"},\"inLanguage\":\"pt-BR\",\"potentialAction\":[{\"@type\":\"ReadAction\",\"target\":[\"https:\/\/www.gaveanews.com\/index.php\/2024\/09\/20\/corinthians-ganha-reforco-para-o-proximo-jogo-do-brasileirao\/\"]}]},{\"@type\":\"ImageObject\",\"inLanguage\":\"pt-BR\",\"@id\":\"https:\/\/www.gaveanews.com\/index.php\/2024\/09\/20\/corinthians-ganha-reforco-para-o-proximo-jogo-do-brasileirao\/#primaryimage\",\"url\":\"https:\/\/www.gaveanews.com\/wp-content\/uploads\/Ramon-Diaz-pelo-Corinthians-em-2024.webp\",\"contentUrl\":\"https:\/\/www.gaveanews.com\/wp-content\/uploads\/Ramon-Diaz-pelo-Corinthians-em-2024.webp\",\"width\":1346,\"height\":1009,\"caption\":\"Ram\u00f3n D\u00edaz pelo Corinthians em 2024 (Foto: Reprodu\u00e7\u00e3o\/Corinthians)\"},{\"@type\":\"BreadcrumbList\",\"@id\":\"https:\/\/www.gaveanews.com\/index.php\/2024\/09\/20\/corinthians-ganha-reforco-para-o-proximo-jogo-do-brasileirao\/#breadcrumb\",\"itemListElement\":[{\"@type\":\"ListItem\",\"position\":1,\"name\":\"Home\",\"item\":\"https:\/\/www.gaveanews.com\/\"},{\"@type\":\"ListItem\",\"position\":2,\"name\":\"Corinthians ganha refor\u00e7o para o pr\u00f3ximo jogo do Brasileir\u00e3o\"}]},{\"@type\":\"WebSite\",\"@id\":\"https:\/\/www.gaveanews.com\/#website\",\"url\":\"https:\/\/www.gaveanews.com\/\",\"name\":\"G\u00e1vea News\",\"description\":\"Veja todas as not\u00edcias sobre o Flamengo: Contrata\u00e7\u00f5es, categorias de base, resultados das partidas, tabela de classifica\u00e7\u00e3o, pr\u00f3ximos jogos!\",\"potentialAction\":[{\"@type\":\"SearchAction\",\"target\":{\"@type\":\"EntryPoint\",\"urlTemplate\":\"https:\/\/www.gaveanews.com\/?s={search_term_string}\"},\"query-input\":{\"@type\":\"PropertyValueSpecification\",\"valueRequired\":true,\"valueName\":\"search_term_string\"}}],\"inLanguage\":\"pt-BR\"},{\"@type\":\"Person\",\"@id\":\"https:\/\/www.gaveanews.com\/#\/schema\/person\/94f72788a9abec954fe62594ba04ff40\",\"name\":\"Thomas Lagoa\",\"image\":{\"@type\":\"ImageObject\",\"inLanguage\":\"pt-BR\",\"@id\":\"https:\/\/www.gaveanews.com\/#\/schema\/person\/image\/\",\"url\":\"https:\/\/secure.gravatar.com\/avatar\/65b40a047623a8007d4c7eb1bd0fa5753fc73b74a3bea0092a01bbd0428fe135?s=96&d=mm&r=g\",\"contentUrl\":\"https:\/\/secure.gravatar.com\/avatar\/65b40a047623a8007d4c7eb1bd0fa5753fc73b74a3bea0092a01bbd0428fe135?s=96&d=mm&r=g\",\"caption\":\"Thomas Lagoa\"}}]}<\/script>\n<!-- \/ Yoast SEO Premium plugin. -->","yoast_head_json":{"title":"Corinthians ganha refor\u00e7o para o pr\u00f3ximo jogo do Brasileir\u00e3o","description":"Tim\u00e3o entra em campo no pr\u00f3ximo s\u00e1bado (21), contra o Atl\u00e9tico Goianiense, precisando vencer de qualquer jeito","robots":{"index":"index","follow":"follow","max-snippet":"max-snippet:-1","max-image-preview":"max-image-preview:large","max-video-preview":"max-video-preview:-1"},"canonical":"https:\/\/www.gaveanews.com\/index.php\/2024\/09\/20\/corinthians-ganha-reforco-para-o-proximo-jogo-do-brasileirao\/","og_locale":"pt_BR","og_type":"article","og_title":"Corinthians ganha refor\u00e7o para o pr\u00f3ximo jogo do Brasileir\u00e3o","og_description":"Tim\u00e3o entra em campo no pr\u00f3ximo s\u00e1bado (21), contra o Atl\u00e9tico Goianiense, precisando vencer de qualquer jeito","og_url":"https:\/\/www.gaveanews.com\/index.php\/2024\/09\/20\/corinthians-ganha-reforco-para-o-proximo-jogo-do-brasileirao\/","og_site_name":"G\u00e1vea News","article_publisher":"https:\/\/facebook.com\/gaveaNews\/","article_published_time":"2024-09-20T21:15:00+00:00","og_image":[{"width":1346,"height":1009,"url":"https:\/\/www.gaveanews.com\/wp-content\/uploads\/Ramon-Diaz-pelo-Corinthians-em-2024.webp","type":"image\/webp"}],"author":"Thomas Lagoa","twitter_card":"summary_large_image","twitter_misc":{"Escrito por":"Thomas Lagoa","Est. tempo de leitura":"3 minutos"},"schema":{"@context":"https:\/\/schema.org","@graph":[{"@type":"NewsArticle","@id":"https:\/\/www.gaveanews.com\/index.php\/2024\/09\/20\/corinthians-ganha-reforco-para-o-proximo-jogo-do-brasileirao\/#article","isPartOf":{"@id":"https:\/\/www.gaveanews.com\/index.php\/2024\/09\/20\/corinthians-ganha-reforco-para-o-proximo-jogo-do-brasileirao\/"},"author":{"name":"Thomas Lagoa","@id":"https:\/\/www.gaveanews.com\/#\/schema\/person\/94f72788a9abec954fe62594ba04ff40"},"headline":"Corinthians ganha refor\u00e7o para o pr\u00f3ximo jogo do Brasileir\u00e3o","datePublished":"2024-09-20T21:15:00+00:00","mainEntityOfPage":{"@id":"https:\/\/www.gaveanews.com\/index.php\/2024\/09\/20\/corinthians-ganha-reforco-para-o-proximo-jogo-do-brasileirao\/"},"wordCount":495,"commentCount":0,"image":{"@id":"https:\/\/www.gaveanews.com\/index.php\/2024\/09\/20\/corinthians-ganha-reforco-para-o-proximo-jogo-do-brasileirao\/#primaryimage"},"thumbnailUrl":"https:\/\/www.gaveanews.com\/wp-content\/uploads\/Ramon-Diaz-pelo-Corinthians-em-2024.webp","articleSection":["Corinthians"],"inLanguage":"pt-BR","potentialAction":[{"@type":"CommentAction","name":"Comment","target":["https:\/\/www.gaveanews.com\/index.php\/2024\/09\/20\/corinthians-ganha-reforco-para-o-proximo-jogo-do-brasileirao\/#respond"]}],"copyrightYear":"2024","copyrightHolder":{"@id":"https:\/\/www.gaveanews.com\/#organization"}},{"@type":"WebPage","@id":"https:\/\/www.gaveanews.com\/index.php\/2024\/09\/20\/corinthians-ganha-reforco-para-o-proximo-jogo-do-brasileirao\/","url":"https:\/\/www.gaveanews.com\/index.php\/2024\/09\/20\/corinthians-ganha-reforco-para-o-proximo-jogo-do-brasileirao\/","name":"Corinthians ganha refor\u00e7o para o pr\u00f3ximo jogo do Brasileir\u00e3o","isPartOf":{"@id":"https:\/\/www.gaveanews.com\/#website"},"primaryImageOfPage":{"@id":"https:\/\/www.gaveanews.com\/index.php\/2024\/09\/20\/corinthians-ganha-reforco-para-o-proximo-jogo-do-brasileirao\/#primaryimage"},"image":{"@id":"https:\/\/www.gaveanews.com\/index.php\/2024\/09\/20\/corinthians-ganha-reforco-para-o-proximo-jogo-do-brasileirao\/#primaryimage"},"thumbnailUrl":"https:\/\/www.gaveanews.com\/wp-content\/uploads\/Ramon-Diaz-pelo-Corinthians-em-2024.webp","datePublished":"2024-09-20T21:15:00+00:00","author":{"@id":"https:\/\/www.gaveanews.com\/#\/schema\/person\/94f72788a9abec954fe62594ba04ff40"},"description":"Tim\u00e3o entra em campo no pr\u00f3ximo s\u00e1bado (21), contra o Atl\u00e9tico Goianiense, precisando vencer de qualquer jeito","breadcrumb":{"@id":"https:\/\/www.gaveanews.com\/index.php\/2024\/09\/20\/corinthians-ganha-reforco-para-o-proximo-jogo-do-brasileirao\/#breadcrumb"},"inLanguage":"pt-BR","potentialAction":[{"@type":"ReadAction","target":["https:\/\/www.gaveanews.com\/index.php\/2024\/09\/20\/corinthians-ganha-reforco-para-o-proximo-jogo-do-brasileirao\/"]}]},{"@type":"ImageObject","inLanguage":"pt-BR","@id":"https:\/\/www.gaveanews.com\/index.php\/2024\/09\/20\/corinthians-ganha-reforco-para-o-proximo-jogo-do-brasileirao\/#primaryimage","url":"https:\/\/www.gaveanews.com\/wp-content\/uploads\/Ramon-Diaz-pelo-Corinthians-em-2024.webp","contentUrl":"https:\/\/www.gaveanews.com\/wp-content\/uploads\/Ramon-Diaz-pelo-Corinthians-em-2024.webp","width":1346,"height":1009,"caption":"Ram\u00f3n D\u00edaz pelo Corinthians em 2024 (Foto: Reprodu\u00e7\u00e3o\/Corinthians)"},{"@type":"BreadcrumbList","@id":"https:\/\/www.gaveanews.com\/index.php\/2024\/09\/20\/corinthians-ganha-reforco-para-o-proximo-jogo-do-brasileirao\/#breadcrumb","itemListElement":[{"@type":"ListItem","position":1,"name":"Home","item":"https:\/\/www.gaveanews.com\/"},{"@type":"ListItem","position":2,"name":"Corinthians ganha refor\u00e7o para o pr\u00f3ximo jogo do Brasileir\u00e3o"}]},{"@type":"WebSite","@id":"https:\/\/www.gaveanews.com\/#website","url":"https:\/\/www.gaveanews.com\/","name":"G\u00e1vea News","description":"Veja todas as not\u00edcias sobre o Flamengo: Contrata\u00e7\u00f5es, categorias de base, resultados das partidas, tabela de classifica\u00e7\u00e3o, pr\u00f3ximos jogos!","potentialAction":[{"@type":"SearchAction","target":{"@type":"EntryPoint","urlTemplate":"https:\/\/www.gaveanews.com\/?s={search_term_string}"},"query-input":{"@type":"PropertyValueSpecification","valueRequired":true,"valueName":"search_term_string"}}],"inLanguage":"pt-BR"},{"@type":"Person","@id":"https:\/\/www.gaveanews.com\/#\/schema\/person\/94f72788a9abec954fe62594ba04ff40","name":"Thomas Lagoa","image":{"@type":"ImageObject","inLanguage":"pt-BR","@id":"https:\/\/www.gaveanews.com\/#\/schema\/person\/image\/","url":"https:\/\/secure.gravatar.com\/avatar\/65b40a047623a8007d4c7eb1bd0fa5753fc73b74a3bea0092a01bbd0428fe135?s=96&d=mm&r=g","contentUrl":"https:\/\/secure.gravatar.com\/avatar\/65b40a047623a8007d4c7eb1bd0fa5753fc73b74a3bea0092a01bbd0428fe135?s=96&d=mm&r=g","caption":"Thomas Lagoa"}}]}},"_links":{"self":[{"href":"https:\/\/www.gaveanews.com\/index.php\/wp-json\/wp\/v2\/posts\/167984","targetHints":{"allow":["GET"]}}],"collection":[{"href":"https:\/\/www.gaveanews.com\/index.php\/wp-json\/wp\/v2\/posts"}],"about":[{"href":"https:\/\/www.gaveanews.com\/index.php\/wp-json\/wp\/v2\/types\/post"}],"author":[{"embeddable":true,"href":"https:\/\/www.gaveanews.com\/index.php\/wp-json\/wp\/v2\/users\/26"}],"replies":[{"embeddable":true,"href":"https:\/\/www.gaveanews.com\/index.php\/wp-json\/wp\/v2\/comments?post=167984"}],"version-history":[{"count":2,"href":"https:\/\/www.gaveanews.com\/index.php\/wp-json\/wp\/v2\/posts\/167984\/revisions"}],"predecessor-version":[{"id":168062,"href":"https:\/\/www.gaveanews.com\/index.php\/wp-json\/wp\/v2\/posts\/167984\/revisions\/168062"}],"wp:featuredmedia":[{"embeddable":true,"href":"https:\/\/www.gaveanews.com\/index.php\/wp-json\/wp\/v2\/media\/152536"}],"wp:attachment":[{"href":"https:\/\/www.gaveanews.com\/index.php\/wp-json\/wp\/v2\/media?parent=167984"}],"wp:term":[{"taxonomy":"category","embeddable":true,"href":"https:\/\/www.gaveanews.com\/index.php\/wp-json\/wp\/v2\/categories?post=167984"},{"taxonomy":"post_tag","embeddable":true,"href":"https:\/\/www.gaveanews.com\/index.php\/wp-json\/wp\/v2\/tags?post=167984"}],"curies":[{"name":"wp","href":"https:\/\/api.w.org\/{rel}","templated":true}]}}