{"id":168265,"date":"2024-09-21T16:00:00","date_gmt":"2024-09-21T19:00:00","guid":{"rendered":"https:\/\/www.gaveanews.com\/?p=168265"},"modified":"2024-09-21T12:55:19","modified_gmt":"2024-09-21T15:55:19","slug":"lyanco-se-manifesta-escolha-de-milito-para-o-jogo-contra-o-bragantino-e-scarpa-fala-sobre-a-torcida-do-fluminense-as-ultimas-noticias-do-atletico-mg","status":"publish","type":"post","link":"https:\/\/www.gaveanews.com\/index.php\/2024\/09\/21\/lyanco-se-manifesta-escolha-de-milito-para-o-jogo-contra-o-bragantino-e-scarpa-fala-sobre-a-torcida-do-fluminense-as-ultimas-noticias-do-atletico-mg\/","title":{"rendered":"Lyanco se manifesta, escolha de Milito para o jogo contra o Bragantino e Scarpa fala sobre a torcida do Fluminense: as \u00faltimas not\u00edcias do Atl\u00e9tico-MG"},"content":{"rendered":"\n<p>Nas \u00faltimas horas, o foco das not\u00edcias sobre o Atl\u00e9tico MG  se concentram nos bastidores do clube, com destaques como a escolha de Milito para o pr\u00f3ximo jogo e a declara\u00e7\u00e3o de Lyanco sobre pol\u00eamica.<\/p>\n\n\n\n<p>Por conta deste contexto, leia abaixo um resumo preparado pela equipe do portal G\u00e1vea News para lhe manter muito bem informado!<\/p>\n\n\n\n<h2 class=\"wp-block-heading\" id=\"h-escolha-de-milito-para-o-jogo-contra-o-bragantino\">Escolha de Milito para o jogo contra o Bragantino<\/h2>\n\n\n\n<figure class=\"wp-block-image size-full\"><img loading=\"lazy\" decoding=\"async\" width=\"799\" height=\"533\" src=\"https:\/\/www.gaveanews.com\/wp-content\/uploads\/Gabriel-Milito-durante-a-partida-entre-Gremio-e-Atletico-MG-pelo-Brasileirao-2024.webp\" alt=\"\" class=\"wp-image-149060\" srcset=\"https:\/\/www.gaveanews.com\/wp-content\/uploads\/Gabriel-Milito-durante-a-partida-entre-Gremio-e-Atletico-MG-pelo-Brasileirao-2024.webp 799w, https:\/\/www.gaveanews.com\/wp-content\/uploads\/Gabriel-Milito-durante-a-partida-entre-Gremio-e-Atletico-MG-pelo-Brasileirao-2024-300x200.webp 300w, https:\/\/www.gaveanews.com\/wp-content\/uploads\/Gabriel-Milito-durante-a-partida-entre-Gremio-e-Atletico-MG-pelo-Brasileirao-2024-768x512.webp 768w, https:\/\/www.gaveanews.com\/wp-content\/uploads\/Gabriel-Milito-durante-a-partida-entre-Gremio-e-Atletico-MG-pelo-Brasileirao-2024-630x420.webp 630w, https:\/\/www.gaveanews.com\/wp-content\/uploads\/Gabriel-Milito-durante-a-partida-entre-Gremio-e-Atletico-MG-pelo-Brasileirao-2024-640x427.webp 640w, https:\/\/www.gaveanews.com\/wp-content\/uploads\/Gabriel-Milito-durante-a-partida-entre-Gremio-e-Atletico-MG-pelo-Brasileirao-2024-681x454.webp 681w, https:\/\/www.gaveanews.com\/wp-content\/uploads\/Gabriel-Milito-durante-a-partida-entre-Gremio-e-Atletico-MG-pelo-Brasileirao-2024-100x67.webp 100w\" sizes=\"auto, (max-width: 799px) 100vw, 799px\" \/><figcaption class=\"wp-element-caption\">Gabriel Milito durante a partida entre Gr\u00eamio e Atl\u00e9tico-MG pelo Brasileir\u00e3o 2024 (Foto: Pedro Souza\/Atl\u00e9tico)<\/figcaption><\/figure>\n\n\n\n<p>O t\u00e9cnico Gabriel Milito, do Atl\u00e9tico-MG, deve optar por escalar uma equipe alternativa no confronto contra o RB Bragantino, pela 27\u00aa rodada do Campeonato Brasileiro, visando preservar seus principais jogadores para o decisivo duelo contra o Fluminense, pelas quartas de final da Copa Libertadores. O Galo busca reverter a derrota de 1 a 0 sofrida no primeiro jogo, priorizando assim o confronto da pr\u00f3xima quarta-feira, tamb\u00e9m na Arena MRV, em Belo Horizonte.<strong> <a href=\"https:\/\/www.gaveanews.com\/index.php\/2024\/09\/20\/atletico-mg-x-bragantino-milito-vai-poupar-ou-vai-com-os-titulares\/\">(leia a mat\u00e9ria completa).<\/a><\/strong><\/p>\n\n\n\n<p>Milito considera poupar atletas como Mariano, Lyanco, Rubens, Igor Gomes e Deyverson, oferecendo-lhes uma nova chance de atuar como titulares neste fim de semana. A prov\u00e1vel escala\u00e7\u00e3o para o jogo deste domingo inclui Everson no gol, acompanhado por uma linha defensiva formada por Mariano, Lyanco, Bruno Fuchs e Rubens. No meio-campo, Fausto Vera e Alan Franco devem compor a dupla de volantes, com Igor Gomes e Gustavo Scarpa na cria\u00e7\u00e3o, e Paulinho e Deyverson no ataque. Alguns dos principais nomes da equipe, como Hulk e Bernard, dever\u00e3o come\u00e7ar no banco.<\/p>\n\n\n\n<p>Al\u00e9m da preserva\u00e7\u00e3o f\u00edsica dos atletas, o Atl\u00e9tico-MG enfrenta quatro desfalques por les\u00e3o: Saravia, Ot\u00e1vio, Zaracho e Alisson seguem fora. Ocupando a 10\u00aa posi\u00e7\u00e3o no Brasileir\u00e3o, com 33 pontos, o Galo precisa de uma vit\u00f3ria contra o Bragantino para manter as chances de classifica\u00e7\u00e3o para a Libertadores do pr\u00f3ximo ano via campeonato nacional. Ap\u00f3s esse confronto, o time voltar\u00e1 suas aten\u00e7\u00f5es para o dif\u00edcil desafio de reverter a desvantagem no torneio continental.<\/p>\n\n\n\n<h2 class=\"wp-block-heading\" id=\"h-lyanco-se-manifesta\">Lyanco se manifesta<\/h2>\n\n\n\n<figure class=\"wp-block-image size-full\"><img loading=\"lazy\" decoding=\"async\" width=\"795\" height=\"448\" src=\"https:\/\/www.gaveanews.com\/wp-content\/uploads\/lyanco-1.webp\" alt=\"\" class=\"wp-image-149654\" srcset=\"https:\/\/www.gaveanews.com\/wp-content\/uploads\/lyanco-1.webp 795w, https:\/\/www.gaveanews.com\/wp-content\/uploads\/lyanco-1-300x169.webp 300w, https:\/\/www.gaveanews.com\/wp-content\/uploads\/lyanco-1-768x433.webp 768w, https:\/\/www.gaveanews.com\/wp-content\/uploads\/lyanco-1-745x420.webp 745w, https:\/\/www.gaveanews.com\/wp-content\/uploads\/lyanco-1-640x361.webp 640w, https:\/\/www.gaveanews.com\/wp-content\/uploads\/lyanco-1-681x384.webp 681w, https:\/\/www.gaveanews.com\/wp-content\/uploads\/lyanco-1-100x56.webp 100w\" sizes=\"auto, (max-width: 795px) 100vw, 795px\" \/><figcaption class=\"wp-element-caption\">Foto: Divulga\u00e7\u00e3o\/Al-Gharafa\n<\/figcaption><\/figure>\n\n\n\n<p>Durante o intervalo da partida entre Atl\u00e9tico-MG e Fluminense, uma discuss\u00e3o acalorada entre Hulk e Gustavo Scarpa chamou aten\u00e7\u00e3o, gerando pol\u00eamica. A tens\u00e3o come\u00e7ou quando Scarpa fez uma jogada que contrariou a expectativa de Hulk, o que levou o camisa 7 a cobrar explica\u00e7\u00f5es do companheiro de equipe. A troca de palavras evoluiu para um desentendimento mais grave, especialmente ap\u00f3s Lyanco intervir empurrando Scarpa, o que aumentou ainda mais a repercuss\u00e3o nas redes sociais.<a href=\"https:\/\/www.gaveanews.com\/index.php\/2024\/09\/20\/lyanco-do-atletico-mg-se-pronuncia-em-suas-redes-socias-apos-polemica-com-scarpa\/\"><strong> (leia a mat\u00e9ria completa).<\/strong><\/a><\/p>\n\n\n\n<p>Lyanco afirmou que sua inten\u00e7\u00e3o era apenas apaziguar a situa\u00e7\u00e3o e conduzir os jogadores para resolverem o problema no vesti\u00e1rio, longe dos olhares do p\u00fablico e das c\u00e2meras. Ele criticou duramente os internautas que julgaram sua atitude de forma negativa, chamando-os de \u201chomenzinhos de internet\u201d e refor\u00e7ando que as tens\u00f5es dentro de campo s\u00e3o normais em um ambiente de alta competitividade, especialmente em jogos decisivos como aquele. O jogador fez quest\u00e3o de enfatizar que sua a\u00e7\u00e3o n\u00e3o tinha qualquer inten\u00e7\u00e3o de agress\u00e3o e que n\u00e3o h\u00e1 problemas pessoais entre ele e os companheiros.<\/p>\n\n\n\n<p>Ap\u00f3s a derrota para o Fluminense, o Atl\u00e9tico-MG agora se prepara para o dif\u00edcil confronto de volta, que acontecer\u00e1 na Arena MRV. Com a necessidade de reverter o placar adverso, o time mineiro precisar\u00e1 superar o atual campe\u00e3o da competi\u00e7\u00e3o para continuar vivo na Libertadores. A partida ser\u00e1 realizada na quarta-feira \u00e0s 19 horas, em Belo Horizonte.<\/p>\n\n\n\n<h2 class=\"wp-block-heading\" id=\"h-scarpa-fala-sobre-a-torcida-do-fluminense\">Scarpa fala sobre a torcida do Fluminense<\/h2>\n\n\n\n<figure class=\"wp-block-image size-large\"><img loading=\"lazy\" decoding=\"async\" width=\"1024\" height=\"512\" src=\"https:\/\/www.gaveanews.com\/wp-content\/uploads\/Gustavo-Scarpa-no-Atletico-Mineiro-Foto-Pedro-Souza-Atletico-Esporte-News-Mundo-1024x512.webp\" alt=\"Gustavo Scarpa no Atl\u00e9tico Mineiro (Foto Pedro Souza Atl\u00e9tico Esporte News Mundo)\" class=\"wp-image-150531\" srcset=\"https:\/\/www.gaveanews.com\/wp-content\/uploads\/Gustavo-Scarpa-no-Atletico-Mineiro-Foto-Pedro-Souza-Atletico-Esporte-News-Mundo-1024x512.webp 1024w, https:\/\/www.gaveanews.com\/wp-content\/uploads\/Gustavo-Scarpa-no-Atletico-Mineiro-Foto-Pedro-Souza-Atletico-Esporte-News-Mundo-300x150.webp 300w, https:\/\/www.gaveanews.com\/wp-content\/uploads\/Gustavo-Scarpa-no-Atletico-Mineiro-Foto-Pedro-Souza-Atletico-Esporte-News-Mundo-768x384.webp 768w, https:\/\/www.gaveanews.com\/wp-content\/uploads\/Gustavo-Scarpa-no-Atletico-Mineiro-Foto-Pedro-Souza-Atletico-Esporte-News-Mundo-840x420.webp 840w, https:\/\/www.gaveanews.com\/wp-content\/uploads\/Gustavo-Scarpa-no-Atletico-Mineiro-Foto-Pedro-Souza-Atletico-Esporte-News-Mundo-640x320.webp 640w, https:\/\/www.gaveanews.com\/wp-content\/uploads\/Gustavo-Scarpa-no-Atletico-Mineiro-Foto-Pedro-Souza-Atletico-Esporte-News-Mundo-681x341.webp 681w, https:\/\/www.gaveanews.com\/wp-content\/uploads\/Gustavo-Scarpa-no-Atletico-Mineiro-Foto-Pedro-Souza-Atletico-Esporte-News-Mundo-100x50.webp 100w, https:\/\/www.gaveanews.com\/wp-content\/uploads\/Gustavo-Scarpa-no-Atletico-Mineiro-Foto-Pedro-Souza-Atletico-Esporte-News-Mundo.webp 1200w\" sizes=\"auto, (max-width: 1024px) 100vw, 1024px\" \/><figcaption class=\"wp-element-caption\">Gustavo Scarpa no Atl\u00e9tico Mineiro (Foto Pedro Souza Atl\u00e9tico Esporte News Mundo)<\/figcaption><\/figure>\n\n\n\n<p>Gustavo Scarpa, atualmente no Atl\u00e9tico Mineiro, teve uma passagem marcante pelo Fluminense no in\u00edcio de sua carreira, mas deixou o clube de forma conturbada para jogar no Palmeiras, onde se tornou \u00eddolo. Ap\u00f3s um per\u00edodo pouco expressivo na Europa, Scarpa retornou ao futebol brasileiro e, em um reencontro significativo, enfrentou seu ex-clube, agora defendendo as cores do Galo. Na partida, que terminou com vit\u00f3ria do Fluminense, Scarpa foi intensamente vaiado pela torcida tricolor, que ainda guarda m\u00e1goas pela sua sa\u00edda judicial contra o clube.<a href=\"https:\/\/www.gaveanews.com\/index.php\/2024\/09\/20\/a-declaracao-de-scarpa-direcionada-a-torcida-do-fluminense\/\"><strong> (leia a mat\u00e9ria completa).<\/strong><\/a><\/p>\n\n\n\n<p>Comentando sobre as vaias, Scarpa demonstrou compreens\u00e3o e bom humor diante da situa\u00e7\u00e3o. Ele reconheceu que a torcida tem seus motivos e afirmou que n\u00e3o leva as ofensas para o lado pessoal, tratando-as de maneira descontra\u00edda. Para o meia, a rivalidade e as rea\u00e7\u00f5es dos torcedores s\u00e3o normais no futebol, e ele escolheu lidar com isso de forma leve. Mesmo com o ambiente hostil, Scarpa manteve foco no confronto e aceitou as provoca\u00e7\u00f5es com serenidade.<\/p>\n\n\n\n<p>Entre 2014 e 2017, Scarpa disputou 154 partidas pelo Fluminense, marcou 26 gols e contribuiu com 40 assist\u00eancias, al\u00e9m de ter conquistado a Primeira Liga em 2016. No entanto, sua sa\u00edda turbulenta envolveu um processo judicial contra o clube por atrasos salariais, que culminou em sua transfer\u00eancia para o Palmeiras.<\/p>\n","protected":false},"excerpt":{"rendered":"<p>Nas \u00faltimas horas, o foco das not\u00edcias sobre o Atl\u00e9tico MG se concentram nos bastidores do clube, com destaques como a escolha de Milito para o pr\u00f3ximo jogo e a declara\u00e7\u00e3o de Lyanco sobre pol\u00eamica. Por conta deste contexto, leia abaixo um resumo preparado pela equipe do portal G\u00e1vea News para lhe manter muito bem [&hellip;]<\/p>\n","protected":false},"author":27,"featured_media":153999,"comment_status":"open","ping_status":"closed","sticky":false,"template":"","format":"standard","meta":{"footnotes":""},"categories":[136],"tags":[],"class_list":["post-168265","post","type-post","status-publish","format-standard","has-post-thumbnail","hentry","category-atletico-mg"],"yoast_head":"<!-- This site is optimized with the Yoast SEO Premium plugin v24.2 (Yoast SEO v26.9) - https:\/\/yoast.com\/product\/yoast-seo-premium-wordpress\/ -->\n<title>Lyanco se manifesta, escolha de Milito para o jogo contra o Bragantino e Scarpa fala sobre a torcida do Fluminense: as \u00faltimas not\u00edcias do Atl\u00e9tico-MG<\/title>\n<meta name=\"robots\" content=\"index, follow, max-snippet:-1, max-image-preview:large, max-video-preview:-1\" \/>\n<link rel=\"canonical\" href=\"https:\/\/www.gaveanews.com\/index.php\/2024\/09\/21\/lyanco-se-manifesta-escolha-de-milito-para-o-jogo-contra-o-bragantino-e-scarpa-fala-sobre-a-torcida-do-fluminense-as-ultimas-noticias-do-atletico-mg\/\" \/>\n<meta property=\"og:locale\" content=\"pt_BR\" \/>\n<meta property=\"og:type\" content=\"article\" \/>\n<meta property=\"og:title\" content=\"Lyanco se manifesta, escolha de Milito para o jogo contra o Bragantino e Scarpa fala sobre a torcida do Fluminense: as \u00faltimas not\u00edcias do Atl\u00e9tico-MG\" \/>\n<meta property=\"og:description\" content=\"Nas \u00faltimas horas, o foco das not\u00edcias sobre o Atl\u00e9tico MG se concentram nos bastidores do clube, com destaques como a escolha de Milito para o pr\u00f3ximo jogo e a declara\u00e7\u00e3o de Lyanco sobre pol\u00eamica. Por conta deste contexto, leia abaixo um resumo preparado pela equipe do portal G\u00e1vea News para lhe manter muito bem [&hellip;]\" \/>\n<meta property=\"og:url\" content=\"https:\/\/www.gaveanews.com\/index.php\/2024\/09\/21\/lyanco-se-manifesta-escolha-de-milito-para-o-jogo-contra-o-bragantino-e-scarpa-fala-sobre-a-torcida-do-fluminense-as-ultimas-noticias-do-atletico-mg\/\" \/>\n<meta property=\"og:site_name\" content=\"G\u00e1vea News\" \/>\n<meta property=\"article:publisher\" content=\"https:\/\/facebook.com\/gaveaNews\/\" \/>\n<meta property=\"article:published_time\" content=\"2024-09-21T19:00:00+00:00\" \/>\n<meta property=\"og:image\" content=\"https:\/\/www.gaveanews.com\/wp-content\/uploads\/Estadio-do-Atletico-MG.webp\" \/>\n\t<meta property=\"og:image:width\" content=\"900\" \/>\n\t<meta property=\"og:image:height\" content=\"600\" \/>\n\t<meta property=\"og:image:type\" content=\"image\/webp\" \/>\n<meta name=\"author\" content=\"Matheus Felipe\" \/>\n<meta name=\"twitter:card\" content=\"summary_large_image\" \/>\n<meta name=\"twitter:label1\" content=\"Escrito por\" \/>\n\t<meta name=\"twitter:data1\" content=\"Matheus Felipe\" \/>\n\t<meta name=\"twitter:label2\" content=\"Est. tempo de leitura\" \/>\n\t<meta name=\"twitter:data2\" content=\"6 minutos\" \/>\n<script type=\"application\/ld+json\" class=\"yoast-schema-graph\">{\"@context\":\"https:\/\/schema.org\",\"@graph\":[{\"@type\":\"NewsArticle\",\"@id\":\"https:\/\/www.gaveanews.com\/index.php\/2024\/09\/21\/lyanco-se-manifesta-escolha-de-milito-para-o-jogo-contra-o-bragantino-e-scarpa-fala-sobre-a-torcida-do-fluminense-as-ultimas-noticias-do-atletico-mg\/#article\",\"isPartOf\":{\"@id\":\"https:\/\/www.gaveanews.com\/index.php\/2024\/09\/21\/lyanco-se-manifesta-escolha-de-milito-para-o-jogo-contra-o-bragantino-e-scarpa-fala-sobre-a-torcida-do-fluminense-as-ultimas-noticias-do-atletico-mg\/\"},\"author\":{\"name\":\"Matheus Felipe\",\"@id\":\"https:\/\/www.gaveanews.com\/#\/schema\/person\/8207cd4627f56151707418bfc835b2fb\"},\"headline\":\"Lyanco se manifesta, escolha de Milito para o jogo contra o Bragantino e Scarpa fala sobre a torcida do Fluminense: as \u00faltimas not\u00edcias do Atl\u00e9tico-MG\",\"datePublished\":\"2024-09-21T19:00:00+00:00\",\"mainEntityOfPage\":{\"@id\":\"https:\/\/www.gaveanews.com\/index.php\/2024\/09\/21\/lyanco-se-manifesta-escolha-de-milito-para-o-jogo-contra-o-bragantino-e-scarpa-fala-sobre-a-torcida-do-fluminense-as-ultimas-noticias-do-atletico-mg\/\"},\"wordCount\":883,\"commentCount\":0,\"image\":{\"@id\":\"https:\/\/www.gaveanews.com\/index.php\/2024\/09\/21\/lyanco-se-manifesta-escolha-de-milito-para-o-jogo-contra-o-bragantino-e-scarpa-fala-sobre-a-torcida-do-fluminense-as-ultimas-noticias-do-atletico-mg\/#primaryimage\"},\"thumbnailUrl\":\"https:\/\/www.gaveanews.com\/wp-content\/uploads\/Estadio-do-Atletico-MG.webp\",\"articleSection\":[\"Atl\u00e9tico-MG\"],\"inLanguage\":\"pt-BR\",\"potentialAction\":[{\"@type\":\"CommentAction\",\"name\":\"Comment\",\"target\":[\"https:\/\/www.gaveanews.com\/index.php\/2024\/09\/21\/lyanco-se-manifesta-escolha-de-milito-para-o-jogo-contra-o-bragantino-e-scarpa-fala-sobre-a-torcida-do-fluminense-as-ultimas-noticias-do-atletico-mg\/#respond\"]}],\"copyrightYear\":\"2024\",\"copyrightHolder\":{\"@id\":\"https:\/\/www.gaveanews.com\/#organization\"}},{\"@type\":\"WebPage\",\"@id\":\"https:\/\/www.gaveanews.com\/index.php\/2024\/09\/21\/lyanco-se-manifesta-escolha-de-milito-para-o-jogo-contra-o-bragantino-e-scarpa-fala-sobre-a-torcida-do-fluminense-as-ultimas-noticias-do-atletico-mg\/\",\"url\":\"https:\/\/www.gaveanews.com\/index.php\/2024\/09\/21\/lyanco-se-manifesta-escolha-de-milito-para-o-jogo-contra-o-bragantino-e-scarpa-fala-sobre-a-torcida-do-fluminense-as-ultimas-noticias-do-atletico-mg\/\",\"name\":\"Lyanco se manifesta, escolha de Milito para o jogo contra o Bragantino e Scarpa fala sobre a torcida do Fluminense: as \u00faltimas not\u00edcias do Atl\u00e9tico-MG\",\"isPartOf\":{\"@id\":\"https:\/\/www.gaveanews.com\/#website\"},\"primaryImageOfPage\":{\"@id\":\"https:\/\/www.gaveanews.com\/index.php\/2024\/09\/21\/lyanco-se-manifesta-escolha-de-milito-para-o-jogo-contra-o-bragantino-e-scarpa-fala-sobre-a-torcida-do-fluminense-as-ultimas-noticias-do-atletico-mg\/#primaryimage\"},\"image\":{\"@id\":\"https:\/\/www.gaveanews.com\/index.php\/2024\/09\/21\/lyanco-se-manifesta-escolha-de-milito-para-o-jogo-contra-o-bragantino-e-scarpa-fala-sobre-a-torcida-do-fluminense-as-ultimas-noticias-do-atletico-mg\/#primaryimage\"},\"thumbnailUrl\":\"https:\/\/www.gaveanews.com\/wp-content\/uploads\/Estadio-do-Atletico-MG.webp\",\"datePublished\":\"2024-09-21T19:00:00+00:00\",\"author\":{\"@id\":\"https:\/\/www.gaveanews.com\/#\/schema\/person\/8207cd4627f56151707418bfc835b2fb\"},\"breadcrumb\":{\"@id\":\"https:\/\/www.gaveanews.com\/index.php\/2024\/09\/21\/lyanco-se-manifesta-escolha-de-milito-para-o-jogo-contra-o-bragantino-e-scarpa-fala-sobre-a-torcida-do-fluminense-as-ultimas-noticias-do-atletico-mg\/#breadcrumb\"},\"inLanguage\":\"pt-BR\",\"potentialAction\":[{\"@type\":\"ReadAction\",\"target\":[\"https:\/\/www.gaveanews.com\/index.php\/2024\/09\/21\/lyanco-se-manifesta-escolha-de-milito-para-o-jogo-contra-o-bragantino-e-scarpa-fala-sobre-a-torcida-do-fluminense-as-ultimas-noticias-do-atletico-mg\/\"]}]},{\"@type\":\"ImageObject\",\"inLanguage\":\"pt-BR\",\"@id\":\"https:\/\/www.gaveanews.com\/index.php\/2024\/09\/21\/lyanco-se-manifesta-escolha-de-milito-para-o-jogo-contra-o-bragantino-e-scarpa-fala-sobre-a-torcida-do-fluminense-as-ultimas-noticias-do-atletico-mg\/#primaryimage\",\"url\":\"https:\/\/www.gaveanews.com\/wp-content\/uploads\/Estadio-do-Atletico-MG.webp\",\"contentUrl\":\"https:\/\/www.gaveanews.com\/wp-content\/uploads\/Estadio-do-Atletico-MG.webp\",\"width\":900,\"height\":600,\"caption\":\"Arena MRV, est\u00e1dio do Atl\u00e9tico-MG (Foto: Reprodu\u00e7\u00e3o\/Atl\u00e9tico)\"},{\"@type\":\"BreadcrumbList\",\"@id\":\"https:\/\/www.gaveanews.com\/index.php\/2024\/09\/21\/lyanco-se-manifesta-escolha-de-milito-para-o-jogo-contra-o-bragantino-e-scarpa-fala-sobre-a-torcida-do-fluminense-as-ultimas-noticias-do-atletico-mg\/#breadcrumb\",\"itemListElement\":[{\"@type\":\"ListItem\",\"position\":1,\"name\":\"Home\",\"item\":\"https:\/\/www.gaveanews.com\/\"},{\"@type\":\"ListItem\",\"position\":2,\"name\":\"Lyanco se manifesta, escolha de Milito para o jogo contra o Bragantino e Scarpa fala sobre a torcida do Fluminense: as \u00faltimas not\u00edcias do Atl\u00e9tico-MG\"}]},{\"@type\":\"WebSite\",\"@id\":\"https:\/\/www.gaveanews.com\/#website\",\"url\":\"https:\/\/www.gaveanews.com\/\",\"name\":\"G\u00e1vea News\",\"description\":\"Veja todas as not\u00edcias sobre o Flamengo: Contrata\u00e7\u00f5es, categorias de base, resultados das partidas, tabela de classifica\u00e7\u00e3o, pr\u00f3ximos jogos!\",\"potentialAction\":[{\"@type\":\"SearchAction\",\"target\":{\"@type\":\"EntryPoint\",\"urlTemplate\":\"https:\/\/www.gaveanews.com\/?s={search_term_string}\"},\"query-input\":{\"@type\":\"PropertyValueSpecification\",\"valueRequired\":true,\"valueName\":\"search_term_string\"}}],\"inLanguage\":\"pt-BR\"},{\"@type\":\"Person\",\"@id\":\"https:\/\/www.gaveanews.com\/#\/schema\/person\/8207cd4627f56151707418bfc835b2fb\",\"name\":\"Matheus Felipe\",\"image\":{\"@type\":\"ImageObject\",\"inLanguage\":\"pt-BR\",\"@id\":\"https:\/\/www.gaveanews.com\/#\/schema\/person\/image\/\",\"url\":\"https:\/\/secure.gravatar.com\/avatar\/a452ffbed9130f726358b298bb3a99ce4bd3c5338411f8440e87e14d74c7c087?s=96&d=mm&r=g\",\"contentUrl\":\"https:\/\/secure.gravatar.com\/avatar\/a452ffbed9130f726358b298bb3a99ce4bd3c5338411f8440e87e14d74c7c087?s=96&d=mm&r=g\",\"caption\":\"Matheus Felipe\"}}]}<\/script>\n<!-- \/ Yoast SEO Premium plugin. -->","yoast_head_json":{"title":"Lyanco se manifesta, escolha de Milito para o jogo contra o Bragantino e Scarpa fala sobre a torcida do Fluminense: as \u00faltimas not\u00edcias do Atl\u00e9tico-MG","robots":{"index":"index","follow":"follow","max-snippet":"max-snippet:-1","max-image-preview":"max-image-preview:large","max-video-preview":"max-video-preview:-1"},"canonical":"https:\/\/www.gaveanews.com\/index.php\/2024\/09\/21\/lyanco-se-manifesta-escolha-de-milito-para-o-jogo-contra-o-bragantino-e-scarpa-fala-sobre-a-torcida-do-fluminense-as-ultimas-noticias-do-atletico-mg\/","og_locale":"pt_BR","og_type":"article","og_title":"Lyanco se manifesta, escolha de Milito para o jogo contra o Bragantino e Scarpa fala sobre a torcida do Fluminense: as \u00faltimas not\u00edcias do Atl\u00e9tico-MG","og_description":"Nas \u00faltimas horas, o foco das not\u00edcias sobre o Atl\u00e9tico MG se concentram nos bastidores do clube, com destaques como a escolha de Milito para o pr\u00f3ximo jogo e a declara\u00e7\u00e3o de Lyanco sobre pol\u00eamica. Por conta deste contexto, leia abaixo um resumo preparado pela equipe do portal G\u00e1vea News para lhe manter muito bem [&hellip;]","og_url":"https:\/\/www.gaveanews.com\/index.php\/2024\/09\/21\/lyanco-se-manifesta-escolha-de-milito-para-o-jogo-contra-o-bragantino-e-scarpa-fala-sobre-a-torcida-do-fluminense-as-ultimas-noticias-do-atletico-mg\/","og_site_name":"G\u00e1vea News","article_publisher":"https:\/\/facebook.com\/gaveaNews\/","article_published_time":"2024-09-21T19:00:00+00:00","og_image":[{"width":900,"height":600,"url":"https:\/\/www.gaveanews.com\/wp-content\/uploads\/Estadio-do-Atletico-MG.webp","type":"image\/webp"}],"author":"Matheus Felipe","twitter_card":"summary_large_image","twitter_misc":{"Escrito por":"Matheus Felipe","Est. tempo de leitura":"6 minutos"},"schema":{"@context":"https:\/\/schema.org","@graph":[{"@type":"NewsArticle","@id":"https:\/\/www.gaveanews.com\/index.php\/2024\/09\/21\/lyanco-se-manifesta-escolha-de-milito-para-o-jogo-contra-o-bragantino-e-scarpa-fala-sobre-a-torcida-do-fluminense-as-ultimas-noticias-do-atletico-mg\/#article","isPartOf":{"@id":"https:\/\/www.gaveanews.com\/index.php\/2024\/09\/21\/lyanco-se-manifesta-escolha-de-milito-para-o-jogo-contra-o-bragantino-e-scarpa-fala-sobre-a-torcida-do-fluminense-as-ultimas-noticias-do-atletico-mg\/"},"author":{"name":"Matheus Felipe","@id":"https:\/\/www.gaveanews.com\/#\/schema\/person\/8207cd4627f56151707418bfc835b2fb"},"headline":"Lyanco se manifesta, escolha de Milito para o jogo contra o Bragantino e Scarpa fala sobre a torcida do Fluminense: as \u00faltimas not\u00edcias do Atl\u00e9tico-MG","datePublished":"2024-09-21T19:00:00+00:00","mainEntityOfPage":{"@id":"https:\/\/www.gaveanews.com\/index.php\/2024\/09\/21\/lyanco-se-manifesta-escolha-de-milito-para-o-jogo-contra-o-bragantino-e-scarpa-fala-sobre-a-torcida-do-fluminense-as-ultimas-noticias-do-atletico-mg\/"},"wordCount":883,"commentCount":0,"image":{"@id":"https:\/\/www.gaveanews.com\/index.php\/2024\/09\/21\/lyanco-se-manifesta-escolha-de-milito-para-o-jogo-contra-o-bragantino-e-scarpa-fala-sobre-a-torcida-do-fluminense-as-ultimas-noticias-do-atletico-mg\/#primaryimage"},"thumbnailUrl":"https:\/\/www.gaveanews.com\/wp-content\/uploads\/Estadio-do-Atletico-MG.webp","articleSection":["Atl\u00e9tico-MG"],"inLanguage":"pt-BR","potentialAction":[{"@type":"CommentAction","name":"Comment","target":["https:\/\/www.gaveanews.com\/index.php\/2024\/09\/21\/lyanco-se-manifesta-escolha-de-milito-para-o-jogo-contra-o-bragantino-e-scarpa-fala-sobre-a-torcida-do-fluminense-as-ultimas-noticias-do-atletico-mg\/#respond"]}],"copyrightYear":"2024","copyrightHolder":{"@id":"https:\/\/www.gaveanews.com\/#organization"}},{"@type":"WebPage","@id":"https:\/\/www.gaveanews.com\/index.php\/2024\/09\/21\/lyanco-se-manifesta-escolha-de-milito-para-o-jogo-contra-o-bragantino-e-scarpa-fala-sobre-a-torcida-do-fluminense-as-ultimas-noticias-do-atletico-mg\/","url":"https:\/\/www.gaveanews.com\/index.php\/2024\/09\/21\/lyanco-se-manifesta-escolha-de-milito-para-o-jogo-contra-o-bragantino-e-scarpa-fala-sobre-a-torcida-do-fluminense-as-ultimas-noticias-do-atletico-mg\/","name":"Lyanco se manifesta, escolha de Milito para o jogo contra o Bragantino e Scarpa fala sobre a torcida do Fluminense: as \u00faltimas not\u00edcias do Atl\u00e9tico-MG","isPartOf":{"@id":"https:\/\/www.gaveanews.com\/#website"},"primaryImageOfPage":{"@id":"https:\/\/www.gaveanews.com\/index.php\/2024\/09\/21\/lyanco-se-manifesta-escolha-de-milito-para-o-jogo-contra-o-bragantino-e-scarpa-fala-sobre-a-torcida-do-fluminense-as-ultimas-noticias-do-atletico-mg\/#primaryimage"},"image":{"@id":"https:\/\/www.gaveanews.com\/index.php\/2024\/09\/21\/lyanco-se-manifesta-escolha-de-milito-para-o-jogo-contra-o-bragantino-e-scarpa-fala-sobre-a-torcida-do-fluminense-as-ultimas-noticias-do-atletico-mg\/#primaryimage"},"thumbnailUrl":"https:\/\/www.gaveanews.com\/wp-content\/uploads\/Estadio-do-Atletico-MG.webp","datePublished":"2024-09-21T19:00:00+00:00","author":{"@id":"https:\/\/www.gaveanews.com\/#\/schema\/person\/8207cd4627f56151707418bfc835b2fb"},"breadcrumb":{"@id":"https:\/\/www.gaveanews.com\/index.php\/2024\/09\/21\/lyanco-se-manifesta-escolha-de-milito-para-o-jogo-contra-o-bragantino-e-scarpa-fala-sobre-a-torcida-do-fluminense-as-ultimas-noticias-do-atletico-mg\/#breadcrumb"},"inLanguage":"pt-BR","potentialAction":[{"@type":"ReadAction","target":["https:\/\/www.gaveanews.com\/index.php\/2024\/09\/21\/lyanco-se-manifesta-escolha-de-milito-para-o-jogo-contra-o-bragantino-e-scarpa-fala-sobre-a-torcida-do-fluminense-as-ultimas-noticias-do-atletico-mg\/"]}]},{"@type":"ImageObject","inLanguage":"pt-BR","@id":"https:\/\/www.gaveanews.com\/index.php\/2024\/09\/21\/lyanco-se-manifesta-escolha-de-milito-para-o-jogo-contra-o-bragantino-e-scarpa-fala-sobre-a-torcida-do-fluminense-as-ultimas-noticias-do-atletico-mg\/#primaryimage","url":"https:\/\/www.gaveanews.com\/wp-content\/uploads\/Estadio-do-Atletico-MG.webp","contentUrl":"https:\/\/www.gaveanews.com\/wp-content\/uploads\/Estadio-do-Atletico-MG.webp","width":900,"height":600,"caption":"Arena MRV, est\u00e1dio do Atl\u00e9tico-MG (Foto: Reprodu\u00e7\u00e3o\/Atl\u00e9tico)"},{"@type":"BreadcrumbList","@id":"https:\/\/www.gaveanews.com\/index.php\/2024\/09\/21\/lyanco-se-manifesta-escolha-de-milito-para-o-jogo-contra-o-bragantino-e-scarpa-fala-sobre-a-torcida-do-fluminense-as-ultimas-noticias-do-atletico-mg\/#breadcrumb","itemListElement":[{"@type":"ListItem","position":1,"name":"Home","item":"https:\/\/www.gaveanews.com\/"},{"@type":"ListItem","position":2,"name":"Lyanco se manifesta, escolha de Milito para o jogo contra o Bragantino e Scarpa fala sobre a torcida do Fluminense: as \u00faltimas not\u00edcias do Atl\u00e9tico-MG"}]},{"@type":"WebSite","@id":"https:\/\/www.gaveanews.com\/#website","url":"https:\/\/www.gaveanews.com\/","name":"G\u00e1vea News","description":"Veja todas as not\u00edcias sobre o Flamengo: Contrata\u00e7\u00f5es, categorias de base, resultados das partidas, tabela de classifica\u00e7\u00e3o, pr\u00f3ximos jogos!","potentialAction":[{"@type":"SearchAction","target":{"@type":"EntryPoint","urlTemplate":"https:\/\/www.gaveanews.com\/?s={search_term_string}"},"query-input":{"@type":"PropertyValueSpecification","valueRequired":true,"valueName":"search_term_string"}}],"inLanguage":"pt-BR"},{"@type":"Person","@id":"https:\/\/www.gaveanews.com\/#\/schema\/person\/8207cd4627f56151707418bfc835b2fb","name":"Matheus Felipe","image":{"@type":"ImageObject","inLanguage":"pt-BR","@id":"https:\/\/www.gaveanews.com\/#\/schema\/person\/image\/","url":"https:\/\/secure.gravatar.com\/avatar\/a452ffbed9130f726358b298bb3a99ce4bd3c5338411f8440e87e14d74c7c087?s=96&d=mm&r=g","contentUrl":"https:\/\/secure.gravatar.com\/avatar\/a452ffbed9130f726358b298bb3a99ce4bd3c5338411f8440e87e14d74c7c087?s=96&d=mm&r=g","caption":"Matheus Felipe"}}]}},"_links":{"self":[{"href":"https:\/\/www.gaveanews.com\/index.php\/wp-json\/wp\/v2\/posts\/168265","targetHints":{"allow":["GET"]}}],"collection":[{"href":"https:\/\/www.gaveanews.com\/index.php\/wp-json\/wp\/v2\/posts"}],"about":[{"href":"https:\/\/www.gaveanews.com\/index.php\/wp-json\/wp\/v2\/types\/post"}],"author":[{"embeddable":true,"href":"https:\/\/www.gaveanews.com\/index.php\/wp-json\/wp\/v2\/users\/27"}],"replies":[{"embeddable":true,"href":"https:\/\/www.gaveanews.com\/index.php\/wp-json\/wp\/v2\/comments?post=168265"}],"version-history":[{"count":1,"href":"https:\/\/www.gaveanews.com\/index.php\/wp-json\/wp\/v2\/posts\/168265\/revisions"}],"predecessor-version":[{"id":168266,"href":"https:\/\/www.gaveanews.com\/index.php\/wp-json\/wp\/v2\/posts\/168265\/revisions\/168266"}],"wp:featuredmedia":[{"embeddable":true,"href":"https:\/\/www.gaveanews.com\/index.php\/wp-json\/wp\/v2\/media\/153999"}],"wp:attachment":[{"href":"https:\/\/www.gaveanews.com\/index.php\/wp-json\/wp\/v2\/media?parent=168265"}],"wp:term":[{"taxonomy":"category","embeddable":true,"href":"https:\/\/www.gaveanews.com\/index.php\/wp-json\/wp\/v2\/categories?post=168265"},{"taxonomy":"post_tag","embeddable":true,"href":"https:\/\/www.gaveanews.com\/index.php\/wp-json\/wp\/v2\/tags?post=168265"}],"curies":[{"name":"wp","href":"https:\/\/api.w.org\/{rel}","templated":true}]}}