{"id":168295,"date":"2024-09-21T19:00:00","date_gmt":"2024-09-21T22:00:00","guid":{"rendered":"https:\/\/www.gaveanews.com\/?p=168295"},"modified":"2024-09-21T17:56:24","modified_gmt":"2024-09-21T20:56:24","slug":"tite-vai-continuar-no-flamengo-candidatos-a-presidencia-tem-opinioes-distintas","status":"publish","type":"post","link":"https:\/\/www.gaveanews.com\/index.php\/2024\/09\/21\/tite-vai-continuar-no-flamengo-candidatos-a-presidencia-tem-opinioes-distintas\/","title":{"rendered":"Tite vai continuar no Flamengo? Candidatos a presid\u00eancia tem opini\u00f5es distintas"},"content":{"rendered":"\n<p>O Flamengo vive um ano bastante agitado nos bastidores do clube principalmente por conta das elei\u00e7\u00f5es presidenciais que se aproximam. Al\u00e9m disso os resultados do principal esporte do clube, o futebol, n\u00e3o agradam os torcedores rubro-negros nesta temporada.<\/p>\n\n\n\n<ul class=\"wp-block-list\">\n<li><a href=\"https:\/\/www.gaveanews.com\/index.php\/2024\/09\/21\/torcida-aponta-novo-treinador-para-a-diretoria-leo-pereira-questiona-a-torcida-e-repercussao-no-exterior-as-ultimas-noticias-do-flamengo\/\">Torcida aponta novo treinador para a diretoria, L\u00e9o Pereira questiona a torcida e repercuss\u00e3o no exterior: as \u00faltimas not\u00edcias do Flamengo<\/a><\/li>\n\n\n\n<li><a href=\"https:\/\/www.gaveanews.com\/index.php\/2024\/09\/21\/torcida-organizada-do-flamengo-cobra-a-demissao-de-tite\/\">Torcida organizada do Flamengo cobra a demiss\u00e3o de Tite<\/a><\/li>\n<\/ul>\n\n\n\n<p>Isso porque, embora o Mais Querido j\u00e1 tenha conquistado o Campeonato Carioca e esteja vivo nas tr\u00eas principais competi\u00e7\u00f5es disputadas no Brasil (Campeonato Brasileiro, Copa do Brasil e Libertadores), o desempenho da equipe nos \u00faltimos jogos piorou, gerando fortes cr\u00edticas dos torcedores e comentaristas esportivos.<\/p>\n\n\n\n<p>Dessa maneira, principalmente ap\u00f3s a derrota para o Pe\u00f1arol no Maracan\u00e3 por 1 a 0 no jogo de ida das quartas de final da Libertadores, muitos torcedores do Flamengo pediram a demiss\u00e3o do t\u00e9cnico Tite. O Flamengo vive um ano bastante agitado nos bastidores, em grande parte por conta das elei\u00e7\u00f5es presidenciais que se aproximam. Al\u00e9m disso, os resultados no futebol, principal esporte do clube, t\u00eam gerado insatisfa\u00e7\u00e3o entre os torcedores rubro-negros nesta temporada.<\/p>\n\n\n\n<h2 class=\"wp-block-heading\" id=\"h-resultados-e-desempenho-geram-criticas\">Resultados e desempenho geram cr\u00edticas<\/h2>\n\n\n\n<p>Apesar de o Flamengo ter conquistado o Campeonato Carioca e ainda estar vivo nas tr\u00eas principais competi\u00e7\u00f5es (Campeonato Brasileiro, Copa do Brasil e Libertadores), o desempenho recente da equipe deixou a desejar. A derrota para o Pe\u00f1arol por 1 a 0 no Maracan\u00e3, no jogo de ida das quartas de final da Libertadores, intensificou as cr\u00edticas da torcida e da imprensa esportiva, levando muitos torcedores a pedirem a demiss\u00e3o do t\u00e9cnico Tite.<\/p>\n\n\n\n<h2 class=\"wp-block-heading\" id=\"h-diretoria-atual-apoia-tite\">Diretoria atual apoia Tite<\/h2>\n\n\n\n<p>A atual diretoria, liderada pelo presidente Rodolfo Landim, n\u00e3o planeja demitir Tite, apesar da press\u00e3o externa. Mesmo com uma multa rescis\u00f3ria de 3 milh\u00f5es de reais, considerada relativamente baixa, Landim acredita que o treinador deve permanecer at\u00e9 o final do seu contrato, que vai at\u00e9 dezembro de 2024. A diretoria v\u00ea Tite como uma pe\u00e7a importante no comando da equipe, apesar dos resultados recentes.<\/p>\n\n\n\n<h2 class=\"wp-block-heading\" id=\"h-candidatos-a-presidencia-divididos-sobre-tite\">Candidatos \u00e0 presid\u00eancia divididos sobre Tite<\/h2>\n\n\n\n<p>No cen\u00e1rio pol\u00edtico do clube, os candidatos \u00e0 presid\u00eancia t\u00eam opini\u00f5es diferentes sobre o futuro de Tite. Rodrigo Dunshee, que tem o apoio de Rodolfo Landim, elogiou o treinador em uma entrevista ao Podcast <em>Jannuzzi &amp; Abuzze<\/em>, mas afirmou que ainda n\u00e3o teve a oportunidade de discutir o futuro com ele. &#8220;Tite \u00e9 um treinador excepcional, \u00e9 o nosso comandante. Ainda n\u00e3o conversei sobre o futuro, mas pretendo faz\u00ea-lo em breve&#8221;, disse Dunshee.<\/p>\n\n\n\n<p>Por outro lado, Luiz Eduardo Baptista, o BAP, foi mais cauteloso. Em entrevista ao <em>Coluna do Fla<\/em>, ele destacou que \u00e9 cedo para avaliar a performance de Tite, uma vez que o t\u00e9cnico ainda est\u00e1 nas tr\u00eas competi\u00e7\u00f5es mais importantes. BAP sugeriu que avaliar\u00e1 com calma se renovar\u00e1 ou n\u00e3o o contrato para 2025.<\/p>\n\n\n\n<p>Wallim Vasconcelos foi mais direto em sua cr\u00edtica ao estilo de jogo de Tite. Ele afirmou que, caso ven\u00e7a a presid\u00eancia, n\u00e3o pretende manter o treinador no comando da equipe. J\u00e1 Maur\u00edcio Gomes de Mattos evitou se comprometer, afirmando que pretende montar uma estrutura profissional para escolher o t\u00e9cnico em 2025, caso seja eleito.<\/p>\n\n\n\n<p>Por fim, Delair Dumbrosck adotou uma postura pragm\u00e1tica, afirmando que somente os resultados definir\u00e3o o futuro de Tite no Flamengo, caso seja eleito o novo presidente.<\/p>\n","protected":false},"excerpt":{"rendered":"<p>O Flamengo vive um ano bastante agitado nos bastidores do clube principalmente por conta das elei\u00e7\u00f5es presidenciais que se aproximam. Al\u00e9m disso os resultados do principal esporte do clube, o futebol, n\u00e3o agradam os torcedores rubro-negros nesta temporada. Isso porque, embora o Mais Querido j\u00e1 tenha conquistado o Campeonato Carioca e esteja vivo nas tr\u00eas [&hellip;]<\/p>\n","protected":false},"author":24,"featured_media":108382,"comment_status":"open","ping_status":"closed","sticky":false,"template":"","format":"standard","meta":{"footnotes":""},"categories":[1],"tags":[],"class_list":["post-168295","post","type-post","status-publish","format-standard","has-post-thumbnail","hentry","category-flamengo"],"yoast_head":"<!-- This site is optimized with the Yoast SEO Premium plugin v24.2 (Yoast SEO v26.9) - https:\/\/yoast.com\/product\/yoast-seo-premium-wordpress\/ -->\n<title>Tite vai continuar no Flamengo? Candidatos a presid\u00eancia tem opini\u00f5es distintas<\/title>\n<meta name=\"robots\" content=\"index, follow, max-snippet:-1, max-image-preview:large, max-video-preview:-1\" \/>\n<link rel=\"canonical\" href=\"https:\/\/www.gaveanews.com\/index.php\/2024\/09\/21\/tite-vai-continuar-no-flamengo-candidatos-a-presidencia-tem-opinioes-distintas\/\" \/>\n<meta property=\"og:locale\" content=\"pt_BR\" \/>\n<meta property=\"og:type\" content=\"article\" \/>\n<meta property=\"og:title\" content=\"Tite vai continuar no Flamengo? Candidatos a presid\u00eancia tem opini\u00f5es distintas\" \/>\n<meta property=\"og:description\" content=\"O Flamengo vive um ano bastante agitado nos bastidores do clube principalmente por conta das elei\u00e7\u00f5es presidenciais que se aproximam. Al\u00e9m disso os resultados do principal esporte do clube, o futebol, n\u00e3o agradam os torcedores rubro-negros nesta temporada. Isso porque, embora o Mais Querido j\u00e1 tenha conquistado o Campeonato Carioca e esteja vivo nas tr\u00eas [&hellip;]\" \/>\n<meta property=\"og:url\" content=\"https:\/\/www.gaveanews.com\/index.php\/2024\/09\/21\/tite-vai-continuar-no-flamengo-candidatos-a-presidencia-tem-opinioes-distintas\/\" \/>\n<meta property=\"og:site_name\" content=\"G\u00e1vea News\" \/>\n<meta property=\"article:publisher\" content=\"https:\/\/facebook.com\/gaveaNews\/\" \/>\n<meta property=\"article:published_time\" content=\"2024-09-21T22:00:00+00:00\" \/>\n<meta property=\"og:image\" content=\"https:\/\/www.gaveanews.com\/wp-content\/uploads\/tite-flamengo-coletiva.webp\" \/>\n\t<meta property=\"og:image:width\" content=\"900\" \/>\n\t<meta property=\"og:image:height\" content=\"599\" \/>\n\t<meta property=\"og:image:type\" content=\"image\/jpeg\" \/>\n<meta name=\"author\" content=\"Leandro Cardoso\" \/>\n<meta name=\"twitter:card\" content=\"summary_large_image\" \/>\n<meta name=\"twitter:label1\" content=\"Escrito por\" \/>\n\t<meta name=\"twitter:data1\" content=\"Leandro Cardoso\" \/>\n\t<meta name=\"twitter:label2\" content=\"Est. tempo de leitura\" \/>\n\t<meta name=\"twitter:data2\" content=\"4 minutos\" \/>\n<script type=\"application\/ld+json\" class=\"yoast-schema-graph\">{\"@context\":\"https:\/\/schema.org\",\"@graph\":[{\"@type\":\"NewsArticle\",\"@id\":\"https:\/\/www.gaveanews.com\/index.php\/2024\/09\/21\/tite-vai-continuar-no-flamengo-candidatos-a-presidencia-tem-opinioes-distintas\/#article\",\"isPartOf\":{\"@id\":\"https:\/\/www.gaveanews.com\/index.php\/2024\/09\/21\/tite-vai-continuar-no-flamengo-candidatos-a-presidencia-tem-opinioes-distintas\/\"},\"author\":{\"name\":\"Leandro Cardoso\",\"@id\":\"https:\/\/www.gaveanews.com\/#\/schema\/person\/2424ec6409bc3f068411fc5e4e9b6168\"},\"headline\":\"Tite vai continuar no Flamengo? Candidatos a presid\u00eancia tem opini\u00f5es distintas\",\"datePublished\":\"2024-09-21T22:00:00+00:00\",\"mainEntityOfPage\":{\"@id\":\"https:\/\/www.gaveanews.com\/index.php\/2024\/09\/21\/tite-vai-continuar-no-flamengo-candidatos-a-presidencia-tem-opinioes-distintas\/\"},\"wordCount\":596,\"commentCount\":0,\"image\":{\"@id\":\"https:\/\/www.gaveanews.com\/index.php\/2024\/09\/21\/tite-vai-continuar-no-flamengo-candidatos-a-presidencia-tem-opinioes-distintas\/#primaryimage\"},\"thumbnailUrl\":\"https:\/\/www.gaveanews.com\/wp-content\/uploads\/tite-flamengo-coletiva.webp\",\"articleSection\":[\"Flamengo\"],\"inLanguage\":\"pt-BR\",\"potentialAction\":[{\"@type\":\"CommentAction\",\"name\":\"Comment\",\"target\":[\"https:\/\/www.gaveanews.com\/index.php\/2024\/09\/21\/tite-vai-continuar-no-flamengo-candidatos-a-presidencia-tem-opinioes-distintas\/#respond\"]}],\"copyrightYear\":\"2024\",\"copyrightHolder\":{\"@id\":\"https:\/\/www.gaveanews.com\/#organization\"}},{\"@type\":\"WebPage\",\"@id\":\"https:\/\/www.gaveanews.com\/index.php\/2024\/09\/21\/tite-vai-continuar-no-flamengo-candidatos-a-presidencia-tem-opinioes-distintas\/\",\"url\":\"https:\/\/www.gaveanews.com\/index.php\/2024\/09\/21\/tite-vai-continuar-no-flamengo-candidatos-a-presidencia-tem-opinioes-distintas\/\",\"name\":\"Tite vai continuar no Flamengo? Candidatos a presid\u00eancia tem opini\u00f5es distintas\",\"isPartOf\":{\"@id\":\"https:\/\/www.gaveanews.com\/#website\"},\"primaryImageOfPage\":{\"@id\":\"https:\/\/www.gaveanews.com\/index.php\/2024\/09\/21\/tite-vai-continuar-no-flamengo-candidatos-a-presidencia-tem-opinioes-distintas\/#primaryimage\"},\"image\":{\"@id\":\"https:\/\/www.gaveanews.com\/index.php\/2024\/09\/21\/tite-vai-continuar-no-flamengo-candidatos-a-presidencia-tem-opinioes-distintas\/#primaryimage\"},\"thumbnailUrl\":\"https:\/\/www.gaveanews.com\/wp-content\/uploads\/tite-flamengo-coletiva.webp\",\"datePublished\":\"2024-09-21T22:00:00+00:00\",\"author\":{\"@id\":\"https:\/\/www.gaveanews.com\/#\/schema\/person\/2424ec6409bc3f068411fc5e4e9b6168\"},\"breadcrumb\":{\"@id\":\"https:\/\/www.gaveanews.com\/index.php\/2024\/09\/21\/tite-vai-continuar-no-flamengo-candidatos-a-presidencia-tem-opinioes-distintas\/#breadcrumb\"},\"inLanguage\":\"pt-BR\",\"potentialAction\":[{\"@type\":\"ReadAction\",\"target\":[\"https:\/\/www.gaveanews.com\/index.php\/2024\/09\/21\/tite-vai-continuar-no-flamengo-candidatos-a-presidencia-tem-opinioes-distintas\/\"]}]},{\"@type\":\"ImageObject\",\"inLanguage\":\"pt-BR\",\"@id\":\"https:\/\/www.gaveanews.com\/index.php\/2024\/09\/21\/tite-vai-continuar-no-flamengo-candidatos-a-presidencia-tem-opinioes-distintas\/#primaryimage\",\"url\":\"https:\/\/www.gaveanews.com\/wp-content\/uploads\/tite-flamengo-coletiva.webp\",\"contentUrl\":\"https:\/\/www.gaveanews.com\/wp-content\/uploads\/tite-flamengo-coletiva.webp\",\"width\":900,\"height\":599,\"caption\":\"Tite em entrevista coletiva do Flamengo (Foto: Marcelo Cortes\/Flamengo)\"},{\"@type\":\"BreadcrumbList\",\"@id\":\"https:\/\/www.gaveanews.com\/index.php\/2024\/09\/21\/tite-vai-continuar-no-flamengo-candidatos-a-presidencia-tem-opinioes-distintas\/#breadcrumb\",\"itemListElement\":[{\"@type\":\"ListItem\",\"position\":1,\"name\":\"Home\",\"item\":\"https:\/\/www.gaveanews.com\/\"},{\"@type\":\"ListItem\",\"position\":2,\"name\":\"Tite vai continuar no Flamengo? Candidatos a presid\u00eancia tem opini\u00f5es distintas\"}]},{\"@type\":\"WebSite\",\"@id\":\"https:\/\/www.gaveanews.com\/#website\",\"url\":\"https:\/\/www.gaveanews.com\/\",\"name\":\"G\u00e1vea News\",\"description\":\"Veja todas as not\u00edcias sobre o Flamengo: Contrata\u00e7\u00f5es, categorias de base, resultados das partidas, tabela de classifica\u00e7\u00e3o, pr\u00f3ximos jogos!\",\"potentialAction\":[{\"@type\":\"SearchAction\",\"target\":{\"@type\":\"EntryPoint\",\"urlTemplate\":\"https:\/\/www.gaveanews.com\/?s={search_term_string}\"},\"query-input\":{\"@type\":\"PropertyValueSpecification\",\"valueRequired\":true,\"valueName\":\"search_term_string\"}}],\"inLanguage\":\"pt-BR\"},{\"@type\":\"Person\",\"@id\":\"https:\/\/www.gaveanews.com\/#\/schema\/person\/2424ec6409bc3f068411fc5e4e9b6168\",\"name\":\"Leandro Cardoso\",\"image\":{\"@type\":\"ImageObject\",\"inLanguage\":\"pt-BR\",\"@id\":\"https:\/\/www.gaveanews.com\/#\/schema\/person\/image\/\",\"url\":\"https:\/\/secure.gravatar.com\/avatar\/8ca179f9b55eefe9f376f5493ef25475bfa59fbc28ce937f6076ce20e523098f?s=96&d=mm&r=g\",\"contentUrl\":\"https:\/\/secure.gravatar.com\/avatar\/8ca179f9b55eefe9f376f5493ef25475bfa59fbc28ce937f6076ce20e523098f?s=96&d=mm&r=g\",\"caption\":\"Leandro Cardoso\"}}]}<\/script>\n<!-- \/ Yoast SEO Premium plugin. -->","yoast_head_json":{"title":"Tite vai continuar no Flamengo? Candidatos a presid\u00eancia tem opini\u00f5es distintas","robots":{"index":"index","follow":"follow","max-snippet":"max-snippet:-1","max-image-preview":"max-image-preview:large","max-video-preview":"max-video-preview:-1"},"canonical":"https:\/\/www.gaveanews.com\/index.php\/2024\/09\/21\/tite-vai-continuar-no-flamengo-candidatos-a-presidencia-tem-opinioes-distintas\/","og_locale":"pt_BR","og_type":"article","og_title":"Tite vai continuar no Flamengo? Candidatos a presid\u00eancia tem opini\u00f5es distintas","og_description":"O Flamengo vive um ano bastante agitado nos bastidores do clube principalmente por conta das elei\u00e7\u00f5es presidenciais que se aproximam. Al\u00e9m disso os resultados do principal esporte do clube, o futebol, n\u00e3o agradam os torcedores rubro-negros nesta temporada. Isso porque, embora o Mais Querido j\u00e1 tenha conquistado o Campeonato Carioca e esteja vivo nas tr\u00eas [&hellip;]","og_url":"https:\/\/www.gaveanews.com\/index.php\/2024\/09\/21\/tite-vai-continuar-no-flamengo-candidatos-a-presidencia-tem-opinioes-distintas\/","og_site_name":"G\u00e1vea News","article_publisher":"https:\/\/facebook.com\/gaveaNews\/","article_published_time":"2024-09-21T22:00:00+00:00","og_image":[{"width":900,"height":599,"url":"https:\/\/www.gaveanews.com\/wp-content\/uploads\/tite-flamengo-coletiva.webp","type":"image\/jpeg"}],"author":"Leandro Cardoso","twitter_card":"summary_large_image","twitter_misc":{"Escrito por":"Leandro Cardoso","Est. tempo de leitura":"4 minutos"},"schema":{"@context":"https:\/\/schema.org","@graph":[{"@type":"NewsArticle","@id":"https:\/\/www.gaveanews.com\/index.php\/2024\/09\/21\/tite-vai-continuar-no-flamengo-candidatos-a-presidencia-tem-opinioes-distintas\/#article","isPartOf":{"@id":"https:\/\/www.gaveanews.com\/index.php\/2024\/09\/21\/tite-vai-continuar-no-flamengo-candidatos-a-presidencia-tem-opinioes-distintas\/"},"author":{"name":"Leandro Cardoso","@id":"https:\/\/www.gaveanews.com\/#\/schema\/person\/2424ec6409bc3f068411fc5e4e9b6168"},"headline":"Tite vai continuar no Flamengo? Candidatos a presid\u00eancia tem opini\u00f5es distintas","datePublished":"2024-09-21T22:00:00+00:00","mainEntityOfPage":{"@id":"https:\/\/www.gaveanews.com\/index.php\/2024\/09\/21\/tite-vai-continuar-no-flamengo-candidatos-a-presidencia-tem-opinioes-distintas\/"},"wordCount":596,"commentCount":0,"image":{"@id":"https:\/\/www.gaveanews.com\/index.php\/2024\/09\/21\/tite-vai-continuar-no-flamengo-candidatos-a-presidencia-tem-opinioes-distintas\/#primaryimage"},"thumbnailUrl":"https:\/\/www.gaveanews.com\/wp-content\/uploads\/tite-flamengo-coletiva.webp","articleSection":["Flamengo"],"inLanguage":"pt-BR","potentialAction":[{"@type":"CommentAction","name":"Comment","target":["https:\/\/www.gaveanews.com\/index.php\/2024\/09\/21\/tite-vai-continuar-no-flamengo-candidatos-a-presidencia-tem-opinioes-distintas\/#respond"]}],"copyrightYear":"2024","copyrightHolder":{"@id":"https:\/\/www.gaveanews.com\/#organization"}},{"@type":"WebPage","@id":"https:\/\/www.gaveanews.com\/index.php\/2024\/09\/21\/tite-vai-continuar-no-flamengo-candidatos-a-presidencia-tem-opinioes-distintas\/","url":"https:\/\/www.gaveanews.com\/index.php\/2024\/09\/21\/tite-vai-continuar-no-flamengo-candidatos-a-presidencia-tem-opinioes-distintas\/","name":"Tite vai continuar no Flamengo? Candidatos a presid\u00eancia tem opini\u00f5es distintas","isPartOf":{"@id":"https:\/\/www.gaveanews.com\/#website"},"primaryImageOfPage":{"@id":"https:\/\/www.gaveanews.com\/index.php\/2024\/09\/21\/tite-vai-continuar-no-flamengo-candidatos-a-presidencia-tem-opinioes-distintas\/#primaryimage"},"image":{"@id":"https:\/\/www.gaveanews.com\/index.php\/2024\/09\/21\/tite-vai-continuar-no-flamengo-candidatos-a-presidencia-tem-opinioes-distintas\/#primaryimage"},"thumbnailUrl":"https:\/\/www.gaveanews.com\/wp-content\/uploads\/tite-flamengo-coletiva.webp","datePublished":"2024-09-21T22:00:00+00:00","author":{"@id":"https:\/\/www.gaveanews.com\/#\/schema\/person\/2424ec6409bc3f068411fc5e4e9b6168"},"breadcrumb":{"@id":"https:\/\/www.gaveanews.com\/index.php\/2024\/09\/21\/tite-vai-continuar-no-flamengo-candidatos-a-presidencia-tem-opinioes-distintas\/#breadcrumb"},"inLanguage":"pt-BR","potentialAction":[{"@type":"ReadAction","target":["https:\/\/www.gaveanews.com\/index.php\/2024\/09\/21\/tite-vai-continuar-no-flamengo-candidatos-a-presidencia-tem-opinioes-distintas\/"]}]},{"@type":"ImageObject","inLanguage":"pt-BR","@id":"https:\/\/www.gaveanews.com\/index.php\/2024\/09\/21\/tite-vai-continuar-no-flamengo-candidatos-a-presidencia-tem-opinioes-distintas\/#primaryimage","url":"https:\/\/www.gaveanews.com\/wp-content\/uploads\/tite-flamengo-coletiva.webp","contentUrl":"https:\/\/www.gaveanews.com\/wp-content\/uploads\/tite-flamengo-coletiva.webp","width":900,"height":599,"caption":"Tite em entrevista coletiva do Flamengo (Foto: Marcelo Cortes\/Flamengo)"},{"@type":"BreadcrumbList","@id":"https:\/\/www.gaveanews.com\/index.php\/2024\/09\/21\/tite-vai-continuar-no-flamengo-candidatos-a-presidencia-tem-opinioes-distintas\/#breadcrumb","itemListElement":[{"@type":"ListItem","position":1,"name":"Home","item":"https:\/\/www.gaveanews.com\/"},{"@type":"ListItem","position":2,"name":"Tite vai continuar no Flamengo? Candidatos a presid\u00eancia tem opini\u00f5es distintas"}]},{"@type":"WebSite","@id":"https:\/\/www.gaveanews.com\/#website","url":"https:\/\/www.gaveanews.com\/","name":"G\u00e1vea News","description":"Veja todas as not\u00edcias sobre o Flamengo: Contrata\u00e7\u00f5es, categorias de base, resultados das partidas, tabela de classifica\u00e7\u00e3o, pr\u00f3ximos jogos!","potentialAction":[{"@type":"SearchAction","target":{"@type":"EntryPoint","urlTemplate":"https:\/\/www.gaveanews.com\/?s={search_term_string}"},"query-input":{"@type":"PropertyValueSpecification","valueRequired":true,"valueName":"search_term_string"}}],"inLanguage":"pt-BR"},{"@type":"Person","@id":"https:\/\/www.gaveanews.com\/#\/schema\/person\/2424ec6409bc3f068411fc5e4e9b6168","name":"Leandro Cardoso","image":{"@type":"ImageObject","inLanguage":"pt-BR","@id":"https:\/\/www.gaveanews.com\/#\/schema\/person\/image\/","url":"https:\/\/secure.gravatar.com\/avatar\/8ca179f9b55eefe9f376f5493ef25475bfa59fbc28ce937f6076ce20e523098f?s=96&d=mm&r=g","contentUrl":"https:\/\/secure.gravatar.com\/avatar\/8ca179f9b55eefe9f376f5493ef25475bfa59fbc28ce937f6076ce20e523098f?s=96&d=mm&r=g","caption":"Leandro Cardoso"}}]}},"_links":{"self":[{"href":"https:\/\/www.gaveanews.com\/index.php\/wp-json\/wp\/v2\/posts\/168295","targetHints":{"allow":["GET"]}}],"collection":[{"href":"https:\/\/www.gaveanews.com\/index.php\/wp-json\/wp\/v2\/posts"}],"about":[{"href":"https:\/\/www.gaveanews.com\/index.php\/wp-json\/wp\/v2\/types\/post"}],"author":[{"embeddable":true,"href":"https:\/\/www.gaveanews.com\/index.php\/wp-json\/wp\/v2\/users\/24"}],"replies":[{"embeddable":true,"href":"https:\/\/www.gaveanews.com\/index.php\/wp-json\/wp\/v2\/comments?post=168295"}],"version-history":[{"count":1,"href":"https:\/\/www.gaveanews.com\/index.php\/wp-json\/wp\/v2\/posts\/168295\/revisions"}],"predecessor-version":[{"id":168300,"href":"https:\/\/www.gaveanews.com\/index.php\/wp-json\/wp\/v2\/posts\/168295\/revisions\/168300"}],"wp:featuredmedia":[{"embeddable":true,"href":"https:\/\/www.gaveanews.com\/index.php\/wp-json\/wp\/v2\/media\/108382"}],"wp:attachment":[{"href":"https:\/\/www.gaveanews.com\/index.php\/wp-json\/wp\/v2\/media?parent=168295"}],"wp:term":[{"taxonomy":"category","embeddable":true,"href":"https:\/\/www.gaveanews.com\/index.php\/wp-json\/wp\/v2\/categories?post=168295"},{"taxonomy":"post_tag","embeddable":true,"href":"https:\/\/www.gaveanews.com\/index.php\/wp-json\/wp\/v2\/tags?post=168295"}],"curies":[{"name":"wp","href":"https:\/\/api.w.org\/{rel}","templated":true}]}}