{"id":168331,"date":"2024-09-22T17:45:00","date_gmt":"2024-09-22T20:45:00","guid":{"rendered":"https:\/\/www.gaveanews.com\/?p=168331"},"modified":"2024-09-22T16:57:54","modified_gmt":"2024-09-22T19:57:54","slug":"video-mclaren-faz-pintura-em-homenagem-ao-carro-de-ayton-senna","status":"publish","type":"post","link":"https:\/\/www.gaveanews.com\/index.php\/2024\/09\/22\/video-mclaren-faz-pintura-em-homenagem-ao-carro-de-ayton-senna\/","title":{"rendered":"V\u00eddeo: McLaren faz pintura em homenagem ao carro de Ayton Senna"},"content":{"rendered":"\n<h2 class=\"wp-block-heading\" id=\"h-mclaren-homenageia-era-mp4-com-pintura-especial-para-o-gp-de-singapura\">McLaren homenageia era MP4 com pintura especial para o GP de Singapura<\/h2>\n\n\n\n<p>A McLaren trouxe para o GP de Singapura deste fim de semana uma pintura especial em homenagem \u00e0 ic\u00f4nica era MP4, que marcou a hist\u00f3ria da equipe entre 1981 e 1996. O MCL38, carro guiado por Oscar Piastri e Lando Norris, trocar\u00e1 o preto pelo branco, remetendo ao design cl\u00e1ssico que rendeu tantos sucessos \u00e0 equipe.<\/p>\n\n\n\n<ul class=\"wp-block-list\">\n<li><a href=\"https:\/\/www.gaveanews.com\/index.php\/2024\/09\/04\/verstappen-faz-duras-criticas-ao-carro-da-red-bull\/\">Verstappen faz duras cr\u00edticas ao carro da Red Bull<\/a><\/li>\n\n\n\n<li><a href=\"https:\/\/www.gaveanews.com\/index.php\/2024\/09\/20\/neymar-faz-publicacao-direcionada-a-bortoleto\/\">Neymar faz publica\u00e7\u00e3o direcionada a Bortoleto<\/a><\/li>\n<\/ul>\n\n\n\n<p>Um dos modelos mais c\u00e9lebres dessa \u00e9poca foi o MP4\/4, respons\u00e1vel por 16 vit\u00f3rias em 1988, ano em que Ayrton Senna conquistou seu primeiro t\u00edtulo mundial e a McLaren foi campe\u00e3 de construtores.<\/p>\n\n\n\n<p>Al\u00e9m do design inspirado nos antigos modelos, o carro contar\u00e1 com os nomes dos 13 pilotos que competiram durante a era MP4 inscritos no cockpit. Entre esses pilotos est\u00e3o Niki Lauda, Alain Prost, Ayrton Senna, Gerhard Berger e Mika Hakkinen, lendas que fizeram parte dessa fase vitoriosa do time de Woking. Lauda, por exemplo, conquistou o t\u00edtulo em 1984, Prost venceu tr\u00eas campeonatos (1985, 1986 e 1989), e Senna brilhou com seus tr\u00eas t\u00edtulos consecutivos (1988, 1990 e 1991).<\/p>\n\n\n\n<figure class=\"wp-block-embed is-type-video is-provider-youtube wp-block-embed-youtube wp-embed-aspect-16-9 wp-has-aspect-ratio\"><div class=\"wp-block-embed__wrapper\">\n<iframe loading=\"lazy\" title=\"McLaren homenageia Ayrton Senna no GP de Singapura | CNN NOVO DIA\" width=\"640\" height=\"360\" src=\"https:\/\/www.youtube.com\/embed\/G_fwQqOfO5w?feature=oembed\" frameborder=\"0\" allow=\"accelerometer; autoplay; clipboard-write; encrypted-media; gyroscope; picture-in-picture; web-share\" referrerpolicy=\"strict-origin-when-cross-origin\" allowfullscreen><\/iframe>\n<\/div><\/figure>\n\n\n\n<p>O prefixo MP4 foi utilizado at\u00e9 2017, quando foi substitu\u00eddo por &#8220;MCL&#8221;, em refer\u00eancia ao nome da equipe. No entanto, a pintura branca e vermelha, que simbolizou o per\u00edodo de maior sucesso da McLaren, foi descontinuada ap\u00f3s a temporada de 1996, quando David Coulthard e Mika Hakkinen conduziram o carro da equipe.<\/p>\n\n\n\n<p>A homenagem vem em um momento especial para a McLaren. Ap\u00f3s o GP do Azerbaij\u00e3o, a equipe voltou a sentir o gosto da lideran\u00e7a na F\u00f3rmula 1, com a vit\u00f3ria de Oscar Piastri, que desbancou a RBR no campeonato de construtores. A \u00faltima vez que a McLaren esteve \u00e0 frente da F1 foi h\u00e1 dez anos. Lando Norris, por sua vez, ainda busca reduzir a vantagem de Max Verstappen na lideran\u00e7a do Mundial de pilotos.<\/p>\n\n\n\n<p>Durante as 16 temporadas da era MP4, a McLaren foi guiada por grandes nomes do automobilismo, como Niki Lauda, John Watson, Alain Prost, Keke Rosberg, Stefan Johansson, Ayrton Senna, Gerhard Berger, Mika Hakkinen e David Coulthard. A homenagem em Singapura, portanto, relembra n\u00e3o s\u00f3 uma pintura hist\u00f3rica, mas tamb\u00e9m uma era de dom\u00ednio e conquistas para a equipe brit\u00e2nica.<\/p>\n","protected":false},"excerpt":{"rendered":"<p>McLaren homenageia era MP4 com pintura especial para o GP de Singapura A McLaren trouxe para o GP de Singapura deste fim de semana uma pintura especial em homenagem \u00e0 ic\u00f4nica era MP4, que marcou a hist\u00f3ria da equipe entre 1981 e 1996. O MCL38, carro guiado por Oscar Piastri e Lando Norris, trocar\u00e1 o [&hellip;]<\/p>\n","protected":false},"author":20,"featured_media":122665,"comment_status":"open","ping_status":"closed","sticky":false,"template":"","format":"standard","meta":{"footnotes":""},"categories":[451],"tags":[],"class_list":["post-168331","post","type-post","status-publish","format-standard","has-post-thumbnail","hentry","category-f1"],"yoast_head":"<!-- This site is optimized with the Yoast SEO Premium plugin v24.2 (Yoast SEO v26.9) - https:\/\/yoast.com\/product\/yoast-seo-premium-wordpress\/ -->\n<title>V\u00eddeo: McLaren faz pintura em homenagem ao carro de Ayton Senna<\/title>\n<meta name=\"robots\" content=\"index, follow, max-snippet:-1, max-image-preview:large, max-video-preview:-1\" \/>\n<link rel=\"canonical\" href=\"https:\/\/www.gaveanews.com\/index.php\/2024\/09\/22\/video-mclaren-faz-pintura-em-homenagem-ao-carro-de-ayton-senna\/\" \/>\n<meta property=\"og:locale\" content=\"pt_BR\" \/>\n<meta property=\"og:type\" content=\"article\" \/>\n<meta property=\"og:title\" content=\"V\u00eddeo: McLaren faz pintura em homenagem ao carro de Ayton Senna\" \/>\n<meta property=\"og:description\" content=\"McLaren homenageia era MP4 com pintura especial para o GP de Singapura A McLaren trouxe para o GP de Singapura deste fim de semana uma pintura especial em homenagem \u00e0 ic\u00f4nica era MP4, que marcou a hist\u00f3ria da equipe entre 1981 e 1996. O MCL38, carro guiado por Oscar Piastri e Lando Norris, trocar\u00e1 o [&hellip;]\" \/>\n<meta property=\"og:url\" content=\"https:\/\/www.gaveanews.com\/index.php\/2024\/09\/22\/video-mclaren-faz-pintura-em-homenagem-ao-carro-de-ayton-senna\/\" \/>\n<meta property=\"og:site_name\" content=\"G\u00e1vea News\" \/>\n<meta property=\"article:publisher\" content=\"https:\/\/facebook.com\/gaveaNews\/\" \/>\n<meta property=\"article:published_time\" content=\"2024-09-22T20:45:00+00:00\" \/>\n<meta property=\"og:image\" content=\"https:\/\/www.gaveanews.com\/wp-content\/uploads\/Ayrton-Senna.webp\" \/>\n\t<meta property=\"og:image:width\" content=\"1000\" \/>\n\t<meta property=\"og:image:height\" content=\"563\" \/>\n\t<meta property=\"og:image:type\" content=\"image\/webp\" \/>\n<meta name=\"author\" content=\"Lucas Barros\" \/>\n<meta name=\"twitter:card\" content=\"summary_large_image\" \/>\n<meta name=\"twitter:label1\" content=\"Escrito por\" \/>\n\t<meta name=\"twitter:data1\" content=\"Lucas Barros\" \/>\n\t<meta name=\"twitter:label2\" content=\"Est. tempo de leitura\" \/>\n\t<meta name=\"twitter:data2\" content=\"3 minutos\" \/>\n<script type=\"application\/ld+json\" class=\"yoast-schema-graph\">{\"@context\":\"https:\/\/schema.org\",\"@graph\":[{\"@type\":\"NewsArticle\",\"@id\":\"https:\/\/www.gaveanews.com\/index.php\/2024\/09\/22\/video-mclaren-faz-pintura-em-homenagem-ao-carro-de-ayton-senna\/#article\",\"isPartOf\":{\"@id\":\"https:\/\/www.gaveanews.com\/index.php\/2024\/09\/22\/video-mclaren-faz-pintura-em-homenagem-ao-carro-de-ayton-senna\/\"},\"author\":{\"name\":\"Lucas Barros\",\"@id\":\"https:\/\/www.gaveanews.com\/#\/schema\/person\/2abf0cfa878f5f899daa5f781e82264c\"},\"headline\":\"V\u00eddeo: McLaren faz pintura em homenagem ao carro de Ayton Senna\",\"datePublished\":\"2024-09-22T20:45:00+00:00\",\"mainEntityOfPage\":{\"@id\":\"https:\/\/www.gaveanews.com\/index.php\/2024\/09\/22\/video-mclaren-faz-pintura-em-homenagem-ao-carro-de-ayton-senna\/\"},\"wordCount\":413,\"commentCount\":0,\"image\":{\"@id\":\"https:\/\/www.gaveanews.com\/index.php\/2024\/09\/22\/video-mclaren-faz-pintura-em-homenagem-ao-carro-de-ayton-senna\/#primaryimage\"},\"thumbnailUrl\":\"https:\/\/www.gaveanews.com\/wp-content\/uploads\/Ayrton-Senna.webp\",\"articleSection\":[\"F1\"],\"inLanguage\":\"pt-BR\",\"potentialAction\":[{\"@type\":\"CommentAction\",\"name\":\"Comment\",\"target\":[\"https:\/\/www.gaveanews.com\/index.php\/2024\/09\/22\/video-mclaren-faz-pintura-em-homenagem-ao-carro-de-ayton-senna\/#respond\"]}],\"copyrightYear\":\"2024\",\"copyrightHolder\":{\"@id\":\"https:\/\/www.gaveanews.com\/#organization\"}},{\"@type\":\"WebPage\",\"@id\":\"https:\/\/www.gaveanews.com\/index.php\/2024\/09\/22\/video-mclaren-faz-pintura-em-homenagem-ao-carro-de-ayton-senna\/\",\"url\":\"https:\/\/www.gaveanews.com\/index.php\/2024\/09\/22\/video-mclaren-faz-pintura-em-homenagem-ao-carro-de-ayton-senna\/\",\"name\":\"V\u00eddeo: McLaren faz pintura em homenagem ao carro de Ayton Senna\",\"isPartOf\":{\"@id\":\"https:\/\/www.gaveanews.com\/#website\"},\"primaryImageOfPage\":{\"@id\":\"https:\/\/www.gaveanews.com\/index.php\/2024\/09\/22\/video-mclaren-faz-pintura-em-homenagem-ao-carro-de-ayton-senna\/#primaryimage\"},\"image\":{\"@id\":\"https:\/\/www.gaveanews.com\/index.php\/2024\/09\/22\/video-mclaren-faz-pintura-em-homenagem-ao-carro-de-ayton-senna\/#primaryimage\"},\"thumbnailUrl\":\"https:\/\/www.gaveanews.com\/wp-content\/uploads\/Ayrton-Senna.webp\",\"datePublished\":\"2024-09-22T20:45:00+00:00\",\"author\":{\"@id\":\"https:\/\/www.gaveanews.com\/#\/schema\/person\/2abf0cfa878f5f899daa5f781e82264c\"},\"breadcrumb\":{\"@id\":\"https:\/\/www.gaveanews.com\/index.php\/2024\/09\/22\/video-mclaren-faz-pintura-em-homenagem-ao-carro-de-ayton-senna\/#breadcrumb\"},\"inLanguage\":\"pt-BR\",\"potentialAction\":[{\"@type\":\"ReadAction\",\"target\":[\"https:\/\/www.gaveanews.com\/index.php\/2024\/09\/22\/video-mclaren-faz-pintura-em-homenagem-ao-carro-de-ayton-senna\/\"]}]},{\"@type\":\"ImageObject\",\"inLanguage\":\"pt-BR\",\"@id\":\"https:\/\/www.gaveanews.com\/index.php\/2024\/09\/22\/video-mclaren-faz-pintura-em-homenagem-ao-carro-de-ayton-senna\/#primaryimage\",\"url\":\"https:\/\/www.gaveanews.com\/wp-content\/uploads\/Ayrton-Senna.webp\",\"contentUrl\":\"https:\/\/www.gaveanews.com\/wp-content\/uploads\/Ayrton-Senna.webp\",\"width\":1000,\"height\":563,\"caption\":\"Ayrton Senna, piloto brasileiro de F\u00f3rmula 1 (Foto: Getty Images)\"},{\"@type\":\"BreadcrumbList\",\"@id\":\"https:\/\/www.gaveanews.com\/index.php\/2024\/09\/22\/video-mclaren-faz-pintura-em-homenagem-ao-carro-de-ayton-senna\/#breadcrumb\",\"itemListElement\":[{\"@type\":\"ListItem\",\"position\":1,\"name\":\"Home\",\"item\":\"https:\/\/www.gaveanews.com\/\"},{\"@type\":\"ListItem\",\"position\":2,\"name\":\"V\u00eddeo: McLaren faz pintura em homenagem ao carro de Ayton Senna\"}]},{\"@type\":\"WebSite\",\"@id\":\"https:\/\/www.gaveanews.com\/#website\",\"url\":\"https:\/\/www.gaveanews.com\/\",\"name\":\"G\u00e1vea News\",\"description\":\"Veja todas as not\u00edcias sobre o Flamengo: Contrata\u00e7\u00f5es, categorias de base, resultados das partidas, tabela de classifica\u00e7\u00e3o, pr\u00f3ximos jogos!\",\"potentialAction\":[{\"@type\":\"SearchAction\",\"target\":{\"@type\":\"EntryPoint\",\"urlTemplate\":\"https:\/\/www.gaveanews.com\/?s={search_term_string}\"},\"query-input\":{\"@type\":\"PropertyValueSpecification\",\"valueRequired\":true,\"valueName\":\"search_term_string\"}}],\"inLanguage\":\"pt-BR\"},{\"@type\":\"Person\",\"@id\":\"https:\/\/www.gaveanews.com\/#\/schema\/person\/2abf0cfa878f5f899daa5f781e82264c\",\"name\":\"Lucas Barros\",\"image\":{\"@type\":\"ImageObject\",\"inLanguage\":\"pt-BR\",\"@id\":\"https:\/\/www.gaveanews.com\/#\/schema\/person\/image\/\",\"url\":\"https:\/\/secure.gravatar.com\/avatar\/67a6069eba66bf6fd7c80b70e1331baa3dbc3d6df5012d5c22eff29c7d59e0b0?s=96&d=mm&r=g\",\"contentUrl\":\"https:\/\/secure.gravatar.com\/avatar\/67a6069eba66bf6fd7c80b70e1331baa3dbc3d6df5012d5c22eff29c7d59e0b0?s=96&d=mm&r=g\",\"caption\":\"Lucas Barros\"}}]}<\/script>\n<!-- \/ Yoast SEO Premium plugin. -->","yoast_head_json":{"title":"V\u00eddeo: McLaren faz pintura em homenagem ao carro de Ayton Senna","robots":{"index":"index","follow":"follow","max-snippet":"max-snippet:-1","max-image-preview":"max-image-preview:large","max-video-preview":"max-video-preview:-1"},"canonical":"https:\/\/www.gaveanews.com\/index.php\/2024\/09\/22\/video-mclaren-faz-pintura-em-homenagem-ao-carro-de-ayton-senna\/","og_locale":"pt_BR","og_type":"article","og_title":"V\u00eddeo: McLaren faz pintura em homenagem ao carro de Ayton Senna","og_description":"McLaren homenageia era MP4 com pintura especial para o GP de Singapura A McLaren trouxe para o GP de Singapura deste fim de semana uma pintura especial em homenagem \u00e0 ic\u00f4nica era MP4, que marcou a hist\u00f3ria da equipe entre 1981 e 1996. O MCL38, carro guiado por Oscar Piastri e Lando Norris, trocar\u00e1 o [&hellip;]","og_url":"https:\/\/www.gaveanews.com\/index.php\/2024\/09\/22\/video-mclaren-faz-pintura-em-homenagem-ao-carro-de-ayton-senna\/","og_site_name":"G\u00e1vea News","article_publisher":"https:\/\/facebook.com\/gaveaNews\/","article_published_time":"2024-09-22T20:45:00+00:00","og_image":[{"width":1000,"height":563,"url":"https:\/\/www.gaveanews.com\/wp-content\/uploads\/Ayrton-Senna.webp","type":"image\/webp"}],"author":"Lucas Barros","twitter_card":"summary_large_image","twitter_misc":{"Escrito por":"Lucas Barros","Est. tempo de leitura":"3 minutos"},"schema":{"@context":"https:\/\/schema.org","@graph":[{"@type":"NewsArticle","@id":"https:\/\/www.gaveanews.com\/index.php\/2024\/09\/22\/video-mclaren-faz-pintura-em-homenagem-ao-carro-de-ayton-senna\/#article","isPartOf":{"@id":"https:\/\/www.gaveanews.com\/index.php\/2024\/09\/22\/video-mclaren-faz-pintura-em-homenagem-ao-carro-de-ayton-senna\/"},"author":{"name":"Lucas Barros","@id":"https:\/\/www.gaveanews.com\/#\/schema\/person\/2abf0cfa878f5f899daa5f781e82264c"},"headline":"V\u00eddeo: McLaren faz pintura em homenagem ao carro de Ayton Senna","datePublished":"2024-09-22T20:45:00+00:00","mainEntityOfPage":{"@id":"https:\/\/www.gaveanews.com\/index.php\/2024\/09\/22\/video-mclaren-faz-pintura-em-homenagem-ao-carro-de-ayton-senna\/"},"wordCount":413,"commentCount":0,"image":{"@id":"https:\/\/www.gaveanews.com\/index.php\/2024\/09\/22\/video-mclaren-faz-pintura-em-homenagem-ao-carro-de-ayton-senna\/#primaryimage"},"thumbnailUrl":"https:\/\/www.gaveanews.com\/wp-content\/uploads\/Ayrton-Senna.webp","articleSection":["F1"],"inLanguage":"pt-BR","potentialAction":[{"@type":"CommentAction","name":"Comment","target":["https:\/\/www.gaveanews.com\/index.php\/2024\/09\/22\/video-mclaren-faz-pintura-em-homenagem-ao-carro-de-ayton-senna\/#respond"]}],"copyrightYear":"2024","copyrightHolder":{"@id":"https:\/\/www.gaveanews.com\/#organization"}},{"@type":"WebPage","@id":"https:\/\/www.gaveanews.com\/index.php\/2024\/09\/22\/video-mclaren-faz-pintura-em-homenagem-ao-carro-de-ayton-senna\/","url":"https:\/\/www.gaveanews.com\/index.php\/2024\/09\/22\/video-mclaren-faz-pintura-em-homenagem-ao-carro-de-ayton-senna\/","name":"V\u00eddeo: McLaren faz pintura em homenagem ao carro de Ayton Senna","isPartOf":{"@id":"https:\/\/www.gaveanews.com\/#website"},"primaryImageOfPage":{"@id":"https:\/\/www.gaveanews.com\/index.php\/2024\/09\/22\/video-mclaren-faz-pintura-em-homenagem-ao-carro-de-ayton-senna\/#primaryimage"},"image":{"@id":"https:\/\/www.gaveanews.com\/index.php\/2024\/09\/22\/video-mclaren-faz-pintura-em-homenagem-ao-carro-de-ayton-senna\/#primaryimage"},"thumbnailUrl":"https:\/\/www.gaveanews.com\/wp-content\/uploads\/Ayrton-Senna.webp","datePublished":"2024-09-22T20:45:00+00:00","author":{"@id":"https:\/\/www.gaveanews.com\/#\/schema\/person\/2abf0cfa878f5f899daa5f781e82264c"},"breadcrumb":{"@id":"https:\/\/www.gaveanews.com\/index.php\/2024\/09\/22\/video-mclaren-faz-pintura-em-homenagem-ao-carro-de-ayton-senna\/#breadcrumb"},"inLanguage":"pt-BR","potentialAction":[{"@type":"ReadAction","target":["https:\/\/www.gaveanews.com\/index.php\/2024\/09\/22\/video-mclaren-faz-pintura-em-homenagem-ao-carro-de-ayton-senna\/"]}]},{"@type":"ImageObject","inLanguage":"pt-BR","@id":"https:\/\/www.gaveanews.com\/index.php\/2024\/09\/22\/video-mclaren-faz-pintura-em-homenagem-ao-carro-de-ayton-senna\/#primaryimage","url":"https:\/\/www.gaveanews.com\/wp-content\/uploads\/Ayrton-Senna.webp","contentUrl":"https:\/\/www.gaveanews.com\/wp-content\/uploads\/Ayrton-Senna.webp","width":1000,"height":563,"caption":"Ayrton Senna, piloto brasileiro de F\u00f3rmula 1 (Foto: Getty Images)"},{"@type":"BreadcrumbList","@id":"https:\/\/www.gaveanews.com\/index.php\/2024\/09\/22\/video-mclaren-faz-pintura-em-homenagem-ao-carro-de-ayton-senna\/#breadcrumb","itemListElement":[{"@type":"ListItem","position":1,"name":"Home","item":"https:\/\/www.gaveanews.com\/"},{"@type":"ListItem","position":2,"name":"V\u00eddeo: McLaren faz pintura em homenagem ao carro de Ayton Senna"}]},{"@type":"WebSite","@id":"https:\/\/www.gaveanews.com\/#website","url":"https:\/\/www.gaveanews.com\/","name":"G\u00e1vea News","description":"Veja todas as not\u00edcias sobre o Flamengo: Contrata\u00e7\u00f5es, categorias de base, resultados das partidas, tabela de classifica\u00e7\u00e3o, pr\u00f3ximos jogos!","potentialAction":[{"@type":"SearchAction","target":{"@type":"EntryPoint","urlTemplate":"https:\/\/www.gaveanews.com\/?s={search_term_string}"},"query-input":{"@type":"PropertyValueSpecification","valueRequired":true,"valueName":"search_term_string"}}],"inLanguage":"pt-BR"},{"@type":"Person","@id":"https:\/\/www.gaveanews.com\/#\/schema\/person\/2abf0cfa878f5f899daa5f781e82264c","name":"Lucas Barros","image":{"@type":"ImageObject","inLanguage":"pt-BR","@id":"https:\/\/www.gaveanews.com\/#\/schema\/person\/image\/","url":"https:\/\/secure.gravatar.com\/avatar\/67a6069eba66bf6fd7c80b70e1331baa3dbc3d6df5012d5c22eff29c7d59e0b0?s=96&d=mm&r=g","contentUrl":"https:\/\/secure.gravatar.com\/avatar\/67a6069eba66bf6fd7c80b70e1331baa3dbc3d6df5012d5c22eff29c7d59e0b0?s=96&d=mm&r=g","caption":"Lucas Barros"}}]}},"_links":{"self":[{"href":"https:\/\/www.gaveanews.com\/index.php\/wp-json\/wp\/v2\/posts\/168331","targetHints":{"allow":["GET"]}}],"collection":[{"href":"https:\/\/www.gaveanews.com\/index.php\/wp-json\/wp\/v2\/posts"}],"about":[{"href":"https:\/\/www.gaveanews.com\/index.php\/wp-json\/wp\/v2\/types\/post"}],"author":[{"embeddable":true,"href":"https:\/\/www.gaveanews.com\/index.php\/wp-json\/wp\/v2\/users\/20"}],"replies":[{"embeddable":true,"href":"https:\/\/www.gaveanews.com\/index.php\/wp-json\/wp\/v2\/comments?post=168331"}],"version-history":[{"count":2,"href":"https:\/\/www.gaveanews.com\/index.php\/wp-json\/wp\/v2\/posts\/168331\/revisions"}],"predecessor-version":[{"id":168401,"href":"https:\/\/www.gaveanews.com\/index.php\/wp-json\/wp\/v2\/posts\/168331\/revisions\/168401"}],"wp:featuredmedia":[{"embeddable":true,"href":"https:\/\/www.gaveanews.com\/index.php\/wp-json\/wp\/v2\/media\/122665"}],"wp:attachment":[{"href":"https:\/\/www.gaveanews.com\/index.php\/wp-json\/wp\/v2\/media?parent=168331"}],"wp:term":[{"taxonomy":"category","embeddable":true,"href":"https:\/\/www.gaveanews.com\/index.php\/wp-json\/wp\/v2\/categories?post=168331"},{"taxonomy":"post_tag","embeddable":true,"href":"https:\/\/www.gaveanews.com\/index.php\/wp-json\/wp\/v2\/tags?post=168331"}],"curies":[{"name":"wp","href":"https:\/\/api.w.org\/{rel}","templated":true}]}}