{"id":168448,"date":"2024-09-22T21:11:56","date_gmt":"2024-09-23T00:11:56","guid":{"rendered":"https:\/\/www.gaveanews.com\/?p=168448"},"modified":"2024-09-22T21:11:59","modified_gmt":"2024-09-23T00:11:59","slug":"quando-vai-ser-o-proximo-jogo-do-flamengo-7","status":"publish","type":"post","link":"https:\/\/www.gaveanews.com\/index.php\/2024\/09\/22\/quando-vai-ser-o-proximo-jogo-do-flamengo-7\/","title":{"rendered":"Quando vai ser o pr\u00f3ximo jogo do Flamengo?"},"content":{"rendered":"\n<p>O Flamengo perdeu para o Gr\u00eamio por 3 a 2, em jogo v\u00e1lido pela 27\u00aa rodada do Campeonato Brasileiro, neste domingo (22). O rev\u00e9s foi bem frustrante, visto que o Rubro-Negro foi melhor do que o Tricolor, mas n\u00e3o conseguiu ser efetivo o suficiente.<\/p>\n\n\n\n<ul class=\"wp-block-list\">\n<li><a href=\"https:\/\/www.gaveanews.com\/index.php\/2024\/09\/22\/cbf-rebate-declaracao-de-rodolfo-landim-do-flamengo\/\">CBF rebate declara\u00e7\u00e3o de Rodolfo Landim, do Flamengo<\/a><\/li>\n\n\n\n<li><a href=\"https:\/\/www.gaveanews.com\/index.php\/2024\/09\/22\/a-declaracao-de-david-luiz-apos-derrota-para-o-gremio\/\">A declara\u00e7\u00e3o de David Luiz ap\u00f3s derrota para o Gr\u00eamio<\/a><\/li>\n<\/ul>\n\n\n\n<p>Ap\u00f3s a derrota no Campeonato Brasileiro, o torcedor se pergunta sobre quando ser\u00e1 o pr\u00f3ximo jogo do Flamengo, e o G\u00e1vea News te passa, abaixo, a programa\u00e7\u00e3o do Rubro-Negro para a semana que se inicia. <\/p>\n\n\n\n<p>O Flamengo volta a campo na quinta-feira, dia 26 de setembro, para enfrentar o Pe\u00f1arol, pelo segundo jogo das quartas de final da Copa Libertadores da Am\u00e9rica. A partida ser\u00e1 disputada no Est\u00e1dio Campe\u00f3n Del Siglo, no Uruguai, \u00e0s 19h (hor\u00e1rio de Bras\u00edlia).<\/p>\n\n\n\n<p>A partida \u00e9 decisiva e vai definir uma das equipes classificadas para a semifinal do torneio continental. Para o duelo, o Flamengo n\u00e3o ter\u00e1 vida f\u00e1cil, visto que perdeu o primeiro confronto da s\u00e9rie, em casa, por 1 a 0. Nesse cen\u00e1rio, s\u00f3 a vit\u00f3ria interessa para o Rubro-Negro se manter vivo na briga pela Gl\u00f3ria Eterna. <\/p>\n\n\n\n<p>Pensando na Libertadores, o Flamengo, inclusive, &#8216;poupou&#8217; os jogadores considerados titulares, e 12 atletas sequer viajaram com a delega\u00e7\u00e3o para Porto Alegre para enfrentar o Gr\u00eamio, pelo Brasileir\u00e3o. Rossi, Varela, Fabr\u00edcio Bruo, L\u00e9o Pereira, Alex Sandro, Erick Pulgar, L\u00e9o Ortiz, De La Cruz, Arrascaeta, Plata, Gerson e Bruno Henrique ficaram no Rio de Janeiro treinando para o torneio continental. Gabigol, que estava com fibrose, tamb\u00e9m ficou no RJ para se recuperar e est\u00e1 trabalhando com a equipe. <\/p>\n\n\n\n<p>Depois de jogar a vida na Copa Libertadores da Am\u00e9rica, o Flamengo j\u00e1 volta a pensar no Campeonato Brasileiro. Isso porque no domingo, dia 29 de setembro, o Rubro-Negro enfrenta o Athletico-PR, pela 28\u00aa rodada do torneio nacional. A partida ser\u00e1 disputada no Maracan\u00e3, \u00e0s 20h (hor\u00e1rio de Bras\u00edlia).<\/p>\n\n\n\n<p><\/p>\n","protected":false},"excerpt":{"rendered":"<p>O Flamengo perdeu para o Gr\u00eamio por 3 a 2, em jogo v\u00e1lido pela 27\u00aa rodada do Campeonato Brasileiro, neste domingo (22). O rev\u00e9s foi bem frustrante, visto que o Rubro-Negro foi melhor do que o Tricolor, mas n\u00e3o conseguiu ser efetivo o suficiente. Ap\u00f3s a derrota no Campeonato Brasileiro, o torcedor se pergunta sobre [&hellip;]<\/p>\n","protected":false},"author":18,"featured_media":158929,"comment_status":"open","ping_status":"closed","sticky":false,"template":"","format":"standard","meta":{"footnotes":""},"categories":[1],"tags":[],"class_list":["post-168448","post","type-post","status-publish","format-standard","has-post-thumbnail","hentry","category-flamengo"],"yoast_head":"<!-- This site is optimized with the Yoast SEO Premium plugin v24.2 (Yoast SEO v26.9) - https:\/\/yoast.com\/product\/yoast-seo-premium-wordpress\/ -->\n<title>Quando vai ser o pr\u00f3ximo jogo do Flamengo?<\/title>\n<meta name=\"robots\" content=\"index, follow, max-snippet:-1, max-image-preview:large, max-video-preview:-1\" \/>\n<link rel=\"canonical\" href=\"https:\/\/www.gaveanews.com\/index.php\/2024\/09\/22\/quando-vai-ser-o-proximo-jogo-do-flamengo-7\/\" \/>\n<meta property=\"og:locale\" content=\"pt_BR\" \/>\n<meta property=\"og:type\" content=\"article\" \/>\n<meta property=\"og:title\" content=\"Quando vai ser o pr\u00f3ximo jogo do Flamengo?\" \/>\n<meta property=\"og:description\" content=\"O Flamengo perdeu para o Gr\u00eamio por 3 a 2, em jogo v\u00e1lido pela 27\u00aa rodada do Campeonato Brasileiro, neste domingo (22). O rev\u00e9s foi bem frustrante, visto que o Rubro-Negro foi melhor do que o Tricolor, mas n\u00e3o conseguiu ser efetivo o suficiente. Ap\u00f3s a derrota no Campeonato Brasileiro, o torcedor se pergunta sobre [&hellip;]\" \/>\n<meta property=\"og:url\" content=\"https:\/\/www.gaveanews.com\/index.php\/2024\/09\/22\/quando-vai-ser-o-proximo-jogo-do-flamengo-7\/\" \/>\n<meta property=\"og:site_name\" content=\"G\u00e1vea News\" \/>\n<meta property=\"article:publisher\" content=\"https:\/\/facebook.com\/gaveaNews\/\" \/>\n<meta property=\"article:published_time\" content=\"2024-09-23T00:11:56+00:00\" \/>\n<meta property=\"article:modified_time\" content=\"2024-09-23T00:11:59+00:00\" \/>\n<meta property=\"og:image\" content=\"https:\/\/www.gaveanews.com\/wp-content\/uploads\/Fabricio-Bruno-durante-jogo-contra-o-Bolivar-pela-Libertadores-no-Maracana.webp\" \/>\n\t<meta property=\"og:image:width\" content=\"512\" \/>\n\t<meta property=\"og:image:height\" content=\"341\" \/>\n\t<meta property=\"og:image:type\" content=\"image\/jpeg\" \/>\n<meta name=\"author\" content=\"Paula Silva\" \/>\n<meta name=\"twitter:card\" content=\"summary_large_image\" \/>\n<meta name=\"twitter:label1\" content=\"Escrito por\" \/>\n\t<meta name=\"twitter:data1\" content=\"Paula Silva\" \/>\n\t<meta name=\"twitter:label2\" content=\"Est. tempo de leitura\" \/>\n\t<meta name=\"twitter:data2\" content=\"2 minutos\" \/>\n<script type=\"application\/ld+json\" class=\"yoast-schema-graph\">{\"@context\":\"https:\/\/schema.org\",\"@graph\":[{\"@type\":\"NewsArticle\",\"@id\":\"https:\/\/www.gaveanews.com\/index.php\/2024\/09\/22\/quando-vai-ser-o-proximo-jogo-do-flamengo-7\/#article\",\"isPartOf\":{\"@id\":\"https:\/\/www.gaveanews.com\/index.php\/2024\/09\/22\/quando-vai-ser-o-proximo-jogo-do-flamengo-7\/\"},\"author\":{\"name\":\"Paula Silva\",\"@id\":\"https:\/\/www.gaveanews.com\/#\/schema\/person\/daf63eec72e1164eb13dc35096c2b8da\"},\"headline\":\"Quando vai ser o pr\u00f3ximo jogo do Flamengo?\",\"datePublished\":\"2024-09-23T00:11:56+00:00\",\"dateModified\":\"2024-09-23T00:11:59+00:00\",\"mainEntityOfPage\":{\"@id\":\"https:\/\/www.gaveanews.com\/index.php\/2024\/09\/22\/quando-vai-ser-o-proximo-jogo-do-flamengo-7\/\"},\"wordCount\":355,\"commentCount\":0,\"image\":{\"@id\":\"https:\/\/www.gaveanews.com\/index.php\/2024\/09\/22\/quando-vai-ser-o-proximo-jogo-do-flamengo-7\/#primaryimage\"},\"thumbnailUrl\":\"https:\/\/www.gaveanews.com\/wp-content\/uploads\/Fabricio-Bruno-durante-jogo-contra-o-Bolivar-pela-Libertadores-no-Maracana.webp\",\"articleSection\":[\"Flamengo\"],\"inLanguage\":\"pt-BR\",\"potentialAction\":[{\"@type\":\"CommentAction\",\"name\":\"Comment\",\"target\":[\"https:\/\/www.gaveanews.com\/index.php\/2024\/09\/22\/quando-vai-ser-o-proximo-jogo-do-flamengo-7\/#respond\"]}],\"copyrightYear\":\"2024\",\"copyrightHolder\":{\"@id\":\"https:\/\/www.gaveanews.com\/#organization\"}},{\"@type\":\"WebPage\",\"@id\":\"https:\/\/www.gaveanews.com\/index.php\/2024\/09\/22\/quando-vai-ser-o-proximo-jogo-do-flamengo-7\/\",\"url\":\"https:\/\/www.gaveanews.com\/index.php\/2024\/09\/22\/quando-vai-ser-o-proximo-jogo-do-flamengo-7\/\",\"name\":\"Quando vai ser o pr\u00f3ximo jogo do Flamengo?\",\"isPartOf\":{\"@id\":\"https:\/\/www.gaveanews.com\/#website\"},\"primaryImageOfPage\":{\"@id\":\"https:\/\/www.gaveanews.com\/index.php\/2024\/09\/22\/quando-vai-ser-o-proximo-jogo-do-flamengo-7\/#primaryimage\"},\"image\":{\"@id\":\"https:\/\/www.gaveanews.com\/index.php\/2024\/09\/22\/quando-vai-ser-o-proximo-jogo-do-flamengo-7\/#primaryimage\"},\"thumbnailUrl\":\"https:\/\/www.gaveanews.com\/wp-content\/uploads\/Fabricio-Bruno-durante-jogo-contra-o-Bolivar-pela-Libertadores-no-Maracana.webp\",\"datePublished\":\"2024-09-23T00:11:56+00:00\",\"dateModified\":\"2024-09-23T00:11:59+00:00\",\"author\":{\"@id\":\"https:\/\/www.gaveanews.com\/#\/schema\/person\/daf63eec72e1164eb13dc35096c2b8da\"},\"breadcrumb\":{\"@id\":\"https:\/\/www.gaveanews.com\/index.php\/2024\/09\/22\/quando-vai-ser-o-proximo-jogo-do-flamengo-7\/#breadcrumb\"},\"inLanguage\":\"pt-BR\",\"potentialAction\":[{\"@type\":\"ReadAction\",\"target\":[\"https:\/\/www.gaveanews.com\/index.php\/2024\/09\/22\/quando-vai-ser-o-proximo-jogo-do-flamengo-7\/\"]}]},{\"@type\":\"ImageObject\",\"inLanguage\":\"pt-BR\",\"@id\":\"https:\/\/www.gaveanews.com\/index.php\/2024\/09\/22\/quando-vai-ser-o-proximo-jogo-do-flamengo-7\/#primaryimage\",\"url\":\"https:\/\/www.gaveanews.com\/wp-content\/uploads\/Fabricio-Bruno-durante-jogo-contra-o-Bolivar-pela-Libertadores-no-Maracana.webp\",\"contentUrl\":\"https:\/\/www.gaveanews.com\/wp-content\/uploads\/Fabricio-Bruno-durante-jogo-contra-o-Bolivar-pela-Libertadores-no-Maracana.webp\",\"width\":512,\"height\":341,\"caption\":\"Fabr\u00edcio Bruno durante jogo contra o Bol\u00edvar, pela Libertadores, no Maracan\u00e3 (Foto: Marcelo Cortes\/Flamengo)\"},{\"@type\":\"BreadcrumbList\",\"@id\":\"https:\/\/www.gaveanews.com\/index.php\/2024\/09\/22\/quando-vai-ser-o-proximo-jogo-do-flamengo-7\/#breadcrumb\",\"itemListElement\":[{\"@type\":\"ListItem\",\"position\":1,\"name\":\"Home\",\"item\":\"https:\/\/www.gaveanews.com\/\"},{\"@type\":\"ListItem\",\"position\":2,\"name\":\"Quando vai ser o pr\u00f3ximo jogo do Flamengo?\"}]},{\"@type\":\"WebSite\",\"@id\":\"https:\/\/www.gaveanews.com\/#website\",\"url\":\"https:\/\/www.gaveanews.com\/\",\"name\":\"G\u00e1vea News\",\"description\":\"Veja todas as not\u00edcias sobre o Flamengo: Contrata\u00e7\u00f5es, categorias de base, resultados das partidas, tabela de classifica\u00e7\u00e3o, pr\u00f3ximos jogos!\",\"potentialAction\":[{\"@type\":\"SearchAction\",\"target\":{\"@type\":\"EntryPoint\",\"urlTemplate\":\"https:\/\/www.gaveanews.com\/?s={search_term_string}\"},\"query-input\":{\"@type\":\"PropertyValueSpecification\",\"valueRequired\":true,\"valueName\":\"search_term_string\"}}],\"inLanguage\":\"pt-BR\"},{\"@type\":\"Person\",\"@id\":\"https:\/\/www.gaveanews.com\/#\/schema\/person\/daf63eec72e1164eb13dc35096c2b8da\",\"name\":\"Paula Silva\",\"image\":{\"@type\":\"ImageObject\",\"inLanguage\":\"pt-BR\",\"@id\":\"https:\/\/www.gaveanews.com\/#\/schema\/person\/image\/\",\"url\":\"https:\/\/secure.gravatar.com\/avatar\/eda381c845527cc5d64c13b901833cda29d97500ba040d3e6461f76f51d163bb?s=96&d=mm&r=g\",\"contentUrl\":\"https:\/\/secure.gravatar.com\/avatar\/eda381c845527cc5d64c13b901833cda29d97500ba040d3e6461f76f51d163bb?s=96&d=mm&r=g\",\"caption\":\"Paula Silva\"}}]}<\/script>\n<!-- \/ Yoast SEO Premium plugin. -->","yoast_head_json":{"title":"Quando vai ser o pr\u00f3ximo jogo do Flamengo?","robots":{"index":"index","follow":"follow","max-snippet":"max-snippet:-1","max-image-preview":"max-image-preview:large","max-video-preview":"max-video-preview:-1"},"canonical":"https:\/\/www.gaveanews.com\/index.php\/2024\/09\/22\/quando-vai-ser-o-proximo-jogo-do-flamengo-7\/","og_locale":"pt_BR","og_type":"article","og_title":"Quando vai ser o pr\u00f3ximo jogo do Flamengo?","og_description":"O Flamengo perdeu para o Gr\u00eamio por 3 a 2, em jogo v\u00e1lido pela 27\u00aa rodada do Campeonato Brasileiro, neste domingo (22). O rev\u00e9s foi bem frustrante, visto que o Rubro-Negro foi melhor do que o Tricolor, mas n\u00e3o conseguiu ser efetivo o suficiente. Ap\u00f3s a derrota no Campeonato Brasileiro, o torcedor se pergunta sobre [&hellip;]","og_url":"https:\/\/www.gaveanews.com\/index.php\/2024\/09\/22\/quando-vai-ser-o-proximo-jogo-do-flamengo-7\/","og_site_name":"G\u00e1vea News","article_publisher":"https:\/\/facebook.com\/gaveaNews\/","article_published_time":"2024-09-23T00:11:56+00:00","article_modified_time":"2024-09-23T00:11:59+00:00","og_image":[{"width":512,"height":341,"url":"https:\/\/www.gaveanews.com\/wp-content\/uploads\/Fabricio-Bruno-durante-jogo-contra-o-Bolivar-pela-Libertadores-no-Maracana.webp","type":"image\/jpeg"}],"author":"Paula Silva","twitter_card":"summary_large_image","twitter_misc":{"Escrito por":"Paula Silva","Est. tempo de leitura":"2 minutos"},"schema":{"@context":"https:\/\/schema.org","@graph":[{"@type":"NewsArticle","@id":"https:\/\/www.gaveanews.com\/index.php\/2024\/09\/22\/quando-vai-ser-o-proximo-jogo-do-flamengo-7\/#article","isPartOf":{"@id":"https:\/\/www.gaveanews.com\/index.php\/2024\/09\/22\/quando-vai-ser-o-proximo-jogo-do-flamengo-7\/"},"author":{"name":"Paula Silva","@id":"https:\/\/www.gaveanews.com\/#\/schema\/person\/daf63eec72e1164eb13dc35096c2b8da"},"headline":"Quando vai ser o pr\u00f3ximo jogo do Flamengo?","datePublished":"2024-09-23T00:11:56+00:00","dateModified":"2024-09-23T00:11:59+00:00","mainEntityOfPage":{"@id":"https:\/\/www.gaveanews.com\/index.php\/2024\/09\/22\/quando-vai-ser-o-proximo-jogo-do-flamengo-7\/"},"wordCount":355,"commentCount":0,"image":{"@id":"https:\/\/www.gaveanews.com\/index.php\/2024\/09\/22\/quando-vai-ser-o-proximo-jogo-do-flamengo-7\/#primaryimage"},"thumbnailUrl":"https:\/\/www.gaveanews.com\/wp-content\/uploads\/Fabricio-Bruno-durante-jogo-contra-o-Bolivar-pela-Libertadores-no-Maracana.webp","articleSection":["Flamengo"],"inLanguage":"pt-BR","potentialAction":[{"@type":"CommentAction","name":"Comment","target":["https:\/\/www.gaveanews.com\/index.php\/2024\/09\/22\/quando-vai-ser-o-proximo-jogo-do-flamengo-7\/#respond"]}],"copyrightYear":"2024","copyrightHolder":{"@id":"https:\/\/www.gaveanews.com\/#organization"}},{"@type":"WebPage","@id":"https:\/\/www.gaveanews.com\/index.php\/2024\/09\/22\/quando-vai-ser-o-proximo-jogo-do-flamengo-7\/","url":"https:\/\/www.gaveanews.com\/index.php\/2024\/09\/22\/quando-vai-ser-o-proximo-jogo-do-flamengo-7\/","name":"Quando vai ser o pr\u00f3ximo jogo do Flamengo?","isPartOf":{"@id":"https:\/\/www.gaveanews.com\/#website"},"primaryImageOfPage":{"@id":"https:\/\/www.gaveanews.com\/index.php\/2024\/09\/22\/quando-vai-ser-o-proximo-jogo-do-flamengo-7\/#primaryimage"},"image":{"@id":"https:\/\/www.gaveanews.com\/index.php\/2024\/09\/22\/quando-vai-ser-o-proximo-jogo-do-flamengo-7\/#primaryimage"},"thumbnailUrl":"https:\/\/www.gaveanews.com\/wp-content\/uploads\/Fabricio-Bruno-durante-jogo-contra-o-Bolivar-pela-Libertadores-no-Maracana.webp","datePublished":"2024-09-23T00:11:56+00:00","dateModified":"2024-09-23T00:11:59+00:00","author":{"@id":"https:\/\/www.gaveanews.com\/#\/schema\/person\/daf63eec72e1164eb13dc35096c2b8da"},"breadcrumb":{"@id":"https:\/\/www.gaveanews.com\/index.php\/2024\/09\/22\/quando-vai-ser-o-proximo-jogo-do-flamengo-7\/#breadcrumb"},"inLanguage":"pt-BR","potentialAction":[{"@type":"ReadAction","target":["https:\/\/www.gaveanews.com\/index.php\/2024\/09\/22\/quando-vai-ser-o-proximo-jogo-do-flamengo-7\/"]}]},{"@type":"ImageObject","inLanguage":"pt-BR","@id":"https:\/\/www.gaveanews.com\/index.php\/2024\/09\/22\/quando-vai-ser-o-proximo-jogo-do-flamengo-7\/#primaryimage","url":"https:\/\/www.gaveanews.com\/wp-content\/uploads\/Fabricio-Bruno-durante-jogo-contra-o-Bolivar-pela-Libertadores-no-Maracana.webp","contentUrl":"https:\/\/www.gaveanews.com\/wp-content\/uploads\/Fabricio-Bruno-durante-jogo-contra-o-Bolivar-pela-Libertadores-no-Maracana.webp","width":512,"height":341,"caption":"Fabr\u00edcio Bruno durante jogo contra o Bol\u00edvar, pela Libertadores, no Maracan\u00e3 (Foto: Marcelo Cortes\/Flamengo)"},{"@type":"BreadcrumbList","@id":"https:\/\/www.gaveanews.com\/index.php\/2024\/09\/22\/quando-vai-ser-o-proximo-jogo-do-flamengo-7\/#breadcrumb","itemListElement":[{"@type":"ListItem","position":1,"name":"Home","item":"https:\/\/www.gaveanews.com\/"},{"@type":"ListItem","position":2,"name":"Quando vai ser o pr\u00f3ximo jogo do Flamengo?"}]},{"@type":"WebSite","@id":"https:\/\/www.gaveanews.com\/#website","url":"https:\/\/www.gaveanews.com\/","name":"G\u00e1vea News","description":"Veja todas as not\u00edcias sobre o Flamengo: Contrata\u00e7\u00f5es, categorias de base, resultados das partidas, tabela de classifica\u00e7\u00e3o, pr\u00f3ximos jogos!","potentialAction":[{"@type":"SearchAction","target":{"@type":"EntryPoint","urlTemplate":"https:\/\/www.gaveanews.com\/?s={search_term_string}"},"query-input":{"@type":"PropertyValueSpecification","valueRequired":true,"valueName":"search_term_string"}}],"inLanguage":"pt-BR"},{"@type":"Person","@id":"https:\/\/www.gaveanews.com\/#\/schema\/person\/daf63eec72e1164eb13dc35096c2b8da","name":"Paula Silva","image":{"@type":"ImageObject","inLanguage":"pt-BR","@id":"https:\/\/www.gaveanews.com\/#\/schema\/person\/image\/","url":"https:\/\/secure.gravatar.com\/avatar\/eda381c845527cc5d64c13b901833cda29d97500ba040d3e6461f76f51d163bb?s=96&d=mm&r=g","contentUrl":"https:\/\/secure.gravatar.com\/avatar\/eda381c845527cc5d64c13b901833cda29d97500ba040d3e6461f76f51d163bb?s=96&d=mm&r=g","caption":"Paula Silva"}}]}},"_links":{"self":[{"href":"https:\/\/www.gaveanews.com\/index.php\/wp-json\/wp\/v2\/posts\/168448","targetHints":{"allow":["GET"]}}],"collection":[{"href":"https:\/\/www.gaveanews.com\/index.php\/wp-json\/wp\/v2\/posts"}],"about":[{"href":"https:\/\/www.gaveanews.com\/index.php\/wp-json\/wp\/v2\/types\/post"}],"author":[{"embeddable":true,"href":"https:\/\/www.gaveanews.com\/index.php\/wp-json\/wp\/v2\/users\/18"}],"replies":[{"embeddable":true,"href":"https:\/\/www.gaveanews.com\/index.php\/wp-json\/wp\/v2\/comments?post=168448"}],"version-history":[{"count":1,"href":"https:\/\/www.gaveanews.com\/index.php\/wp-json\/wp\/v2\/posts\/168448\/revisions"}],"predecessor-version":[{"id":168453,"href":"https:\/\/www.gaveanews.com\/index.php\/wp-json\/wp\/v2\/posts\/168448\/revisions\/168453"}],"wp:featuredmedia":[{"embeddable":true,"href":"https:\/\/www.gaveanews.com\/index.php\/wp-json\/wp\/v2\/media\/158929"}],"wp:attachment":[{"href":"https:\/\/www.gaveanews.com\/index.php\/wp-json\/wp\/v2\/media?parent=168448"}],"wp:term":[{"taxonomy":"category","embeddable":true,"href":"https:\/\/www.gaveanews.com\/index.php\/wp-json\/wp\/v2\/categories?post=168448"},{"taxonomy":"post_tag","embeddable":true,"href":"https:\/\/www.gaveanews.com\/index.php\/wp-json\/wp\/v2\/tags?post=168448"}],"curies":[{"name":"wp","href":"https:\/\/api.w.org\/{rel}","templated":true}]}}