{"id":168452,"date":"2024-09-23T12:45:00","date_gmt":"2024-09-23T15:45:00","guid":{"rendered":"https:\/\/www.gaveanews.com\/?p=168452"},"modified":"2024-09-23T11:23:31","modified_gmt":"2024-09-23T14:23:31","slug":"apos-nova-derrota-jair-ventura-faz-criticas-veja-declaracao-do-treinador","status":"publish","type":"post","link":"https:\/\/www.gaveanews.com\/index.php\/2024\/09\/23\/apos-nova-derrota-jair-ventura-faz-criticas-veja-declaracao-do-treinador\/","title":{"rendered":"Ap\u00f3s nova derrota, Jair Ventura faz cr\u00edticas; veja declara\u00e7\u00e3o do treinador"},"content":{"rendered":"\n<h2 class=\"wp-block-heading\" id=\"h-treinador-se-preocupa-com-desempenho-do-time-como-visitante\">Treinador se preocupa com desempenho do time como visitante <\/h2>\n\n\n\n<p>No \u00faltimo s\u00e1bado (21), o Juventude visitou o Vit\u00f3ria no Barrad\u00e3o pela 27\u00b0 rodada do Campeonato Brasileiro e acabou derrotado por 1 a 0, com gol de p\u00eanalti do atacante Gabriel Mosquito. Ap\u00f3s o jogo, o t\u00e9cnico Jair Ventura comentou sobre o desempenho da equipe fora de casa, que soma apenas uma vit\u00f3ria.<\/p>\n\n\n\n<ul class=\"wp-block-list\">\n<li><a href=\"https:\/\/www.gaveanews.com\/index.php\/2024\/09\/22\/pep-guardiola-manda-recado-para-jogadores\/\">Pep Guardiola manda recado para jogadores<\/a><\/li>\n\n\n\n<li><a href=\"https:\/\/www.gaveanews.com\/index.php\/2024\/09\/22\/mbappe-ainda-pode-faturar-338-milhoes-do-psg\/\">Mbapp\u00e9 ainda pode faturar 338 milh\u00f5es do PSG<\/a><\/li>\n<\/ul>\n\n\n\n<p>A partida contra o Vit\u00f3ria foi fraca tecnicamente pelo lado do Juventude, no entanto, o Vit\u00f3ria tamb\u00e9m n\u00e3o dominava o jogo. Mas, no finalzinho da primeira etapa, em erro de Yan Souto, o Le\u00e3o da Barra se aproveitou &#8216;conquistando&#8217; um p\u00eanalti, que mais tarde seria cobrado e convertido por Mosquito. <\/p>\n\n\n\n<p>&#8220;Sobre o jogo, aquela quest\u00e3o de press\u00e3o do mandante no in\u00edcio. Mas, quando n\u00f3s est\u00e1vamos melhor da partida aconteceu uma situa\u00e7\u00e3o nossa, em que acaba tendo uma falha e tomamos o gol. No segundo tempo, buscamos, buscamos e buscamos, mas n\u00e3o conseguimos. Agora, j\u00e1 \u00e9 pensar na pr\u00f3xima partida&#8221;, comentou Jair Ventura, que completou:<\/p>\n\n\n\n<p>&#8220;N\u00f3s n\u00e3o trabalhamos com vil\u00e3o. N\u00f3s n\u00e3o vamos colocar a derrota na conta dele. A nossa \u00fanica vit\u00f3ria como visitante foi com gol dele, contra o Athletico. Ent\u00e3o, \u00e9 corrigir o que a gente n\u00e3o acertou para que possamos ser mais efetivos e conseguir mais pontos fora de casa. Isso vem sendo o nosso maior problema dentro da competi\u00e7\u00e3o&#8221;, completou o treinador.<\/p>\n\n\n\n<p>O treinador tamb\u00e9m comentou sobre a p\u00e9ssima campanha que o Juventude vem fazendo jogando fora de casa. Em 14 jogos, s\u00e3o nove derrotas, quatro empates e apenas uma vit\u00f3ria conquistada, somando 16,66% de aproveitamento. Ventura disse que esse \u00e9 o principal problema que a equipe vem sofrendo. <\/p>\n\n\n\n<p>&#8220;Tem sido uma situa\u00e7\u00e3o que nos incomoda bastante. Estamos na 27\u00aa rodada do Brasileiro e apenas uma vit\u00f3ria fora de casa, \u00e9 muito pouco. Nos cobramos e queremos ser fortes n\u00e3o s\u00f3 como mandantes, mas tamb\u00e9m ter o equil\u00edbrio e buscar a vit\u00f3ria fora de casa. Tivemos uma s\u00f3 e \u00e9 muito pouco&#8221;, falou Jair Ventura. <\/p>\n\n\n\n<p>Mesmo com a derrota, o Juventude n\u00e3o perdeu posi\u00e7\u00e3o na tabela e \u00e9 o 12\u00b0 colocado com 32 pontos, tendo quatro a mais que o Corinthians, primeiro time do Z-4. O time de Jair Ventura volta a campo apenas no pr\u00f3ximo domingo (29), quando recebe o Bragantino, no Alfredo Jaconi, \u00e0s 11h. <\/p>\n","protected":false},"excerpt":{"rendered":"<p>Treinador se preocupa com desempenho do time como visitante No \u00faltimo s\u00e1bado (21), o Juventude visitou o Vit\u00f3ria no Barrad\u00e3o pela 27\u00b0 rodada do Campeonato Brasileiro e acabou derrotado por 1 a 0, com gol de p\u00eanalti do atacante Gabriel Mosquito. Ap\u00f3s o jogo, o t\u00e9cnico Jair Ventura comentou sobre o desempenho da equipe fora [&hellip;]<\/p>\n","protected":false},"author":21,"featured_media":157283,"comment_status":"open","ping_status":"closed","sticky":false,"template":"","format":"standard","meta":{"footnotes":""},"categories":[149,153],"tags":[],"class_list":["post-168452","post","type-post","status-publish","format-standard","has-post-thumbnail","hentry","category-juventude","category-vitoria"],"yoast_head":"<!-- This site is optimized with the Yoast SEO Premium plugin v24.2 (Yoast SEO v26.9) - https:\/\/yoast.com\/product\/yoast-seo-premium-wordpress\/ -->\n<title>Ap\u00f3s nova derrota, Jair Ventura faz cr\u00edticas; veja declara\u00e7\u00e3o do treinador<\/title>\n<meta name=\"robots\" content=\"index, follow, max-snippet:-1, max-image-preview:large, max-video-preview:-1\" \/>\n<link rel=\"canonical\" href=\"https:\/\/www.gaveanews.com\/index.php\/2024\/09\/23\/apos-nova-derrota-jair-ventura-faz-criticas-veja-declaracao-do-treinador\/\" \/>\n<meta property=\"og:locale\" content=\"pt_BR\" \/>\n<meta property=\"og:type\" content=\"article\" \/>\n<meta property=\"og:title\" content=\"Ap\u00f3s nova derrota, Jair Ventura faz cr\u00edticas; veja declara\u00e7\u00e3o do treinador\" \/>\n<meta property=\"og:description\" content=\"Treinador se preocupa com desempenho do time como visitante No \u00faltimo s\u00e1bado (21), o Juventude visitou o Vit\u00f3ria no Barrad\u00e3o pela 27\u00b0 rodada do Campeonato Brasileiro e acabou derrotado por 1 a 0, com gol de p\u00eanalti do atacante Gabriel Mosquito. Ap\u00f3s o jogo, o t\u00e9cnico Jair Ventura comentou sobre o desempenho da equipe fora [&hellip;]\" \/>\n<meta property=\"og:url\" content=\"https:\/\/www.gaveanews.com\/index.php\/2024\/09\/23\/apos-nova-derrota-jair-ventura-faz-criticas-veja-declaracao-do-treinador\/\" \/>\n<meta property=\"og:site_name\" content=\"G\u00e1vea News\" \/>\n<meta property=\"article:publisher\" content=\"https:\/\/facebook.com\/gaveaNews\/\" \/>\n<meta property=\"article:published_time\" content=\"2024-09-23T15:45:00+00:00\" \/>\n<meta property=\"og:image\" content=\"https:\/\/www.gaveanews.com\/wp-content\/uploads\/Jair-Ventura-comandando-a-equipe-do-Juventude-em-2024.webp\" \/>\n\t<meta property=\"og:image:width\" content=\"1440\" \/>\n\t<meta property=\"og:image:height\" content=\"1440\" \/>\n\t<meta property=\"og:image:type\" content=\"image\/jpeg\" \/>\n<meta name=\"author\" content=\"Andr\u00e9 Serra\" \/>\n<meta name=\"twitter:card\" content=\"summary_large_image\" \/>\n<meta name=\"twitter:label1\" content=\"Escrito por\" \/>\n\t<meta name=\"twitter:data1\" content=\"Andr\u00e9 Serra\" \/>\n\t<meta name=\"twitter:label2\" content=\"Est. tempo de leitura\" \/>\n\t<meta name=\"twitter:data2\" content=\"3 minutos\" \/>\n<script type=\"application\/ld+json\" class=\"yoast-schema-graph\">{\"@context\":\"https:\/\/schema.org\",\"@graph\":[{\"@type\":\"NewsArticle\",\"@id\":\"https:\/\/www.gaveanews.com\/index.php\/2024\/09\/23\/apos-nova-derrota-jair-ventura-faz-criticas-veja-declaracao-do-treinador\/#article\",\"isPartOf\":{\"@id\":\"https:\/\/www.gaveanews.com\/index.php\/2024\/09\/23\/apos-nova-derrota-jair-ventura-faz-criticas-veja-declaracao-do-treinador\/\"},\"author\":{\"name\":\"Andr\u00e9 Serra\",\"@id\":\"https:\/\/www.gaveanews.com\/#\/schema\/person\/0277a79a1289c451c281ec0411d84f0c\"},\"headline\":\"Ap\u00f3s nova derrota, Jair Ventura faz cr\u00edticas; veja declara\u00e7\u00e3o do treinador\",\"datePublished\":\"2024-09-23T15:45:00+00:00\",\"mainEntityOfPage\":{\"@id\":\"https:\/\/www.gaveanews.com\/index.php\/2024\/09\/23\/apos-nova-derrota-jair-ventura-faz-criticas-veja-declaracao-do-treinador\/\"},\"wordCount\":438,\"commentCount\":0,\"image\":{\"@id\":\"https:\/\/www.gaveanews.com\/index.php\/2024\/09\/23\/apos-nova-derrota-jair-ventura-faz-criticas-veja-declaracao-do-treinador\/#primaryimage\"},\"thumbnailUrl\":\"https:\/\/www.gaveanews.com\/wp-content\/uploads\/Jair-Ventura-comandando-a-equipe-do-Juventude-em-2024.webp\",\"articleSection\":[\"Juventude\",\"Vit\u00f3ria\"],\"inLanguage\":\"pt-BR\",\"potentialAction\":[{\"@type\":\"CommentAction\",\"name\":\"Comment\",\"target\":[\"https:\/\/www.gaveanews.com\/index.php\/2024\/09\/23\/apos-nova-derrota-jair-ventura-faz-criticas-veja-declaracao-do-treinador\/#respond\"]}],\"copyrightYear\":\"2024\",\"copyrightHolder\":{\"@id\":\"https:\/\/www.gaveanews.com\/#organization\"}},{\"@type\":\"WebPage\",\"@id\":\"https:\/\/www.gaveanews.com\/index.php\/2024\/09\/23\/apos-nova-derrota-jair-ventura-faz-criticas-veja-declaracao-do-treinador\/\",\"url\":\"https:\/\/www.gaveanews.com\/index.php\/2024\/09\/23\/apos-nova-derrota-jair-ventura-faz-criticas-veja-declaracao-do-treinador\/\",\"name\":\"Ap\u00f3s nova derrota, Jair Ventura faz cr\u00edticas; veja declara\u00e7\u00e3o do treinador\",\"isPartOf\":{\"@id\":\"https:\/\/www.gaveanews.com\/#website\"},\"primaryImageOfPage\":{\"@id\":\"https:\/\/www.gaveanews.com\/index.php\/2024\/09\/23\/apos-nova-derrota-jair-ventura-faz-criticas-veja-declaracao-do-treinador\/#primaryimage\"},\"image\":{\"@id\":\"https:\/\/www.gaveanews.com\/index.php\/2024\/09\/23\/apos-nova-derrota-jair-ventura-faz-criticas-veja-declaracao-do-treinador\/#primaryimage\"},\"thumbnailUrl\":\"https:\/\/www.gaveanews.com\/wp-content\/uploads\/Jair-Ventura-comandando-a-equipe-do-Juventude-em-2024.webp\",\"datePublished\":\"2024-09-23T15:45:00+00:00\",\"author\":{\"@id\":\"https:\/\/www.gaveanews.com\/#\/schema\/person\/0277a79a1289c451c281ec0411d84f0c\"},\"breadcrumb\":{\"@id\":\"https:\/\/www.gaveanews.com\/index.php\/2024\/09\/23\/apos-nova-derrota-jair-ventura-faz-criticas-veja-declaracao-do-treinador\/#breadcrumb\"},\"inLanguage\":\"pt-BR\",\"potentialAction\":[{\"@type\":\"ReadAction\",\"target\":[\"https:\/\/www.gaveanews.com\/index.php\/2024\/09\/23\/apos-nova-derrota-jair-ventura-faz-criticas-veja-declaracao-do-treinador\/\"]}]},{\"@type\":\"ImageObject\",\"inLanguage\":\"pt-BR\",\"@id\":\"https:\/\/www.gaveanews.com\/index.php\/2024\/09\/23\/apos-nova-derrota-jair-ventura-faz-criticas-veja-declaracao-do-treinador\/#primaryimage\",\"url\":\"https:\/\/www.gaveanews.com\/wp-content\/uploads\/Jair-Ventura-comandando-a-equipe-do-Juventude-em-2024.webp\",\"contentUrl\":\"https:\/\/www.gaveanews.com\/wp-content\/uploads\/Jair-Ventura-comandando-a-equipe-do-Juventude-em-2024.webp\",\"width\":1440,\"height\":1440,\"caption\":\"Jair Ventura comandando a equipe do Juventude em 2024 (Foto: Fernando Alves\/ECJ)\"},{\"@type\":\"BreadcrumbList\",\"@id\":\"https:\/\/www.gaveanews.com\/index.php\/2024\/09\/23\/apos-nova-derrota-jair-ventura-faz-criticas-veja-declaracao-do-treinador\/#breadcrumb\",\"itemListElement\":[{\"@type\":\"ListItem\",\"position\":1,\"name\":\"Home\",\"item\":\"https:\/\/www.gaveanews.com\/\"},{\"@type\":\"ListItem\",\"position\":2,\"name\":\"Ap\u00f3s nova derrota, Jair Ventura faz cr\u00edticas; veja declara\u00e7\u00e3o do treinador\"}]},{\"@type\":\"WebSite\",\"@id\":\"https:\/\/www.gaveanews.com\/#website\",\"url\":\"https:\/\/www.gaveanews.com\/\",\"name\":\"G\u00e1vea News\",\"description\":\"Veja todas as not\u00edcias sobre o Flamengo: Contrata\u00e7\u00f5es, categorias de base, resultados das partidas, tabela de classifica\u00e7\u00e3o, pr\u00f3ximos jogos!\",\"potentialAction\":[{\"@type\":\"SearchAction\",\"target\":{\"@type\":\"EntryPoint\",\"urlTemplate\":\"https:\/\/www.gaveanews.com\/?s={search_term_string}\"},\"query-input\":{\"@type\":\"PropertyValueSpecification\",\"valueRequired\":true,\"valueName\":\"search_term_string\"}}],\"inLanguage\":\"pt-BR\"},{\"@type\":\"Person\",\"@id\":\"https:\/\/www.gaveanews.com\/#\/schema\/person\/0277a79a1289c451c281ec0411d84f0c\",\"name\":\"Andr\u00e9 Serra\",\"image\":{\"@type\":\"ImageObject\",\"inLanguage\":\"pt-BR\",\"@id\":\"https:\/\/www.gaveanews.com\/#\/schema\/person\/image\/\",\"url\":\"https:\/\/secure.gravatar.com\/avatar\/d7231369fe48db93292b3e88eb2162dbd9a34a47a8437d9ef3bcaca2a86a83d7?s=96&d=mm&r=g\",\"contentUrl\":\"https:\/\/secure.gravatar.com\/avatar\/d7231369fe48db93292b3e88eb2162dbd9a34a47a8437d9ef3bcaca2a86a83d7?s=96&d=mm&r=g\",\"caption\":\"Andr\u00e9 Serra\"}}]}<\/script>\n<!-- \/ Yoast SEO Premium plugin. -->","yoast_head_json":{"title":"Ap\u00f3s nova derrota, Jair Ventura faz cr\u00edticas; veja declara\u00e7\u00e3o do treinador","robots":{"index":"index","follow":"follow","max-snippet":"max-snippet:-1","max-image-preview":"max-image-preview:large","max-video-preview":"max-video-preview:-1"},"canonical":"https:\/\/www.gaveanews.com\/index.php\/2024\/09\/23\/apos-nova-derrota-jair-ventura-faz-criticas-veja-declaracao-do-treinador\/","og_locale":"pt_BR","og_type":"article","og_title":"Ap\u00f3s nova derrota, Jair Ventura faz cr\u00edticas; veja declara\u00e7\u00e3o do treinador","og_description":"Treinador se preocupa com desempenho do time como visitante No \u00faltimo s\u00e1bado (21), o Juventude visitou o Vit\u00f3ria no Barrad\u00e3o pela 27\u00b0 rodada do Campeonato Brasileiro e acabou derrotado por 1 a 0, com gol de p\u00eanalti do atacante Gabriel Mosquito. Ap\u00f3s o jogo, o t\u00e9cnico Jair Ventura comentou sobre o desempenho da equipe fora [&hellip;]","og_url":"https:\/\/www.gaveanews.com\/index.php\/2024\/09\/23\/apos-nova-derrota-jair-ventura-faz-criticas-veja-declaracao-do-treinador\/","og_site_name":"G\u00e1vea News","article_publisher":"https:\/\/facebook.com\/gaveaNews\/","article_published_time":"2024-09-23T15:45:00+00:00","og_image":[{"width":1440,"height":1440,"url":"https:\/\/www.gaveanews.com\/wp-content\/uploads\/Jair-Ventura-comandando-a-equipe-do-Juventude-em-2024.webp","type":"image\/jpeg"}],"author":"Andr\u00e9 Serra","twitter_card":"summary_large_image","twitter_misc":{"Escrito por":"Andr\u00e9 Serra","Est. tempo de leitura":"3 minutos"},"schema":{"@context":"https:\/\/schema.org","@graph":[{"@type":"NewsArticle","@id":"https:\/\/www.gaveanews.com\/index.php\/2024\/09\/23\/apos-nova-derrota-jair-ventura-faz-criticas-veja-declaracao-do-treinador\/#article","isPartOf":{"@id":"https:\/\/www.gaveanews.com\/index.php\/2024\/09\/23\/apos-nova-derrota-jair-ventura-faz-criticas-veja-declaracao-do-treinador\/"},"author":{"name":"Andr\u00e9 Serra","@id":"https:\/\/www.gaveanews.com\/#\/schema\/person\/0277a79a1289c451c281ec0411d84f0c"},"headline":"Ap\u00f3s nova derrota, Jair Ventura faz cr\u00edticas; veja declara\u00e7\u00e3o do treinador","datePublished":"2024-09-23T15:45:00+00:00","mainEntityOfPage":{"@id":"https:\/\/www.gaveanews.com\/index.php\/2024\/09\/23\/apos-nova-derrota-jair-ventura-faz-criticas-veja-declaracao-do-treinador\/"},"wordCount":438,"commentCount":0,"image":{"@id":"https:\/\/www.gaveanews.com\/index.php\/2024\/09\/23\/apos-nova-derrota-jair-ventura-faz-criticas-veja-declaracao-do-treinador\/#primaryimage"},"thumbnailUrl":"https:\/\/www.gaveanews.com\/wp-content\/uploads\/Jair-Ventura-comandando-a-equipe-do-Juventude-em-2024.webp","articleSection":["Juventude","Vit\u00f3ria"],"inLanguage":"pt-BR","potentialAction":[{"@type":"CommentAction","name":"Comment","target":["https:\/\/www.gaveanews.com\/index.php\/2024\/09\/23\/apos-nova-derrota-jair-ventura-faz-criticas-veja-declaracao-do-treinador\/#respond"]}],"copyrightYear":"2024","copyrightHolder":{"@id":"https:\/\/www.gaveanews.com\/#organization"}},{"@type":"WebPage","@id":"https:\/\/www.gaveanews.com\/index.php\/2024\/09\/23\/apos-nova-derrota-jair-ventura-faz-criticas-veja-declaracao-do-treinador\/","url":"https:\/\/www.gaveanews.com\/index.php\/2024\/09\/23\/apos-nova-derrota-jair-ventura-faz-criticas-veja-declaracao-do-treinador\/","name":"Ap\u00f3s nova derrota, Jair Ventura faz cr\u00edticas; veja declara\u00e7\u00e3o do treinador","isPartOf":{"@id":"https:\/\/www.gaveanews.com\/#website"},"primaryImageOfPage":{"@id":"https:\/\/www.gaveanews.com\/index.php\/2024\/09\/23\/apos-nova-derrota-jair-ventura-faz-criticas-veja-declaracao-do-treinador\/#primaryimage"},"image":{"@id":"https:\/\/www.gaveanews.com\/index.php\/2024\/09\/23\/apos-nova-derrota-jair-ventura-faz-criticas-veja-declaracao-do-treinador\/#primaryimage"},"thumbnailUrl":"https:\/\/www.gaveanews.com\/wp-content\/uploads\/Jair-Ventura-comandando-a-equipe-do-Juventude-em-2024.webp","datePublished":"2024-09-23T15:45:00+00:00","author":{"@id":"https:\/\/www.gaveanews.com\/#\/schema\/person\/0277a79a1289c451c281ec0411d84f0c"},"breadcrumb":{"@id":"https:\/\/www.gaveanews.com\/index.php\/2024\/09\/23\/apos-nova-derrota-jair-ventura-faz-criticas-veja-declaracao-do-treinador\/#breadcrumb"},"inLanguage":"pt-BR","potentialAction":[{"@type":"ReadAction","target":["https:\/\/www.gaveanews.com\/index.php\/2024\/09\/23\/apos-nova-derrota-jair-ventura-faz-criticas-veja-declaracao-do-treinador\/"]}]},{"@type":"ImageObject","inLanguage":"pt-BR","@id":"https:\/\/www.gaveanews.com\/index.php\/2024\/09\/23\/apos-nova-derrota-jair-ventura-faz-criticas-veja-declaracao-do-treinador\/#primaryimage","url":"https:\/\/www.gaveanews.com\/wp-content\/uploads\/Jair-Ventura-comandando-a-equipe-do-Juventude-em-2024.webp","contentUrl":"https:\/\/www.gaveanews.com\/wp-content\/uploads\/Jair-Ventura-comandando-a-equipe-do-Juventude-em-2024.webp","width":1440,"height":1440,"caption":"Jair Ventura comandando a equipe do Juventude em 2024 (Foto: Fernando Alves\/ECJ)"},{"@type":"BreadcrumbList","@id":"https:\/\/www.gaveanews.com\/index.php\/2024\/09\/23\/apos-nova-derrota-jair-ventura-faz-criticas-veja-declaracao-do-treinador\/#breadcrumb","itemListElement":[{"@type":"ListItem","position":1,"name":"Home","item":"https:\/\/www.gaveanews.com\/"},{"@type":"ListItem","position":2,"name":"Ap\u00f3s nova derrota, Jair Ventura faz cr\u00edticas; veja declara\u00e7\u00e3o do treinador"}]},{"@type":"WebSite","@id":"https:\/\/www.gaveanews.com\/#website","url":"https:\/\/www.gaveanews.com\/","name":"G\u00e1vea News","description":"Veja todas as not\u00edcias sobre o Flamengo: Contrata\u00e7\u00f5es, categorias de base, resultados das partidas, tabela de classifica\u00e7\u00e3o, pr\u00f3ximos jogos!","potentialAction":[{"@type":"SearchAction","target":{"@type":"EntryPoint","urlTemplate":"https:\/\/www.gaveanews.com\/?s={search_term_string}"},"query-input":{"@type":"PropertyValueSpecification","valueRequired":true,"valueName":"search_term_string"}}],"inLanguage":"pt-BR"},{"@type":"Person","@id":"https:\/\/www.gaveanews.com\/#\/schema\/person\/0277a79a1289c451c281ec0411d84f0c","name":"Andr\u00e9 Serra","image":{"@type":"ImageObject","inLanguage":"pt-BR","@id":"https:\/\/www.gaveanews.com\/#\/schema\/person\/image\/","url":"https:\/\/secure.gravatar.com\/avatar\/d7231369fe48db93292b3e88eb2162dbd9a34a47a8437d9ef3bcaca2a86a83d7?s=96&d=mm&r=g","contentUrl":"https:\/\/secure.gravatar.com\/avatar\/d7231369fe48db93292b3e88eb2162dbd9a34a47a8437d9ef3bcaca2a86a83d7?s=96&d=mm&r=g","caption":"Andr\u00e9 Serra"}}]}},"_links":{"self":[{"href":"https:\/\/www.gaveanews.com\/index.php\/wp-json\/wp\/v2\/posts\/168452","targetHints":{"allow":["GET"]}}],"collection":[{"href":"https:\/\/www.gaveanews.com\/index.php\/wp-json\/wp\/v2\/posts"}],"about":[{"href":"https:\/\/www.gaveanews.com\/index.php\/wp-json\/wp\/v2\/types\/post"}],"author":[{"embeddable":true,"href":"https:\/\/www.gaveanews.com\/index.php\/wp-json\/wp\/v2\/users\/21"}],"replies":[{"embeddable":true,"href":"https:\/\/www.gaveanews.com\/index.php\/wp-json\/wp\/v2\/comments?post=168452"}],"version-history":[{"count":1,"href":"https:\/\/www.gaveanews.com\/index.php\/wp-json\/wp\/v2\/posts\/168452\/revisions"}],"predecessor-version":[{"id":168461,"href":"https:\/\/www.gaveanews.com\/index.php\/wp-json\/wp\/v2\/posts\/168452\/revisions\/168461"}],"wp:featuredmedia":[{"embeddable":true,"href":"https:\/\/www.gaveanews.com\/index.php\/wp-json\/wp\/v2\/media\/157283"}],"wp:attachment":[{"href":"https:\/\/www.gaveanews.com\/index.php\/wp-json\/wp\/v2\/media?parent=168452"}],"wp:term":[{"taxonomy":"category","embeddable":true,"href":"https:\/\/www.gaveanews.com\/index.php\/wp-json\/wp\/v2\/categories?post=168452"},{"taxonomy":"post_tag","embeddable":true,"href":"https:\/\/www.gaveanews.com\/index.php\/wp-json\/wp\/v2\/tags?post=168452"}],"curies":[{"name":"wp","href":"https:\/\/api.w.org\/{rel}","templated":true}]}}