{"id":168468,"date":"2024-09-22T22:18:30","date_gmt":"2024-09-23T01:18:30","guid":{"rendered":"https:\/\/www.gaveanews.com\/?p=168468"},"modified":"2024-09-22T22:18:32","modified_gmt":"2024-09-23T01:18:32","slug":"a-declaracao-de-tite-sobre-a-derrota-do-flamengo-para-o-gremio","status":"publish","type":"post","link":"https:\/\/www.gaveanews.com\/index.php\/2024\/09\/22\/a-declaracao-de-tite-sobre-a-derrota-do-flamengo-para-o-gremio\/","title":{"rendered":"A declara\u00e7\u00e3o de Tite sobre a derrota do Flamengo para o Gr\u00eamio"},"content":{"rendered":"\n<p>Neste domingo (22), o Flamengo perdeu para o Gr\u00eamio por 3 a 2, em jogo v\u00e1lido pela 27\u00aa rodada do Campeonato Brasileiro. O rev\u00e9s foi muito frustrante, porque mesmo com time reserva, o Rubro-Negro foi bem superior ao Tricolor na partida.<\/p>\n\n\n\n<ul class=\"wp-block-list\">\n<li><a href=\"https:\/\/www.gaveanews.com\/index.php\/2024\/09\/22\/a-declaracao-do-auxiliar-de-tite-sobre-priorizar-competicoes\/\">A declara\u00e7\u00e3o do auxiliar de Tite sobre priorizar competi\u00e7\u00f5es<\/a><\/li>\n\n\n\n<li><a href=\"https:\/\/www.gaveanews.com\/index.php\/2024\/09\/22\/a-declaracao-de-tite-sobre-pouca-utilizacao-de-gabigol\/\">A declara\u00e7\u00e3o de Tite sobre pouca utiliza\u00e7\u00e3o de Gabigol<\/a><\/li>\n<\/ul>\n\n\n\n<p>Como de praxe, o final do confronto, o t\u00e9cnico concede coletiva e avalia a partida. Com Tite, n\u00e3o foi diferente. Em entrevista, o treinador explicou o motivo pelo qual poupou os jogadores titulares e foi a campo com equipe reserva. Al\u00e9m disso, Adenor demonstrou descontentamento com o resultado.<\/p>\n\n\n\n<p>\u2014 <em>A melhor forma de obtermos \u00eaxito nessa sequ\u00eancia de jogos, quinta, domingo e quinta era dessa forma (poupando atletas). N\u00e3o tinha condi\u00e7\u00e3o de desempenho para os atletas (titulares). No jogo de hoje, vou ser curto e grosso: o\u00a0Flamengo\u00a0jogou, o Gr\u00eamio ganhou<\/em> -, disse.<\/p>\n\n\n\n<p>Tite tamb\u00e9m foi questionado sobre as pretens\u00f5es para o Campeonato Brasileiro, visto que contra o Gr\u00eamio, por exemplo, apenas jogadores reservas e atletas do Sub-20 foram relacionados.<\/p>\n\n\n\n<p>\u2014 <em>Como um planejamento e redireciona, a gente agora vai analisar jogo a jogo para ter a percep\u00e7\u00e3o porque as coisas v\u00e3o mudando. Se ajustar faz parte.<\/em><\/p>\n\n\n\n<p>Ainda sobre o assunto, Tite tamb\u00e9m recebeu a famosa pegunta sobre &#8216;priorizar competi\u00e7\u00f5es&#8217;. Adenor citou que o Flamengo vai disputar todas as competi\u00e7\u00f5es, e falou que s\u00f3 ser\u00e1 aceito pelos rubro-negros se conquistar um grande t\u00edtulo.<\/p>\n\n\n\n<p>\u2014 <em>Aprendi no\u00a0Flamengo\u00a0que o\u00a0Flamengo\u00a0tem que disputar tudo. Isso \u00e9 inquestion\u00e1vel. Inclusive a press\u00e3o se d\u00e1 pela grandeza e \u00e9 natural. E tamb\u00e9m s\u00f3 sei que, aceito serei (serei aceito), e foi assim em todos os clubes, se um grande t\u00edtulo tiver, e a\u00ed vai haver essa harmonia. Foi assim com o Gr\u00eamio em 2001, no Internacional em 2008 e 2009, al\u00e9m de uma s\u00e9rie de outras equipes. Busco isso agora no\u00a0Flamengo.<\/em><\/p>\n\n\n\n<p>Apesar do rev\u00e9s no Campeonato Brasileiro, o Flamengo n\u00e3o tem tempo a perder e precisa se concentrar no pr\u00f3ximo objetivo: o segundo jogo das quartas de final da Copa Libertadores da Am\u00e9rica, contra o Pe\u00f1arol. O Rubro-Negro perdeu o primeiro confronto, jogando no Maracan\u00e3, e apenas a vit\u00f3ria interessa para que o Mengo continue na competi\u00e7\u00e3o. A partida ser\u00e1 disputada na quinta (26), no Uruguai, \u00e0s 19h (hor\u00e1rio de Bras\u00edlia).<\/p>\n\n\n\n<p><\/p>\n","protected":false},"excerpt":{"rendered":"<p>Neste domingo (22), o Flamengo perdeu para o Gr\u00eamio por 3 a 2, em jogo v\u00e1lido pela 27\u00aa rodada do Campeonato Brasileiro. O rev\u00e9s foi muito frustrante, porque mesmo com time reserva, o Rubro-Negro foi bem superior ao Tricolor na partida. Como de praxe, o final do confronto, o t\u00e9cnico concede coletiva e avalia a [&hellip;]<\/p>\n","protected":false},"author":18,"featured_media":143499,"comment_status":"open","ping_status":"closed","sticky":false,"template":"","format":"standard","meta":{"footnotes":""},"categories":[1],"tags":[],"class_list":["post-168468","post","type-post","status-publish","format-standard","has-post-thumbnail","hentry","category-flamengo"],"yoast_head":"<!-- This site is optimized with the Yoast SEO Premium plugin v24.2 (Yoast SEO v26.9) - https:\/\/yoast.com\/product\/yoast-seo-premium-wordpress\/ -->\n<title>A declara\u00e7\u00e3o de Tite sobre a derrota do Flamengo para o Gr\u00eamio<\/title>\n<meta name=\"robots\" content=\"index, follow, max-snippet:-1, max-image-preview:large, max-video-preview:-1\" \/>\n<link rel=\"canonical\" href=\"https:\/\/www.gaveanews.com\/index.php\/2024\/09\/22\/a-declaracao-de-tite-sobre-a-derrota-do-flamengo-para-o-gremio\/\" \/>\n<meta property=\"og:locale\" content=\"pt_BR\" \/>\n<meta property=\"og:type\" content=\"article\" \/>\n<meta property=\"og:title\" content=\"A declara\u00e7\u00e3o de Tite sobre a derrota do Flamengo para o Gr\u00eamio\" \/>\n<meta property=\"og:description\" content=\"Neste domingo (22), o Flamengo perdeu para o Gr\u00eamio por 3 a 2, em jogo v\u00e1lido pela 27\u00aa rodada do Campeonato Brasileiro. O rev\u00e9s foi muito frustrante, porque mesmo com time reserva, o Rubro-Negro foi bem superior ao Tricolor na partida. Como de praxe, o final do confronto, o t\u00e9cnico concede coletiva e avalia a [&hellip;]\" \/>\n<meta property=\"og:url\" content=\"https:\/\/www.gaveanews.com\/index.php\/2024\/09\/22\/a-declaracao-de-tite-sobre-a-derrota-do-flamengo-para-o-gremio\/\" \/>\n<meta property=\"og:site_name\" content=\"G\u00e1vea News\" \/>\n<meta property=\"article:publisher\" content=\"https:\/\/facebook.com\/gaveaNews\/\" \/>\n<meta property=\"article:published_time\" content=\"2024-09-23T01:18:30+00:00\" \/>\n<meta property=\"article:modified_time\" content=\"2024-09-23T01:18:32+00:00\" \/>\n<meta property=\"og:image\" content=\"https:\/\/www.gaveanews.com\/wp-content\/uploads\/tite1-1.webp\" \/>\n\t<meta property=\"og:image:width\" content=\"640\" \/>\n\t<meta property=\"og:image:height\" content=\"400\" \/>\n\t<meta property=\"og:image:type\" content=\"image\/jpeg\" \/>\n<meta name=\"author\" content=\"Paula Silva\" \/>\n<meta name=\"twitter:card\" content=\"summary_large_image\" \/>\n<meta name=\"twitter:label1\" content=\"Escrito por\" \/>\n\t<meta name=\"twitter:data1\" content=\"Paula Silva\" \/>\n\t<meta name=\"twitter:label2\" content=\"Est. tempo de leitura\" \/>\n\t<meta name=\"twitter:data2\" content=\"3 minutos\" \/>\n<script type=\"application\/ld+json\" class=\"yoast-schema-graph\">{\"@context\":\"https:\/\/schema.org\",\"@graph\":[{\"@type\":\"NewsArticle\",\"@id\":\"https:\/\/www.gaveanews.com\/index.php\/2024\/09\/22\/a-declaracao-de-tite-sobre-a-derrota-do-flamengo-para-o-gremio\/#article\",\"isPartOf\":{\"@id\":\"https:\/\/www.gaveanews.com\/index.php\/2024\/09\/22\/a-declaracao-de-tite-sobre-a-derrota-do-flamengo-para-o-gremio\/\"},\"author\":{\"name\":\"Paula Silva\",\"@id\":\"https:\/\/www.gaveanews.com\/#\/schema\/person\/daf63eec72e1164eb13dc35096c2b8da\"},\"headline\":\"A declara\u00e7\u00e3o de Tite sobre a derrota do Flamengo para o Gr\u00eamio\",\"datePublished\":\"2024-09-23T01:18:30+00:00\",\"dateModified\":\"2024-09-23T01:18:32+00:00\",\"mainEntityOfPage\":{\"@id\":\"https:\/\/www.gaveanews.com\/index.php\/2024\/09\/22\/a-declaracao-de-tite-sobre-a-derrota-do-flamengo-para-o-gremio\/\"},\"wordCount\":429,\"commentCount\":0,\"image\":{\"@id\":\"https:\/\/www.gaveanews.com\/index.php\/2024\/09\/22\/a-declaracao-de-tite-sobre-a-derrota-do-flamengo-para-o-gremio\/#primaryimage\"},\"thumbnailUrl\":\"https:\/\/www.gaveanews.com\/wp-content\/uploads\/tite1-1.webp\",\"articleSection\":[\"Flamengo\"],\"inLanguage\":\"pt-BR\",\"potentialAction\":[{\"@type\":\"CommentAction\",\"name\":\"Comment\",\"target\":[\"https:\/\/www.gaveanews.com\/index.php\/2024\/09\/22\/a-declaracao-de-tite-sobre-a-derrota-do-flamengo-para-o-gremio\/#respond\"]}],\"copyrightYear\":\"2024\",\"copyrightHolder\":{\"@id\":\"https:\/\/www.gaveanews.com\/#organization\"}},{\"@type\":\"WebPage\",\"@id\":\"https:\/\/www.gaveanews.com\/index.php\/2024\/09\/22\/a-declaracao-de-tite-sobre-a-derrota-do-flamengo-para-o-gremio\/\",\"url\":\"https:\/\/www.gaveanews.com\/index.php\/2024\/09\/22\/a-declaracao-de-tite-sobre-a-derrota-do-flamengo-para-o-gremio\/\",\"name\":\"A declara\u00e7\u00e3o de Tite sobre a derrota do Flamengo para o Gr\u00eamio\",\"isPartOf\":{\"@id\":\"https:\/\/www.gaveanews.com\/#website\"},\"primaryImageOfPage\":{\"@id\":\"https:\/\/www.gaveanews.com\/index.php\/2024\/09\/22\/a-declaracao-de-tite-sobre-a-derrota-do-flamengo-para-o-gremio\/#primaryimage\"},\"image\":{\"@id\":\"https:\/\/www.gaveanews.com\/index.php\/2024\/09\/22\/a-declaracao-de-tite-sobre-a-derrota-do-flamengo-para-o-gremio\/#primaryimage\"},\"thumbnailUrl\":\"https:\/\/www.gaveanews.com\/wp-content\/uploads\/tite1-1.webp\",\"datePublished\":\"2024-09-23T01:18:30+00:00\",\"dateModified\":\"2024-09-23T01:18:32+00:00\",\"author\":{\"@id\":\"https:\/\/www.gaveanews.com\/#\/schema\/person\/daf63eec72e1164eb13dc35096c2b8da\"},\"breadcrumb\":{\"@id\":\"https:\/\/www.gaveanews.com\/index.php\/2024\/09\/22\/a-declaracao-de-tite-sobre-a-derrota-do-flamengo-para-o-gremio\/#breadcrumb\"},\"inLanguage\":\"pt-BR\",\"potentialAction\":[{\"@type\":\"ReadAction\",\"target\":[\"https:\/\/www.gaveanews.com\/index.php\/2024\/09\/22\/a-declaracao-de-tite-sobre-a-derrota-do-flamengo-para-o-gremio\/\"]}]},{\"@type\":\"ImageObject\",\"inLanguage\":\"pt-BR\",\"@id\":\"https:\/\/www.gaveanews.com\/index.php\/2024\/09\/22\/a-declaracao-de-tite-sobre-a-derrota-do-flamengo-para-o-gremio\/#primaryimage\",\"url\":\"https:\/\/www.gaveanews.com\/wp-content\/uploads\/tite1-1.webp\",\"contentUrl\":\"https:\/\/www.gaveanews.com\/wp-content\/uploads\/tite1-1.webp\",\"width\":640,\"height\":400,\"caption\":\"Foto: Reprodu\u00e7\u00e3o\/FlaTV\"},{\"@type\":\"BreadcrumbList\",\"@id\":\"https:\/\/www.gaveanews.com\/index.php\/2024\/09\/22\/a-declaracao-de-tite-sobre-a-derrota-do-flamengo-para-o-gremio\/#breadcrumb\",\"itemListElement\":[{\"@type\":\"ListItem\",\"position\":1,\"name\":\"Home\",\"item\":\"https:\/\/www.gaveanews.com\/\"},{\"@type\":\"ListItem\",\"position\":2,\"name\":\"A declara\u00e7\u00e3o de Tite sobre a derrota do Flamengo para o Gr\u00eamio\"}]},{\"@type\":\"WebSite\",\"@id\":\"https:\/\/www.gaveanews.com\/#website\",\"url\":\"https:\/\/www.gaveanews.com\/\",\"name\":\"G\u00e1vea News\",\"description\":\"Veja todas as not\u00edcias sobre o Flamengo: Contrata\u00e7\u00f5es, categorias de base, resultados das partidas, tabela de classifica\u00e7\u00e3o, pr\u00f3ximos jogos!\",\"potentialAction\":[{\"@type\":\"SearchAction\",\"target\":{\"@type\":\"EntryPoint\",\"urlTemplate\":\"https:\/\/www.gaveanews.com\/?s={search_term_string}\"},\"query-input\":{\"@type\":\"PropertyValueSpecification\",\"valueRequired\":true,\"valueName\":\"search_term_string\"}}],\"inLanguage\":\"pt-BR\"},{\"@type\":\"Person\",\"@id\":\"https:\/\/www.gaveanews.com\/#\/schema\/person\/daf63eec72e1164eb13dc35096c2b8da\",\"name\":\"Paula Silva\",\"image\":{\"@type\":\"ImageObject\",\"inLanguage\":\"pt-BR\",\"@id\":\"https:\/\/www.gaveanews.com\/#\/schema\/person\/image\/\",\"url\":\"https:\/\/secure.gravatar.com\/avatar\/eda381c845527cc5d64c13b901833cda29d97500ba040d3e6461f76f51d163bb?s=96&d=mm&r=g\",\"contentUrl\":\"https:\/\/secure.gravatar.com\/avatar\/eda381c845527cc5d64c13b901833cda29d97500ba040d3e6461f76f51d163bb?s=96&d=mm&r=g\",\"caption\":\"Paula Silva\"}}]}<\/script>\n<!-- \/ Yoast SEO Premium plugin. -->","yoast_head_json":{"title":"A declara\u00e7\u00e3o de Tite sobre a derrota do Flamengo para o Gr\u00eamio","robots":{"index":"index","follow":"follow","max-snippet":"max-snippet:-1","max-image-preview":"max-image-preview:large","max-video-preview":"max-video-preview:-1"},"canonical":"https:\/\/www.gaveanews.com\/index.php\/2024\/09\/22\/a-declaracao-de-tite-sobre-a-derrota-do-flamengo-para-o-gremio\/","og_locale":"pt_BR","og_type":"article","og_title":"A declara\u00e7\u00e3o de Tite sobre a derrota do Flamengo para o Gr\u00eamio","og_description":"Neste domingo (22), o Flamengo perdeu para o Gr\u00eamio por 3 a 2, em jogo v\u00e1lido pela 27\u00aa rodada do Campeonato Brasileiro. O rev\u00e9s foi muito frustrante, porque mesmo com time reserva, o Rubro-Negro foi bem superior ao Tricolor na partida. Como de praxe, o final do confronto, o t\u00e9cnico concede coletiva e avalia a [&hellip;]","og_url":"https:\/\/www.gaveanews.com\/index.php\/2024\/09\/22\/a-declaracao-de-tite-sobre-a-derrota-do-flamengo-para-o-gremio\/","og_site_name":"G\u00e1vea News","article_publisher":"https:\/\/facebook.com\/gaveaNews\/","article_published_time":"2024-09-23T01:18:30+00:00","article_modified_time":"2024-09-23T01:18:32+00:00","og_image":[{"width":640,"height":400,"url":"https:\/\/www.gaveanews.com\/wp-content\/uploads\/tite1-1.webp","type":"image\/jpeg"}],"author":"Paula Silva","twitter_card":"summary_large_image","twitter_misc":{"Escrito por":"Paula Silva","Est. tempo de leitura":"3 minutos"},"schema":{"@context":"https:\/\/schema.org","@graph":[{"@type":"NewsArticle","@id":"https:\/\/www.gaveanews.com\/index.php\/2024\/09\/22\/a-declaracao-de-tite-sobre-a-derrota-do-flamengo-para-o-gremio\/#article","isPartOf":{"@id":"https:\/\/www.gaveanews.com\/index.php\/2024\/09\/22\/a-declaracao-de-tite-sobre-a-derrota-do-flamengo-para-o-gremio\/"},"author":{"name":"Paula Silva","@id":"https:\/\/www.gaveanews.com\/#\/schema\/person\/daf63eec72e1164eb13dc35096c2b8da"},"headline":"A declara\u00e7\u00e3o de Tite sobre a derrota do Flamengo para o Gr\u00eamio","datePublished":"2024-09-23T01:18:30+00:00","dateModified":"2024-09-23T01:18:32+00:00","mainEntityOfPage":{"@id":"https:\/\/www.gaveanews.com\/index.php\/2024\/09\/22\/a-declaracao-de-tite-sobre-a-derrota-do-flamengo-para-o-gremio\/"},"wordCount":429,"commentCount":0,"image":{"@id":"https:\/\/www.gaveanews.com\/index.php\/2024\/09\/22\/a-declaracao-de-tite-sobre-a-derrota-do-flamengo-para-o-gremio\/#primaryimage"},"thumbnailUrl":"https:\/\/www.gaveanews.com\/wp-content\/uploads\/tite1-1.webp","articleSection":["Flamengo"],"inLanguage":"pt-BR","potentialAction":[{"@type":"CommentAction","name":"Comment","target":["https:\/\/www.gaveanews.com\/index.php\/2024\/09\/22\/a-declaracao-de-tite-sobre-a-derrota-do-flamengo-para-o-gremio\/#respond"]}],"copyrightYear":"2024","copyrightHolder":{"@id":"https:\/\/www.gaveanews.com\/#organization"}},{"@type":"WebPage","@id":"https:\/\/www.gaveanews.com\/index.php\/2024\/09\/22\/a-declaracao-de-tite-sobre-a-derrota-do-flamengo-para-o-gremio\/","url":"https:\/\/www.gaveanews.com\/index.php\/2024\/09\/22\/a-declaracao-de-tite-sobre-a-derrota-do-flamengo-para-o-gremio\/","name":"A declara\u00e7\u00e3o de Tite sobre a derrota do Flamengo para o Gr\u00eamio","isPartOf":{"@id":"https:\/\/www.gaveanews.com\/#website"},"primaryImageOfPage":{"@id":"https:\/\/www.gaveanews.com\/index.php\/2024\/09\/22\/a-declaracao-de-tite-sobre-a-derrota-do-flamengo-para-o-gremio\/#primaryimage"},"image":{"@id":"https:\/\/www.gaveanews.com\/index.php\/2024\/09\/22\/a-declaracao-de-tite-sobre-a-derrota-do-flamengo-para-o-gremio\/#primaryimage"},"thumbnailUrl":"https:\/\/www.gaveanews.com\/wp-content\/uploads\/tite1-1.webp","datePublished":"2024-09-23T01:18:30+00:00","dateModified":"2024-09-23T01:18:32+00:00","author":{"@id":"https:\/\/www.gaveanews.com\/#\/schema\/person\/daf63eec72e1164eb13dc35096c2b8da"},"breadcrumb":{"@id":"https:\/\/www.gaveanews.com\/index.php\/2024\/09\/22\/a-declaracao-de-tite-sobre-a-derrota-do-flamengo-para-o-gremio\/#breadcrumb"},"inLanguage":"pt-BR","potentialAction":[{"@type":"ReadAction","target":["https:\/\/www.gaveanews.com\/index.php\/2024\/09\/22\/a-declaracao-de-tite-sobre-a-derrota-do-flamengo-para-o-gremio\/"]}]},{"@type":"ImageObject","inLanguage":"pt-BR","@id":"https:\/\/www.gaveanews.com\/index.php\/2024\/09\/22\/a-declaracao-de-tite-sobre-a-derrota-do-flamengo-para-o-gremio\/#primaryimage","url":"https:\/\/www.gaveanews.com\/wp-content\/uploads\/tite1-1.webp","contentUrl":"https:\/\/www.gaveanews.com\/wp-content\/uploads\/tite1-1.webp","width":640,"height":400,"caption":"Foto: Reprodu\u00e7\u00e3o\/FlaTV"},{"@type":"BreadcrumbList","@id":"https:\/\/www.gaveanews.com\/index.php\/2024\/09\/22\/a-declaracao-de-tite-sobre-a-derrota-do-flamengo-para-o-gremio\/#breadcrumb","itemListElement":[{"@type":"ListItem","position":1,"name":"Home","item":"https:\/\/www.gaveanews.com\/"},{"@type":"ListItem","position":2,"name":"A declara\u00e7\u00e3o de Tite sobre a derrota do Flamengo para o Gr\u00eamio"}]},{"@type":"WebSite","@id":"https:\/\/www.gaveanews.com\/#website","url":"https:\/\/www.gaveanews.com\/","name":"G\u00e1vea News","description":"Veja todas as not\u00edcias sobre o Flamengo: Contrata\u00e7\u00f5es, categorias de base, resultados das partidas, tabela de classifica\u00e7\u00e3o, pr\u00f3ximos jogos!","potentialAction":[{"@type":"SearchAction","target":{"@type":"EntryPoint","urlTemplate":"https:\/\/www.gaveanews.com\/?s={search_term_string}"},"query-input":{"@type":"PropertyValueSpecification","valueRequired":true,"valueName":"search_term_string"}}],"inLanguage":"pt-BR"},{"@type":"Person","@id":"https:\/\/www.gaveanews.com\/#\/schema\/person\/daf63eec72e1164eb13dc35096c2b8da","name":"Paula Silva","image":{"@type":"ImageObject","inLanguage":"pt-BR","@id":"https:\/\/www.gaveanews.com\/#\/schema\/person\/image\/","url":"https:\/\/secure.gravatar.com\/avatar\/eda381c845527cc5d64c13b901833cda29d97500ba040d3e6461f76f51d163bb?s=96&d=mm&r=g","contentUrl":"https:\/\/secure.gravatar.com\/avatar\/eda381c845527cc5d64c13b901833cda29d97500ba040d3e6461f76f51d163bb?s=96&d=mm&r=g","caption":"Paula Silva"}}]}},"_links":{"self":[{"href":"https:\/\/www.gaveanews.com\/index.php\/wp-json\/wp\/v2\/posts\/168468","targetHints":{"allow":["GET"]}}],"collection":[{"href":"https:\/\/www.gaveanews.com\/index.php\/wp-json\/wp\/v2\/posts"}],"about":[{"href":"https:\/\/www.gaveanews.com\/index.php\/wp-json\/wp\/v2\/types\/post"}],"author":[{"embeddable":true,"href":"https:\/\/www.gaveanews.com\/index.php\/wp-json\/wp\/v2\/users\/18"}],"replies":[{"embeddable":true,"href":"https:\/\/www.gaveanews.com\/index.php\/wp-json\/wp\/v2\/comments?post=168468"}],"version-history":[{"count":1,"href":"https:\/\/www.gaveanews.com\/index.php\/wp-json\/wp\/v2\/posts\/168468\/revisions"}],"predecessor-version":[{"id":168473,"href":"https:\/\/www.gaveanews.com\/index.php\/wp-json\/wp\/v2\/posts\/168468\/revisions\/168473"}],"wp:featuredmedia":[{"embeddable":true,"href":"https:\/\/www.gaveanews.com\/index.php\/wp-json\/wp\/v2\/media\/143499"}],"wp:attachment":[{"href":"https:\/\/www.gaveanews.com\/index.php\/wp-json\/wp\/v2\/media?parent=168468"}],"wp:term":[{"taxonomy":"category","embeddable":true,"href":"https:\/\/www.gaveanews.com\/index.php\/wp-json\/wp\/v2\/categories?post=168468"},{"taxonomy":"post_tag","embeddable":true,"href":"https:\/\/www.gaveanews.com\/index.php\/wp-json\/wp\/v2\/tags?post=168468"}],"curies":[{"name":"wp","href":"https:\/\/api.w.org\/{rel}","templated":true}]}}