{"id":168552,"date":"2024-09-23T13:30:00","date_gmt":"2024-09-23T16:30:00","guid":{"rendered":"https:\/\/www.gaveanews.com\/?p=168552"},"modified":"2024-09-23T12:55:02","modified_gmt":"2024-09-23T15:55:02","slug":"a-declaracao-de-tite-sobre-ir-treinar-o-gremio","status":"publish","type":"post","link":"https:\/\/www.gaveanews.com\/index.php\/2024\/09\/23\/a-declaracao-de-tite-sobre-ir-treinar-o-gremio\/","title":{"rendered":"A declara\u00e7\u00e3o de Tite sobre ir treinar o Gr\u00eamio"},"content":{"rendered":"\n<p>Ap\u00f3s a derrota por 3 a 2 para o Gr\u00eamio neste domingo (22), pela 27\u00aa rodada do Campeonato Brasileiro, o Flamengo estagnou na quarta coloca\u00e7\u00e3o, com 45 pontos na tabela de classifica\u00e7\u00e3o.&nbsp;<\/p>\n\n\n\n<ul class=\"wp-block-list\">\n<li><a href=\"https:\/\/www.gaveanews.com\/index.php\/2024\/09\/23\/ele-voltou-a-ganhar-uma-oportunidade-no-flamengo-apos-7-meses\/\">Ele voltou a ganhar uma oportunidade no Flamengo ap\u00f3s 7 meses<\/a><\/li>\n\n\n\n<li><a href=\"https:\/\/www.gaveanews.com\/index.php\/2024\/09\/23\/a-declaracao-de-diego-ribas-sobre-o-jogo-entre-penarol-x-flamengo\/\">A declara\u00e7\u00e3o de Diego Ribas sobre o jogo entre Pe\u00f1arol x Flamengo<\/a><\/li>\n<\/ul>\n\n\n\n<p>Com tr\u00eas derrotas, um empate e apenas uma vit\u00f3ria nos \u00faltimos cinco jogos do Brasileir\u00e3o, al\u00e9m de ter perdido o primeiro jogo contra o Pe\u00f1arol pelas quartas de final da Libertadores, o t\u00e9cnico Tite est\u00e1 sob forte press\u00e3o no comando do Flamengo.<\/p>\n\n\n\n<h2 class=\"wp-block-heading\" id=\"h-especulacoes-sobre-a-saida-de-tite-para-o-gremio\">Especula\u00e7\u00f5es sobre a sa\u00edda de Tite para o Gr\u00eamio<\/h2>\n\n\n\n<p>Inclusive, recentemente, surgiram especula\u00e7\u00f5es sobre uma poss\u00edvel sa\u00edda de Tite do Flamengo para assumir o Gr\u00eamio na pr\u00f3xima temporada. O treinador, no entanto, foi enf\u00e1tico ao rebater os rumores:<\/p>\n\n\n\n<p>&#8220;Press\u00e3o foi no Guarani de Garibaldi, no Caxias, no Juventude, no Ypiranga de Erechim, no Gr\u00eamio, no Inter. Vai ser sempre assim, \u00e9 atividade profissional que ela seja dessa forma. Especula\u00e7\u00f5es s\u00e3o de voc\u00eas, n\u00e3o de minha parte, porque tenho muito orgulho de ser Flamengo&#8221;, afirmou o t\u00e9cnico.<\/p>\n\n\n\n<h2 class=\"wp-block-heading\" id=\"h-flamengo-distante-da-ponta-da-tabela\">Flamengo distante da ponta da tabela<\/h2>\n\n\n\n<p>Al\u00e9m do resultado negativo no Brasileir\u00e3o, o Flamengo atuou com uma equipe repleta de jovens jogadores, que at\u00e9 tiveram uma boa atua\u00e7\u00e3o contra o Gr\u00eamio. Mesmo assim, o time permaneceu com 45 pontos na quarta coloca\u00e7\u00e3o.<\/p>\n\n\n\n<p>A situa\u00e7\u00e3o na tabela se complicou, j\u00e1 que Botafogo, Palmeiras e Fortaleza venceram seus jogos nesta rodada, deixando o Flamengo mais distante dos l\u00edderes. A equipe agora est\u00e1 7 pontos atr\u00e1s do Fortaleza (terceiro colocado), 8 pontos atr\u00e1s do Palmeiras (segundo) e 11 pontos atr\u00e1s do l\u00edder Botafogo.<\/p>\n\n\n\n<h2 class=\"wp-block-heading\" id=\"h-foco-total-na-libertadores\">Foco total na Libertadores<\/h2>\n\n\n\n<p>A comiss\u00e3o t\u00e9cnica do Flamengo parece ter deixado claro que o foco principal \u00e9 o segundo jogo contra o Pe\u00f1arol, pelas quartas de final da Libertadores. Na partida de ida, o Flamengo foi derrotado por 1 a 0 no Maracan\u00e3, e agora precisar\u00e1 vencer por dois gols de diferen\u00e7a no est\u00e1dio Campe\u00f3n del Siglo, em Montevid\u00e9u, para avan\u00e7ar \u00e0s semifinais. Caso a equipe ven\u00e7a por apenas um gol de diferen\u00e7a, a decis\u00e3o ser\u00e1 nos p\u00eanaltis.<\/p>\n","protected":false},"excerpt":{"rendered":"<p>Ap\u00f3s a derrota por 3 a 2 para o Gr\u00eamio neste domingo (22), pela 27\u00aa rodada do Campeonato Brasileiro, o Flamengo estagnou na quarta coloca\u00e7\u00e3o, com 45 pontos na tabela de classifica\u00e7\u00e3o.&nbsp; Com tr\u00eas derrotas, um empate e apenas uma vit\u00f3ria nos \u00faltimos cinco jogos do Brasileir\u00e3o, al\u00e9m de ter perdido o primeiro jogo contra [&hellip;]<\/p>\n","protected":false},"author":24,"featured_media":158166,"comment_status":"open","ping_status":"closed","sticky":false,"template":"","format":"standard","meta":{"footnotes":""},"categories":[1,147],"tags":[],"class_list":["post-168552","post","type-post","status-publish","format-standard","has-post-thumbnail","hentry","category-flamengo","category-gremio"],"yoast_head":"<!-- This site is optimized with the Yoast SEO Premium plugin v24.2 (Yoast SEO v26.9) - https:\/\/yoast.com\/product\/yoast-seo-premium-wordpress\/ -->\n<title>A declara\u00e7\u00e3o de Tite sobre ir treinar o Gr\u00eamio<\/title>\n<meta name=\"robots\" content=\"index, follow, max-snippet:-1, max-image-preview:large, max-video-preview:-1\" \/>\n<link rel=\"canonical\" href=\"https:\/\/www.gaveanews.com\/index.php\/2024\/09\/23\/a-declaracao-de-tite-sobre-ir-treinar-o-gremio\/\" \/>\n<meta property=\"og:locale\" content=\"pt_BR\" \/>\n<meta property=\"og:type\" content=\"article\" \/>\n<meta property=\"og:title\" content=\"A declara\u00e7\u00e3o de Tite sobre ir treinar o Gr\u00eamio\" \/>\n<meta property=\"og:description\" content=\"Ap\u00f3s a derrota por 3 a 2 para o Gr\u00eamio neste domingo (22), pela 27\u00aa rodada do Campeonato Brasileiro, o Flamengo estagnou na quarta coloca\u00e7\u00e3o, com 45 pontos na tabela de classifica\u00e7\u00e3o.&nbsp; Com tr\u00eas derrotas, um empate e apenas uma vit\u00f3ria nos \u00faltimos cinco jogos do Brasileir\u00e3o, al\u00e9m de ter perdido o primeiro jogo contra [&hellip;]\" \/>\n<meta property=\"og:url\" content=\"https:\/\/www.gaveanews.com\/index.php\/2024\/09\/23\/a-declaracao-de-tite-sobre-ir-treinar-o-gremio\/\" \/>\n<meta property=\"og:site_name\" content=\"G\u00e1vea News\" \/>\n<meta property=\"article:publisher\" content=\"https:\/\/facebook.com\/gaveaNews\/\" \/>\n<meta property=\"article:published_time\" content=\"2024-09-23T16:30:00+00:00\" \/>\n<meta property=\"og:image\" content=\"https:\/\/www.gaveanews.com\/wp-content\/uploads\/Tite-durante-jogo-contra-o-Palmeiras-pelo-Brasileirao-no-Maracana.webp\" \/>\n\t<meta property=\"og:image:width\" content=\"633\" \/>\n\t<meta property=\"og:image:height\" content=\"312\" \/>\n\t<meta property=\"og:image:type\" content=\"image\/jpeg\" \/>\n<meta name=\"author\" content=\"Leandro Cardoso\" \/>\n<meta name=\"twitter:card\" content=\"summary_large_image\" \/>\n<meta name=\"twitter:label1\" content=\"Escrito por\" \/>\n\t<meta name=\"twitter:data1\" content=\"Leandro Cardoso\" \/>\n\t<meta name=\"twitter:label2\" content=\"Est. tempo de leitura\" \/>\n\t<meta name=\"twitter:data2\" content=\"3 minutos\" \/>\n<script type=\"application\/ld+json\" class=\"yoast-schema-graph\">{\"@context\":\"https:\/\/schema.org\",\"@graph\":[{\"@type\":\"NewsArticle\",\"@id\":\"https:\/\/www.gaveanews.com\/index.php\/2024\/09\/23\/a-declaracao-de-tite-sobre-ir-treinar-o-gremio\/#article\",\"isPartOf\":{\"@id\":\"https:\/\/www.gaveanews.com\/index.php\/2024\/09\/23\/a-declaracao-de-tite-sobre-ir-treinar-o-gremio\/\"},\"author\":{\"name\":\"Leandro Cardoso\",\"@id\":\"https:\/\/www.gaveanews.com\/#\/schema\/person\/2424ec6409bc3f068411fc5e4e9b6168\"},\"headline\":\"A declara\u00e7\u00e3o de Tite sobre ir treinar o Gr\u00eamio\",\"datePublished\":\"2024-09-23T16:30:00+00:00\",\"mainEntityOfPage\":{\"@id\":\"https:\/\/www.gaveanews.com\/index.php\/2024\/09\/23\/a-declaracao-de-tite-sobre-ir-treinar-o-gremio\/\"},\"wordCount\":403,\"commentCount\":0,\"image\":{\"@id\":\"https:\/\/www.gaveanews.com\/index.php\/2024\/09\/23\/a-declaracao-de-tite-sobre-ir-treinar-o-gremio\/#primaryimage\"},\"thumbnailUrl\":\"https:\/\/www.gaveanews.com\/wp-content\/uploads\/Tite-durante-jogo-contra-o-Palmeiras-pelo-Brasileirao-no-Maracana.webp\",\"articleSection\":[\"Flamengo\",\"Gr\u00eamio\"],\"inLanguage\":\"pt-BR\",\"potentialAction\":[{\"@type\":\"CommentAction\",\"name\":\"Comment\",\"target\":[\"https:\/\/www.gaveanews.com\/index.php\/2024\/09\/23\/a-declaracao-de-tite-sobre-ir-treinar-o-gremio\/#respond\"]}],\"copyrightYear\":\"2024\",\"copyrightHolder\":{\"@id\":\"https:\/\/www.gaveanews.com\/#organization\"}},{\"@type\":\"WebPage\",\"@id\":\"https:\/\/www.gaveanews.com\/index.php\/2024\/09\/23\/a-declaracao-de-tite-sobre-ir-treinar-o-gremio\/\",\"url\":\"https:\/\/www.gaveanews.com\/index.php\/2024\/09\/23\/a-declaracao-de-tite-sobre-ir-treinar-o-gremio\/\",\"name\":\"A declara\u00e7\u00e3o de Tite sobre ir treinar o Gr\u00eamio\",\"isPartOf\":{\"@id\":\"https:\/\/www.gaveanews.com\/#website\"},\"primaryImageOfPage\":{\"@id\":\"https:\/\/www.gaveanews.com\/index.php\/2024\/09\/23\/a-declaracao-de-tite-sobre-ir-treinar-o-gremio\/#primaryimage\"},\"image\":{\"@id\":\"https:\/\/www.gaveanews.com\/index.php\/2024\/09\/23\/a-declaracao-de-tite-sobre-ir-treinar-o-gremio\/#primaryimage\"},\"thumbnailUrl\":\"https:\/\/www.gaveanews.com\/wp-content\/uploads\/Tite-durante-jogo-contra-o-Palmeiras-pelo-Brasileirao-no-Maracana.webp\",\"datePublished\":\"2024-09-23T16:30:00+00:00\",\"author\":{\"@id\":\"https:\/\/www.gaveanews.com\/#\/schema\/person\/2424ec6409bc3f068411fc5e4e9b6168\"},\"breadcrumb\":{\"@id\":\"https:\/\/www.gaveanews.com\/index.php\/2024\/09\/23\/a-declaracao-de-tite-sobre-ir-treinar-o-gremio\/#breadcrumb\"},\"inLanguage\":\"pt-BR\",\"potentialAction\":[{\"@type\":\"ReadAction\",\"target\":[\"https:\/\/www.gaveanews.com\/index.php\/2024\/09\/23\/a-declaracao-de-tite-sobre-ir-treinar-o-gremio\/\"]}]},{\"@type\":\"ImageObject\",\"inLanguage\":\"pt-BR\",\"@id\":\"https:\/\/www.gaveanews.com\/index.php\/2024\/09\/23\/a-declaracao-de-tite-sobre-ir-treinar-o-gremio\/#primaryimage\",\"url\":\"https:\/\/www.gaveanews.com\/wp-content\/uploads\/Tite-durante-jogo-contra-o-Palmeiras-pelo-Brasileirao-no-Maracana.webp\",\"contentUrl\":\"https:\/\/www.gaveanews.com\/wp-content\/uploads\/Tite-durante-jogo-contra-o-Palmeiras-pelo-Brasileirao-no-Maracana.webp\",\"width\":633,\"height\":312,\"caption\":\"Tite durante jogo contra o Palmeiras, pelo Brasileir\u00e3o, no Maracan\u00e3 (Foto: Divulga\u00e7\u00e3o\/Flamengo)\"},{\"@type\":\"BreadcrumbList\",\"@id\":\"https:\/\/www.gaveanews.com\/index.php\/2024\/09\/23\/a-declaracao-de-tite-sobre-ir-treinar-o-gremio\/#breadcrumb\",\"itemListElement\":[{\"@type\":\"ListItem\",\"position\":1,\"name\":\"Home\",\"item\":\"https:\/\/www.gaveanews.com\/\"},{\"@type\":\"ListItem\",\"position\":2,\"name\":\"A declara\u00e7\u00e3o de Tite sobre ir treinar o Gr\u00eamio\"}]},{\"@type\":\"WebSite\",\"@id\":\"https:\/\/www.gaveanews.com\/#website\",\"url\":\"https:\/\/www.gaveanews.com\/\",\"name\":\"G\u00e1vea News\",\"description\":\"Veja todas as not\u00edcias sobre o Flamengo: Contrata\u00e7\u00f5es, categorias de base, resultados das partidas, tabela de classifica\u00e7\u00e3o, pr\u00f3ximos jogos!\",\"potentialAction\":[{\"@type\":\"SearchAction\",\"target\":{\"@type\":\"EntryPoint\",\"urlTemplate\":\"https:\/\/www.gaveanews.com\/?s={search_term_string}\"},\"query-input\":{\"@type\":\"PropertyValueSpecification\",\"valueRequired\":true,\"valueName\":\"search_term_string\"}}],\"inLanguage\":\"pt-BR\"},{\"@type\":\"Person\",\"@id\":\"https:\/\/www.gaveanews.com\/#\/schema\/person\/2424ec6409bc3f068411fc5e4e9b6168\",\"name\":\"Leandro Cardoso\",\"image\":{\"@type\":\"ImageObject\",\"inLanguage\":\"pt-BR\",\"@id\":\"https:\/\/www.gaveanews.com\/#\/schema\/person\/image\/\",\"url\":\"https:\/\/secure.gravatar.com\/avatar\/8ca179f9b55eefe9f376f5493ef25475bfa59fbc28ce937f6076ce20e523098f?s=96&d=mm&r=g\",\"contentUrl\":\"https:\/\/secure.gravatar.com\/avatar\/8ca179f9b55eefe9f376f5493ef25475bfa59fbc28ce937f6076ce20e523098f?s=96&d=mm&r=g\",\"caption\":\"Leandro Cardoso\"}}]}<\/script>\n<!-- \/ Yoast SEO Premium plugin. -->","yoast_head_json":{"title":"A declara\u00e7\u00e3o de Tite sobre ir treinar o Gr\u00eamio","robots":{"index":"index","follow":"follow","max-snippet":"max-snippet:-1","max-image-preview":"max-image-preview:large","max-video-preview":"max-video-preview:-1"},"canonical":"https:\/\/www.gaveanews.com\/index.php\/2024\/09\/23\/a-declaracao-de-tite-sobre-ir-treinar-o-gremio\/","og_locale":"pt_BR","og_type":"article","og_title":"A declara\u00e7\u00e3o de Tite sobre ir treinar o Gr\u00eamio","og_description":"Ap\u00f3s a derrota por 3 a 2 para o Gr\u00eamio neste domingo (22), pela 27\u00aa rodada do Campeonato Brasileiro, o Flamengo estagnou na quarta coloca\u00e7\u00e3o, com 45 pontos na tabela de classifica\u00e7\u00e3o.&nbsp; Com tr\u00eas derrotas, um empate e apenas uma vit\u00f3ria nos \u00faltimos cinco jogos do Brasileir\u00e3o, al\u00e9m de ter perdido o primeiro jogo contra [&hellip;]","og_url":"https:\/\/www.gaveanews.com\/index.php\/2024\/09\/23\/a-declaracao-de-tite-sobre-ir-treinar-o-gremio\/","og_site_name":"G\u00e1vea News","article_publisher":"https:\/\/facebook.com\/gaveaNews\/","article_published_time":"2024-09-23T16:30:00+00:00","og_image":[{"width":633,"height":312,"url":"https:\/\/www.gaveanews.com\/wp-content\/uploads\/Tite-durante-jogo-contra-o-Palmeiras-pelo-Brasileirao-no-Maracana.webp","type":"image\/jpeg"}],"author":"Leandro Cardoso","twitter_card":"summary_large_image","twitter_misc":{"Escrito por":"Leandro Cardoso","Est. tempo de leitura":"3 minutos"},"schema":{"@context":"https:\/\/schema.org","@graph":[{"@type":"NewsArticle","@id":"https:\/\/www.gaveanews.com\/index.php\/2024\/09\/23\/a-declaracao-de-tite-sobre-ir-treinar-o-gremio\/#article","isPartOf":{"@id":"https:\/\/www.gaveanews.com\/index.php\/2024\/09\/23\/a-declaracao-de-tite-sobre-ir-treinar-o-gremio\/"},"author":{"name":"Leandro Cardoso","@id":"https:\/\/www.gaveanews.com\/#\/schema\/person\/2424ec6409bc3f068411fc5e4e9b6168"},"headline":"A declara\u00e7\u00e3o de Tite sobre ir treinar o Gr\u00eamio","datePublished":"2024-09-23T16:30:00+00:00","mainEntityOfPage":{"@id":"https:\/\/www.gaveanews.com\/index.php\/2024\/09\/23\/a-declaracao-de-tite-sobre-ir-treinar-o-gremio\/"},"wordCount":403,"commentCount":0,"image":{"@id":"https:\/\/www.gaveanews.com\/index.php\/2024\/09\/23\/a-declaracao-de-tite-sobre-ir-treinar-o-gremio\/#primaryimage"},"thumbnailUrl":"https:\/\/www.gaveanews.com\/wp-content\/uploads\/Tite-durante-jogo-contra-o-Palmeiras-pelo-Brasileirao-no-Maracana.webp","articleSection":["Flamengo","Gr\u00eamio"],"inLanguage":"pt-BR","potentialAction":[{"@type":"CommentAction","name":"Comment","target":["https:\/\/www.gaveanews.com\/index.php\/2024\/09\/23\/a-declaracao-de-tite-sobre-ir-treinar-o-gremio\/#respond"]}],"copyrightYear":"2024","copyrightHolder":{"@id":"https:\/\/www.gaveanews.com\/#organization"}},{"@type":"WebPage","@id":"https:\/\/www.gaveanews.com\/index.php\/2024\/09\/23\/a-declaracao-de-tite-sobre-ir-treinar-o-gremio\/","url":"https:\/\/www.gaveanews.com\/index.php\/2024\/09\/23\/a-declaracao-de-tite-sobre-ir-treinar-o-gremio\/","name":"A declara\u00e7\u00e3o de Tite sobre ir treinar o Gr\u00eamio","isPartOf":{"@id":"https:\/\/www.gaveanews.com\/#website"},"primaryImageOfPage":{"@id":"https:\/\/www.gaveanews.com\/index.php\/2024\/09\/23\/a-declaracao-de-tite-sobre-ir-treinar-o-gremio\/#primaryimage"},"image":{"@id":"https:\/\/www.gaveanews.com\/index.php\/2024\/09\/23\/a-declaracao-de-tite-sobre-ir-treinar-o-gremio\/#primaryimage"},"thumbnailUrl":"https:\/\/www.gaveanews.com\/wp-content\/uploads\/Tite-durante-jogo-contra-o-Palmeiras-pelo-Brasileirao-no-Maracana.webp","datePublished":"2024-09-23T16:30:00+00:00","author":{"@id":"https:\/\/www.gaveanews.com\/#\/schema\/person\/2424ec6409bc3f068411fc5e4e9b6168"},"breadcrumb":{"@id":"https:\/\/www.gaveanews.com\/index.php\/2024\/09\/23\/a-declaracao-de-tite-sobre-ir-treinar-o-gremio\/#breadcrumb"},"inLanguage":"pt-BR","potentialAction":[{"@type":"ReadAction","target":["https:\/\/www.gaveanews.com\/index.php\/2024\/09\/23\/a-declaracao-de-tite-sobre-ir-treinar-o-gremio\/"]}]},{"@type":"ImageObject","inLanguage":"pt-BR","@id":"https:\/\/www.gaveanews.com\/index.php\/2024\/09\/23\/a-declaracao-de-tite-sobre-ir-treinar-o-gremio\/#primaryimage","url":"https:\/\/www.gaveanews.com\/wp-content\/uploads\/Tite-durante-jogo-contra-o-Palmeiras-pelo-Brasileirao-no-Maracana.webp","contentUrl":"https:\/\/www.gaveanews.com\/wp-content\/uploads\/Tite-durante-jogo-contra-o-Palmeiras-pelo-Brasileirao-no-Maracana.webp","width":633,"height":312,"caption":"Tite durante jogo contra o Palmeiras, pelo Brasileir\u00e3o, no Maracan\u00e3 (Foto: Divulga\u00e7\u00e3o\/Flamengo)"},{"@type":"BreadcrumbList","@id":"https:\/\/www.gaveanews.com\/index.php\/2024\/09\/23\/a-declaracao-de-tite-sobre-ir-treinar-o-gremio\/#breadcrumb","itemListElement":[{"@type":"ListItem","position":1,"name":"Home","item":"https:\/\/www.gaveanews.com\/"},{"@type":"ListItem","position":2,"name":"A declara\u00e7\u00e3o de Tite sobre ir treinar o Gr\u00eamio"}]},{"@type":"WebSite","@id":"https:\/\/www.gaveanews.com\/#website","url":"https:\/\/www.gaveanews.com\/","name":"G\u00e1vea News","description":"Veja todas as not\u00edcias sobre o Flamengo: Contrata\u00e7\u00f5es, categorias de base, resultados das partidas, tabela de classifica\u00e7\u00e3o, pr\u00f3ximos jogos!","potentialAction":[{"@type":"SearchAction","target":{"@type":"EntryPoint","urlTemplate":"https:\/\/www.gaveanews.com\/?s={search_term_string}"},"query-input":{"@type":"PropertyValueSpecification","valueRequired":true,"valueName":"search_term_string"}}],"inLanguage":"pt-BR"},{"@type":"Person","@id":"https:\/\/www.gaveanews.com\/#\/schema\/person\/2424ec6409bc3f068411fc5e4e9b6168","name":"Leandro Cardoso","image":{"@type":"ImageObject","inLanguage":"pt-BR","@id":"https:\/\/www.gaveanews.com\/#\/schema\/person\/image\/","url":"https:\/\/secure.gravatar.com\/avatar\/8ca179f9b55eefe9f376f5493ef25475bfa59fbc28ce937f6076ce20e523098f?s=96&d=mm&r=g","contentUrl":"https:\/\/secure.gravatar.com\/avatar\/8ca179f9b55eefe9f376f5493ef25475bfa59fbc28ce937f6076ce20e523098f?s=96&d=mm&r=g","caption":"Leandro Cardoso"}}]}},"_links":{"self":[{"href":"https:\/\/www.gaveanews.com\/index.php\/wp-json\/wp\/v2\/posts\/168552","targetHints":{"allow":["GET"]}}],"collection":[{"href":"https:\/\/www.gaveanews.com\/index.php\/wp-json\/wp\/v2\/posts"}],"about":[{"href":"https:\/\/www.gaveanews.com\/index.php\/wp-json\/wp\/v2\/types\/post"}],"author":[{"embeddable":true,"href":"https:\/\/www.gaveanews.com\/index.php\/wp-json\/wp\/v2\/users\/24"}],"replies":[{"embeddable":true,"href":"https:\/\/www.gaveanews.com\/index.php\/wp-json\/wp\/v2\/comments?post=168552"}],"version-history":[{"count":1,"href":"https:\/\/www.gaveanews.com\/index.php\/wp-json\/wp\/v2\/posts\/168552\/revisions"}],"predecessor-version":[{"id":168553,"href":"https:\/\/www.gaveanews.com\/index.php\/wp-json\/wp\/v2\/posts\/168552\/revisions\/168553"}],"wp:featuredmedia":[{"embeddable":true,"href":"https:\/\/www.gaveanews.com\/index.php\/wp-json\/wp\/v2\/media\/158166"}],"wp:attachment":[{"href":"https:\/\/www.gaveanews.com\/index.php\/wp-json\/wp\/v2\/media?parent=168552"}],"wp:term":[{"taxonomy":"category","embeddable":true,"href":"https:\/\/www.gaveanews.com\/index.php\/wp-json\/wp\/v2\/categories?post=168552"},{"taxonomy":"post_tag","embeddable":true,"href":"https:\/\/www.gaveanews.com\/index.php\/wp-json\/wp\/v2\/tags?post=168552"}],"curies":[{"name":"wp","href":"https:\/\/api.w.org\/{rel}","templated":true}]}}