{"id":168589,"date":"2024-09-23T23:00:00","date_gmt":"2024-09-24T02:00:00","guid":{"rendered":"https:\/\/www.gaveanews.com\/?p=168589"},"modified":"2024-09-23T19:47:34","modified_gmt":"2024-09-23T22:47:34","slug":"a-declaracao-de-rafael-paiva-sobre-a-falha-de-rayan","status":"publish","type":"post","link":"https:\/\/www.gaveanews.com\/index.php\/2024\/09\/23\/a-declaracao-de-rafael-paiva-sobre-a-falha-de-rayan\/","title":{"rendered":"A declara\u00e7\u00e3o de Rafael Paiva sobre a falha de Rayan"},"content":{"rendered":"\n<h2 class=\"wp-block-heading\" id=\"h-treinador-comentou-sobre-falha-de-rayan\">Treinador comentou sobre falha de Rayan<\/h2>\n\n\n\n<p>Vasco e Palmeiras se enfrentaram no domingo (22), no Est\u00e1dio Man\u00e9 Garrincha, em Bras\u00edlia, pela 27\u00b0 rodada do Brasileir\u00e3o. A partida terminou em 1 a 0 para o Verd\u00e3o, com gol de Flaco L\u00f3pez. Ap\u00f3s o jogo, em entrevista, o t\u00e9cnico Rafael Paiva falou sobre o erro do jovem Rayan, mas incentivou o jovem jogador do Vasco.<\/p>\n\n\n\n<ul class=\"wp-block-list\">\n<li><a href=\"https:\/\/www.gaveanews.com\/index.php\/2024\/09\/20\/vegetti-vai-renovar-com-o-vasco\/\">Vegetti vai renovar com o Vasco?<\/a><\/li>\n\n\n\n<li><a href=\"https:\/\/www.gaveanews.com\/index.php\/2024\/09\/23\/ele-nao-perdoou-e-detonou-a-arbitragem-de-vasco-x-palmeiras\/\">Ele n\u00e3o perdoou e detonou a arbitragem de Vasco x Palmeiras<\/a><\/li>\n<\/ul>\n\n\n\n<p>&#8220;Fica mais uma vez, como eu tenho falado, a nossa capacidade de jogar contra qualquer equipe no Brasileir\u00e3o. Fizemos um jogo parelho, conseguimos empurrar o Palmeiras para tr\u00e1s no segundo tempo, criamos oportunidades. E um erro que acho que poderia mudar bastante o que seria o jogo, o lance do p\u00eanalti&#8221;, comentou o treinador, que completou:<\/p>\n\n\n\n<p>&#8220;E a gente errou, o Rayan teve um erro que faz parte do processo. Jogador jovem, teve um erro h\u00e1 pouco tempo. Sabemos como \u00e9 pesado para ele, mas acho que fica como reagimos depois de mais um erro individual. E o quanto o Vasco lutou at\u00e9 o fim para buscar um resultado melhor aqui. Tem que ficar o quanto estamos conseguindo competir contra essas equipes grandes, e n\u00e3o tenho d\u00favida que a curto prazo vamos conseguir buscar as vit\u00f3rias contra esse n\u00edvel de equipe&#8221;, completou Paiva. <\/p>\n\n\n\n<p>O treinador foi perguntado na entrevista coletiva sobre Philippe Coutinho e Payet atuarem juntos. Paiva respondeu dizendo que trabalha para dar maior minutagem a Coutinho, e que o time poder\u00e1 sofrer mais com a dupla em campo.<\/p>\n\n\n\n<p>&#8220;Coutinho hoje entrou numa minutagem um pouco mais alta. Na minha opini\u00e3o fez um grande jogo, \u00e9 um jogador que pensa diferente da maioria dos jogadores. Tem capacidade t\u00e9cnica e interpretativa do jogo absurda. Est\u00e1 se sentindo confiante. No primeiro lugar, o plano do Coutinho \u00e9 mant\u00ea-lo na maior sequ\u00eancia poss\u00edvel de jogos sem perd\u00ea-lo. Independentemente se vai come\u00e7ar ou n\u00e3o, Coutinho tem que estar no jogo. Tem que ganhar minutagem. A gente n\u00e3o pode perd\u00ea-lo na rela\u00e7\u00e3o de 23 jogadores&#8221;, comentou o treinador, que continuou: <\/p>\n\n\n\n<p>&#8220;\u00c9 um processo, a gente tem que perceber o que vai acontecendo, como a nossa equipe est\u00e1 reagindo. A gente n\u00e3o tem d\u00favida que os dois jogadores juntos v\u00e3o dar qualidade t\u00e9cnica absurda, mas o jogo tamb\u00e9m tem a parte defensiva, as transi\u00e7\u00f5es. A gente sabe que a gente pode sofrer muito com os dois juntos. Ent\u00e3o \u00e9 realmente o primeiro objetivo manter Coutinho o m\u00e1ximo poss\u00edvel, at\u00e9 ele aguentar pr\u00f3ximo de um jogo todo. E ir potencializando cada vez mais o Coutinho para tomar essa decis\u00e3o na frente se d\u00e1 para a gente iniciar com os dois ou n\u00e3o&#8221;, completou Rafael Paiva.<\/p>\n\n\n\n<p>Com a derrota sofrida, o Vasco continua com 35 pontos e cai para o d\u00e9cimo lugar na tabela do Brasileir\u00e3o. O Gigante da Colina volta a campo no domingo (29), contra o Cruzeiro no Mineir\u00e3o, \u00e0s 18h30. <\/p>\n","protected":false},"excerpt":{"rendered":"<p>Treinador comentou sobre falha de Rayan Vasco e Palmeiras se enfrentaram no domingo (22), no Est\u00e1dio Man\u00e9 Garrincha, em Bras\u00edlia, pela 27\u00b0 rodada do Brasileir\u00e3o. A partida terminou em 1 a 0 para o Verd\u00e3o, com gol de Flaco L\u00f3pez. Ap\u00f3s o jogo, em entrevista, o t\u00e9cnico Rafael Paiva falou sobre o erro do jovem [&hellip;]<\/p>\n","protected":false},"author":21,"featured_media":152028,"comment_status":"open","ping_status":"closed","sticky":false,"template":"","format":"standard","meta":{"footnotes":""},"categories":[150,152],"tags":[],"class_list":["post-168589","post","type-post","status-publish","format-standard","has-post-thumbnail","hentry","category-palmeiras","category-vasco"],"yoast_head":"<!-- This site is optimized with the Yoast SEO Premium plugin v24.2 (Yoast SEO v26.9) - https:\/\/yoast.com\/product\/yoast-seo-premium-wordpress\/ -->\n<title>A declara\u00e7\u00e3o de Rafael Paiva sobre a falha de Rayan<\/title>\n<meta name=\"robots\" content=\"index, follow, max-snippet:-1, max-image-preview:large, max-video-preview:-1\" \/>\n<link rel=\"canonical\" href=\"https:\/\/www.gaveanews.com\/index.php\/2024\/09\/23\/a-declaracao-de-rafael-paiva-sobre-a-falha-de-rayan\/\" \/>\n<meta property=\"og:locale\" content=\"pt_BR\" \/>\n<meta property=\"og:type\" content=\"article\" \/>\n<meta property=\"og:title\" content=\"A declara\u00e7\u00e3o de Rafael Paiva sobre a falha de Rayan\" \/>\n<meta property=\"og:description\" content=\"Treinador comentou sobre falha de Rayan Vasco e Palmeiras se enfrentaram no domingo (22), no Est\u00e1dio Man\u00e9 Garrincha, em Bras\u00edlia, pela 27\u00b0 rodada do Brasileir\u00e3o. A partida terminou em 1 a 0 para o Verd\u00e3o, com gol de Flaco L\u00f3pez. Ap\u00f3s o jogo, em entrevista, o t\u00e9cnico Rafael Paiva falou sobre o erro do jovem [&hellip;]\" \/>\n<meta property=\"og:url\" content=\"https:\/\/www.gaveanews.com\/index.php\/2024\/09\/23\/a-declaracao-de-rafael-paiva-sobre-a-falha-de-rayan\/\" \/>\n<meta property=\"og:site_name\" content=\"G\u00e1vea News\" \/>\n<meta property=\"article:publisher\" content=\"https:\/\/facebook.com\/gaveaNews\/\" \/>\n<meta property=\"article:published_time\" content=\"2024-09-24T02:00:00+00:00\" \/>\n<meta name=\"author\" content=\"Andr\u00e9 Serra\" \/>\n<meta name=\"twitter:card\" content=\"summary_large_image\" \/>\n<meta name=\"twitter:label1\" content=\"Escrito por\" \/>\n\t<meta name=\"twitter:data1\" content=\"Andr\u00e9 Serra\" \/>\n\t<meta name=\"twitter:label2\" content=\"Est. tempo de leitura\" \/>\n\t<meta name=\"twitter:data2\" content=\"3 minutos\" \/>\n<script type=\"application\/ld+json\" class=\"yoast-schema-graph\">{\"@context\":\"https:\/\/schema.org\",\"@graph\":[{\"@type\":\"NewsArticle\",\"@id\":\"https:\/\/www.gaveanews.com\/index.php\/2024\/09\/23\/a-declaracao-de-rafael-paiva-sobre-a-falha-de-rayan\/#article\",\"isPartOf\":{\"@id\":\"https:\/\/www.gaveanews.com\/index.php\/2024\/09\/23\/a-declaracao-de-rafael-paiva-sobre-a-falha-de-rayan\/\"},\"author\":{\"name\":\"Andr\u00e9 Serra\",\"@id\":\"https:\/\/www.gaveanews.com\/#\/schema\/person\/0277a79a1289c451c281ec0411d84f0c\"},\"headline\":\"A declara\u00e7\u00e3o de Rafael Paiva sobre a falha de Rayan\",\"datePublished\":\"2024-09-24T02:00:00+00:00\",\"mainEntityOfPage\":{\"@id\":\"https:\/\/www.gaveanews.com\/index.php\/2024\/09\/23\/a-declaracao-de-rafael-paiva-sobre-a-falha-de-rayan\/\"},\"wordCount\":526,\"commentCount\":0,\"image\":{\"@id\":\"https:\/\/www.gaveanews.com\/index.php\/2024\/09\/23\/a-declaracao-de-rafael-paiva-sobre-a-falha-de-rayan\/#primaryimage\"},\"thumbnailUrl\":\"https:\/\/www.gaveanews.com\/wp-content\/uploads\/Rafael-Paiva-durante-treino-do-Vasco.avif\",\"articleSection\":[\"Palmeiras\",\"Vasco\"],\"inLanguage\":\"pt-BR\",\"potentialAction\":[{\"@type\":\"CommentAction\",\"name\":\"Comment\",\"target\":[\"https:\/\/www.gaveanews.com\/index.php\/2024\/09\/23\/a-declaracao-de-rafael-paiva-sobre-a-falha-de-rayan\/#respond\"]}],\"copyrightYear\":\"2024\",\"copyrightHolder\":{\"@id\":\"https:\/\/www.gaveanews.com\/#organization\"}},{\"@type\":\"WebPage\",\"@id\":\"https:\/\/www.gaveanews.com\/index.php\/2024\/09\/23\/a-declaracao-de-rafael-paiva-sobre-a-falha-de-rayan\/\",\"url\":\"https:\/\/www.gaveanews.com\/index.php\/2024\/09\/23\/a-declaracao-de-rafael-paiva-sobre-a-falha-de-rayan\/\",\"name\":\"A declara\u00e7\u00e3o de Rafael Paiva sobre a falha de Rayan\",\"isPartOf\":{\"@id\":\"https:\/\/www.gaveanews.com\/#website\"},\"primaryImageOfPage\":{\"@id\":\"https:\/\/www.gaveanews.com\/index.php\/2024\/09\/23\/a-declaracao-de-rafael-paiva-sobre-a-falha-de-rayan\/#primaryimage\"},\"image\":{\"@id\":\"https:\/\/www.gaveanews.com\/index.php\/2024\/09\/23\/a-declaracao-de-rafael-paiva-sobre-a-falha-de-rayan\/#primaryimage\"},\"thumbnailUrl\":\"https:\/\/www.gaveanews.com\/wp-content\/uploads\/Rafael-Paiva-durante-treino-do-Vasco.avif\",\"datePublished\":\"2024-09-24T02:00:00+00:00\",\"author\":{\"@id\":\"https:\/\/www.gaveanews.com\/#\/schema\/person\/0277a79a1289c451c281ec0411d84f0c\"},\"breadcrumb\":{\"@id\":\"https:\/\/www.gaveanews.com\/index.php\/2024\/09\/23\/a-declaracao-de-rafael-paiva-sobre-a-falha-de-rayan\/#breadcrumb\"},\"inLanguage\":\"pt-BR\",\"potentialAction\":[{\"@type\":\"ReadAction\",\"target\":[\"https:\/\/www.gaveanews.com\/index.php\/2024\/09\/23\/a-declaracao-de-rafael-paiva-sobre-a-falha-de-rayan\/\"]}]},{\"@type\":\"ImageObject\",\"inLanguage\":\"pt-BR\",\"@id\":\"https:\/\/www.gaveanews.com\/index.php\/2024\/09\/23\/a-declaracao-de-rafael-paiva-sobre-a-falha-de-rayan\/#primaryimage\",\"url\":\"https:\/\/www.gaveanews.com\/wp-content\/uploads\/Rafael-Paiva-durante-treino-do-Vasco.avif\",\"contentUrl\":\"https:\/\/www.gaveanews.com\/wp-content\/uploads\/Rafael-Paiva-durante-treino-do-Vasco.avif\",\"width\":984,\"height\":656,\"caption\":\"Rafael Paiva durante treino do Vasco (Foto: Matheus Lima\/Vasco)\"},{\"@type\":\"BreadcrumbList\",\"@id\":\"https:\/\/www.gaveanews.com\/index.php\/2024\/09\/23\/a-declaracao-de-rafael-paiva-sobre-a-falha-de-rayan\/#breadcrumb\",\"itemListElement\":[{\"@type\":\"ListItem\",\"position\":1,\"name\":\"Home\",\"item\":\"https:\/\/www.gaveanews.com\/\"},{\"@type\":\"ListItem\",\"position\":2,\"name\":\"A declara\u00e7\u00e3o de Rafael Paiva sobre a falha de Rayan\"}]},{\"@type\":\"WebSite\",\"@id\":\"https:\/\/www.gaveanews.com\/#website\",\"url\":\"https:\/\/www.gaveanews.com\/\",\"name\":\"G\u00e1vea News\",\"description\":\"Veja todas as not\u00edcias sobre o Flamengo: Contrata\u00e7\u00f5es, categorias de base, resultados das partidas, tabela de classifica\u00e7\u00e3o, pr\u00f3ximos jogos!\",\"potentialAction\":[{\"@type\":\"SearchAction\",\"target\":{\"@type\":\"EntryPoint\",\"urlTemplate\":\"https:\/\/www.gaveanews.com\/?s={search_term_string}\"},\"query-input\":{\"@type\":\"PropertyValueSpecification\",\"valueRequired\":true,\"valueName\":\"search_term_string\"}}],\"inLanguage\":\"pt-BR\"},{\"@type\":\"Person\",\"@id\":\"https:\/\/www.gaveanews.com\/#\/schema\/person\/0277a79a1289c451c281ec0411d84f0c\",\"name\":\"Andr\u00e9 Serra\",\"image\":{\"@type\":\"ImageObject\",\"inLanguage\":\"pt-BR\",\"@id\":\"https:\/\/www.gaveanews.com\/#\/schema\/person\/image\/\",\"url\":\"https:\/\/secure.gravatar.com\/avatar\/d7231369fe48db93292b3e88eb2162dbd9a34a47a8437d9ef3bcaca2a86a83d7?s=96&d=mm&r=g\",\"contentUrl\":\"https:\/\/secure.gravatar.com\/avatar\/d7231369fe48db93292b3e88eb2162dbd9a34a47a8437d9ef3bcaca2a86a83d7?s=96&d=mm&r=g\",\"caption\":\"Andr\u00e9 Serra\"}}]}<\/script>\n<!-- \/ Yoast SEO Premium plugin. -->","yoast_head_json":{"title":"A declara\u00e7\u00e3o de Rafael Paiva sobre a falha de Rayan","robots":{"index":"index","follow":"follow","max-snippet":"max-snippet:-1","max-image-preview":"max-image-preview:large","max-video-preview":"max-video-preview:-1"},"canonical":"https:\/\/www.gaveanews.com\/index.php\/2024\/09\/23\/a-declaracao-de-rafael-paiva-sobre-a-falha-de-rayan\/","og_locale":"pt_BR","og_type":"article","og_title":"A declara\u00e7\u00e3o de Rafael Paiva sobre a falha de Rayan","og_description":"Treinador comentou sobre falha de Rayan Vasco e Palmeiras se enfrentaram no domingo (22), no Est\u00e1dio Man\u00e9 Garrincha, em Bras\u00edlia, pela 27\u00b0 rodada do Brasileir\u00e3o. A partida terminou em 1 a 0 para o Verd\u00e3o, com gol de Flaco L\u00f3pez. Ap\u00f3s o jogo, em entrevista, o t\u00e9cnico Rafael Paiva falou sobre o erro do jovem [&hellip;]","og_url":"https:\/\/www.gaveanews.com\/index.php\/2024\/09\/23\/a-declaracao-de-rafael-paiva-sobre-a-falha-de-rayan\/","og_site_name":"G\u00e1vea News","article_publisher":"https:\/\/facebook.com\/gaveaNews\/","article_published_time":"2024-09-24T02:00:00+00:00","author":"Andr\u00e9 Serra","twitter_card":"summary_large_image","twitter_misc":{"Escrito por":"Andr\u00e9 Serra","Est. tempo de leitura":"3 minutos"},"schema":{"@context":"https:\/\/schema.org","@graph":[{"@type":"NewsArticle","@id":"https:\/\/www.gaveanews.com\/index.php\/2024\/09\/23\/a-declaracao-de-rafael-paiva-sobre-a-falha-de-rayan\/#article","isPartOf":{"@id":"https:\/\/www.gaveanews.com\/index.php\/2024\/09\/23\/a-declaracao-de-rafael-paiva-sobre-a-falha-de-rayan\/"},"author":{"name":"Andr\u00e9 Serra","@id":"https:\/\/www.gaveanews.com\/#\/schema\/person\/0277a79a1289c451c281ec0411d84f0c"},"headline":"A declara\u00e7\u00e3o de Rafael Paiva sobre a falha de Rayan","datePublished":"2024-09-24T02:00:00+00:00","mainEntityOfPage":{"@id":"https:\/\/www.gaveanews.com\/index.php\/2024\/09\/23\/a-declaracao-de-rafael-paiva-sobre-a-falha-de-rayan\/"},"wordCount":526,"commentCount":0,"image":{"@id":"https:\/\/www.gaveanews.com\/index.php\/2024\/09\/23\/a-declaracao-de-rafael-paiva-sobre-a-falha-de-rayan\/#primaryimage"},"thumbnailUrl":"https:\/\/www.gaveanews.com\/wp-content\/uploads\/Rafael-Paiva-durante-treino-do-Vasco.avif","articleSection":["Palmeiras","Vasco"],"inLanguage":"pt-BR","potentialAction":[{"@type":"CommentAction","name":"Comment","target":["https:\/\/www.gaveanews.com\/index.php\/2024\/09\/23\/a-declaracao-de-rafael-paiva-sobre-a-falha-de-rayan\/#respond"]}],"copyrightYear":"2024","copyrightHolder":{"@id":"https:\/\/www.gaveanews.com\/#organization"}},{"@type":"WebPage","@id":"https:\/\/www.gaveanews.com\/index.php\/2024\/09\/23\/a-declaracao-de-rafael-paiva-sobre-a-falha-de-rayan\/","url":"https:\/\/www.gaveanews.com\/index.php\/2024\/09\/23\/a-declaracao-de-rafael-paiva-sobre-a-falha-de-rayan\/","name":"A declara\u00e7\u00e3o de Rafael Paiva sobre a falha de Rayan","isPartOf":{"@id":"https:\/\/www.gaveanews.com\/#website"},"primaryImageOfPage":{"@id":"https:\/\/www.gaveanews.com\/index.php\/2024\/09\/23\/a-declaracao-de-rafael-paiva-sobre-a-falha-de-rayan\/#primaryimage"},"image":{"@id":"https:\/\/www.gaveanews.com\/index.php\/2024\/09\/23\/a-declaracao-de-rafael-paiva-sobre-a-falha-de-rayan\/#primaryimage"},"thumbnailUrl":"https:\/\/www.gaveanews.com\/wp-content\/uploads\/Rafael-Paiva-durante-treino-do-Vasco.avif","datePublished":"2024-09-24T02:00:00+00:00","author":{"@id":"https:\/\/www.gaveanews.com\/#\/schema\/person\/0277a79a1289c451c281ec0411d84f0c"},"breadcrumb":{"@id":"https:\/\/www.gaveanews.com\/index.php\/2024\/09\/23\/a-declaracao-de-rafael-paiva-sobre-a-falha-de-rayan\/#breadcrumb"},"inLanguage":"pt-BR","potentialAction":[{"@type":"ReadAction","target":["https:\/\/www.gaveanews.com\/index.php\/2024\/09\/23\/a-declaracao-de-rafael-paiva-sobre-a-falha-de-rayan\/"]}]},{"@type":"ImageObject","inLanguage":"pt-BR","@id":"https:\/\/www.gaveanews.com\/index.php\/2024\/09\/23\/a-declaracao-de-rafael-paiva-sobre-a-falha-de-rayan\/#primaryimage","url":"https:\/\/www.gaveanews.com\/wp-content\/uploads\/Rafael-Paiva-durante-treino-do-Vasco.avif","contentUrl":"https:\/\/www.gaveanews.com\/wp-content\/uploads\/Rafael-Paiva-durante-treino-do-Vasco.avif","width":984,"height":656,"caption":"Rafael Paiva durante treino do Vasco (Foto: Matheus Lima\/Vasco)"},{"@type":"BreadcrumbList","@id":"https:\/\/www.gaveanews.com\/index.php\/2024\/09\/23\/a-declaracao-de-rafael-paiva-sobre-a-falha-de-rayan\/#breadcrumb","itemListElement":[{"@type":"ListItem","position":1,"name":"Home","item":"https:\/\/www.gaveanews.com\/"},{"@type":"ListItem","position":2,"name":"A declara\u00e7\u00e3o de Rafael Paiva sobre a falha de Rayan"}]},{"@type":"WebSite","@id":"https:\/\/www.gaveanews.com\/#website","url":"https:\/\/www.gaveanews.com\/","name":"G\u00e1vea News","description":"Veja todas as not\u00edcias sobre o Flamengo: Contrata\u00e7\u00f5es, categorias de base, resultados das partidas, tabela de classifica\u00e7\u00e3o, pr\u00f3ximos jogos!","potentialAction":[{"@type":"SearchAction","target":{"@type":"EntryPoint","urlTemplate":"https:\/\/www.gaveanews.com\/?s={search_term_string}"},"query-input":{"@type":"PropertyValueSpecification","valueRequired":true,"valueName":"search_term_string"}}],"inLanguage":"pt-BR"},{"@type":"Person","@id":"https:\/\/www.gaveanews.com\/#\/schema\/person\/0277a79a1289c451c281ec0411d84f0c","name":"Andr\u00e9 Serra","image":{"@type":"ImageObject","inLanguage":"pt-BR","@id":"https:\/\/www.gaveanews.com\/#\/schema\/person\/image\/","url":"https:\/\/secure.gravatar.com\/avatar\/d7231369fe48db93292b3e88eb2162dbd9a34a47a8437d9ef3bcaca2a86a83d7?s=96&d=mm&r=g","contentUrl":"https:\/\/secure.gravatar.com\/avatar\/d7231369fe48db93292b3e88eb2162dbd9a34a47a8437d9ef3bcaca2a86a83d7?s=96&d=mm&r=g","caption":"Andr\u00e9 Serra"}}]}},"_links":{"self":[{"href":"https:\/\/www.gaveanews.com\/index.php\/wp-json\/wp\/v2\/posts\/168589","targetHints":{"allow":["GET"]}}],"collection":[{"href":"https:\/\/www.gaveanews.com\/index.php\/wp-json\/wp\/v2\/posts"}],"about":[{"href":"https:\/\/www.gaveanews.com\/index.php\/wp-json\/wp\/v2\/types\/post"}],"author":[{"embeddable":true,"href":"https:\/\/www.gaveanews.com\/index.php\/wp-json\/wp\/v2\/users\/21"}],"replies":[{"embeddable":true,"href":"https:\/\/www.gaveanews.com\/index.php\/wp-json\/wp\/v2\/comments?post=168589"}],"version-history":[{"count":3,"href":"https:\/\/www.gaveanews.com\/index.php\/wp-json\/wp\/v2\/posts\/168589\/revisions"}],"predecessor-version":[{"id":168725,"href":"https:\/\/www.gaveanews.com\/index.php\/wp-json\/wp\/v2\/posts\/168589\/revisions\/168725"}],"wp:featuredmedia":[{"embeddable":true,"href":"https:\/\/www.gaveanews.com\/index.php\/wp-json\/wp\/v2\/media\/152028"}],"wp:attachment":[{"href":"https:\/\/www.gaveanews.com\/index.php\/wp-json\/wp\/v2\/media?parent=168589"}],"wp:term":[{"taxonomy":"category","embeddable":true,"href":"https:\/\/www.gaveanews.com\/index.php\/wp-json\/wp\/v2\/categories?post=168589"},{"taxonomy":"post_tag","embeddable":true,"href":"https:\/\/www.gaveanews.com\/index.php\/wp-json\/wp\/v2\/tags?post=168589"}],"curies":[{"name":"wp","href":"https:\/\/api.w.org\/{rel}","templated":true}]}}