{"id":168684,"date":"2024-09-23T20:15:00","date_gmt":"2024-09-23T23:15:00","guid":{"rendered":"https:\/\/www.gaveanews.com\/?p=168684"},"modified":"2024-09-23T18:36:30","modified_gmt":"2024-09-23T21:36:30","slug":"meia-assina-com-o-palmeiras-ate-2028","status":"publish","type":"post","link":"https:\/\/www.gaveanews.com\/index.php\/2024\/09\/23\/meia-assina-com-o-palmeiras-ate-2028\/","title":{"rendered":"Meia assina com o Palmeiras at\u00e9 2028"},"content":{"rendered":"\n<p>Nesta segunda-feira (23), o Palmeiras de Leila Pereira chegou a acertar a renova\u00e7\u00e3o de contrato com o meio-campista Richard R\u00edos, de apenas 24 anos.<\/p>\n\n\n\n<ul class=\"wp-block-list\">\n<li><a href=\"https:\/\/www.gaveanews.com\/index.php\/2024\/09\/23\/a-declaracao-de-abel-ferreira-sobre-a-arbitragem-entre-palmeiras-e-vasco\/\">A declara\u00e7\u00e3o de Abel Ferreira sobre a arbitragem entre Palmeiras e Vasco<\/a><\/li>\n\n\n\n<li><a href=\"https:\/\/www.gaveanews.com\/index.php\/2024\/09\/23\/ele-nao-perdoou-e-detonou-a-arbitragem-de-vasco-x-palmeiras\/\">Ele n\u00e3o perdoou e detonou a arbitragem de Vasco x Palmeiras<\/a><\/li>\n<\/ul>\n\n\n\n<p>E para que voc\u00ea entenda, o atleta tinha um v\u00ednculo que iria at\u00e9 dezembro do ano de 2026, mas agora foi ampliado por mais dois anos, sendo at\u00e9 o final de 2028.<\/p>\n\n\n<div class=\"wp-block-image\">\n<figure class=\"aligncenter size-large\"><img loading=\"lazy\" decoding=\"async\" width=\"870\" height=\"1024\" src=\"https:\/\/www.gaveanews.com\/wp-content\/uploads\/Richard-Rios-durante-o-jogo-entre-Internacional-x-Palmeiras-pelo-Brasileirao-2023-no-estadio-Beira-Rio-870x1024.webp\" alt=\"\" class=\"wp-image-153089\" srcset=\"https:\/\/www.gaveanews.com\/wp-content\/uploads\/Richard-Rios-durante-o-jogo-entre-Internacional-x-Palmeiras-pelo-Brasileirao-2023-no-estadio-Beira-Rio-870x1024.webp 870w, https:\/\/www.gaveanews.com\/wp-content\/uploads\/Richard-Rios-durante-o-jogo-entre-Internacional-x-Palmeiras-pelo-Brasileirao-2023-no-estadio-Beira-Rio-255x300.webp 255w, https:\/\/www.gaveanews.com\/wp-content\/uploads\/Richard-Rios-durante-o-jogo-entre-Internacional-x-Palmeiras-pelo-Brasileirao-2023-no-estadio-Beira-Rio-768x904.webp 768w, https:\/\/www.gaveanews.com\/wp-content\/uploads\/Richard-Rios-durante-o-jogo-entre-Internacional-x-Palmeiras-pelo-Brasileirao-2023-no-estadio-Beira-Rio-357x420.webp 357w, https:\/\/www.gaveanews.com\/wp-content\/uploads\/Richard-Rios-durante-o-jogo-entre-Internacional-x-Palmeiras-pelo-Brasileirao-2023-no-estadio-Beira-Rio-713x840.webp 713w, https:\/\/www.gaveanews.com\/wp-content\/uploads\/Richard-Rios-durante-o-jogo-entre-Internacional-x-Palmeiras-pelo-Brasileirao-2023-no-estadio-Beira-Rio-640x754.webp 640w, https:\/\/www.gaveanews.com\/wp-content\/uploads\/Richard-Rios-durante-o-jogo-entre-Internacional-x-Palmeiras-pelo-Brasileirao-2023-no-estadio-Beira-Rio-681x802.webp 681w, https:\/\/www.gaveanews.com\/wp-content\/uploads\/Richard-Rios-durante-o-jogo-entre-Internacional-x-Palmeiras-pelo-Brasileirao-2023-no-estadio-Beira-Rio-341x400.webp 341w, https:\/\/www.gaveanews.com\/wp-content\/uploads\/Richard-Rios-durante-o-jogo-entre-Internacional-x-Palmeiras-pelo-Brasileirao-2023-no-estadio-Beira-Rio-100x118.webp 100w, https:\/\/www.gaveanews.com\/wp-content\/uploads\/Richard-Rios-durante-o-jogo-entre-Internacional-x-Palmeiras-pelo-Brasileirao-2023-no-estadio-Beira-Rio.webp 1274w\" sizes=\"auto, (max-width: 870px) 100vw, 870px\" \/><figcaption class=\"wp-element-caption\">Richard R\u00edos durante o jogo entre Internacional x Palmeiras pelo Brasileir\u00e3o 2023 no est\u00e1dio Beira-Rio (Foto: Cesar Greco\/Palmeiras)<\/figcaption><\/figure>\n<\/div>\n\n\n<h2 class=\"wp-block-heading\" id=\"h-sondagens-de-outras-equipes\">Sondagens de outras equipes<\/h2>\n\n\n\n<p>Segundo a apura\u00e7\u00e3o da ESPN, o Verd\u00e3o, que j\u00e1 havia se posicionado de forma firme ao decidir n\u00e3o negociar o atleta, agora se v\u00ea &#8220;mais protegido&#8221; do ass\u00e9dio de outras equipes do exterior pelo colombiano.<\/p>\n\n\n\n<p>O jogador at\u00e9 ent\u00e3o foi destaque na \u00faltima Copa Am\u00e9rica deste ano, e com isso R\u00edos vem recebendo constantes sondagens de clubes da Europa, assim, o Verd\u00e3o chegou at\u00e9 a recusar uma proposta de 23 milh\u00f5es de euros (cerca de R$ 142 milh\u00f5es) pelo volante.<\/p>\n\n\n\n<p>Havia nos bastidores, inclusive, um temor de o clube alviverde poderia perder Richard at\u00e9 de gra\u00e7a caso ele se destacasse muito, como por exemplo, no campeonato Mundial de Clubes da Fifa que ir\u00e1 acontecer no ano que vem.<\/p>\n\n\n\n<p>Apesar disso, a multa rescis\u00f3ria do novo v\u00ednculo com o jogador se manteve inalterada, com valor de 100 milh\u00f5es de euros (cerca de R$ 617,2 milh\u00f5es &#8211; na cota\u00e7\u00e3o atual).<\/p>\n\n\n\n<h2 class=\"wp-block-heading\" id=\"h-declaracao-de-richard-rios\">Declara\u00e7\u00e3o de Richard R\u00edos<\/h2>\n\n\n\n<p>&#8220;Primeiro, \u00e9 agradecer ao Palmeiras e aos dirigentes por confiarem no meu trabalho e me darem confian\u00e7a para estar aqui. Fico muito feliz por renovar esse contrato, minha fam\u00edlia tamb\u00e9m. Somos muito gratos ao Palmeiras, que me abriu as portas. \u00c9 algo gratificante para mim e espero retribuir dentro de campo para a torcida e para o clube&#8221;, disse R\u00edos, ao&nbsp;site&nbsp;oficial do Palmeiras.<\/p>\n\n\n\n<h2 class=\"wp-block-heading\" id=\"h-retrospecto-de-rios-no-palmeiras\">Retrospecto de R\u00edos no Palmeiras<\/h2>\n\n\n\n<figure class=\"wp-block-image size-full\"><img loading=\"lazy\" decoding=\"async\" width=\"785\" height=\"475\" src=\"https:\/\/www.gaveanews.com\/wp-content\/uploads\/richard-rios-palmeiras-flamengo.webp\" alt=\"\" class=\"wp-image-99564\" srcset=\"https:\/\/www.gaveanews.com\/wp-content\/uploads\/richard-rios-palmeiras-flamengo.webp 785w, https:\/\/www.gaveanews.com\/wp-content\/uploads\/richard-rios-palmeiras-flamengo-300x182.webp 300w, https:\/\/www.gaveanews.com\/wp-content\/uploads\/richard-rios-palmeiras-flamengo-768x465.webp 768w, https:\/\/www.gaveanews.com\/wp-content\/uploads\/richard-rios-palmeiras-flamengo-694x420.webp 694w, https:\/\/www.gaveanews.com\/wp-content\/uploads\/richard-rios-palmeiras-flamengo-640x387.webp 640w, https:\/\/www.gaveanews.com\/wp-content\/uploads\/richard-rios-palmeiras-flamengo-681x412.webp 681w, https:\/\/www.gaveanews.com\/wp-content\/uploads\/richard-rios-palmeiras-flamengo-100x61.webp 100w\" sizes=\"auto, (max-width: 785px) 100vw, 785px\" \/><figcaption class=\"wp-element-caption\">Richard R\u00edos em a\u00e7\u00e3o pelo Palmeiras (Foto: Cesar Greco\/Palmeiras)<\/figcaption><\/figure>\n\n\n\n<p>Atualmente em 2024, R\u00edos j\u00e1 soma o total de <strong>2<\/strong> gols e<strong> 3<\/strong> assist\u00eancias para seus colegas alviverde em um n\u00famero de <strong>40 <\/strong>partidas disputadas pelo volante no clube do Palestra It\u00e1lia.<\/p>\n\n\n\n<p>Ao todo, o meio-campista tem <strong>93 <\/strong>jogos disputados pelo Alviverde e <strong>5<\/strong> gols dele marcados em duas temporadas, j\u00e1 se posicionando como o<strong> 3\u00ba<\/strong> colombiano com mais partidas pelo clube na hist\u00f3ria e o <strong>6\u00ba <\/strong>com mais gols.<\/p>\n\n\n\n<p>J\u00e1 no quesito t\u00edtulos, o jogador colombiano de 24 anos ganhou o Campeonato Brasileiro no ano de <strong>2023 <\/strong>e o Campeonato Paulista no ano de <strong>2024<\/strong>.<\/p>\n\n\n\n<p>&#8220;Todo mundo sabe que o calend\u00e1rio do Brasil \u00e9 bem complicado. N\u00e3o \u00e9 f\u00e1cil, ainda mais para um jogador estrangeiro, vir aqui e conquistar v\u00e1rias coisas, conquistar a titularidade em um time grande. Estou muito feliz, \u00e9 gratificante jogar no Palmeiras, ser campe\u00e3o brasileiro, paulista, e agora poder estar na sele\u00e7\u00e3o colombiana&#8221;, celebrou.<\/p>\n\n\n\n<p>&#8220;A Copa Am\u00e9rica foi muito boa. Quando o coletivo se destaca, o individual automaticamente tamb\u00e9m se destaca. Feliz tamb\u00e9m por estar realizando o sonho de jogar Libertadores, de jogar Brasileiro, e vamos continuar trabalhando at\u00e9 o final do ano para conquistar o tri do Brasileiro&#8221;, finalizou.<\/p>\n\n\n\n<h2 class=\"wp-block-heading\">Pr\u00f3ximos jogos do Palmeiras<\/h2>\n\n\n\n<ul class=\"wp-block-list\">\n<li>Atl\u00e9tico-MG&nbsp;(em casa) &#8211; 28\/09, 18h30 (hor\u00e1rio de Bras\u00edlia) &#8211;&nbsp;Brasileir\u00e3o<\/li>\n\n\n\n<li>Red Bull Bragantino&nbsp;(fora de casa) &#8211; 05\/10, 16h30 (hor\u00e1rio de Bras\u00edlia) &#8211;&nbsp;Brasileir\u00e3o<\/li>\n\n\n\n<li>Juventude&nbsp;(fora de casa) &#8211; 19\/10, hor\u00e1rio a definir &#8211;&nbsp;Brasileir\u00e3o<\/li>\n<\/ul>\n","protected":false},"excerpt":{"rendered":"<p>Nesta segunda-feira (23), o Palmeiras de Leila Pereira chegou a acertar a renova\u00e7\u00e3o de contrato com o meio-campista Richard R\u00edos, de apenas 24 anos. E para que voc\u00ea entenda, o atleta tinha um v\u00ednculo que iria at\u00e9 dezembro do ano de 2026, mas agora foi ampliado por mais dois anos, sendo at\u00e9 o final de [&hellip;]<\/p>\n","protected":false},"author":22,"featured_media":158317,"comment_status":"open","ping_status":"closed","sticky":false,"template":"","format":"standard","meta":{"footnotes":""},"categories":[150],"tags":[],"class_list":["post-168684","post","type-post","status-publish","format-standard","has-post-thumbnail","hentry","category-palmeiras"],"yoast_head":"<!-- This site is optimized with the Yoast SEO Premium plugin v24.2 (Yoast SEO v26.9) - https:\/\/yoast.com\/product\/yoast-seo-premium-wordpress\/ -->\n<title>Meia assina com o Palmeiras at\u00e9 2028<\/title>\n<meta name=\"robots\" content=\"index, follow, max-snippet:-1, max-image-preview:large, max-video-preview:-1\" \/>\n<link rel=\"canonical\" href=\"https:\/\/www.gaveanews.com\/index.php\/2024\/09\/23\/meia-assina-com-o-palmeiras-ate-2028\/\" \/>\n<meta property=\"og:locale\" content=\"pt_BR\" \/>\n<meta property=\"og:type\" content=\"article\" \/>\n<meta property=\"og:title\" content=\"Meia assina com o Palmeiras at\u00e9 2028\" \/>\n<meta property=\"og:description\" content=\"Nesta segunda-feira (23), o Palmeiras de Leila Pereira chegou a acertar a renova\u00e7\u00e3o de contrato com o meio-campista Richard R\u00edos, de apenas 24 anos. E para que voc\u00ea entenda, o atleta tinha um v\u00ednculo que iria at\u00e9 dezembro do ano de 2026, mas agora foi ampliado por mais dois anos, sendo at\u00e9 o final de [&hellip;]\" \/>\n<meta property=\"og:url\" content=\"https:\/\/www.gaveanews.com\/index.php\/2024\/09\/23\/meia-assina-com-o-palmeiras-ate-2028\/\" \/>\n<meta property=\"og:site_name\" content=\"G\u00e1vea News\" \/>\n<meta property=\"article:publisher\" content=\"https:\/\/facebook.com\/gaveaNews\/\" \/>\n<meta property=\"article:published_time\" content=\"2024-09-23T23:15:00+00:00\" \/>\n<meta property=\"og:image\" content=\"https:\/\/www.gaveanews.com\/wp-content\/uploads\/Jogadores-do-Palmeiras-reunidos-durante-partida-da-Copa-do-Brasil-2024.webp\" \/>\n\t<meta property=\"og:image:width\" content=\"1187\" \/>\n\t<meta property=\"og:image:height\" content=\"792\" \/>\n\t<meta property=\"og:image:type\" content=\"image\/webp\" \/>\n<meta name=\"author\" content=\"Emilly Lima\" \/>\n<meta name=\"twitter:card\" content=\"summary_large_image\" \/>\n<meta name=\"twitter:label1\" content=\"Escrito por\" \/>\n\t<meta name=\"twitter:data1\" content=\"Emilly Lima\" \/>\n\t<meta name=\"twitter:label2\" content=\"Est. tempo de leitura\" \/>\n\t<meta name=\"twitter:data2\" content=\"4 minutos\" \/>\n<script type=\"application\/ld+json\" class=\"yoast-schema-graph\">{\"@context\":\"https:\/\/schema.org\",\"@graph\":[{\"@type\":\"NewsArticle\",\"@id\":\"https:\/\/www.gaveanews.com\/index.php\/2024\/09\/23\/meia-assina-com-o-palmeiras-ate-2028\/#article\",\"isPartOf\":{\"@id\":\"https:\/\/www.gaveanews.com\/index.php\/2024\/09\/23\/meia-assina-com-o-palmeiras-ate-2028\/\"},\"author\":{\"name\":\"Emilly Lima\",\"@id\":\"https:\/\/www.gaveanews.com\/#\/schema\/person\/8597dbe3f4d8513dd20048ce95a1895b\"},\"headline\":\"Meia assina com o Palmeiras at\u00e9 2028\",\"datePublished\":\"2024-09-23T23:15:00+00:00\",\"mainEntityOfPage\":{\"@id\":\"https:\/\/www.gaveanews.com\/index.php\/2024\/09\/23\/meia-assina-com-o-palmeiras-ate-2028\/\"},\"wordCount\":613,\"commentCount\":0,\"image\":{\"@id\":\"https:\/\/www.gaveanews.com\/index.php\/2024\/09\/23\/meia-assina-com-o-palmeiras-ate-2028\/#primaryimage\"},\"thumbnailUrl\":\"https:\/\/www.gaveanews.com\/wp-content\/uploads\/Jogadores-do-Palmeiras-reunidos-durante-partida-da-Copa-do-Brasil-2024.webp\",\"articleSection\":[\"Palmeiras\"],\"inLanguage\":\"pt-BR\",\"potentialAction\":[{\"@type\":\"CommentAction\",\"name\":\"Comment\",\"target\":[\"https:\/\/www.gaveanews.com\/index.php\/2024\/09\/23\/meia-assina-com-o-palmeiras-ate-2028\/#respond\"]}],\"copyrightYear\":\"2024\",\"copyrightHolder\":{\"@id\":\"https:\/\/www.gaveanews.com\/#organization\"}},{\"@type\":\"WebPage\",\"@id\":\"https:\/\/www.gaveanews.com\/index.php\/2024\/09\/23\/meia-assina-com-o-palmeiras-ate-2028\/\",\"url\":\"https:\/\/www.gaveanews.com\/index.php\/2024\/09\/23\/meia-assina-com-o-palmeiras-ate-2028\/\",\"name\":\"Meia assina com o Palmeiras at\u00e9 2028\",\"isPartOf\":{\"@id\":\"https:\/\/www.gaveanews.com\/#website\"},\"primaryImageOfPage\":{\"@id\":\"https:\/\/www.gaveanews.com\/index.php\/2024\/09\/23\/meia-assina-com-o-palmeiras-ate-2028\/#primaryimage\"},\"image\":{\"@id\":\"https:\/\/www.gaveanews.com\/index.php\/2024\/09\/23\/meia-assina-com-o-palmeiras-ate-2028\/#primaryimage\"},\"thumbnailUrl\":\"https:\/\/www.gaveanews.com\/wp-content\/uploads\/Jogadores-do-Palmeiras-reunidos-durante-partida-da-Copa-do-Brasil-2024.webp\",\"datePublished\":\"2024-09-23T23:15:00+00:00\",\"author\":{\"@id\":\"https:\/\/www.gaveanews.com\/#\/schema\/person\/8597dbe3f4d8513dd20048ce95a1895b\"},\"breadcrumb\":{\"@id\":\"https:\/\/www.gaveanews.com\/index.php\/2024\/09\/23\/meia-assina-com-o-palmeiras-ate-2028\/#breadcrumb\"},\"inLanguage\":\"pt-BR\",\"potentialAction\":[{\"@type\":\"ReadAction\",\"target\":[\"https:\/\/www.gaveanews.com\/index.php\/2024\/09\/23\/meia-assina-com-o-palmeiras-ate-2028\/\"]}]},{\"@type\":\"ImageObject\",\"inLanguage\":\"pt-BR\",\"@id\":\"https:\/\/www.gaveanews.com\/index.php\/2024\/09\/23\/meia-assina-com-o-palmeiras-ate-2028\/#primaryimage\",\"url\":\"https:\/\/www.gaveanews.com\/wp-content\/uploads\/Jogadores-do-Palmeiras-reunidos-durante-partida-da-Copa-do-Brasil-2024.webp\",\"contentUrl\":\"https:\/\/www.gaveanews.com\/wp-content\/uploads\/Jogadores-do-Palmeiras-reunidos-durante-partida-da-Copa-do-Brasil-2024.webp\",\"width\":1187,\"height\":792,\"caption\":\"Jogadores do Palmeiras reunidos durante partida da Copa do Brasil 2024 (Foto: Reprodu\u00e7\u00e3o\/Palmeiras)\"},{\"@type\":\"BreadcrumbList\",\"@id\":\"https:\/\/www.gaveanews.com\/index.php\/2024\/09\/23\/meia-assina-com-o-palmeiras-ate-2028\/#breadcrumb\",\"itemListElement\":[{\"@type\":\"ListItem\",\"position\":1,\"name\":\"Home\",\"item\":\"https:\/\/www.gaveanews.com\/\"},{\"@type\":\"ListItem\",\"position\":2,\"name\":\"Meia assina com o Palmeiras at\u00e9 2028\"}]},{\"@type\":\"WebSite\",\"@id\":\"https:\/\/www.gaveanews.com\/#website\",\"url\":\"https:\/\/www.gaveanews.com\/\",\"name\":\"G\u00e1vea News\",\"description\":\"Veja todas as not\u00edcias sobre o Flamengo: Contrata\u00e7\u00f5es, categorias de base, resultados das partidas, tabela de classifica\u00e7\u00e3o, pr\u00f3ximos jogos!\",\"potentialAction\":[{\"@type\":\"SearchAction\",\"target\":{\"@type\":\"EntryPoint\",\"urlTemplate\":\"https:\/\/www.gaveanews.com\/?s={search_term_string}\"},\"query-input\":{\"@type\":\"PropertyValueSpecification\",\"valueRequired\":true,\"valueName\":\"search_term_string\"}}],\"inLanguage\":\"pt-BR\"},{\"@type\":\"Person\",\"@id\":\"https:\/\/www.gaveanews.com\/#\/schema\/person\/8597dbe3f4d8513dd20048ce95a1895b\",\"name\":\"Emilly Lima\",\"image\":{\"@type\":\"ImageObject\",\"inLanguage\":\"pt-BR\",\"@id\":\"https:\/\/www.gaveanews.com\/#\/schema\/person\/image\/\",\"url\":\"https:\/\/secure.gravatar.com\/avatar\/ddb4d0548bae01de3cb52e0fe30386754e9c41797565aa0a5bf4440ab4f7c0be?s=96&d=mm&r=g\",\"contentUrl\":\"https:\/\/secure.gravatar.com\/avatar\/ddb4d0548bae01de3cb52e0fe30386754e9c41797565aa0a5bf4440ab4f7c0be?s=96&d=mm&r=g\",\"caption\":\"Emilly Lima\"}}]}<\/script>\n<!-- \/ Yoast SEO Premium plugin. -->","yoast_head_json":{"title":"Meia assina com o Palmeiras at\u00e9 2028","robots":{"index":"index","follow":"follow","max-snippet":"max-snippet:-1","max-image-preview":"max-image-preview:large","max-video-preview":"max-video-preview:-1"},"canonical":"https:\/\/www.gaveanews.com\/index.php\/2024\/09\/23\/meia-assina-com-o-palmeiras-ate-2028\/","og_locale":"pt_BR","og_type":"article","og_title":"Meia assina com o Palmeiras at\u00e9 2028","og_description":"Nesta segunda-feira (23), o Palmeiras de Leila Pereira chegou a acertar a renova\u00e7\u00e3o de contrato com o meio-campista Richard R\u00edos, de apenas 24 anos. E para que voc\u00ea entenda, o atleta tinha um v\u00ednculo que iria at\u00e9 dezembro do ano de 2026, mas agora foi ampliado por mais dois anos, sendo at\u00e9 o final de [&hellip;]","og_url":"https:\/\/www.gaveanews.com\/index.php\/2024\/09\/23\/meia-assina-com-o-palmeiras-ate-2028\/","og_site_name":"G\u00e1vea News","article_publisher":"https:\/\/facebook.com\/gaveaNews\/","article_published_time":"2024-09-23T23:15:00+00:00","og_image":[{"width":1187,"height":792,"url":"https:\/\/www.gaveanews.com\/wp-content\/uploads\/Jogadores-do-Palmeiras-reunidos-durante-partida-da-Copa-do-Brasil-2024.webp","type":"image\/webp"}],"author":"Emilly Lima","twitter_card":"summary_large_image","twitter_misc":{"Escrito por":"Emilly Lima","Est. tempo de leitura":"4 minutos"},"schema":{"@context":"https:\/\/schema.org","@graph":[{"@type":"NewsArticle","@id":"https:\/\/www.gaveanews.com\/index.php\/2024\/09\/23\/meia-assina-com-o-palmeiras-ate-2028\/#article","isPartOf":{"@id":"https:\/\/www.gaveanews.com\/index.php\/2024\/09\/23\/meia-assina-com-o-palmeiras-ate-2028\/"},"author":{"name":"Emilly Lima","@id":"https:\/\/www.gaveanews.com\/#\/schema\/person\/8597dbe3f4d8513dd20048ce95a1895b"},"headline":"Meia assina com o Palmeiras at\u00e9 2028","datePublished":"2024-09-23T23:15:00+00:00","mainEntityOfPage":{"@id":"https:\/\/www.gaveanews.com\/index.php\/2024\/09\/23\/meia-assina-com-o-palmeiras-ate-2028\/"},"wordCount":613,"commentCount":0,"image":{"@id":"https:\/\/www.gaveanews.com\/index.php\/2024\/09\/23\/meia-assina-com-o-palmeiras-ate-2028\/#primaryimage"},"thumbnailUrl":"https:\/\/www.gaveanews.com\/wp-content\/uploads\/Jogadores-do-Palmeiras-reunidos-durante-partida-da-Copa-do-Brasil-2024.webp","articleSection":["Palmeiras"],"inLanguage":"pt-BR","potentialAction":[{"@type":"CommentAction","name":"Comment","target":["https:\/\/www.gaveanews.com\/index.php\/2024\/09\/23\/meia-assina-com-o-palmeiras-ate-2028\/#respond"]}],"copyrightYear":"2024","copyrightHolder":{"@id":"https:\/\/www.gaveanews.com\/#organization"}},{"@type":"WebPage","@id":"https:\/\/www.gaveanews.com\/index.php\/2024\/09\/23\/meia-assina-com-o-palmeiras-ate-2028\/","url":"https:\/\/www.gaveanews.com\/index.php\/2024\/09\/23\/meia-assina-com-o-palmeiras-ate-2028\/","name":"Meia assina com o Palmeiras at\u00e9 2028","isPartOf":{"@id":"https:\/\/www.gaveanews.com\/#website"},"primaryImageOfPage":{"@id":"https:\/\/www.gaveanews.com\/index.php\/2024\/09\/23\/meia-assina-com-o-palmeiras-ate-2028\/#primaryimage"},"image":{"@id":"https:\/\/www.gaveanews.com\/index.php\/2024\/09\/23\/meia-assina-com-o-palmeiras-ate-2028\/#primaryimage"},"thumbnailUrl":"https:\/\/www.gaveanews.com\/wp-content\/uploads\/Jogadores-do-Palmeiras-reunidos-durante-partida-da-Copa-do-Brasil-2024.webp","datePublished":"2024-09-23T23:15:00+00:00","author":{"@id":"https:\/\/www.gaveanews.com\/#\/schema\/person\/8597dbe3f4d8513dd20048ce95a1895b"},"breadcrumb":{"@id":"https:\/\/www.gaveanews.com\/index.php\/2024\/09\/23\/meia-assina-com-o-palmeiras-ate-2028\/#breadcrumb"},"inLanguage":"pt-BR","potentialAction":[{"@type":"ReadAction","target":["https:\/\/www.gaveanews.com\/index.php\/2024\/09\/23\/meia-assina-com-o-palmeiras-ate-2028\/"]}]},{"@type":"ImageObject","inLanguage":"pt-BR","@id":"https:\/\/www.gaveanews.com\/index.php\/2024\/09\/23\/meia-assina-com-o-palmeiras-ate-2028\/#primaryimage","url":"https:\/\/www.gaveanews.com\/wp-content\/uploads\/Jogadores-do-Palmeiras-reunidos-durante-partida-da-Copa-do-Brasil-2024.webp","contentUrl":"https:\/\/www.gaveanews.com\/wp-content\/uploads\/Jogadores-do-Palmeiras-reunidos-durante-partida-da-Copa-do-Brasil-2024.webp","width":1187,"height":792,"caption":"Jogadores do Palmeiras reunidos durante partida da Copa do Brasil 2024 (Foto: Reprodu\u00e7\u00e3o\/Palmeiras)"},{"@type":"BreadcrumbList","@id":"https:\/\/www.gaveanews.com\/index.php\/2024\/09\/23\/meia-assina-com-o-palmeiras-ate-2028\/#breadcrumb","itemListElement":[{"@type":"ListItem","position":1,"name":"Home","item":"https:\/\/www.gaveanews.com\/"},{"@type":"ListItem","position":2,"name":"Meia assina com o Palmeiras at\u00e9 2028"}]},{"@type":"WebSite","@id":"https:\/\/www.gaveanews.com\/#website","url":"https:\/\/www.gaveanews.com\/","name":"G\u00e1vea News","description":"Veja todas as not\u00edcias sobre o Flamengo: Contrata\u00e7\u00f5es, categorias de base, resultados das partidas, tabela de classifica\u00e7\u00e3o, pr\u00f3ximos jogos!","potentialAction":[{"@type":"SearchAction","target":{"@type":"EntryPoint","urlTemplate":"https:\/\/www.gaveanews.com\/?s={search_term_string}"},"query-input":{"@type":"PropertyValueSpecification","valueRequired":true,"valueName":"search_term_string"}}],"inLanguage":"pt-BR"},{"@type":"Person","@id":"https:\/\/www.gaveanews.com\/#\/schema\/person\/8597dbe3f4d8513dd20048ce95a1895b","name":"Emilly Lima","image":{"@type":"ImageObject","inLanguage":"pt-BR","@id":"https:\/\/www.gaveanews.com\/#\/schema\/person\/image\/","url":"https:\/\/secure.gravatar.com\/avatar\/ddb4d0548bae01de3cb52e0fe30386754e9c41797565aa0a5bf4440ab4f7c0be?s=96&d=mm&r=g","contentUrl":"https:\/\/secure.gravatar.com\/avatar\/ddb4d0548bae01de3cb52e0fe30386754e9c41797565aa0a5bf4440ab4f7c0be?s=96&d=mm&r=g","caption":"Emilly Lima"}}]}},"_links":{"self":[{"href":"https:\/\/www.gaveanews.com\/index.php\/wp-json\/wp\/v2\/posts\/168684","targetHints":{"allow":["GET"]}}],"collection":[{"href":"https:\/\/www.gaveanews.com\/index.php\/wp-json\/wp\/v2\/posts"}],"about":[{"href":"https:\/\/www.gaveanews.com\/index.php\/wp-json\/wp\/v2\/types\/post"}],"author":[{"embeddable":true,"href":"https:\/\/www.gaveanews.com\/index.php\/wp-json\/wp\/v2\/users\/22"}],"replies":[{"embeddable":true,"href":"https:\/\/www.gaveanews.com\/index.php\/wp-json\/wp\/v2\/comments?post=168684"}],"version-history":[{"count":2,"href":"https:\/\/www.gaveanews.com\/index.php\/wp-json\/wp\/v2\/posts\/168684\/revisions"}],"predecessor-version":[{"id":168694,"href":"https:\/\/www.gaveanews.com\/index.php\/wp-json\/wp\/v2\/posts\/168684\/revisions\/168694"}],"wp:featuredmedia":[{"embeddable":true,"href":"https:\/\/www.gaveanews.com\/index.php\/wp-json\/wp\/v2\/media\/158317"}],"wp:attachment":[{"href":"https:\/\/www.gaveanews.com\/index.php\/wp-json\/wp\/v2\/media?parent=168684"}],"wp:term":[{"taxonomy":"category","embeddable":true,"href":"https:\/\/www.gaveanews.com\/index.php\/wp-json\/wp\/v2\/categories?post=168684"},{"taxonomy":"post_tag","embeddable":true,"href":"https:\/\/www.gaveanews.com\/index.php\/wp-json\/wp\/v2\/tags?post=168684"}],"curies":[{"name":"wp","href":"https:\/\/api.w.org\/{rel}","templated":true}]}}